{"id":18428,"date":"2021-01-02T18:15:26","date_gmt":"2021-01-02T18:15:26","guid":{"rendered":"https:\/\/larevistadigital.com.ar\/blog\/?p=18428"},"modified":"2021-01-02T18:15:26","modified_gmt":"2021-01-02T18:15:26","slug":"mas-quejas-por-la-mala-atencion-del-107-a-vecinos-con-sintomas-de-covid-19","status":"publish","type":"post","link":"https:\/\/larevistadigital.com.ar\/blog\/mas-quejas-por-la-mala-atencion-del-107-a-vecinos-con-sintomas-de-covid-19\/","title":{"rendered":"MAS QUEJAS POR LA MALA ATENCI\u00d3N DEL 107 A VECINOS CON S\u00cdNTOMAS DE COVID-19"},"content":{"rendered":"<p>Otra vez, nos encontramos con casos de vecinos que elevan sus quejas por la desatenci\u00f3n a que fueron sometidos cuando presentaron s\u00edntomas de Covid-19 y llamaron al 107, solicitando atenci\u00f3n, consejos y por lo menos un poco de inter\u00e9s en la situaci\u00f3n que estaban viviendo.<\/p>\n<blockquote>\n<h3>Esto se viene repitiendo, y nos preguntamos cu\u00e1l es la raz\u00f3n para que se est\u00e9 obrando de esta forma, con vecinos que est\u00e1n desesperados por estar contagiados, o no saber si as\u00ed es. Ya lo expusimos en la siguiente nota, de d\u00edas atr\u00e1s ( <a href=\"https:\/\/larevistadigital.com.ar\/blog\/que-pasa-con-el-107-y-la-atencion-el-segundo-vecino-que-nos-escribe-contando-que-tiene-covid-y-dice-no-haber-sido-atendido-por-el-municipio\/?fbclid=IwAR0DJ1GJ1wK60ZVXwOqISndgGpoOd4K-pCroXT5nttGJCMQhivcRqQBe_FM\">https:\/\/larevistadigital.com.ar\/blog\/que-pasa-con-el-107-y-la-atencion-el-segundo-vecino-que-nos-escribe-contando-que-tiene-covid-y-dice-no-haber-sido-atendido-por-el-municipio\/?fbclid=IwAR0DJ1GJ1wK60ZVXwOqISndgGpoOd4K-pCroXT5nttGJCMQhivcRqQBe_FM\u00a0 )<\/a><\/h3>\n<p>En primer lugar, un amigo y vecino, el destacado piloto de Rally de Chascom\u00fas <strong style=\"font-size: 16px\">Marcelo Najera<\/strong><span style=\"font-size: 16px\">, se contagi\u00f3 y recuper\u00f3 del coronavirus, e hizo saber a trav\u00e9s de su cuenta de facebook lo que otros dijeron: el 107 es un desastre. Igualmente, <\/span><strong style=\"font-size: 16px\">Marcelo<\/strong><span style=\"font-size: 16px\"> destac\u00f3 la labor del profesional m\u00e9dico que lo atendi\u00f3 y que se preocup\u00f3 telef\u00f3nicamente por su evoluci\u00f3n.\u00a0<\/span><\/p><\/blockquote>\n<p><strong>LA PUBLICACI\u00d3N DE MARCELO:<\/strong><\/p>\n<p><img data-recalc-dims=\"1\" loading=\"lazy\" decoding=\"async\" class=\"size-full wp-image-18429 aligncenter\" src=\"https:\/\/i0.wp.com\/larevistadigital.com.ar\/blog\/wp-content\/uploads\/Screenshot_1-187.jpg?resize=684%2C387&#038;ssl=1\" alt=\"\" width=\"684\" height=\"387\" srcset=\"https:\/\/i0.wp.com\/larevistadigital.com.ar\/blog\/wp-content\/uploads\/Screenshot_1-187.jpg?w=684&amp;ssl=1 684w, https:\/\/i0.wp.com\/larevistadigital.com.ar\/blog\/wp-content\/uploads\/Screenshot_1-187.jpg?resize=300%2C170&amp;ssl=1 300w\" sizes=\"auto, (max-width: 684px) 100vw, 684px\" \/><\/p>\n<p>Ahora vamos a otro caso: <strong>Daniel Mart\u00ednez<\/strong>. Conductor de radio y vecino de Chascom\u00fas. Nos hizo llegar el siguiente escrito donde narra la situaci\u00f3n que le toc\u00f3 vivir:<\/p>\n<p><em><strong>\u00abEl dia 23 de diciembre de 2020, comenc\u00e9 en mi casa que ya hacia varios d\u00edas que no sal\u00eda a sentir dolor en los huesos, malestar y s\u00edntomas de una fuerte gripe. El correr del d\u00eda fue agudizando los dolores que parec\u00edan era producto del brusco cambio de temperatura que hubo esos d\u00edas. Al parecer un principio de gripe. Al ser de riesgo me vacune para gripe y neumon\u00eda. Al ver que los s\u00edntomas eran iguales consultando a m\u00e9dicos amigos sugieren disparar el protocolo de COVID al 107 de aqu\u00ed en Chascom\u00fas. B\u00e1rbaro. Me atendi\u00f3 no se quien ??? porque a pesar de pedir que se identifique no lo hacen ,me tomo todos los datos me pidi\u00f3 a ver quienes integraban el grupo familiar y me dijo que \u00aba\u00edsle\u00bb que ven\u00edan al d\u00eda siguiente a hisoparme. 24 DE DICIEMBRE alrededor de las 11,40 HS llama mi se\u00f1ora al 107 preguntando a ver en que horario vendr\u00edan obteniendo como respuesta que la gente ya estaba de regreso y a ver a que refer\u00eda el llamado. SI&#8230;. HAB\u00cdAN PERDIDO LA PLANILLA M\u00cdA Y NADIE SABIA NADA DE LO QUE HABL\u00c1BAMOS. MUY A PESAR DE ESTO EL D\u00cdA ANTERIOR ESTABAN INTERESADISIMOS A VER QUE OBRA SOCIAL TEN\u00cdAMOS. ME PASAN CON LA DOCTORA IBARRA. TERRIBLE MAL EDUCADA QUE HASTA INTENTO RETARME HABL\u00c1NDOME EN MUY MALOS TERMINOS DICIENDOME ENRE OTRAS COSAS QUE LO \u00daNICO QUE RECIBIAN DE LA GENTE DE CHASCOMUS ERA MAL TRATO Y PUTEADAS. Despu\u00e9s de esperar a que termine no me hice esperar en la respuesta. Me jubile en un trabajo de nivel Profesional y MI CERTIFICADO DE IDONEIDAD NUNCA ME FACULTO A TRATAR MAL A NADIE.O sea, dice Martin Fierro&#8230;SEPA MANDAR EL QUE MANDA Y SERA BUENO EL QUE OBEDECE, si me tratas mal tendr\u00e1s que en el mismo momento estar preparado para que te trate peor.\u00bf UN MEDICO??? LA DOCTORA IBARRA???? creer\u00e1 que los que llamamos estamos de gusto y como no sabemos que hacer tratamos de ver como hacemos para fastidiarla. Entre otras cosas, llam\u00e9 a la se\u00f1ora ARIAS Secretaria de salud ese mismo d\u00eda 24 de Diciembre de 2020 me atendi\u00f3 y me dijo que \u00bb ESTABA EN UNA URGENCIA\u00bb QUE DESPUES ME DEVOLVIA LA LLAMADA AUN ESPERO&#8230; SE\u00d1ORA.<\/strong><\/em><br \/>\n<em><strong>ME VOLVIERON A TOMAR TODOS LOS DATOS Y AL DIA SIGUIENTE APARECI\u00d3 LA AMBULANCIA A REALIZAR EL ISOPADO. DESPUES DE TANTOS A\u00d1OS EN RADIO Y HABIENDO LEIDO MIL VECES LA NOTICIA DE COMO SE INCREMENTA ESTO SIGO EN EL MISMO PENSAR&#8230; HAY MAS PELOTUDOS QUE ENFERMOS. Si alguien supiera por los que pasas al hisoparte no andar\u00eda jodiendo con nada de esto. En el medio hubo pelotudos\/das que me denunciaron diciendo que andaba en la calle ( vistes los que son mas papistas que el papa) y que la obsecuencia y un puesto pol\u00edtico los lleva a hacer y decir cualquier pelotudez, bueno esos mismos que despu\u00e9s no son ni siquiera capaces de pedirte disculpas cuando se dan cuenta que hace mas de 8 DIAS QUE ESTOY ADENTRO. En fin no te pase nada porque nadie te da bola a no ser personas especificas. MUCHAS GRACIAS DOCTORA VIRGINIA RODRIGUEZ por su calidez humana y profesional y mil gracias CONSEJAL LORENZA MARQUEZ por tu preocupaci\u00f3n. Gran ser humano. ALGO MAS cuando el intendente de tu cuidad dice que vos que sos una mierda \u00abUN JETON\u00bb detr\u00e1s de un micr\u00f3fono, tendr\u00eda que acordarse que cuando era solo el \u00bb concejal sin medias\u00bb se le daban espacios en todos los programas. Los cambios de pol\u00edtica y el engrosar los bolsillos hacen que digas cualquier cosa de cualquiera sin medir consecuencias\u00bb.<\/strong><\/em><\/p>\n<p style=\"text-align: right\"><strong>Daniel Mart\u00ednez<\/strong><\/p>\n","protected":false},"excerpt":{"rendered":"<div class=\"mh-excerpt\"><p>Otra vez, nos encontramos con casos de vecinos que elevan sus quejas por la desatenci\u00f3n a que fueron sometidos cuando presentaron s\u00edntomas de Covid-19 y llamaron al 107, solicitando atenci\u00f3n, consejos y por lo menos <a class=\"mh-excerpt-more\" href=\"https:\/\/larevistadigital.com.ar\/blog\/mas-quejas-por-la-mala-atencion-del-107-a-vecinos-con-sintomas-de-covid-19\/\" title=\"MAS QUEJAS POR LA MALA ATENCI\u00d3N DEL 107 A VECINOS CON S\u00cdNTOMAS DE COVID-19\">[Leer M\u00e1s]<\/a><\/p>\n<\/div>","protected":false},"author":3,"featured_media":18431,"comment_status":"open","ping_status":"open","sticky":false,"template":"","format":"standard","meta":{"_jetpack_memberships_contains_paid_content":false,"footnotes":"","jetpack_publicize_message":"","jetpack_publicize_feature_enabled":true,"jetpack_social_post_already_shared":true,"jetpack_social_options":{"image_generator_settings":{"template":"highway","default_image_id":0,"font":"","enabled":false},"version":2}},"categories":[41],"tags":[],"class_list":{"0":"post-18428","1":"post","2":"type-post","3":"status-publish","4":"format-standard","5":"has-post-thumbnail","7":"category-destacadas"},"jetpack_publicize_connections":[],"jetpack_featured_media_url":"https:\/\/i0.wp.com\/larevistadigital.com.ar\/blog\/wp-content\/uploads\/COVID-19-SM-1200px-v2.jpg?fit=1200%2C675&ssl=1","jetpack_sharing_enabled":true,"jetpack_shortlink":"https:\/\/wp.me\/p8qtrQ-4Ne","jetpack-related-posts":[{"id":18418,"url":"https:\/\/larevistadigital.com.ar\/blog\/que-pasa-con-el-107-y-la-atencion-el-segundo-vecino-que-nos-escribe-contando-que-tiene-covid-y-dice-no-haber-sido-atendido-por-el-municipio\/","url_meta":{"origin":18428,"position":0},"title":"\u00bfQU\u00c9 PASA CON EL 107 Y LA ATENCI\u00d3N? \u2026 EL SEGUNDO VECINO QUE NOS ESCRIBE, CONTANDO QUE TIENE COVID, Y DICE NO HABER SIDO ATENDIDO POR EL MUNICIPIO","author":"Alejandro Sosa Ruda","date":"30 diciembre, 2020","format":false,"excerpt":"Hace unos d\u00edas atr\u00e1s, se comunic\u00f3 con nosotros un amigo y vecino, que nos cont\u00f3 que sinti\u00f3 claros s\u00edntomas que lo hicieron sospechar que ten\u00eda Covid-19. Una vez que lo atendieron le prometieron que ir\u00edan al otro d\u00eda a su domicilio por la ma\u00f1ana. Nunca ocurri\u00f3. Luego, llam\u00f3 telef\u00f3nicamente a\u2026","rel":"","context":"En \u00abDESTACADAS\u00bb","block_context":{"text":"DESTACADAS","link":"https:\/\/larevistadigital.com.ar\/blog\/category\/destacadas\/"},"img":{"alt_text":"","src":"https:\/\/i0.wp.com\/larevistadigital.com.ar\/blog\/wp-content\/uploads\/coronavirus_cepa.jpg?fit=1200%2C675&ssl=1&resize=350%2C200","width":350,"height":200,"srcset":"https:\/\/i0.wp.com\/larevistadigital.com.ar\/blog\/wp-content\/uploads\/coronavirus_cepa.jpg?fit=1200%2C675&ssl=1&resize=350%2C200 1x, https:\/\/i0.wp.com\/larevistadigital.com.ar\/blog\/wp-content\/uploads\/coronavirus_cepa.jpg?fit=1200%2C675&ssl=1&resize=525%2C300 1.5x, https:\/\/i0.wp.com\/larevistadigital.com.ar\/blog\/wp-content\/uploads\/coronavirus_cepa.jpg?fit=1200%2C675&ssl=1&resize=700%2C400 2x, https:\/\/i0.wp.com\/larevistadigital.com.ar\/blog\/wp-content\/uploads\/coronavirus_cepa.jpg?fit=1200%2C675&ssl=1&resize=1050%2C600 3x"},"classes":[]},{"id":17030,"url":"https:\/\/larevistadigital.com.ar\/blog\/pila-registro-su-cuarta-muerte-por-covid-19\/","url_meta":{"origin":18428,"position":1},"title":"PILA REGISTR\u00d3 SU CUARTA MUERTE POR COVID-19","author":"Alejandro Sosa Ruda","date":"19 octubre, 2020","format":false,"excerpt":"El paciente se encontraba internado en un sanatorio de la ciudad de La Plata. El distrito cuenta con 30 casos activos. Se inform\u00f3 desde la Secretar\u00eda de Salud de la Municipalidad de Pila que un paciente internado en un sanatorio de la ciudad de La Plata se convirti\u00f3 en el\u2026","rel":"","context":"En \u00abPILA\u00bb","block_context":{"text":"PILA","link":"https:\/\/larevistadigital.com.ar\/blog\/category\/pila\/"},"img":{"alt_text":"","src":"https:\/\/i0.wp.com\/larevistadigital.com.ar\/blog\/wp-content\/uploads\/c02553453cb12afe28340038d1c2503d96f0f70c.jpg?fit=1140%2C718&ssl=1&resize=350%2C200","width":350,"height":200,"srcset":"https:\/\/i0.wp.com\/larevistadigital.com.ar\/blog\/wp-content\/uploads\/c02553453cb12afe28340038d1c2503d96f0f70c.jpg?fit=1140%2C718&ssl=1&resize=350%2C200 1x, https:\/\/i0.wp.com\/larevistadigital.com.ar\/blog\/wp-content\/uploads\/c02553453cb12afe28340038d1c2503d96f0f70c.jpg?fit=1140%2C718&ssl=1&resize=525%2C300 1.5x, https:\/\/i0.wp.com\/larevistadigital.com.ar\/blog\/wp-content\/uploads\/c02553453cb12afe28340038d1c2503d96f0f70c.jpg?fit=1140%2C718&ssl=1&resize=700%2C400 2x, https:\/\/i0.wp.com\/larevistadigital.com.ar\/blog\/wp-content\/uploads\/c02553453cb12afe28340038d1c2503d96f0f70c.jpg?fit=1140%2C718&ssl=1&resize=1050%2C600 3x"},"classes":[]},{"id":18618,"url":"https:\/\/larevistadigital.com.ar\/blog\/el-municipio-incorpora-un-canal-de-autogestion-digital-por-reclamos-al-147-mientras-los-vecinos-se-quejan-de-la-falta-de-atencion\/","url_meta":{"origin":18428,"position":2},"title":"EL MUNICIPIO INCORPORA UN CANAL DE \u00abAUTOGESTI\u00d3N DIGITAL\u00bb POR RECLAMOS AL 147 MIENTRAS LOS VECINOS SE QUEJAN DE LA FALTA DE ATENCI\u00d3N","author":"Alejandro Sosa Ruda","date":"14 enero, 2021","format":false,"excerpt":"Mientras los vecinos de Chascom\u00fas protestan indignados porque no son escuchados, ni atendidos en tiempo y forma cuando realizaron reclamos al tel\u00e9fono 147 que supuestamente cumplir\u00eda esa funci\u00f3n, desde la Municipalidad de Chascom\u00fas, anuncian la creaci\u00f3n de un espacio en la web como para que uno ingrese, y en \"f\u00e1ciles\u2026","rel":"","context":"En \u00abDESTACADAS\u00bb","block_context":{"text":"DESTACADAS","link":"https:\/\/larevistadigital.com.ar\/blog\/category\/destacadas\/"},"img":{"alt_text":"","src":"https:\/\/i0.wp.com\/larevistadigital.com.ar\/blog\/wp-content\/uploads\/147-uxch-scaled.jpg?fit=1200%2C700&ssl=1&resize=350%2C200","width":350,"height":200,"srcset":"https:\/\/i0.wp.com\/larevistadigital.com.ar\/blog\/wp-content\/uploads\/147-uxch-scaled.jpg?fit=1200%2C700&ssl=1&resize=350%2C200 1x, https:\/\/i0.wp.com\/larevistadigital.com.ar\/blog\/wp-content\/uploads\/147-uxch-scaled.jpg?fit=1200%2C700&ssl=1&resize=525%2C300 1.5x, https:\/\/i0.wp.com\/larevistadigital.com.ar\/blog\/wp-content\/uploads\/147-uxch-scaled.jpg?fit=1200%2C700&ssl=1&resize=700%2C400 2x, https:\/\/i0.wp.com\/larevistadigital.com.ar\/blog\/wp-content\/uploads\/147-uxch-scaled.jpg?fit=1200%2C700&ssl=1&resize=1050%2C600 3x"},"classes":[]},{"id":35135,"url":"https:\/\/larevistadigital.com.ar\/blog\/chascomus-vecino-denuncia-que-el-hospital-le-nego-una-ambulancia-para-una-persona-desvanecida\/","url_meta":{"origin":18428,"position":3},"title":"CHASCOM\u00daS: VECINO DENUNCIA QUE EL HOSPITAL LE NEG\u00d3 UNA AMBULANCIA PARA UNA PERSONA DESVANECIDA","author":"Alejandro Sosa Ruda","date":"29 enero, 2024","format":false,"excerpt":"El vecino denunci\u00f3 en la red social Facebook, y r\u00e1pidamente se sumaron gran cantidad de personas con distintos reclamos. \u00bfNo es hora de hacer algo?... 29 de enero de 2023 CHASCOM\u00daS -\u00a0 \u00a0Un nuevo reclamo se ha sumado por distintas irregularidades en la atenci\u00f3n del querido Hospital Municipal San Vicente\u2026","rel":"","context":"En \u00abCHASCOM\u00daS\u00bb","block_context":{"text":"CHASCOM\u00daS","link":"https:\/\/larevistadigital.com.ar\/blog\/category\/chascomus\/"},"img":{"alt_text":"","src":"https:\/\/i0.wp.com\/larevistadigital.com.ar\/blog\/wp-content\/uploads\/AMBULANCIA.jpg?fit=750%2C517&ssl=1&resize=350%2C200","width":350,"height":200,"srcset":"https:\/\/i0.wp.com\/larevistadigital.com.ar\/blog\/wp-content\/uploads\/AMBULANCIA.jpg?fit=750%2C517&ssl=1&resize=350%2C200 1x, https:\/\/i0.wp.com\/larevistadigital.com.ar\/blog\/wp-content\/uploads\/AMBULANCIA.jpg?fit=750%2C517&ssl=1&resize=525%2C300 1.5x, https:\/\/i0.wp.com\/larevistadigital.com.ar\/blog\/wp-content\/uploads\/AMBULANCIA.jpg?fit=750%2C517&ssl=1&resize=700%2C400 2x"},"classes":[]},{"id":28834,"url":"https:\/\/larevistadigital.com.ar\/blog\/chascomus-vecinos-piden-al-municipio-que-haga-algo-y-manifiestan-sus-quejas-y-desagrado-por-la-presencia-de-ratas-moscas-y-mosquitos\/","url_meta":{"origin":18428,"position":4},"title":"CHASCOM\u00daS: VECINOS PIDEN AL MUNICIPIO QUE HAGA ALGO Y MANIFIESTAN SUS QUEJAS Y DESAGRADO POR LA PRESENCIA DE RATAS, MOSCAS Y MOSQUITOS","author":"Alejandro Sosa Ruda","date":"9 noviembre, 2022","format":false,"excerpt":"Est\u00e1n muy molestos por la desagradable situaci\u00f3n que est\u00e1n viviendo y piden una soluci\u00f3n urgente al tema. 9 de noviembre de 2022 CHASCOM\u00daS -\u00a0 \u00a0Vecinos que tienen sus propiedades en la zona que abarca desde la avenida \"Campa\u00f1as al Desierto\" y Ruta 2, y hasta el predio del Basurero, se\u2026","rel":"","context":"En \u00abCHASCOM\u00daS\u00bb","block_context":{"text":"CHASCOM\u00daS","link":"https:\/\/larevistadigital.com.ar\/blog\/category\/chascomus\/"},"img":{"alt_text":"","src":"https:\/\/i0.wp.com\/larevistadigital.com.ar\/blog\/wp-content\/uploads\/mas-moscas-1024x683-1.jpg?fit=1024%2C683&ssl=1&resize=350%2C200","width":350,"height":200,"srcset":"https:\/\/i0.wp.com\/larevistadigital.com.ar\/blog\/wp-content\/uploads\/mas-moscas-1024x683-1.jpg?fit=1024%2C683&ssl=1&resize=350%2C200 1x, https:\/\/i0.wp.com\/larevistadigital.com.ar\/blog\/wp-content\/uploads\/mas-moscas-1024x683-1.jpg?fit=1024%2C683&ssl=1&resize=525%2C300 1.5x, https:\/\/i0.wp.com\/larevistadigital.com.ar\/blog\/wp-content\/uploads\/mas-moscas-1024x683-1.jpg?fit=1024%2C683&ssl=1&resize=700%2C400 2x"},"classes":[]},{"id":6682,"url":"https:\/\/larevistadigital.com.ar\/blog\/chascomus-se-puso-en-funcionamiento-el-sistema-de-guardia-por-nivel-de-urgencia-en-el-hospital-municipal\/","url_meta":{"origin":18428,"position":5},"title":"CHASCOM\u00daS: SE PUSO EN FUNCIONAMIENTO EL SISTEMA DE GUARDIA POR NIVEL DE URGENCIA EN EL HOSPITAL MUNICIPAL","author":"Alejandro Sosa Ruda","date":"29 septiembre, 2018","format":false,"excerpt":"El Director del Hospital Municipal \u201cSan Vicente de Paul\u201d y el Intendente Javier Gast\u00f3n, recorrieron el sector de guardia donde se comenz\u00f3 a implementar el nuevo sistema \u201cTriage\u201d, el cual establece orden de prioridad de atenci\u00f3n de acuerdo a la patolog\u00eda presentada por el paciente. \u201cEl Hospital de Chascom\u00fas es\u2026","rel":"","context":"En \u00abCHASCOM\u00daS\u00bb","block_context":{"text":"CHASCOM\u00daS","link":"https:\/\/larevistadigital.com.ar\/blog\/category\/chascomus\/"},"img":{"alt_text":"","src":"https:\/\/i0.wp.com\/larevistadigital.com.ar\/blog\/wp-content\/uploads\/2018\/06\/hospi1-1024x767-111-700x524.jpg?fit=700%2C524&ssl=1&resize=350%2C200","width":350,"height":200,"srcset":"https:\/\/i0.wp.com\/larevistadigital.com.ar\/blog\/wp-content\/uploads\/2018\/06\/hospi1-1024x767-111-700x524.jpg?fit=700%2C524&ssl=1&resize=350%2C200 1x, https:\/\/i0.wp.com\/larevistadigital.com.ar\/blog\/wp-content\/uploads\/2018\/06\/hospi1-1024x767-111-700x524.jpg?fit=700%2C524&ssl=1&resize=525%2C300 1.5x, https:\/\/i0.wp.com\/larevistadigital.com.ar\/blog\/wp-content\/uploads\/2018\/06\/hospi1-1024x767-111-700x524.jpg?fit=700%2C524&ssl=1&resize=700%2C400 2x"},"classes":[]}],"_links":{"self":[{"href":"https:\/\/larevistadigital.com.ar\/blog\/wp-json\/wp\/v2\/posts\/18428","targetHints":{"allow":["GET"]}}],"collection":[{"href":"https:\/\/larevistadigital.com.ar\/blog\/wp-json\/wp\/v2\/posts"}],"about":[{"href":"https:\/\/larevistadigital.com.ar\/blog\/wp-json\/wp\/v2\/types\/post"}],"author":[{"embeddable":true,"href":"https:\/\/larevistadigital.com.ar\/blog\/wp-json\/wp\/v2\/users\/3"}],"replies":[{"embeddable":true,"href":"https:\/\/larevistadigital.com.ar\/blog\/wp-json\/wp\/v2\/comments?post=18428"}],"version-history":[{"count":1,"href":"https:\/\/larevistadigital.com.ar\/blog\/wp-json\/wp\/v2\/posts\/18428\/revisions"}],"predecessor-version":[{"id":18432,"href":"https:\/\/larevistadigital.com.ar\/blog\/wp-json\/wp\/v2\/posts\/18428\/revisions\/18432"}],"wp:featuredmedia":[{"embeddable":true,"href":"https:\/\/larevistadigital.com.ar\/blog\/wp-json\/wp\/v2\/media\/18431"}],"wp:attachment":[{"href":"https:\/\/larevistadigital.com.ar\/blog\/wp-json\/wp\/v2\/media?parent=18428"}],"wp:term":[{"taxonomy":"category","embeddable":true,"href":"https:\/\/larevistadigital.com.ar\/blog\/wp-json\/wp\/v2\/categories?post=18428"},{"taxonomy":"post_tag","embeddable":true,"href":"https:\/\/larevistadigital.com.ar\/blog\/wp-json\/wp\/v2\/tags?post=18428"}],"curies":[{"name":"wp","href":"https:\/\/api.w.org\/{rel}","templated":true}]}}