{"id":18433,"date":"2021-01-03T13:36:17","date_gmt":"2021-01-03T13:36:17","guid":{"rendered":"https:\/\/larevistadigital.com.ar\/blog\/?p=18433"},"modified":"2021-01-03T13:36:17","modified_gmt":"2021-01-03T13:36:17","slug":"joven-denuncio-que-fue-a-una-entrevista-laboral-la-drogaron-simulando-un-test-de-covid-y-abusaron-de-ella","status":"publish","type":"post","link":"https:\/\/larevistadigital.com.ar\/blog\/joven-denuncio-que-fue-a-una-entrevista-laboral-la-drogaron-simulando-un-test-de-covid-y-abusaron-de-ella\/","title":{"rendered":"JOVEN DENUNCI\u00d3 QUE FUE A UNA ENTREVISTA LABORAL, LA DROGARON SIMULANDO UN TEST DE COVID Y ABUSARON DE ELLA"},"content":{"rendered":"<h2><strong>El hecho sucedi\u00f3 en La Lucila, Vicente L\u00f3pez. Ella hizo la denuncia, pero el acusado qued\u00f3 en libertad.<\/strong><\/h2>\n<p>Una joven denunci\u00f3 que en una falsa entrevista de trabajo, la drogaron simulando un test de COVID e intentaron abusarla. El hombre est\u00e1 libre.<\/p>\n<p>El hecho ocurri\u00f3 en la localidad de La Lucila, partido de Vicente L\u00f3pez. La mujer hab\u00eda sido citada en un departamento, tras enviar su curr\u00edculum para aplicar a una supuesta b\u00fasqueda laboral de secretaria privada para un abogado.<\/p>\n<blockquote>\n<h3>Una amiga de ella, relat\u00f3 lo sucedido en declaraciones a la prensa. En principio, la v\u00edctima fue acompa\u00f1ada por un amigo, quien se qued\u00f3 esper\u00e1ndola en la puerta del edificio.<\/h3>\n<\/blockquote>\n<p>Acorde a lo que trascendi\u00f3, al llegar, el sujeto que la cit\u00f3, le pidi\u00f3 que se someta a un test olfativo de identificaci\u00f3n r\u00e1pida de COVID-19 y le dio una tapita para que oliera, pero era una puesta en escena, ya que la chica qued\u00f3 bajo los efectos de alguna droga no identificada.<\/p>\n<blockquote>\n<h3>La allegada a la joven dijo a la prensa: \u00abElla logr\u00f3 mandarle un mensaje al amigo que la estaba afuera que llamara al 911 y adem\u00e1s logr\u00f3 escapar del lugar\u00bb, y enfatiz\u00f3: \u00abA mi amiga la manosearon y por suerte reaccion\u00f3 y se pudo ir\u00bb.<\/h3>\n<\/blockquote>\n<p>Si bien la postulante al trabajo radic\u00f3 la denuncia pertinente, el acusado qued\u00f3 en libertad al d\u00eda siguiente.<\/p>\n<p>fuente:DLN<\/p>\n<p>imagen: 0221.com.ar<\/p>\n","protected":false},"excerpt":{"rendered":"<div class=\"mh-excerpt\"><p>El hecho sucedi\u00f3 en La Lucila, Vicente L\u00f3pez. Ella hizo la denuncia, pero el acusado qued\u00f3 en libertad. Una joven denunci\u00f3 que en una falsa entrevista de trabajo, la drogaron simulando un test de COVID <a class=\"mh-excerpt-more\" href=\"https:\/\/larevistadigital.com.ar\/blog\/joven-denuncio-que-fue-a-una-entrevista-laboral-la-drogaron-simulando-un-test-de-covid-y-abusaron-de-ella\/\" title=\"JOVEN DENUNCI\u00d3 QUE FUE A UNA ENTREVISTA LABORAL, LA DROGARON SIMULANDO UN TEST DE COVID Y ABUSARON DE ELLA\">[Leer M\u00e1s]<\/a><\/p>\n<\/div>","protected":false},"author":3,"featured_media":18435,"comment_status":"open","ping_status":"open","sticky":false,"template":"","format":"standard","meta":{"_jetpack_memberships_contains_paid_content":false,"footnotes":"","jetpack_publicize_message":"","jetpack_publicize_feature_enabled":true,"jetpack_social_post_already_shared":true,"jetpack_social_options":{"image_generator_settings":{"template":"highway","default_image_id":0,"font":"","enabled":false},"version":2}},"categories":[50,44],"tags":[],"class_list":{"0":"post-18433","1":"post","2":"type-post","3":"status-publish","4":"format-standard","5":"has-post-thumbnail","7":"category-interes-general","8":"category-policiales"},"jetpack_publicize_connections":[],"jetpack_featured_media_url":"https:\/\/i0.wp.com\/larevistadigital.com.ar\/blog\/wp-content\/uploads\/1530123399548.jpg?fit=1920%2C950&ssl=1","jetpack_sharing_enabled":true,"jetpack_shortlink":"https:\/\/wp.me\/p8qtrQ-4Nj","jetpack-related-posts":[{"id":14560,"url":"https:\/\/larevistadigital.com.ar\/blog\/la-drogaron-con-sedante-para-caballos-la-violaron-entre-4-y-grabaron-todo\/","url_meta":{"origin":18433,"position":0},"title":"LA DROGARON CON SEDANTE PARA CABALLOS, LA VIOLARON ENTRE 4 Y GRABARON TODO","author":"Alejandro Sosa Ruda","date":"3 febrero, 2020","format":false,"excerpt":"Una joven de 21 a\u00f1os fue abusada sexualmente por 4 hombres en Luj\u00e1n de Cuyo, provincia de Mendoza. La v\u00edctima denunci\u00f3 que la durmieron para cometer el abuso sexual. A los 4 chicos se les decomis\u00f3 una sustancia y seg\u00fan trascendi\u00f3 era sedante de caballo, adem\u00e1s, los investigadores informaron que\u2026","rel":"","context":"En \u00abINTERES GENERAL\u00bb","block_context":{"text":"INTERES GENERAL","link":"https:\/\/larevistadigital.com.ar\/blog\/category\/interes-general\/"},"img":{"alt_text":"","src":"https:\/\/i0.wp.com\/larevistadigital.com.ar\/blog\/wp-content\/uploads\/violadores.png?fit=651%2C306&ssl=1&resize=350%2C200","width":350,"height":200,"srcset":"https:\/\/i0.wp.com\/larevistadigital.com.ar\/blog\/wp-content\/uploads\/violadores.png?fit=651%2C306&ssl=1&resize=350%2C200 1x, https:\/\/i0.wp.com\/larevistadigital.com.ar\/blog\/wp-content\/uploads\/violadores.png?fit=651%2C306&ssl=1&resize=525%2C300 1.5x"},"classes":[]},{"id":12451,"url":"https:\/\/larevistadigital.com.ar\/blog\/ernestina-pais-choco-y-quiso-escapar-en-vicente-lopez-luego-se-nego-a-hacerse-el-test-de-alcoholemia\/","url_meta":{"origin":18433,"position":1},"title":"ERNESTINA PAIS CHOC\u00d3 Y QUISO ESCAPAR EN VICENTE LOPEZ. LUEGO SE NEG\u00d3 A HACERSE EL TEST DE ALCOHOLEMIA","author":"Alejandro Sosa Ruda","date":"4 octubre, 2019","format":false,"excerpt":"La ex conductora de CQC, en aparente estado de ebriedad,choc\u00f3 contra un Volkswagen Gol estacionado en Libertador y Espora Ernestina Pa\u00eds\u00a0qued\u00f3 en el centro de la tormenta despu\u00e9s de un accidente de tr\u00e1nsito que protagoniz\u00f3 durante esta madrugada. Seg\u00fan pudo saber\u00a0BigBang,\u00a0la periodista -a bordo de su Chevrolet Tracker- choc\u00f3\u00a0contra un\u2026","rel":"","context":"En \u00abINTERES GENERAL\u00bb","block_context":{"text":"INTERES GENERAL","link":"https:\/\/larevistadigital.com.ar\/blog\/category\/interes-general\/"},"img":{"alt_text":"","src":"https:\/\/i0.wp.com\/larevistadigital.com.ar\/blog\/wp-content\/uploads\/1570197656696.png?fit=1200%2C691&ssl=1&resize=350%2C200","width":350,"height":200,"srcset":"https:\/\/i0.wp.com\/larevistadigital.com.ar\/blog\/wp-content\/uploads\/1570197656696.png?fit=1200%2C691&ssl=1&resize=350%2C200 1x, https:\/\/i0.wp.com\/larevistadigital.com.ar\/blog\/wp-content\/uploads\/1570197656696.png?fit=1200%2C691&ssl=1&resize=525%2C300 1.5x, https:\/\/i0.wp.com\/larevistadigital.com.ar\/blog\/wp-content\/uploads\/1570197656696.png?fit=1200%2C691&ssl=1&resize=700%2C400 2x, https:\/\/i0.wp.com\/larevistadigital.com.ar\/blog\/wp-content\/uploads\/1570197656696.png?fit=1200%2C691&ssl=1&resize=1050%2C600 3x"},"classes":[]},{"id":28670,"url":"https:\/\/larevistadigital.com.ar\/blog\/chico-de-11-anos-denuncio-un-abuso-sexual-de-sus-companeros-durante-un-viaje-a-la-lucila-del-mar\/","url_meta":{"origin":18433,"position":2},"title":"CHICO DE 11 A\u00d1OS DENUNCI\u00d3 UN ABUSO SEXUAL DE SUS COMPA\u00d1EROS DURANTE UN VIAJE A LA LUCILA DEL MAR","author":"Alejandro Sosa Ruda","date":"30 octubre, 2022","format":false,"excerpt":"La madre de la v\u00edctima relat\u00f3 que, mientras su hijo dorm\u00eda en la habitaci\u00f3n, al menos dos de sus compa\u00f1eros se subieron a la cama y \"le colocaron sus miembros en la boca\", lo amenazaron y le dijeron \"piernas de caballo, te vamos a violar\". 30 de octubre de 2022\u2026","rel":"","context":"En \u00abSin categor\u00eda\u00bb","block_context":{"text":"Sin categor\u00eda","link":"https:\/\/larevistadigital.com.ar\/blog\/category\/sin-categoria\/"},"img":{"alt_text":"","src":"https:\/\/i0.wp.com\/larevistadigital.com.ar\/blog\/wp-content\/uploads\/272f300d7b36af889f565748cc2a338e9a22b42b.jpg?fit=1140%2C642&ssl=1&resize=350%2C200","width":350,"height":200,"srcset":"https:\/\/i0.wp.com\/larevistadigital.com.ar\/blog\/wp-content\/uploads\/272f300d7b36af889f565748cc2a338e9a22b42b.jpg?fit=1140%2C642&ssl=1&resize=350%2C200 1x, https:\/\/i0.wp.com\/larevistadigital.com.ar\/blog\/wp-content\/uploads\/272f300d7b36af889f565748cc2a338e9a22b42b.jpg?fit=1140%2C642&ssl=1&resize=525%2C300 1.5x, https:\/\/i0.wp.com\/larevistadigital.com.ar\/blog\/wp-content\/uploads\/272f300d7b36af889f565748cc2a338e9a22b42b.jpg?fit=1140%2C642&ssl=1&resize=700%2C400 2x, https:\/\/i0.wp.com\/larevistadigital.com.ar\/blog\/wp-content\/uploads\/272f300d7b36af889f565748cc2a338e9a22b42b.jpg?fit=1140%2C642&ssl=1&resize=1050%2C600 3x"},"classes":[]},{"id":7483,"url":"https:\/\/larevistadigital.com.ar\/blog\/un-adolescente-se-suicido-luego-que-una-amiga-lo-denuncio-falsamente-por-abuso\/","url_meta":{"origin":18433,"position":3},"title":"UN ADOLESCENTE SE SUICID\u00d3 LUEGO QUE UNA AMIGA LO DENUNCI\u00d3 FALSAMENTE POR ABUSO","author":"Alejandro Sosa Ruda","date":"31 diciembre, 2018","format":false,"excerpt":"El hecho, ocurri\u00f3 en Bariloche. La amiga, menor de edad, reconoci\u00f3 que hizo la denuncia en \"un momento de bronca y enojo\", y le pidi\u00f3 disculpas. Un j\u00f3ven de 18 a\u00f1os de edad, quien hab\u00eda sido denunciado de abuso por su mejor amiga\u00a0-quien luego pidi\u00f3 disculpas p\u00fablicas y reconoci\u00f3 que\u2026","rel":"","context":"En \u00abDESTACADAS\u00bb","block_context":{"text":"DESTACADAS","link":"https:\/\/larevistadigital.com.ar\/blog\/category\/destacadas\/"},"img":{"alt_text":"","src":"https:\/\/i0.wp.com\/larevistadigital.com.ar\/blog\/wp-content\/uploads\/2018\/12\/agustin-munoz-se-quito-la-vida-en-bariloche-530806.jpg?fit=840%2C472&ssl=1&resize=350%2C200","width":350,"height":200,"srcset":"https:\/\/i0.wp.com\/larevistadigital.com.ar\/blog\/wp-content\/uploads\/2018\/12\/agustin-munoz-se-quito-la-vida-en-bariloche-530806.jpg?fit=840%2C472&ssl=1&resize=350%2C200 1x, https:\/\/i0.wp.com\/larevistadigital.com.ar\/blog\/wp-content\/uploads\/2018\/12\/agustin-munoz-se-quito-la-vida-en-bariloche-530806.jpg?fit=840%2C472&ssl=1&resize=525%2C300 1.5x, https:\/\/i0.wp.com\/larevistadigital.com.ar\/blog\/wp-content\/uploads\/2018\/12\/agustin-munoz-se-quito-la-vida-en-bariloche-530806.jpg?fit=840%2C472&ssl=1&resize=700%2C400 2x"},"classes":[]},{"id":14718,"url":"https:\/\/larevistadigital.com.ar\/blog\/la-plata-detienen-a-trapito-acusado-de-violar-una-joven-cuando-pedia-auxilio-por-un-robo\/","url_meta":{"origin":18433,"position":4},"title":"LA PLATA: DETIENEN A \u00abTRAPITO\u00bb ACUSADO DE VIOLAR UNA JOVEN CUANDO PED\u00cdA AUXILIO POR UN ROBO","author":"Alejandro Sosa Ruda","date":"11 febrero, 2020","format":false,"excerpt":"El episodio tuvo lugar el 1 de febrero, y el hombre de 49 a\u00f1os acusado de abuso fue detenido este lunes. La mujer de 22 a\u00f1os fue asaltada por un grupo de delincuentes, quienes le sustrajeron la cartera. Desesperada por la situaci\u00f3n comenz\u00f3 a pedir auxilio. Un trapito se acerc\u00f3,\u2026","rel":"","context":"En \u00abPOLICIALES\u00bb","block_context":{"text":"POLICIALES","link":"https:\/\/larevistadigital.com.ar\/blog\/category\/policiales\/"},"img":{"alt_text":"","src":"https:\/\/i0.wp.com\/larevistadigital.com.ar\/blog\/wp-content\/uploads\/policia.jpg?fit=800%2C450&ssl=1&resize=350%2C200","width":350,"height":200,"srcset":"https:\/\/i0.wp.com\/larevistadigital.com.ar\/blog\/wp-content\/uploads\/policia.jpg?fit=800%2C450&ssl=1&resize=350%2C200 1x, https:\/\/i0.wp.com\/larevistadigital.com.ar\/blog\/wp-content\/uploads\/policia.jpg?fit=800%2C450&ssl=1&resize=525%2C300 1.5x, https:\/\/i0.wp.com\/larevistadigital.com.ar\/blog\/wp-content\/uploads\/policia.jpg?fit=800%2C450&ssl=1&resize=700%2C400 2x"},"classes":[]},{"id":30921,"url":"https:\/\/larevistadigital.com.ar\/blog\/insolito-golpeo-y-amenazo-a-su-pareja-y-ella-lo-denuncio-por-tener-motos-robadas-en-su-casa\/","url_meta":{"origin":18433,"position":5},"title":"INS\u00d3LITO: GOLPE\u00d3 Y AMENAZ\u00d3 A SU PAREJA, Y ELLA LO DENUNCI\u00d3 POR TENER MOTOS ROBADAS EN SU CASA","author":"Alejandro Sosa Ruda","date":"6 abril, 2023","format":false,"excerpt":"El hombre tiene 34 a\u00f1os y qued\u00f3 detenido en la Unidad Penal 44 de Bat\u00e1n. La polic\u00eda secuestr\u00f3 en el lugar marihuana, coca\u00edna y dos motos que ten\u00edan pedido de secuestro. 6 de abril de 2023 MAR DEL PLATA -\u00a0 En un domicilio del barrio Las Dalias, una mujer de\u2026","rel":"","context":"En \u00abPOLICIALES\u00bb","block_context":{"text":"POLICIALES","link":"https:\/\/larevistadigital.com.ar\/blog\/category\/policiales\/"},"img":{"alt_text":"","src":"https:\/\/i0.wp.com\/larevistadigital.com.ar\/blog\/wp-content\/uploads\/policia-24-9-2021-4.jpg?fit=1199%2C1200&ssl=1&resize=350%2C200","width":350,"height":200,"srcset":"https:\/\/i0.wp.com\/larevistadigital.com.ar\/blog\/wp-content\/uploads\/policia-24-9-2021-4.jpg?fit=1199%2C1200&ssl=1&resize=350%2C200 1x, https:\/\/i0.wp.com\/larevistadigital.com.ar\/blog\/wp-content\/uploads\/policia-24-9-2021-4.jpg?fit=1199%2C1200&ssl=1&resize=525%2C300 1.5x, https:\/\/i0.wp.com\/larevistadigital.com.ar\/blog\/wp-content\/uploads\/policia-24-9-2021-4.jpg?fit=1199%2C1200&ssl=1&resize=700%2C400 2x, https:\/\/i0.wp.com\/larevistadigital.com.ar\/blog\/wp-content\/uploads\/policia-24-9-2021-4.jpg?fit=1199%2C1200&ssl=1&resize=1050%2C600 3x"},"classes":[]}],"_links":{"self":[{"href":"https:\/\/larevistadigital.com.ar\/blog\/wp-json\/wp\/v2\/posts\/18433","targetHints":{"allow":["GET"]}}],"collection":[{"href":"https:\/\/larevistadigital.com.ar\/blog\/wp-json\/wp\/v2\/posts"}],"about":[{"href":"https:\/\/larevistadigital.com.ar\/blog\/wp-json\/wp\/v2\/types\/post"}],"author":[{"embeddable":true,"href":"https:\/\/larevistadigital.com.ar\/blog\/wp-json\/wp\/v2\/users\/3"}],"replies":[{"embeddable":true,"href":"https:\/\/larevistadigital.com.ar\/blog\/wp-json\/wp\/v2\/comments?post=18433"}],"version-history":[{"count":2,"href":"https:\/\/larevistadigital.com.ar\/blog\/wp-json\/wp\/v2\/posts\/18433\/revisions"}],"predecessor-version":[{"id":18436,"href":"https:\/\/larevistadigital.com.ar\/blog\/wp-json\/wp\/v2\/posts\/18433\/revisions\/18436"}],"wp:featuredmedia":[{"embeddable":true,"href":"https:\/\/larevistadigital.com.ar\/blog\/wp-json\/wp\/v2\/media\/18435"}],"wp:attachment":[{"href":"https:\/\/larevistadigital.com.ar\/blog\/wp-json\/wp\/v2\/media?parent=18433"}],"wp:term":[{"taxonomy":"category","embeddable":true,"href":"https:\/\/larevistadigital.com.ar\/blog\/wp-json\/wp\/v2\/categories?post=18433"},{"taxonomy":"post_tag","embeddable":true,"href":"https:\/\/larevistadigital.com.ar\/blog\/wp-json\/wp\/v2\/tags?post=18433"}],"curies":[{"name":"wp","href":"https:\/\/api.w.org\/{rel}","templated":true}]}}