{"id":18437,"date":"2021-01-03T13:59:03","date_gmt":"2021-01-03T13:59:03","guid":{"rendered":"https:\/\/larevistadigital.com.ar\/blog\/?p=18437"},"modified":"2021-01-03T13:59:03","modified_gmt":"2021-01-03T13:59:03","slug":"video-escandalo-con-golpes-de-puno-en-la-playa-de-mar-del-plata","status":"publish","type":"post","link":"https:\/\/larevistadigital.com.ar\/blog\/video-escandalo-con-golpes-de-puno-en-la-playa-de-mar-del-plata\/","title":{"rendered":"[VIDEO] ESC\u00c1NDALO CON GOLPES DE PU\u00d1O EN LA PLAYA DE MAR DEL PLATA"},"content":{"rendered":"<p>D\u00edas atr\u00e1s, mientras periodistas del canal de cable C5N hac\u00edan entrevistas con personas en la playa, ocurrieron serios incidentes entre algunos que estaban tomando sol, y un grupo que estaba jugando un \u00abpicadito\u00bb, que seg\u00fan narraron algunos testigos, lo hac\u00edan de forma violenta.<\/p>\n<p>As\u00ed, cuando se les reclam\u00f3 que no lo hagan y aparentemente luego de hacer caer a una abuela octogenaria, se desencaden\u00f3 una batahola de la que tambi\u00e9n participaron mujeres, con golpes y patadas.<\/p>\n<p>Los hechos, sucedieron en la playa \u00abLas Toscas\u00bb, cercana a la Bristol.<\/p>\n<blockquote>\n<h3>Las im\u00e1genes son por dem\u00e1s elocuentes, y demuestran no solo la lamentable situaci\u00f3n, sino que adem\u00e1s no se ve a una sola persona con barbijo, ni guardando ning\u00fan tipo de distancia, en una playa llena de personas.<\/h3>\n<\/blockquote>\n<p>\u00bfEsto no lo ven las autoridades marplatenses?<\/p>\n<p><span class=\"embed-youtube\" style=\"text-align:center; display: block;\"><iframe loading=\"lazy\" class=\"youtube-player\" width=\"640\" height=\"360\" src=\"https:\/\/www.youtube.com\/embed\/nCMuPVNbAu8?version=3&#038;rel=1&#038;showsearch=0&#038;showinfo=1&#038;iv_load_policy=1&#038;fs=1&#038;hl=es-ES&#038;autohide=2&#038;wmode=transparent\" allowfullscreen=\"true\" style=\"border:0;\" sandbox=\"allow-scripts allow-same-origin allow-popups allow-presentation allow-popups-to-escape-sandbox\"><\/iframe><\/span><\/p>\n<p>&nbsp;<\/p>\n<p>fuente y video: C5N<\/p>\n","protected":false},"excerpt":{"rendered":"<div class=\"mh-excerpt\"><p>D\u00edas atr\u00e1s, mientras periodistas del canal de cable C5N hac\u00edan entrevistas con personas en la playa, ocurrieron serios incidentes entre algunos que estaban tomando sol, y un grupo que estaba jugando un \u00abpicadito\u00bb, que seg\u00fan <a class=\"mh-excerpt-more\" href=\"https:\/\/larevistadigital.com.ar\/blog\/video-escandalo-con-golpes-de-puno-en-la-playa-de-mar-del-plata\/\" title=\"[VIDEO] ESC\u00c1NDALO CON GOLPES DE PU\u00d1O EN LA PLAYA DE MAR DEL PLATA\">[Leer M\u00e1s]<\/a><\/p>\n<\/div>","protected":false},"author":3,"featured_media":18438,"comment_status":"open","ping_status":"open","sticky":false,"template":"","format":"standard","meta":{"_jetpack_memberships_contains_paid_content":false,"footnotes":"","jetpack_publicize_message":"","jetpack_publicize_feature_enabled":true,"jetpack_social_post_already_shared":true,"jetpack_social_options":{"image_generator_settings":{"template":"highway","default_image_id":0,"font":"","enabled":false},"version":2}},"categories":[50],"tags":[],"class_list":{"0":"post-18437","1":"post","2":"type-post","3":"status-publish","4":"format-standard","5":"has-post-thumbnail","7":"category-interes-general"},"jetpack_publicize_connections":[],"jetpack_featured_media_url":"https:\/\/i0.wp.com\/larevistadigital.com.ar\/blog\/wp-content\/uploads\/Screenshot_1-188.jpg?fit=1182%2C617&ssl=1","jetpack_sharing_enabled":true,"jetpack_shortlink":"https:\/\/wp.me\/p8qtrQ-4Nn","jetpack-related-posts":[{"id":14389,"url":"https:\/\/larevistadigital.com.ar\/blog\/se-puede-decir-lo-de-siempre-golpean-y-roban-en-manada-a-la-salida-de-un-boliche-en-playa-grande\/","url_meta":{"origin":18437,"position":0},"title":"SE PUEDE DECIR: \u00abLO DE SIEMPRE\u00bb GOLPEAN Y ROBAN \u00abEN MANADA\u00bb A LA SALIDA DE UN BOLICHE EN PLAYA GRANDE","author":"Alejandro Sosa Ruda","date":"26 enero, 2020","format":false,"excerpt":"Un adolescente de 16 a\u00f1os qued\u00f3 aprehendido, mientras que el resto de los agresores logr\u00f3 dispersarse y escapar. Desde el Fuero de Responsabilidad Penal Juvenil remarcaron la \"falta de control\" en los ingresos y salidas de los boliches de la zona. Dos j\u00f3venes fueron golpeados por un grupo de unos\u2026","rel":"","context":"En \u00abPOLICIALES\u00bb","block_context":{"text":"POLICIALES","link":"https:\/\/larevistadigital.com.ar\/blog\/category\/policiales\/"},"img":{"alt_text":"","src":"https:\/\/i0.wp.com\/larevistadigital.com.ar\/blog\/wp-content\/uploads\/Screenshot_3-37.jpg?fit=838%2C545&ssl=1&resize=350%2C200","width":350,"height":200,"srcset":"https:\/\/i0.wp.com\/larevistadigital.com.ar\/blog\/wp-content\/uploads\/Screenshot_3-37.jpg?fit=838%2C545&ssl=1&resize=350%2C200 1x, https:\/\/i0.wp.com\/larevistadigital.com.ar\/blog\/wp-content\/uploads\/Screenshot_3-37.jpg?fit=838%2C545&ssl=1&resize=525%2C300 1.5x, https:\/\/i0.wp.com\/larevistadigital.com.ar\/blog\/wp-content\/uploads\/Screenshot_3-37.jpg?fit=838%2C545&ssl=1&resize=700%2C400 2x"},"classes":[]},{"id":10393,"url":"https:\/\/larevistadigital.com.ar\/blog\/mar-del-plata-hallan-flotando-cadaver-de-una-mujer-en-una-playa-centrica\/","url_meta":{"origin":18437,"position":1},"title":"MAR DEL PLATA: HALLAN FLOTANDO CADAVER DE UNA MUJER EN UNA PLAYA C\u00c9NTRICA","author":"Alejandro Sosa Ruda","date":"1 junio, 2019","format":false,"excerpt":"El cad\u00e1ver de una mujer de aproximadamente 75 a\u00f1os fue rescatado esta tarde del mar, a la altura de la playa Punta Iglesia, y las primeras averiguaciones aseguran que se trata de una persona en condici\u00f3n de calle que pernoctaba en las cercan\u00edas. El hallazgo fue realizado por algunos transe\u00fantes\u2026","rel":"","context":"En \u00abDESTACADAS\u00bb","block_context":{"text":"DESTACADAS","link":"https:\/\/larevistadigital.com.ar\/blog\/category\/destacadas\/"},"img":{"alt_text":"","src":"https:\/\/i0.wp.com\/larevistadigital.com.ar\/blog\/wp-content\/uploads\/Screenshot_2.jpg?fit=1013%2C673&ssl=1&resize=350%2C200","width":350,"height":200,"srcset":"https:\/\/i0.wp.com\/larevistadigital.com.ar\/blog\/wp-content\/uploads\/Screenshot_2.jpg?fit=1013%2C673&ssl=1&resize=350%2C200 1x, https:\/\/i0.wp.com\/larevistadigital.com.ar\/blog\/wp-content\/uploads\/Screenshot_2.jpg?fit=1013%2C673&ssl=1&resize=525%2C300 1.5x, https:\/\/i0.wp.com\/larevistadigital.com.ar\/blog\/wp-content\/uploads\/Screenshot_2.jpg?fit=1013%2C673&ssl=1&resize=700%2C400 2x"},"classes":[]},{"id":38748,"url":"https:\/\/larevistadigital.com.ar\/blog\/mar-del-plata-aparecio-un-cadaver-sin-identificar-entre-las-rocas-de-playa-chica\/","url_meta":{"origin":18437,"position":2},"title":"Mar del Plata: Apareci\u00f3 un cadaver sin identificar entre las rocas de Playa Chica","author":"Alejandro Sosa Ruda","date":"19 febrero, 2025","format":false,"excerpt":"Lo encontraron frente al parque San Mart\u00edn ayer por la noche, a ra\u00edz de un llamado al 911. A\u00fan no se estableci\u00f3 la identidad 19 de Febrero de 2025 MAR DEL PLATA\u00a0 -\u00a0 en la zona de Playa Chica de\u00a0Mar del Plata, en Castelli y la costa, hallaron un cuerpo\u2026","rel":"","context":"En \u00abPOLICIALES\u00bb","block_context":{"text":"POLICIALES","link":"https:\/\/larevistadigital.com.ar\/blog\/category\/policiales\/"},"img":{"alt_text":"","src":"https:\/\/i0.wp.com\/larevistadigital.com.ar\/blog\/wp-content\/uploads\/69368fdaabb7496923f8632848030968cc097ca9.png?fit=1140%2C646&ssl=1&resize=350%2C200","width":350,"height":200,"srcset":"https:\/\/i0.wp.com\/larevistadigital.com.ar\/blog\/wp-content\/uploads\/69368fdaabb7496923f8632848030968cc097ca9.png?fit=1140%2C646&ssl=1&resize=350%2C200 1x, https:\/\/i0.wp.com\/larevistadigital.com.ar\/blog\/wp-content\/uploads\/69368fdaabb7496923f8632848030968cc097ca9.png?fit=1140%2C646&ssl=1&resize=525%2C300 1.5x, https:\/\/i0.wp.com\/larevistadigital.com.ar\/blog\/wp-content\/uploads\/69368fdaabb7496923f8632848030968cc097ca9.png?fit=1140%2C646&ssl=1&resize=700%2C400 2x, https:\/\/i0.wp.com\/larevistadigital.com.ar\/blog\/wp-content\/uploads\/69368fdaabb7496923f8632848030968cc097ca9.png?fit=1140%2C646&ssl=1&resize=1050%2C600 3x"},"classes":[]},{"id":26536,"url":"https:\/\/larevistadigital.com.ar\/blog\/video-mar-del-plata-el-show-de-dos-ballenas-en-playa-grande\/","url_meta":{"origin":18437,"position":3},"title":"[VIDEO] MAR DEL PLATA: EL SHOW DE DOS BALLENAS EN PLAYA GRANDE","author":"Alejandro Sosa Ruda","date":"13 julio, 2022","format":false,"excerpt":"MAR DEL PLATA -\u00a0 Dos ballenas\u00a0aparecieron este martes a la tarde en la zona de\u00a0Playa Grande\u00a0y desplegaron su show. Las im\u00e1genes las captur\u00f3 el realizador audiovisual\u00a0Juanchi Ugalde, quien esper\u00f3 durante un tiempo largo que los animales marinos aparecieran en el mar abierto. Una vez que lo hicieron,\u00a0desde su dron grab\u00f3\u2026","rel":"","context":"En \u00abREGIONALES\u00bb","block_context":{"text":"REGIONALES","link":"https:\/\/larevistadigital.com.ar\/blog\/category\/regionales\/"},"img":{"alt_text":"","src":"https:\/\/i0.wp.com\/larevistadigital.com.ar\/blog\/wp-content\/uploads\/ballenas.png?fit=807%2C441&ssl=1&resize=350%2C200","width":350,"height":200,"srcset":"https:\/\/i0.wp.com\/larevistadigital.com.ar\/blog\/wp-content\/uploads\/ballenas.png?fit=807%2C441&ssl=1&resize=350%2C200 1x, https:\/\/i0.wp.com\/larevistadigital.com.ar\/blog\/wp-content\/uploads\/ballenas.png?fit=807%2C441&ssl=1&resize=525%2C300 1.5x, https:\/\/i0.wp.com\/larevistadigital.com.ar\/blog\/wp-content\/uploads\/ballenas.png?fit=807%2C441&ssl=1&resize=700%2C400 2x"},"classes":[]},{"id":17748,"url":"https:\/\/larevistadigital.com.ar\/blog\/tragedia-en-brasil-muere-una-pareja-y-su-bebe-de-7-meses-tras-derrumbe-en-acantilados\/","url_meta":{"origin":18437,"position":4},"title":"TRAGEDIA EN BRASIL: MUERE UNA PAREJA Y SU BEB\u00c9 DE 7 MESES TRAS DERRUMBE EN ACANTILADOS","author":"Alejandro Sosa Ruda","date":"19 noviembre, 2020","format":false,"excerpt":"Ocurri\u00f3 en la playa de Pipa, a 85 kil\u00f3metros de Natal, al noroeste de Brasil. Estaban en la playa cuando una avalancha de tierra los sepult\u00f3. BRASIL - Al menos tres personas murieron sepultadas por un alud de tierra en el acantilado de Pipa, localizado en la playa del mismo\u2026","rel":"","context":"En \u00abINTERES GENERAL\u00bb","block_context":{"text":"INTERES GENERAL","link":"https:\/\/larevistadigital.com.ar\/blog\/category\/interes-general\/"},"img":{"alt_text":"","src":"https:\/\/i0.wp.com\/larevistadigital.com.ar\/blog\/wp-content\/uploads\/ec2d806d4ab57ac68e4f3d5fb599e8f00700fef2.jpg?fit=1140%2C763&ssl=1&resize=350%2C200","width":350,"height":200,"srcset":"https:\/\/i0.wp.com\/larevistadigital.com.ar\/blog\/wp-content\/uploads\/ec2d806d4ab57ac68e4f3d5fb599e8f00700fef2.jpg?fit=1140%2C763&ssl=1&resize=350%2C200 1x, https:\/\/i0.wp.com\/larevistadigital.com.ar\/blog\/wp-content\/uploads\/ec2d806d4ab57ac68e4f3d5fb599e8f00700fef2.jpg?fit=1140%2C763&ssl=1&resize=525%2C300 1.5x, https:\/\/i0.wp.com\/larevistadigital.com.ar\/blog\/wp-content\/uploads\/ec2d806d4ab57ac68e4f3d5fb599e8f00700fef2.jpg?fit=1140%2C763&ssl=1&resize=700%2C400 2x, https:\/\/i0.wp.com\/larevistadigital.com.ar\/blog\/wp-content\/uploads\/ec2d806d4ab57ac68e4f3d5fb599e8f00700fef2.jpg?fit=1140%2C763&ssl=1&resize=1050%2C600 3x"},"classes":[]},{"id":21281,"url":"https:\/\/larevistadigital.com.ar\/blog\/video-impactante-derrumbe-de-una-casa-durante-la-sudestada-en-mar-del-tuyu\/","url_meta":{"origin":18437,"position":5},"title":"[VIDEO] IMPACTANTE DERRUMBE DE UNA CASA DURANTE LA SUDESTADA EN MAR DEL TUY\u00da","author":"Alejandro Sosa Ruda","date":"29 julio, 2021","format":false,"excerpt":"MAR DEL TUY\u00da - La sudestada ocurrida durante el martes por la noche en gran parte del Partido de la Costa y en diferentes zonas de la Costa Atl\u00e1ntica de la Provincia de Buenos Aires dej\u00f3 una imagen estremecedora.\u00a0Una casa ubicada en la costanera de la playa de Mar del\u2026","rel":"","context":"En \u00abDESTACADAS\u00bb","block_context":{"text":"DESTACADAS","link":"https:\/\/larevistadigital.com.ar\/blog\/category\/destacadas\/"},"img":{"alt_text":"","src":"https:\/\/i0.wp.com\/larevistadigital.com.ar\/blog\/wp-content\/uploads\/Captura-de-pantalla-2021-07-28-234029.png?fit=950%2C531&ssl=1&resize=350%2C200","width":350,"height":200,"srcset":"https:\/\/i0.wp.com\/larevistadigital.com.ar\/blog\/wp-content\/uploads\/Captura-de-pantalla-2021-07-28-234029.png?fit=950%2C531&ssl=1&resize=350%2C200 1x, https:\/\/i0.wp.com\/larevistadigital.com.ar\/blog\/wp-content\/uploads\/Captura-de-pantalla-2021-07-28-234029.png?fit=950%2C531&ssl=1&resize=525%2C300 1.5x, https:\/\/i0.wp.com\/larevistadigital.com.ar\/blog\/wp-content\/uploads\/Captura-de-pantalla-2021-07-28-234029.png?fit=950%2C531&ssl=1&resize=700%2C400 2x"},"classes":[]}],"_links":{"self":[{"href":"https:\/\/larevistadigital.com.ar\/blog\/wp-json\/wp\/v2\/posts\/18437","targetHints":{"allow":["GET"]}}],"collection":[{"href":"https:\/\/larevistadigital.com.ar\/blog\/wp-json\/wp\/v2\/posts"}],"about":[{"href":"https:\/\/larevistadigital.com.ar\/blog\/wp-json\/wp\/v2\/types\/post"}],"author":[{"embeddable":true,"href":"https:\/\/larevistadigital.com.ar\/blog\/wp-json\/wp\/v2\/users\/3"}],"replies":[{"embeddable":true,"href":"https:\/\/larevistadigital.com.ar\/blog\/wp-json\/wp\/v2\/comments?post=18437"}],"version-history":[{"count":1,"href":"https:\/\/larevistadigital.com.ar\/blog\/wp-json\/wp\/v2\/posts\/18437\/revisions"}],"predecessor-version":[{"id":18439,"href":"https:\/\/larevistadigital.com.ar\/blog\/wp-json\/wp\/v2\/posts\/18437\/revisions\/18439"}],"wp:featuredmedia":[{"embeddable":true,"href":"https:\/\/larevistadigital.com.ar\/blog\/wp-json\/wp\/v2\/media\/18438"}],"wp:attachment":[{"href":"https:\/\/larevistadigital.com.ar\/blog\/wp-json\/wp\/v2\/media?parent=18437"}],"wp:term":[{"taxonomy":"category","embeddable":true,"href":"https:\/\/larevistadigital.com.ar\/blog\/wp-json\/wp\/v2\/categories?post=18437"},{"taxonomy":"post_tag","embeddable":true,"href":"https:\/\/larevistadigital.com.ar\/blog\/wp-json\/wp\/v2\/tags?post=18437"}],"curies":[{"name":"wp","href":"https:\/\/api.w.org\/{rel}","templated":true}]}}