{"id":18440,"date":"2021-01-03T14:25:07","date_gmt":"2021-01-03T14:25:07","guid":{"rendered":"https:\/\/larevistadigital.com.ar\/blog\/?p=18440"},"modified":"2021-01-03T14:25:07","modified_gmt":"2021-01-03T14:25:07","slug":"municipales-de-pila-aumento-del-30-y-bono-de-7-000","status":"publish","type":"post","link":"https:\/\/larevistadigital.com.ar\/blog\/municipales-de-pila-aumento-del-30-y-bono-de-7-000\/","title":{"rendered":"MUNICIPALES DE PILA: AUMENTO DEL 30% Y BONO DE $7.000.-"},"content":{"rendered":"<p>Inform\u00f3 el sitio zetanoticias.com.ar que los trabajadores municipales de Pila, ese peque\u00f1o distrito de la quinta secci\u00f3n electoral, tienen buenas noticias para el inicio del 2021. Con la puesta en vigencia del nuevo presupuesto para el corriente a\u00f1o, los empleados de la comuna percibir\u00e1n un treinta por ciento de incremento salarial en sus b\u00e1sicos, a partir del presente mes de enero.<\/p>\n<blockquote>\n<h3>El incremento tendr\u00e1 impacto directo en los trabajadores jubilados, por ser el aumento planificado por el intendente Gustavo Walker \u201cen blanco\u201d, lo cual fue un reclamo de los sectores gremiales, debidamente atendido por el gobierno local.<\/h3>\n<\/blockquote>\n<p>El propio Walker hizo declaraciones sobre este tema, en una radio de su ciudad, explicando que \u201cpor suerte vamos a contar con el presupuesto que nos permitir\u00e1 saber y conocer en que vamos a invertir la recaudaci\u00f3n y c\u00f3mo vamos a seguir trabajando para mejorar la calidad de vida de todos y todas nuestras vecinas\u201d.<\/p>\n<blockquote>\n<h3>Los beneficios a los empleados municipales no se detienen en esta novedad, puesto que en v\u00edsperas de la fecha de Reyes Magos, la administraci\u00f3n Walker dispuso la entrega de un bono especial y extraordinario de siete mil pesos a cada uno de los trabajadores comunales. El Intendente indic\u00f3 \u201ctenemos la suerte de poder contar con concejales que entienden que los trabajadores deben estar mejor, cobrar mejor y aprobaron el presupuesto. Otros se hacen los distra\u00eddos\u201d. La cr\u00edtica, naturalmente, fue dirigida a la oposici\u00f3n radical.<\/h3>\n<\/blockquote>\n<p>En Pila, ya se inform\u00f3 que el gobierno local tiene planificados otros tres bonos extraordinarios para distintos momentos del 2021, como tambi\u00e9n se adelant\u00f3 que \u201ca mediados de a\u00f1o daremos otro aumento al b\u00e1sico\u201d, tal cual lo manifestado por el intendente.<\/p>\n<p>fuente: zetanoticias.com.ar<\/p>\n","protected":false},"excerpt":{"rendered":"<div class=\"mh-excerpt\"><p>Inform\u00f3 el sitio zetanoticias.com.ar que los trabajadores municipales de Pila, ese peque\u00f1o distrito de la quinta secci\u00f3n electoral, tienen buenas noticias para el inicio del 2021. Con la puesta en vigencia del nuevo presupuesto para <a class=\"mh-excerpt-more\" href=\"https:\/\/larevistadigital.com.ar\/blog\/municipales-de-pila-aumento-del-30-y-bono-de-7-000\/\" title=\"MUNICIPALES DE PILA: AUMENTO DEL 30% Y BONO DE $7.000.-\">[Leer M\u00e1s]<\/a><\/p>\n<\/div>","protected":false},"author":3,"featured_media":18441,"comment_status":"open","ping_status":"open","sticky":false,"template":"","format":"standard","meta":{"_jetpack_memberships_contains_paid_content":false,"footnotes":"","jetpack_publicize_message":"","jetpack_publicize_feature_enabled":true,"jetpack_social_post_already_shared":true,"jetpack_social_options":{"image_generator_settings":{"template":"highway","default_image_id":0,"font":"","enabled":false},"version":2}},"categories":[42,51],"tags":[],"class_list":{"0":"post-18440","1":"post","2":"type-post","3":"status-publish","4":"format-standard","5":"has-post-thumbnail","7":"category-pila","8":"category-regionales"},"jetpack_publicize_connections":[],"jetpack_featured_media_url":"https:\/\/i0.wp.com\/larevistadigital.com.ar\/blog\/wp-content\/uploads\/3d5ad604e80f845c1412455f3e5a416d.jpg?fit=1200%2C800&ssl=1","jetpack_sharing_enabled":true,"jetpack_shortlink":"https:\/\/wp.me\/p8qtrQ-4Nq","jetpack-related-posts":[{"id":21287,"url":"https:\/\/larevistadigital.com.ar\/blog\/pila-un-nuevo-aumento-salarial-que-hace-llegar-en-el-semestre-al-43\/","url_meta":{"origin":18440,"position":0},"title":"PILA: UN NUEVO AUMENTO SALARIAL QUE HACE LLEGAR EN EL SEMESTRE AL 43%","author":"Alejandro Sosa Ruda","date":"29 julio, 2021","format":false,"excerpt":"El intendente de Pila Sebastian Walker confirm\u00f3\u00a0 que otorgar\u00e1 un aumento de salarios y la suma impactar\u00e1 sobre los jubilados. Walker detall\u00f3 que con este incremento los trabajadores recibir\u00e1n en el primer semestre una suma que alcanza el 43% \u201cEn julio vamos a otorgar un 10% de aumento en sus\u2026","rel":"","context":"En \u00abPILA\u00bb","block_context":{"text":"PILA","link":"https:\/\/larevistadigital.com.ar\/blog\/category\/pila\/"},"img":{"alt_text":"","src":"https:\/\/i0.wp.com\/larevistadigital.com.ar\/blog\/wp-content\/uploads\/walker-1.jpg?fit=960%2C640&ssl=1&resize=350%2C200","width":350,"height":200,"srcset":"https:\/\/i0.wp.com\/larevistadigital.com.ar\/blog\/wp-content\/uploads\/walker-1.jpg?fit=960%2C640&ssl=1&resize=350%2C200 1x, https:\/\/i0.wp.com\/larevistadigital.com.ar\/blog\/wp-content\/uploads\/walker-1.jpg?fit=960%2C640&ssl=1&resize=525%2C300 1.5x, https:\/\/i0.wp.com\/larevistadigital.com.ar\/blog\/wp-content\/uploads\/walker-1.jpg?fit=960%2C640&ssl=1&resize=700%2C400 2x"},"classes":[]},{"id":14504,"url":"https:\/\/larevistadigital.com.ar\/blog\/pila-los-empleados-municipales-cobran-el-sueldo-con-el-30-de-aumento\/","url_meta":{"origin":18440,"position":1},"title":"PILA: LOS EMPLEADOS MUNICIPALES COBRAN EL SUELDO CON EL 30% DE AUMENTO","author":"Alejandro Sosa Ruda","date":"31 enero, 2020","format":false,"excerpt":"Hoy martes perciben sus haberes los empleados dependientes del municipio con un incremento de un 30% en el b\u00e1sico. De esta manera, el \u00edndice aplicado impacta en los haberes de los jubilados los cuales tambi\u00e9n reciben el beneficio. PUBLICADO EN MIRADA CENTRAL","rel":"","context":"En \u00abPILA\u00bb","block_context":{"text":"PILA","link":"https:\/\/larevistadigital.com.ar\/blog\/category\/pila\/"},"img":{"alt_text":"","src":"https:\/\/i0.wp.com\/larevistadigital.com.ar\/blog\/wp-content\/uploads\/pl.jpg?fit=772%2C435&ssl=1&resize=350%2C200","width":350,"height":200,"srcset":"https:\/\/i0.wp.com\/larevistadigital.com.ar\/blog\/wp-content\/uploads\/pl.jpg?fit=772%2C435&ssl=1&resize=350%2C200 1x, https:\/\/i0.wp.com\/larevistadigital.com.ar\/blog\/wp-content\/uploads\/pl.jpg?fit=772%2C435&ssl=1&resize=525%2C300 1.5x, https:\/\/i0.wp.com\/larevistadigital.com.ar\/blog\/wp-content\/uploads\/pl.jpg?fit=772%2C435&ssl=1&resize=700%2C400 2x"},"classes":[]},{"id":18364,"url":"https:\/\/larevistadigital.com.ar\/blog\/municipales-de-chascomus-feliz-navidad-pero-sin-bono-ni-aumento\/","url_meta":{"origin":18440,"position":2},"title":"MUNICIPALES DE CHASCOM\u00daS: \u00ab\u00a1FELIZ NAVIDAD, PERO SIN BONO NI AUMENTO!\u00bb&#8230;","author":"Alejandro Sosa Ruda","date":"28 diciembre, 2020","format":false,"excerpt":"El a\u00f1o est\u00e1 llegando a su fin, y para los maltratados trabajadores municipales, ha pasado \u201ccon pena y sin gloria\u201d. Un 2020 signado por la \u201cmaldita pandemia\u201d que azot\u00f3 al mundo, con todas sus consecuencias en todos los aspectos de nuestras vidas, pero sobre todo en el econ\u00f3mico que produjo\u2026","rel":"","context":"En \u00abINTERES GENERAL\u00bb","block_context":{"text":"INTERES GENERAL","link":"https:\/\/larevistadigital.com.ar\/blog\/category\/interes-general\/"},"img":{"alt_text":"","src":"https:\/\/i0.wp.com\/larevistadigital.com.ar\/blog\/wp-content\/uploads\/salario-mensual.jpg?fit=620%2C370&ssl=1&resize=350%2C200","width":350,"height":200,"srcset":"https:\/\/i0.wp.com\/larevistadigital.com.ar\/blog\/wp-content\/uploads\/salario-mensual.jpg?fit=620%2C370&ssl=1&resize=350%2C200 1x, https:\/\/i0.wp.com\/larevistadigital.com.ar\/blog\/wp-content\/uploads\/salario-mensual.jpg?fit=620%2C370&ssl=1&resize=525%2C300 1.5x"},"classes":[]},{"id":7613,"url":"https:\/\/larevistadigital.com.ar\/blog\/pila-ahora-el-intendente-walker-entregara-un-bono-de-5-000-que-se-suma-a-los-dos-anteriores-de-2-000-cada-uno\/","url_meta":{"origin":18440,"position":3},"title":"PILA: AHORA EL INTENDENTE WALKER ENTREGAR\u00c1 UN BONO DE $5.000.- QUE SE SUMA A LOS DOS ANTERIORES DE $ 2.000.- CADA UNO","author":"Alejandro Sosa Ruda","date":"5 enero, 2019","format":false,"excerpt":"Desde el Palacio Municipal de la ciudad de Pila, se inform\u00f3 que el intendente Gustavo Walker, decidi\u00f3 abonar un \"bono\" de $5.000.- como ayuda para paliar la complicada situaci\u00f3n del pa\u00eds. Este bono, se suma a los dos anteriores de $2.000.- cada uno, para colaborar con la econom\u00eda de los\u2026","rel":"","context":"En \u00abPILA\u00bb","block_context":{"text":"PILA","link":"https:\/\/larevistadigital.com.ar\/blog\/category\/pila\/"},"img":{"alt_text":"","src":"https:\/\/i0.wp.com\/larevistadigital.com.ar\/blog\/wp-content\/uploads\/2019\/01\/walker-655x410.jpg?fit=655%2C410&ssl=1&resize=350%2C200","width":350,"height":200,"srcset":"https:\/\/i0.wp.com\/larevistadigital.com.ar\/blog\/wp-content\/uploads\/2019\/01\/walker-655x410.jpg?fit=655%2C410&ssl=1&resize=350%2C200 1x, https:\/\/i0.wp.com\/larevistadigital.com.ar\/blog\/wp-content\/uploads\/2019\/01\/walker-655x410.jpg?fit=655%2C410&ssl=1&resize=525%2C300 1.5x"},"classes":[]},{"id":13955,"url":"https:\/\/larevistadigital.com.ar\/blog\/pila-el-municipio-abonara-un-nuevo-bono-de-6-000-a-sus-trabajadores\/","url_meta":{"origin":18440,"position":4},"title":"PILA: EL MUNICIPIO ABONAR\u00c1 UN NUEVO BONO DE $6.000.- A SUS TRABAJADORES","author":"Alejandro Sosa Ruda","date":"2 enero, 2020","format":false,"excerpt":"El Intendente Municipal de Pila, Gustavo Alfredo Walker, hizo saber que el venidero 15 del corriente, los empleados del Municipio tendr\u00e1n acreditados en sus respectivas cuentas-sueldo el importe de $ 6000 correspondiente a un bono extra que la Comuna abonar\u00e1 a sus agentes. Destac\u00f3 el jefe comunal que su Municipio\u2026","rel":"","context":"En \u00abPILA\u00bb","block_context":{"text":"PILA","link":"https:\/\/larevistadigital.com.ar\/blog\/category\/pila\/"},"img":{"alt_text":"","src":"https:\/\/i0.wp.com\/larevistadigital.com.ar\/blog\/wp-content\/uploads\/bono-fin-de-a%C3%B1o-2018.jpg?fit=1200%2C732&ssl=1&resize=350%2C200","width":350,"height":200,"srcset":"https:\/\/i0.wp.com\/larevistadigital.com.ar\/blog\/wp-content\/uploads\/bono-fin-de-a%C3%B1o-2018.jpg?fit=1200%2C732&ssl=1&resize=350%2C200 1x, https:\/\/i0.wp.com\/larevistadigital.com.ar\/blog\/wp-content\/uploads\/bono-fin-de-a%C3%B1o-2018.jpg?fit=1200%2C732&ssl=1&resize=525%2C300 1.5x, https:\/\/i0.wp.com\/larevistadigital.com.ar\/blog\/wp-content\/uploads\/bono-fin-de-a%C3%B1o-2018.jpg?fit=1200%2C732&ssl=1&resize=700%2C400 2x, https:\/\/i0.wp.com\/larevistadigital.com.ar\/blog\/wp-content\/uploads\/bono-fin-de-a%C3%B1o-2018.jpg?fit=1200%2C732&ssl=1&resize=1050%2C600 3x"},"classes":[]},{"id":5417,"url":"https:\/\/larevistadigital.com.ar\/blog\/pila-walker-anuncio-la-entrega-de-un-bono-de-4000-en-mayo\/","url_meta":{"origin":18440,"position":5},"title":"PILA: Walker anunci\u00f3 la entrega de un bono de $ 4000 en mayo","author":"admin","date":"11 abril, 2018","format":false,"excerpt":"Asi lo anuncio el Intendente Gustavo A. Walker, todos los empleados municipales de dicha localidad tendran un bono adicional de $4000 para el mes de mayo, para afrontar la situacion que atraviesa el pais, es una ayuda economica para que los vecinos puedan afrontar el ajuste dijo el Intendente Municipal\u2026","rel":"","context":"En \u00abPILA\u00bb","block_context":{"text":"PILA","link":"https:\/\/larevistadigital.com.ar\/blog\/category\/pila\/"},"img":{"alt_text":"","src":"https:\/\/i0.wp.com\/larevistadigital.com.ar\/blog\/wp-content\/uploads\/2018\/04\/walker.jpg?fit=960%2C686&ssl=1&resize=350%2C200","width":350,"height":200,"srcset":"https:\/\/i0.wp.com\/larevistadigital.com.ar\/blog\/wp-content\/uploads\/2018\/04\/walker.jpg?fit=960%2C686&ssl=1&resize=350%2C200 1x, https:\/\/i0.wp.com\/larevistadigital.com.ar\/blog\/wp-content\/uploads\/2018\/04\/walker.jpg?fit=960%2C686&ssl=1&resize=525%2C300 1.5x, https:\/\/i0.wp.com\/larevistadigital.com.ar\/blog\/wp-content\/uploads\/2018\/04\/walker.jpg?fit=960%2C686&ssl=1&resize=700%2C400 2x"},"classes":[]}],"_links":{"self":[{"href":"https:\/\/larevistadigital.com.ar\/blog\/wp-json\/wp\/v2\/posts\/18440","targetHints":{"allow":["GET"]}}],"collection":[{"href":"https:\/\/larevistadigital.com.ar\/blog\/wp-json\/wp\/v2\/posts"}],"about":[{"href":"https:\/\/larevistadigital.com.ar\/blog\/wp-json\/wp\/v2\/types\/post"}],"author":[{"embeddable":true,"href":"https:\/\/larevistadigital.com.ar\/blog\/wp-json\/wp\/v2\/users\/3"}],"replies":[{"embeddable":true,"href":"https:\/\/larevistadigital.com.ar\/blog\/wp-json\/wp\/v2\/comments?post=18440"}],"version-history":[{"count":1,"href":"https:\/\/larevistadigital.com.ar\/blog\/wp-json\/wp\/v2\/posts\/18440\/revisions"}],"predecessor-version":[{"id":18442,"href":"https:\/\/larevistadigital.com.ar\/blog\/wp-json\/wp\/v2\/posts\/18440\/revisions\/18442"}],"wp:featuredmedia":[{"embeddable":true,"href":"https:\/\/larevistadigital.com.ar\/blog\/wp-json\/wp\/v2\/media\/18441"}],"wp:attachment":[{"href":"https:\/\/larevistadigital.com.ar\/blog\/wp-json\/wp\/v2\/media?parent=18440"}],"wp:term":[{"taxonomy":"category","embeddable":true,"href":"https:\/\/larevistadigital.com.ar\/blog\/wp-json\/wp\/v2\/categories?post=18440"},{"taxonomy":"post_tag","embeddable":true,"href":"https:\/\/larevistadigital.com.ar\/blog\/wp-json\/wp\/v2\/tags?post=18440"}],"curies":[{"name":"wp","href":"https:\/\/api.w.org\/{rel}","templated":true}]}}