{"id":18443,"date":"2021-01-03T14:38:40","date_gmt":"2021-01-03T14:38:40","guid":{"rendered":"https:\/\/larevistadigital.com.ar\/blog\/?p=18443"},"modified":"2021-01-03T14:38:40","modified_gmt":"2021-01-03T14:38:40","slug":"mar-del-plata-desarticulan-30-fiestas-clandestinas-con-mas-de-1000-personas","status":"publish","type":"post","link":"https:\/\/larevistadigital.com.ar\/blog\/mar-del-plata-desarticulan-30-fiestas-clandestinas-con-mas-de-1000-personas\/","title":{"rendered":"MAR DEL PLATA: DESARTICULAN 30 FIESTAS CLANDESTINAS CON M\u00c1S DE 1000 PERSONAS"},"content":{"rendered":"<h2 class=\"intro\">4 actas de constataci\u00f3n en establecimientos comerciales por no cumplir con el protocolo de funcionamiento gastron\u00f3mico provincial, por constatarse personas bailando sin distanciamiento social.<\/h2>\n<p><strong>MAR DEL PLATA &#8211; <\/strong>El Municipio de General Pueyrredon\u00a0por medio de distintas \u00e1reas, continu\u00f3 con los operativos de control durante la noche del s\u00e1bado y las primeras horas del domingo, en el marco de la temporada de verano atravesada por la pandemia. En total se desarticularon 30 fiestas clandestinas con m\u00e1s de 1000 personas que fueron retiradas.<\/p>\n<blockquote>\n<h2>El s\u00e1bado a la noche se recibieron<strong>\u00a049 denuncias por fiestas clandestinas<\/strong>, de las cuales\u00a0<strong>30 fueron constatadas<\/strong>\u00a0y desactivadas por personal de la Secretar\u00eda de Seguridad de la comuna junto a Inspecci\u00f3n General. En total,\u00a0<strong>fueron retiradas m\u00e1s de 1000 personas\u00a0<\/strong>de todas las reuniones en las que se intervino.<\/h2>\n<\/blockquote>\n<p>En Daprotis y la Costa hab\u00eda m\u00e1s de 100 personas en la playa. Tambi\u00e9n hubo operativos en Thames al 5000 (40 personas), Lasalle al 1800 (50), Benito Lynch al 4700 (250), Acevedo y la costa (80), Salta al 2500 (45), Garc\u00eda Lorca al 5700 (70), Racedo y Garc\u00eda Lorca (75) y en Eduardo Peralta Ramos al 300 (50), entre otros.<\/p>\n<blockquote>\n<h3>Por su parte, la Subsecretaria de Inspecci\u00f3n General realiz\u00f3 control de actividades sobre Peatonal San Martin y Peatonal Rivadavia. Se labraron seis actas en v\u00eda p\u00fablica por tenencia y consumo de alcohol en zonas de Paseo D\u00e1vila, Plaza Espa\u00f1a y el sector costero de Plaza Parque Luro.<\/h3>\n<\/blockquote>\n<p>Adem\u00e1s, se continuaron con los controles en los paseos comerciales y corredores gastron\u00f3micos: Peatonal San Mart\u00edn, Rivadavia, Belgrano, G\u00fcemes, Constituci\u00f3n, H. Yrigoyen y Alem, recordando el distanciamiento y el cumplimiento de protocolos.<\/p>\n<blockquote>\n<h3>Desde Inspecci\u00f3n General explicaron que para el operativo de Nocturnidad se divide a la ciudad en cuatro zonas. Se controla el correcto funcionamiento de los comercios, el funcionamiento de salidas de emergencia, matafuegos con carga vigente, habilitaci\u00f3n municipal, protocolo Provincial de funcionamiento gastron\u00f3mico, difusi\u00f3n musical, permiso\u00a0 de espect\u00e1culo y cumplimiento de horarios de cierre.<\/h3>\n<\/blockquote>\n<p>En ese sentido, se labraron 4 actas de constataci\u00f3n en establecimientos comerciales por no cumplir con el protocolo de funcionamiento gastron\u00f3mico provincial, por constatarse<strong>\u00a0personas bailando sin distanciamiento social.<\/strong><\/p>\n<blockquote>\n<h3>Finalmente, en la ciudad de Bat\u00e1n se realizaron 60 controles en locales nocturnos. Adem\u00e1s, se secuestraron 5 veh\u00edculos, dos de ellos por alcoholemia positiva.<\/h3>\n<\/blockquote>\n<p>Es importante recordar la l\u00ednea telef\u00f3nica que el Municipio dispuso para realizar denuncias de fiestas clandestinas a trav\u00e9s de Whatsapp: 223 436-8599.<\/p>\n","protected":false},"excerpt":{"rendered":"<div class=\"mh-excerpt\"><p>4 actas de constataci\u00f3n en establecimientos comerciales por no cumplir con el protocolo de funcionamiento gastron\u00f3mico provincial, por constatarse personas bailando sin distanciamiento social. MAR DEL PLATA &#8211; El Municipio de General Pueyrredon\u00a0por medio de <a class=\"mh-excerpt-more\" href=\"https:\/\/larevistadigital.com.ar\/blog\/mar-del-plata-desarticulan-30-fiestas-clandestinas-con-mas-de-1000-personas\/\" title=\"MAR DEL PLATA: DESARTICULAN 30 FIESTAS CLANDESTINAS CON M\u00c1S DE 1000 PERSONAS\">[Leer M\u00e1s]<\/a><\/p>\n<\/div>","protected":false},"author":3,"featured_media":18444,"comment_status":"open","ping_status":"open","sticky":false,"template":"","format":"standard","meta":{"_jetpack_memberships_contains_paid_content":false,"footnotes":"","jetpack_publicize_message":"","jetpack_publicize_feature_enabled":true,"jetpack_social_post_already_shared":true,"jetpack_social_options":{"image_generator_settings":{"template":"highway","default_image_id":0,"font":"","enabled":false},"version":2}},"categories":[51],"tags":[],"class_list":{"0":"post-18443","1":"post","2":"type-post","3":"status-publish","4":"format-standard","5":"has-post-thumbnail","7":"category-regionales"},"jetpack_publicize_connections":[],"jetpack_featured_media_url":"https:\/\/i0.wp.com\/larevistadigital.com.ar\/blog\/wp-content\/uploads\/Screenshot_2-125.jpg?fit=1001%2C565&ssl=1","jetpack_sharing_enabled":true,"jetpack_shortlink":"https:\/\/wp.me\/p8qtrQ-4Nt","jetpack-related-posts":[{"id":17405,"url":"https:\/\/larevistadigital.com.ar\/blog\/la-plata-desactivaron-dos-fiestas-clandestinas\/","url_meta":{"origin":18443,"position":0},"title":"LA PLATA: DESACTIVARON DOS FIESTAS CLANDESTINAS","author":"Alejandro Sosa Ruda","date":"2 noviembre, 2020","format":false,"excerpt":"Una se realizaba en una quinta y hab\u00eda m\u00e1s de 300 personas, la otra al aire libre en una canchita de f\u00fatbol El ministerio de Seguridad de la provincia de Buenos Aires, a trav\u00e9s de la direcci\u00f3n Provincial para la Gesti\u00f3n de la Seguridad Privada a cargo de Marcelo Montero\u2026","rel":"","context":"En \u00abPOLICIALES\u00bb","block_context":{"text":"POLICIALES","link":"https:\/\/larevistadigital.com.ar\/blog\/category\/policiales\/"},"img":{"alt_text":"","src":"https:\/\/i0.wp.com\/larevistadigital.com.ar\/blog\/wp-content\/uploads\/20201101105823_61f47e0e_4352_4342_b6f8_48380e732ac4.jpg?fit=730%2C548&ssl=1&resize=350%2C200","width":350,"height":200,"srcset":"https:\/\/i0.wp.com\/larevistadigital.com.ar\/blog\/wp-content\/uploads\/20201101105823_61f47e0e_4352_4342_b6f8_48380e732ac4.jpg?fit=730%2C548&ssl=1&resize=350%2C200 1x, https:\/\/i0.wp.com\/larevistadigital.com.ar\/blog\/wp-content\/uploads\/20201101105823_61f47e0e_4352_4342_b6f8_48380e732ac4.jpg?fit=730%2C548&ssl=1&resize=525%2C300 1.5x, https:\/\/i0.wp.com\/larevistadigital.com.ar\/blog\/wp-content\/uploads\/20201101105823_61f47e0e_4352_4342_b6f8_48380e732ac4.jpg?fit=730%2C548&ssl=1&resize=700%2C400 2x"},"classes":[]},{"id":18642,"url":"https:\/\/larevistadigital.com.ar\/blog\/mardel-dos-fiestas-clandestinas-simultaneas-con-500-personas-en-cada-una-el-descontrol-en-punta-mogotes\/","url_meta":{"origin":18443,"position":1},"title":"MARDEL: DOS FIESTAS CLANDESTINAS SIMULT\u00c1NEAS CON 500 PERSONAS EN CADA UNA. EL DESCONTROL EN PUNTA MOGOTES","author":"Alejandro Sosa Ruda","date":"15 enero, 2021","format":false,"excerpt":"Dos j\u00f3venes rosarinos alquilaron un chalet en Punta Mogotes. Uno la planta de arriba y otro la de abajo. La justicia los imput\u00f3 por organizar fiestas clandestinas y ahora ser\u00e1n indagados. Dos j\u00f3venes rosarinos\u00a0enfrentan una\u00a0causa judicial\u00a0por la organizaci\u00f3n de fiestas clandestinas en un inmueble alquilado en la\u00a0zona de Punta Mogotes,\u00a0una\u2026","rel":"","context":"En \u00abPOLICIALES\u00bb","block_context":{"text":"POLICIALES","link":"https:\/\/larevistadigital.com.ar\/blog\/category\/policiales\/"},"img":{"alt_text":"","src":"https:\/\/i0.wp.com\/larevistadigital.com.ar\/blog\/wp-content\/uploads\/Screenshot_1-198.jpg?fit=1003%2C566&ssl=1&resize=350%2C200","width":350,"height":200,"srcset":"https:\/\/i0.wp.com\/larevistadigital.com.ar\/blog\/wp-content\/uploads\/Screenshot_1-198.jpg?fit=1003%2C566&ssl=1&resize=350%2C200 1x, https:\/\/i0.wp.com\/larevistadigital.com.ar\/blog\/wp-content\/uploads\/Screenshot_1-198.jpg?fit=1003%2C566&ssl=1&resize=525%2C300 1.5x, https:\/\/i0.wp.com\/larevistadigital.com.ar\/blog\/wp-content\/uploads\/Screenshot_1-198.jpg?fit=1003%2C566&ssl=1&resize=700%2C400 2x"},"classes":[]},{"id":20310,"url":"https:\/\/larevistadigital.com.ar\/blog\/matan-a-policia-que-intento-desbaratar-una-fiesta-clandestina\/","url_meta":{"origin":18443,"position":2},"title":"MATAN A POLIC\u00cdA QUE INTENT\u00d3 DESBARATAR UNA FIESTA CLANDESTINA","author":"Alejandro Sosa Ruda","date":"17 mayo, 2021","format":false,"excerpt":"Por el hecho hay un hombre de 69 a\u00f1os detenido. MAR DEL PLATA - En medio de los fuertes controles que se realizan en Mar del Plata para evitar las fiestas clandestinas en el marco de las restricciones sanitarias por el coronavirus, un oficial de polic\u00eda fue asesinado de un\u2026","rel":"","context":"En \u00abPOLICIALES\u00bb","block_context":{"text":"POLICIALES","link":"https:\/\/larevistadigital.com.ar\/blog\/category\/policiales\/"},"img":{"alt_text":"","src":"https:\/\/i0.wp.com\/larevistadigital.com.ar\/blog\/wp-content\/uploads\/0e3b814f5ca89533f208c5fd5ed329a903abcc77.jpeg?fit=1140%2C855&ssl=1&resize=350%2C200","width":350,"height":200,"srcset":"https:\/\/i0.wp.com\/larevistadigital.com.ar\/blog\/wp-content\/uploads\/0e3b814f5ca89533f208c5fd5ed329a903abcc77.jpeg?fit=1140%2C855&ssl=1&resize=350%2C200 1x, https:\/\/i0.wp.com\/larevistadigital.com.ar\/blog\/wp-content\/uploads\/0e3b814f5ca89533f208c5fd5ed329a903abcc77.jpeg?fit=1140%2C855&ssl=1&resize=525%2C300 1.5x, https:\/\/i0.wp.com\/larevistadigital.com.ar\/blog\/wp-content\/uploads\/0e3b814f5ca89533f208c5fd5ed329a903abcc77.jpeg?fit=1140%2C855&ssl=1&resize=700%2C400 2x, https:\/\/i0.wp.com\/larevistadigital.com.ar\/blog\/wp-content\/uploads\/0e3b814f5ca89533f208c5fd5ed329a903abcc77.jpeg?fit=1140%2C855&ssl=1&resize=1050%2C600 3x"},"classes":[]},{"id":8556,"url":"https:\/\/larevistadigital.com.ar\/blog\/la-plata-clausuraron-siete-fiestas-electronicas-durante-el-fin-de-semana\/","url_meta":{"origin":18443,"position":3},"title":"LA PLATA: CLAUSURARON SIETE FIESTAS ELECTR\u00d3NICAS DURANTE EL FIN DE SEMANA","author":"Alejandro Sosa Ruda","date":"18 febrero, 2019","format":false,"excerpt":"En el municipio de La Plata suspendieron\u00a0siete fiestas clandestinas desarrolladas en\u00a0casa quintas de Villa Elisa, Gonnet y El Peligro, entre otros barrios. La clausura fue llevada a cabo por agentes de la Municipalidad y efectivos policiales. Entre las fiestas, se destacaba una\u00a0fiesta electr\u00f3nica celebrada en el barrio Aeropuerto, donde unos\u2026","rel":"","context":"En \u00abPOLICIALES\u00bb","block_context":{"text":"POLICIALES","link":"https:\/\/larevistadigital.com.ar\/blog\/category\/policiales\/"},"img":{"alt_text":"","src":"https:\/\/i0.wp.com\/larevistadigital.com.ar\/blog\/wp-content\/uploads\/2019\/02\/0024518018.jpg?fit=1140%2C640&ssl=1&resize=350%2C200","width":350,"height":200,"srcset":"https:\/\/i0.wp.com\/larevistadigital.com.ar\/blog\/wp-content\/uploads\/2019\/02\/0024518018.jpg?fit=1140%2C640&ssl=1&resize=350%2C200 1x, https:\/\/i0.wp.com\/larevistadigital.com.ar\/blog\/wp-content\/uploads\/2019\/02\/0024518018.jpg?fit=1140%2C640&ssl=1&resize=525%2C300 1.5x, https:\/\/i0.wp.com\/larevistadigital.com.ar\/blog\/wp-content\/uploads\/2019\/02\/0024518018.jpg?fit=1140%2C640&ssl=1&resize=700%2C400 2x, https:\/\/i0.wp.com\/larevistadigital.com.ar\/blog\/wp-content\/uploads\/2019\/02\/0024518018.jpg?fit=1140%2C640&ssl=1&resize=1050%2C600 3x"},"classes":[]},{"id":18326,"url":"https:\/\/larevistadigital.com.ar\/blog\/marcha-atras-con-las-fiestas-al-aire-libre-en-provincia-por-el-rebrote-de-covid-19\/","url_meta":{"origin":18443,"position":4},"title":"MARCHA ATR\u00c1S CON LAS FIESTAS AL AIRE LIBRE EN PROVINCIA POR EL REBROTE DE COVID-19","author":"Alejandro Sosa Ruda","date":"24 diciembre, 2020","format":false,"excerpt":"El gobernador Axel Kicillof, decidi\u00f3 dar marcha atr\u00e1s con la iniciativa que se hab\u00eda planteado la semana pasada sobre el esparcimiento nocturno, debido al rebrote de Covid-19. La movida que esboz\u00f3 el jefe de Gabinete de la provincia,\u00a0Carlos Bianco, se\u00f1alaba que para evitar los\u00a0eventos clandestinos se habilitar\u00edan espacios para \u201cfiestas\u201d\u2026","rel":"","context":"En \u00abINTERES GENERAL\u00bb","block_context":{"text":"INTERES GENERAL","link":"https:\/\/larevistadigital.com.ar\/blog\/category\/interes-general\/"},"img":{"alt_text":"","src":"https:\/\/i0.wp.com\/larevistadigital.com.ar\/blog\/wp-content\/uploads\/129222-kicillof-0.jpeg?fit=1200%2C1050&ssl=1&resize=350%2C200","width":350,"height":200,"srcset":"https:\/\/i0.wp.com\/larevistadigital.com.ar\/blog\/wp-content\/uploads\/129222-kicillof-0.jpeg?fit=1200%2C1050&ssl=1&resize=350%2C200 1x, https:\/\/i0.wp.com\/larevistadigital.com.ar\/blog\/wp-content\/uploads\/129222-kicillof-0.jpeg?fit=1200%2C1050&ssl=1&resize=525%2C300 1.5x, https:\/\/i0.wp.com\/larevistadigital.com.ar\/blog\/wp-content\/uploads\/129222-kicillof-0.jpeg?fit=1200%2C1050&ssl=1&resize=700%2C400 2x, https:\/\/i0.wp.com\/larevistadigital.com.ar\/blog\/wp-content\/uploads\/129222-kicillof-0.jpeg?fit=1200%2C1050&ssl=1&resize=1050%2C600 3x"},"classes":[]},{"id":29631,"url":"https:\/\/larevistadigital.com.ar\/blog\/la-plata-detectan-26-obras-y-edificios-centricos-con-conexiones-clandestinas\/","url_meta":{"origin":18443,"position":5},"title":"LA PLATA: DETECTAN 26 OBRAS Y EDIFICIOS C\u00c9NTRICOS CON CONEXIONES CLANDESTINAS.","author":"Alejandro Sosa Ruda","date":"26 diciembre, 2022","format":false,"excerpt":"La empresa Edelap, inform\u00f3 que contin\u00faa llevando adelante acciones antifraude en toda el \u00e1rea de concesi\u00f3n: Ahora realiz\u00f3 un nuevo operativo en el que descubri\u00f3 26 edificios, todos dentro del casco urbano de la ciudad de La Plata, en situaci\u00f3n irregular. 26 de diciembre de 2022 LA PLATA -\u00a0 Algunos\u2026","rel":"","context":"En \u00abPOLICIALES\u00bb","block_context":{"text":"POLICIALES","link":"https:\/\/larevistadigital.com.ar\/blog\/category\/policiales\/"},"img":{"alt_text":"","src":"https:\/\/i0.wp.com\/larevistadigital.com.ar\/blog\/wp-content\/uploads\/20221224161704_edelap-conexiones-clandestinas.jpg?fit=880%2C512&ssl=1&resize=350%2C200","width":350,"height":200,"srcset":"https:\/\/i0.wp.com\/larevistadigital.com.ar\/blog\/wp-content\/uploads\/20221224161704_edelap-conexiones-clandestinas.jpg?fit=880%2C512&ssl=1&resize=350%2C200 1x, https:\/\/i0.wp.com\/larevistadigital.com.ar\/blog\/wp-content\/uploads\/20221224161704_edelap-conexiones-clandestinas.jpg?fit=880%2C512&ssl=1&resize=525%2C300 1.5x, https:\/\/i0.wp.com\/larevistadigital.com.ar\/blog\/wp-content\/uploads\/20221224161704_edelap-conexiones-clandestinas.jpg?fit=880%2C512&ssl=1&resize=700%2C400 2x"},"classes":[]}],"_links":{"self":[{"href":"https:\/\/larevistadigital.com.ar\/blog\/wp-json\/wp\/v2\/posts\/18443","targetHints":{"allow":["GET"]}}],"collection":[{"href":"https:\/\/larevistadigital.com.ar\/blog\/wp-json\/wp\/v2\/posts"}],"about":[{"href":"https:\/\/larevistadigital.com.ar\/blog\/wp-json\/wp\/v2\/types\/post"}],"author":[{"embeddable":true,"href":"https:\/\/larevistadigital.com.ar\/blog\/wp-json\/wp\/v2\/users\/3"}],"replies":[{"embeddable":true,"href":"https:\/\/larevistadigital.com.ar\/blog\/wp-json\/wp\/v2\/comments?post=18443"}],"version-history":[{"count":1,"href":"https:\/\/larevistadigital.com.ar\/blog\/wp-json\/wp\/v2\/posts\/18443\/revisions"}],"predecessor-version":[{"id":18445,"href":"https:\/\/larevistadigital.com.ar\/blog\/wp-json\/wp\/v2\/posts\/18443\/revisions\/18445"}],"wp:featuredmedia":[{"embeddable":true,"href":"https:\/\/larevistadigital.com.ar\/blog\/wp-json\/wp\/v2\/media\/18444"}],"wp:attachment":[{"href":"https:\/\/larevistadigital.com.ar\/blog\/wp-json\/wp\/v2\/media?parent=18443"}],"wp:term":[{"taxonomy":"category","embeddable":true,"href":"https:\/\/larevistadigital.com.ar\/blog\/wp-json\/wp\/v2\/categories?post=18443"},{"taxonomy":"post_tag","embeddable":true,"href":"https:\/\/larevistadigital.com.ar\/blog\/wp-json\/wp\/v2\/tags?post=18443"}],"curies":[{"name":"wp","href":"https:\/\/api.w.org\/{rel}","templated":true}]}}