{"id":18446,"date":"2021-01-03T15:33:20","date_gmt":"2021-01-03T15:33:20","guid":{"rendered":"https:\/\/larevistadigital.com.ar\/blog\/?p=18446"},"modified":"2021-01-03T15:33:20","modified_gmt":"2021-01-03T15:33:20","slug":"ruta-2-dos-muertos-como-saldo-de-un-accidente","status":"publish","type":"post","link":"https:\/\/larevistadigital.com.ar\/blog\/ruta-2-dos-muertos-como-saldo-de-un-accidente\/","title":{"rendered":"RUTA 2: DOS MUERTOS COMO SALDO DE UN ACCIDENTE"},"content":{"rendered":"<h2>Una de las v\u00edctimas fatales es polic\u00eda bonaerense<\/h2>\n<p>El choque fatal ocurri\u00f3 el 2 de enero en el kil\u00f3metro 56 de la Ruta 2, entre las localidades de Abasto y Etcheverry, cuando un Fiat Siena de color gris que se desplazaba hacia a la Ciudad de Buenos Aires, se cruz\u00f3 de carril y choc\u00f3 de frente a un Peugeot 306 del mismo color.<\/p>\n<blockquote>\n<h3>Debido al tremendo impacto, primero muri\u00f3 el conductor del Peugeot y m\u00e1s tarde, pese a haber sido trasladado al Hospital de Gonnet, falleci\u00f3\u00a0quien iba al volante del Siena, que\u00a0fue identifico como\u00a0personal policial.<\/h3>\n<\/blockquote>\n<p>Respecto a la maniobra que realiz\u00f3 el Fiat Siena a\u00fan es materia de investigaci\u00f3n. Suponen que cruz\u00f3 de carril utilizando los retomes en \u00abU\u00bb y que no advirti\u00f3 que ven\u00eda un auto por la otra mano.<\/p>\n<p>fuente:entrel\u00edneas.info<\/p>\n<p>&nbsp;<\/p>\n","protected":false},"excerpt":{"rendered":"<div class=\"mh-excerpt\"><p>Una de las v\u00edctimas fatales es polic\u00eda bonaerense El choque fatal ocurri\u00f3 el 2 de enero en el kil\u00f3metro 56 de la Ruta 2, entre las localidades de Abasto y Etcheverry, cuando un Fiat Siena <a class=\"mh-excerpt-more\" href=\"https:\/\/larevistadigital.com.ar\/blog\/ruta-2-dos-muertos-como-saldo-de-un-accidente\/\" title=\"RUTA 2: DOS MUERTOS COMO SALDO DE UN ACCIDENTE\">[Leer M\u00e1s]<\/a><\/p>\n<\/div>","protected":false},"author":3,"featured_media":18447,"comment_status":"open","ping_status":"open","sticky":false,"template":"","format":"standard","meta":{"_jetpack_memberships_contains_paid_content":false,"footnotes":"","jetpack_publicize_message":"","jetpack_publicize_feature_enabled":true,"jetpack_social_post_already_shared":true,"jetpack_social_options":{"image_generator_settings":{"template":"highway","default_image_id":0,"font":"","enabled":false},"version":2}},"categories":[50],"tags":[],"class_list":{"0":"post-18446","1":"post","2":"type-post","3":"status-publish","4":"format-standard","5":"has-post-thumbnail","7":"category-interes-general"},"jetpack_publicize_connections":[],"jetpack_featured_media_url":"https:\/\/i0.wp.com\/larevistadigital.com.ar\/blog\/wp-content\/uploads\/80cbe94aaf3df80f39a5a47f9fa3ddf1cfc16745.jpg?fit=1140%2C680&ssl=1","jetpack_sharing_enabled":true,"jetpack_shortlink":"https:\/\/wp.me\/p8qtrQ-4Nw","jetpack-related-posts":[{"id":9159,"url":"https:\/\/larevistadigital.com.ar\/blog\/brandsen-grave-accidente-automovilistico\/","url_meta":{"origin":18446,"position":0},"title":"BRANDSEN: GRAVE ACCIDENTE AUTOMOVIL\u00cdSTICO","author":"Alejandro Sosa Ruda","date":"17 marzo, 2019","format":false,"excerpt":"Ocurri\u00f3 el d\u00eda de ayer, s\u00e1bado 16 de marzo. pasadas las 20 hs. cuando se produjo una fort\u00edsima colisi\u00f3n vehicular entre un Fiat Siena color rojo, y un Fiat Fiesta color azul. Tras el impacto una persona qued\u00f3 atrapada y tuvo que ser rescatada por los bomberos voluntarios. Seg\u00fan informaron\u2026","rel":"","context":"En \u00abPOLICIALES\u00bb","block_context":{"text":"POLICIALES","link":"https:\/\/larevistadigital.com.ar\/blog\/category\/policiales\/"},"img":{"alt_text":"","src":"https:\/\/i0.wp.com\/larevistadigital.com.ar\/blog\/wp-content\/uploads\/2019\/03\/Screenshot_2-6.jpg?fit=994%2C568&ssl=1&resize=350%2C200","width":350,"height":200,"srcset":"https:\/\/i0.wp.com\/larevistadigital.com.ar\/blog\/wp-content\/uploads\/2019\/03\/Screenshot_2-6.jpg?fit=994%2C568&ssl=1&resize=350%2C200 1x, https:\/\/i0.wp.com\/larevistadigital.com.ar\/blog\/wp-content\/uploads\/2019\/03\/Screenshot_2-6.jpg?fit=994%2C568&ssl=1&resize=525%2C300 1.5x, https:\/\/i0.wp.com\/larevistadigital.com.ar\/blog\/wp-content\/uploads\/2019\/03\/Screenshot_2-6.jpg?fit=994%2C568&ssl=1&resize=700%2C400 2x"},"classes":[]},{"id":34657,"url":"https:\/\/larevistadigital.com.ar\/blog\/ruta-3-mueren-dos-jovenes-al-chocar-con-un-camion-que-se-cruzo-de-carril\/","url_meta":{"origin":18446,"position":1},"title":"RUTA 3: MUEREN DOS JOVENES AL CHOCAR CON UN CAMI\u00d3N QUE SE CRUZ\u00d3 DE CARRIL","author":"Alejandro Sosa Ruda","date":"27 noviembre, 2023","format":false,"excerpt":"El impacto frontal entre ambos veh\u00edculos, se cobr\u00f3 la vida de Nahuel Fernando Vega y Pablo S\u00e1nchez. Por su parte, Braian Leonel Fleitas, sufri\u00f3 lesiones de gravedad y fue trasladado en estado cr\u00edtico al Hospital Municipal \"Dr. \u00c1ngel Pintos\" de Azul. 27 de Noviembre de 2023 AZUL -\u00a0\u00a0El fatal hecho\u2026","rel":"","context":"En \u00abPOLICIALES\u00bb","block_context":{"text":"POLICIALES","link":"https:\/\/larevistadigital.com.ar\/blog\/category\/policiales\/"},"img":{"alt_text":"","src":"https:\/\/i0.wp.com\/larevistadigital.com.ar\/blog\/wp-content\/uploads\/20231127155859_choque.jpg?fit=880%2C512&ssl=1&resize=350%2C200","width":350,"height":200,"srcset":"https:\/\/i0.wp.com\/larevistadigital.com.ar\/blog\/wp-content\/uploads\/20231127155859_choque.jpg?fit=880%2C512&ssl=1&resize=350%2C200 1x, https:\/\/i0.wp.com\/larevistadigital.com.ar\/blog\/wp-content\/uploads\/20231127155859_choque.jpg?fit=880%2C512&ssl=1&resize=525%2C300 1.5x, https:\/\/i0.wp.com\/larevistadigital.com.ar\/blog\/wp-content\/uploads\/20231127155859_choque.jpg?fit=880%2C512&ssl=1&resize=700%2C400 2x"},"classes":[]},{"id":25142,"url":"https:\/\/larevistadigital.com.ar\/blog\/accidente-en-la-ruta-74-con-tres-vehiculos-involucrados\/","url_meta":{"origin":18446,"position":2},"title":"ACCIDENTE EN LA RUTA 74 CON TRES VEH\u00cdCULOS INVOLUCRADOS","author":"Alejandro Sosa Ruda","date":"18 abril, 2022","format":false,"excerpt":"Minutos antes de las 22,30 horas de este s\u00e1bado 16 de Abril se produjo el llamado de Bomberos Voluntarios de Ayacucho. Se trat\u00f3 de un accidente en el que se vieron involucrados 3 veh\u00edculos en Ruta 74 en cercan\u00edas a La Posta, donde m\u00e1s all\u00e1 de los da\u00f1os, solo una\u2026","rel":"","context":"En \u00abPOLICIALES\u00bb","block_context":{"text":"POLICIALES","link":"https:\/\/larevistadigital.com.ar\/blog\/category\/policiales\/"},"img":{"alt_text":"","src":"https:\/\/i0.wp.com\/larevistadigital.com.ar\/blog\/wp-content\/uploads\/accidente-sabado-16-de-abril-22-1-1.jpeg?fit=863%2C611&ssl=1&resize=350%2C200","width":350,"height":200,"srcset":"https:\/\/i0.wp.com\/larevistadigital.com.ar\/blog\/wp-content\/uploads\/accidente-sabado-16-de-abril-22-1-1.jpeg?fit=863%2C611&ssl=1&resize=350%2C200 1x, https:\/\/i0.wp.com\/larevistadigital.com.ar\/blog\/wp-content\/uploads\/accidente-sabado-16-de-abril-22-1-1.jpeg?fit=863%2C611&ssl=1&resize=525%2C300 1.5x, https:\/\/i0.wp.com\/larevistadigital.com.ar\/blog\/wp-content\/uploads\/accidente-sabado-16-de-abril-22-1-1.jpeg?fit=863%2C611&ssl=1&resize=700%2C400 2x"},"classes":[]},{"id":44013,"url":"https:\/\/larevistadigital.com.ar\/blog\/tragedia-en-la-ruta-2-un-joven-de-20-anos-murio-en-un-choque-frontal\/","url_meta":{"origin":18446,"position":3},"title":"Ruta 2: un joven de 20 a\u00f1os muri\u00f3 en un choque frontal","author":"Alejandro Sosa Ruda","date":"14 febrero, 2026","format":false,"excerpt":"El siniestro ocurri\u00f3 a la altura del kil\u00f3metro 191. La v\u00edctima perdi\u00f3 el control de su veh\u00edculo, cruz\u00f3 el cantero central e impact\u00f3 de frente contra una camioneta. Otras dos personas resultaron heridas. 14 de febrero de 2026 CASTELLI -\u00a0 \u00a0Un violento choque frontal ocurrido este s\u00e1bado por la ma\u00f1ana\u2026","rel":"","context":"En \u00abPOLICIALES\u00bb","block_context":{"text":"POLICIALES","link":"https:\/\/larevistadigital.com.ar\/blog\/category\/policiales\/"},"img":{"alt_text":"","src":"https:\/\/i0.wp.com\/larevistadigital.com.ar\/blog\/wp-content\/uploads\/Captura-de-pantalla-2026-02-14-153836.jpg?fit=809%2C407&ssl=1&resize=350%2C200","width":350,"height":200,"srcset":"https:\/\/i0.wp.com\/larevistadigital.com.ar\/blog\/wp-content\/uploads\/Captura-de-pantalla-2026-02-14-153836.jpg?fit=809%2C407&ssl=1&resize=350%2C200 1x, https:\/\/i0.wp.com\/larevistadigital.com.ar\/blog\/wp-content\/uploads\/Captura-de-pantalla-2026-02-14-153836.jpg?fit=809%2C407&ssl=1&resize=525%2C300 1.5x, https:\/\/i0.wp.com\/larevistadigital.com.ar\/blog\/wp-content\/uploads\/Captura-de-pantalla-2026-02-14-153836.jpg?fit=809%2C407&ssl=1&resize=700%2C400 2x"},"classes":[]},{"id":37301,"url":"https:\/\/larevistadigital.com.ar\/blog\/costa-del-este-accidente-y-vuelco-con-cinco-heridos-en-la-ruta-11\/","url_meta":{"origin":18446,"position":4},"title":"COSTA DEL ESTE: ACCIDENTE Y VUELCO CON CINCO HERIDOS EN LA RUTA 11","author":"Alejandro Sosa Ruda","date":"22 septiembre, 2024","format":false,"excerpt":"Los cinco ocupantes del veh\u00edculo sufrieron heridas de consideraci\u00f3n. 22 de Septiembre de 2024 COSTA DEL ESTE\u00a0 -\u00a0 Este mediod\u00eda se registr\u00f3 un accidente de tr\u00e1nsito en el kil\u00f3metro 333 de la Ruta 11, a la altura del acceso a la localidad de Costa del Este. El siniestro ocurri\u00f3 cuando\u2026","rel":"","context":"En \u00abPOLICIALES\u00bb","block_context":{"text":"POLICIALES","link":"https:\/\/larevistadigital.com.ar\/blog\/category\/policiales\/"},"img":{"alt_text":"","src":"https:\/\/i0.wp.com\/larevistadigital.com.ar\/blog\/wp-content\/uploads\/54eea37df4aa00a3057a0fd0bc96e0d4ff948ca7.jpg?fit=1140%2C872&ssl=1&resize=350%2C200","width":350,"height":200,"srcset":"https:\/\/i0.wp.com\/larevistadigital.com.ar\/blog\/wp-content\/uploads\/54eea37df4aa00a3057a0fd0bc96e0d4ff948ca7.jpg?fit=1140%2C872&ssl=1&resize=350%2C200 1x, https:\/\/i0.wp.com\/larevistadigital.com.ar\/blog\/wp-content\/uploads\/54eea37df4aa00a3057a0fd0bc96e0d4ff948ca7.jpg?fit=1140%2C872&ssl=1&resize=525%2C300 1.5x, https:\/\/i0.wp.com\/larevistadigital.com.ar\/blog\/wp-content\/uploads\/54eea37df4aa00a3057a0fd0bc96e0d4ff948ca7.jpg?fit=1140%2C872&ssl=1&resize=700%2C400 2x, https:\/\/i0.wp.com\/larevistadigital.com.ar\/blog\/wp-content\/uploads\/54eea37df4aa00a3057a0fd0bc96e0d4ff948ca7.jpg?fit=1140%2C872&ssl=1&resize=1050%2C600 3x"},"classes":[]},{"id":4899,"url":"https:\/\/larevistadigital.com.ar\/blog\/muere-nene-3-anos-tragico-accidente\/","url_meta":{"origin":18446,"position":5},"title":"MUERE UN NENE DE 3 A\u00d1OS, EN TR\u00c1GICO ACCIDENTE","author":"Alejandro Sosa Ruda","date":"14 febrero, 2018","format":false,"excerpt":"\u00a0 El tr\u00e1gico suceso ocurri\u00f3 alrededor de las 12:20 de este martes, aproximadamente a unos 25 kil\u00f3metros de la localidad de Las Armas, en donde un autom\u00f3vil volc\u00f3 y como saldo dej\u00f3 el fallecimiento de una criatura de sexo masculino de solamente 3 a\u00f1os de edad. El siniestro fue protagonizado\u2026","rel":"","context":"En \u00abDESTACADAS\u00bb","block_context":{"text":"DESTACADAS","link":"https:\/\/larevistadigital.com.ar\/blog\/category\/destacadas\/"},"img":{"alt_text":"","src":"https:\/\/i0.wp.com\/larevistadigital.com.ar\/blog\/wp-content\/uploads\/2018\/02\/vuelco-13-2-18.jpg?fit=800%2C563&ssl=1&resize=350%2C200","width":350,"height":200,"srcset":"https:\/\/i0.wp.com\/larevistadigital.com.ar\/blog\/wp-content\/uploads\/2018\/02\/vuelco-13-2-18.jpg?fit=800%2C563&ssl=1&resize=350%2C200 1x, https:\/\/i0.wp.com\/larevistadigital.com.ar\/blog\/wp-content\/uploads\/2018\/02\/vuelco-13-2-18.jpg?fit=800%2C563&ssl=1&resize=525%2C300 1.5x, https:\/\/i0.wp.com\/larevistadigital.com.ar\/blog\/wp-content\/uploads\/2018\/02\/vuelco-13-2-18.jpg?fit=800%2C563&ssl=1&resize=700%2C400 2x"},"classes":[]}],"_links":{"self":[{"href":"https:\/\/larevistadigital.com.ar\/blog\/wp-json\/wp\/v2\/posts\/18446","targetHints":{"allow":["GET"]}}],"collection":[{"href":"https:\/\/larevistadigital.com.ar\/blog\/wp-json\/wp\/v2\/posts"}],"about":[{"href":"https:\/\/larevistadigital.com.ar\/blog\/wp-json\/wp\/v2\/types\/post"}],"author":[{"embeddable":true,"href":"https:\/\/larevistadigital.com.ar\/blog\/wp-json\/wp\/v2\/users\/3"}],"replies":[{"embeddable":true,"href":"https:\/\/larevistadigital.com.ar\/blog\/wp-json\/wp\/v2\/comments?post=18446"}],"version-history":[{"count":1,"href":"https:\/\/larevistadigital.com.ar\/blog\/wp-json\/wp\/v2\/posts\/18446\/revisions"}],"predecessor-version":[{"id":18448,"href":"https:\/\/larevistadigital.com.ar\/blog\/wp-json\/wp\/v2\/posts\/18446\/revisions\/18448"}],"wp:featuredmedia":[{"embeddable":true,"href":"https:\/\/larevistadigital.com.ar\/blog\/wp-json\/wp\/v2\/media\/18447"}],"wp:attachment":[{"href":"https:\/\/larevistadigital.com.ar\/blog\/wp-json\/wp\/v2\/media?parent=18446"}],"wp:term":[{"taxonomy":"category","embeddable":true,"href":"https:\/\/larevistadigital.com.ar\/blog\/wp-json\/wp\/v2\/categories?post=18446"},{"taxonomy":"post_tag","embeddable":true,"href":"https:\/\/larevistadigital.com.ar\/blog\/wp-json\/wp\/v2\/tags?post=18446"}],"curies":[{"name":"wp","href":"https:\/\/api.w.org\/{rel}","templated":true}]}}