{"id":18449,"date":"2021-01-03T16:00:56","date_gmt":"2021-01-03T16:00:56","guid":{"rendered":"https:\/\/larevistadigital.com.ar\/blog\/?p=18449"},"modified":"2021-01-03T16:00:56","modified_gmt":"2021-01-03T16:00:56","slug":"toma-en-villa-mascardi-vecinos-denuncian-a-los-okupas-mapuches-por-venta-ilegal-de-lena","status":"publish","type":"post","link":"https:\/\/larevistadigital.com.ar\/blog\/toma-en-villa-mascardi-vecinos-denuncian-a-los-okupas-mapuches-por-venta-ilegal-de-lena\/","title":{"rendered":"TOMA EN VILLA MASCARDI: VECINOS DENUNCIAN A LOS OKUPAS MAPUCHES POR VENTA ILEGAL DE LE\u00d1A"},"content":{"rendered":"<h2>Los vecinos de la zona denunciaron semanas atr\u00e1s la tala con motosierras dentro del predio tomado por la lof Laftken Winkul Mapu. Ahora, la ofrecen a la venta para quienes van a pasar el d\u00eda<\/h2>\n<p>Vecinos de Villa Mascardi denunciaron la venta de le\u00f1a ilegal parte de la comunidad mapuche que mantiene la toma en Villa Mascardi. Semanas atr\u00e1s hab\u00edan denunciado la tala con motosierras.<\/p>\n<p><strong>El material que se ofrece proviene de los \u00e1rboles que se encuentran dentro del Parque Nacional y de las estructuras que resultaron vandalizadas durante la expansi\u00f3n territorial que lleva adelante la lof Lafken Winkul Mapu.<\/strong><\/p>\n<p>La tala con motosierras fue denunciada meses atr\u00e1s por los vecinos de la villa, e incluso se notific\u00f3 de la presencia de camiones encargados de trasladar grandes rollizos desde el ingreso al predio en el que se instalaban las caba\u00f1as de Gas del Estado. Ahora, aprovechando la temporada de verano y la permanente presencia de campistas en la zona, quienes persisten en la ocupaci\u00f3n decidieron extender el negocio.<\/p>\n<p>No es la primera intervenci\u00f3n de los ocupantes respecto a la presencia de visitantes en Mascardi. En febrero del 2020 un grupo de familias denunci\u00f3 que fueron atacados en plena noche tras escuchar disparos desde la zona monta\u00f1osa. El tenso momento continu\u00f3 con amenazas con armas blancas e incluso se notificaron de casos de vandalismo contra las carpas asentadas en el lugar.<\/p>\n<p>Pero este a\u00f1o la actitud parece ser otra, a\u00fan despu\u00e9s del violento episodio que se registr\u00f3 durante una diligencia judicial que incluy\u00f3 a m\u00e1s de 100 uniformados y algunos veh\u00edculos antidisturbios para constatar la presencia de ocupantes en el predio del ex hotel de Parques Nacionales.<\/p>\n<p><strong>En octubre del 2020 la Justicia orden\u00f3 el desalojo del predio Hueche Ruca que es administrado por el Obispado de San Isidro. En aquella ocasi\u00f3n fueron imputadas la joven machi de la comunidad, Betiana Colhual, Mar\u00eda Nahuel, Joana Colhual y \u00a0Y\u00e9ssica Bonnefoi. La restituci\u00f3n del inmueble qued\u00f3 en manos del Ministerio P\u00fablico Fiscal aunque el Juez contempl\u00f3 que el acto no ten\u00eda que ser \u201cinmediato\u201d.<\/strong><\/p>\n<p>Esta semana la C\u00e1mara Federal de Casaci\u00f3n Penal anul\u00f3 el sobreseimiento de dos de los ocupantes y remiti\u00f3 el expediente al Juzgado Federal para que tome las medidas pertinentes, dando paso a que el juez a cargo de la causa defina si corresponde el desalojo de los predios ocupados desde noviembre de 2017.<\/p>\n<p>Fuente: Bariloche 2000.<\/p>\n","protected":false},"excerpt":{"rendered":"<div class=\"mh-excerpt\"><p>Los vecinos de la zona denunciaron semanas atr\u00e1s la tala con motosierras dentro del predio tomado por la lof Laftken Winkul Mapu. Ahora, la ofrecen a la venta para quienes van a pasar el d\u00eda <a class=\"mh-excerpt-more\" href=\"https:\/\/larevistadigital.com.ar\/blog\/toma-en-villa-mascardi-vecinos-denuncian-a-los-okupas-mapuches-por-venta-ilegal-de-lena\/\" title=\"TOMA EN VILLA MASCARDI: VECINOS DENUNCIAN A LOS OKUPAS MAPUCHES POR VENTA ILEGAL DE LE\u00d1A\">[Leer M\u00e1s]<\/a><\/p>\n<\/div>","protected":false},"author":3,"featured_media":18450,"comment_status":"open","ping_status":"open","sticky":false,"template":"","format":"standard","meta":{"_jetpack_memberships_contains_paid_content":false,"footnotes":"","jetpack_publicize_message":"","jetpack_publicize_feature_enabled":true,"jetpack_social_post_already_shared":true,"jetpack_social_options":{"image_generator_settings":{"template":"highway","default_image_id":0,"font":"","enabled":false},"version":2}},"categories":[50],"tags":[],"class_list":{"0":"post-18449","1":"post","2":"type-post","3":"status-publish","4":"format-standard","5":"has-post-thumbnail","7":"category-interes-general"},"jetpack_publicize_connections":[],"jetpack_featured_media_url":"https:\/\/i0.wp.com\/larevistadigital.com.ar\/blog\/wp-content\/uploads\/Screenshot_1-189.jpg?fit=1157%2C574&ssl=1","jetpack_sharing_enabled":true,"jetpack_shortlink":"https:\/\/wp.me\/p8qtrQ-4Nz","jetpack-related-posts":[{"id":28214,"url":"https:\/\/larevistadigital.com.ar\/blog\/vecinos-de-villa-mascardi-marcharon-para-pedir-el-fin-de-las-usurpaciones-mapuches\/","url_meta":{"origin":18449,"position":0},"title":"VECINOS DE VILLA MASCARDI, MARCHARON PARA PEDIR EL FIN DE LAS USURPACIONES MAPUCHES","author":"Alejandro Sosa Ruda","date":"2 octubre, 2022","format":false,"excerpt":"Se produjo un peque\u00f1o enfrentamiento verbal entre quienes estaban protestando y organizaciones en apoyo a los mapuches, pero la Polic\u00eda intervino y la situaci\u00f3n no pas\u00f3 a mayores. VILLA MASCARDI -\u00a0 Las \u00faltimas usurpaciones que se registraron durante esta semana por parte de agrupaciones autoproclamadas mapuches en la localidad de\u00a0Villa\u2026","rel":"","context":"En \u00abPOLICIALES\u00bb","block_context":{"text":"POLICIALES","link":"https:\/\/larevistadigital.com.ar\/blog\/category\/policiales\/"},"img":{"alt_text":"","src":"https:\/\/i0.wp.com\/larevistadigital.com.ar\/blog\/wp-content\/uploads\/2-6.jpg?fit=707%2C311&ssl=1&resize=350%2C200","width":350,"height":200,"srcset":"https:\/\/i0.wp.com\/larevistadigital.com.ar\/blog\/wp-content\/uploads\/2-6.jpg?fit=707%2C311&ssl=1&resize=350%2C200 1x, https:\/\/i0.wp.com\/larevistadigital.com.ar\/blog\/wp-content\/uploads\/2-6.jpg?fit=707%2C311&ssl=1&resize=525%2C300 1.5x, https:\/\/i0.wp.com\/larevistadigital.com.ar\/blog\/wp-content\/uploads\/2-6.jpg?fit=707%2C311&ssl=1&resize=700%2C400 2x"},"classes":[]},{"id":28291,"url":"https:\/\/larevistadigital.com.ar\/blog\/tension-en-villa-mascardi-las-fuerzas-especiales-ingresaron-al-predio-tomado-y-hay-al-menos-ocho-detenidos\/","url_meta":{"origin":18449,"position":1},"title":"TENSI\u00d3N EN VILLA MASCARDI: LAS FUERZAS ESPECIALES INGRESARON AL PREDIO TOMADO Y HAY AL MENOS OCHO DETENIDOS","author":"Alejandro Sosa Ruda","date":"4 octubre, 2022","format":false,"excerpt":"Uno de los detenidos es la Machi Colhuan. La mujer se considera \"autoridad espiritual\" de la Lof. Hasta momento no se confirm\u00f3 la detenci\u00f3n de ninguno de los l\u00edderes de la usurpaci\u00f3n. Pese a todo, los terroristas al retirarse dijeron \"aunque nos saquen, vamos a volver\". 04 de Octubre de\u2026","rel":"","context":"En \u00abINTERES GENERAL\u00bb","block_context":{"text":"INTERES GENERAL","link":"https:\/\/larevistadigital.com.ar\/blog\/category\/interes-general\/"},"img":{"alt_text":"","src":"https:\/\/i0.wp.com\/larevistadigital.com.ar\/blog\/wp-content\/uploads\/mapuches.jpg?fit=844%2C422&ssl=1&resize=350%2C200","width":350,"height":200,"srcset":"https:\/\/i0.wp.com\/larevistadigital.com.ar\/blog\/wp-content\/uploads\/mapuches.jpg?fit=844%2C422&ssl=1&resize=350%2C200 1x, https:\/\/i0.wp.com\/larevistadigital.com.ar\/blog\/wp-content\/uploads\/mapuches.jpg?fit=844%2C422&ssl=1&resize=525%2C300 1.5x, https:\/\/i0.wp.com\/larevistadigital.com.ar\/blog\/wp-content\/uploads\/mapuches.jpg?fit=844%2C422&ssl=1&resize=700%2C400 2x"},"classes":[]},{"id":28254,"url":"https:\/\/larevistadigital.com.ar\/blog\/vecinos-aterrados-en-villa-mascardi-nos-dormimos-pensando-que-vamos-a-despertar-con-nuestra-casa-en-llamas\/","url_meta":{"origin":18449,"position":2},"title":"VECINOS ATERRADOS EN VILLA MASCARDI: \u00abNOS DORMIMOS PENSANDO QUE VAMOS A DESPERTAR CON NUESTRA CASA EN LLAMAS\u00bb","author":"Alejandro Sosa Ruda","date":"4 octubre, 2022","format":false,"excerpt":"Luego de los ataques terroristas mapuches, los habitantes de la zona lamentaron tener que vivir \u201ca merced del accionar de los encapuchados, que ya demostraron que tienen intenciones de ir por todo\u201d. VILLA MASCARDI -\u00a0 Los vecinos de Villa Mascardi, vienen sufriendo distintas situaciones de violencia por los autoproclamados Mapuches,\u2026","rel":"","context":"En \u00abINTERES GENERAL\u00bb","block_context":{"text":"INTERES GENERAL","link":"https:\/\/larevistadigital.com.ar\/blog\/category\/interes-general\/"},"img":{"alt_text":"","src":"https:\/\/i0.wp.com\/larevistadigital.com.ar\/blog\/wp-content\/uploads\/63574c40-702a-5168-9104-2e2c81d318da_low.jpg?fit=640%2C288&ssl=1&resize=350%2C200","width":350,"height":200,"srcset":"https:\/\/i0.wp.com\/larevistadigital.com.ar\/blog\/wp-content\/uploads\/63574c40-702a-5168-9104-2e2c81d318da_low.jpg?fit=640%2C288&ssl=1&resize=350%2C200 1x, https:\/\/i0.wp.com\/larevistadigital.com.ar\/blog\/wp-content\/uploads\/63574c40-702a-5168-9104-2e2c81d318da_low.jpg?fit=640%2C288&ssl=1&resize=525%2C300 1.5x"},"classes":[]},{"id":38940,"url":"https:\/\/larevistadigital.com.ar\/blog\/un-predio-ocupado-ilegalmente-desde-2021-por-mapuches-vuelve-a-su-legitimo-propietario\/","url_meta":{"origin":18449,"position":3},"title":"Un predio ocupado ilegalmente desde 2021 por Mapuches, vuelve a su leg\u00edtimo propietario","author":"Alejandro Sosa Ruda","date":"6 marzo, 2025","format":false,"excerpt":"Luego de dos largos a\u00f1os de tomado el predio por supuestos Mapuches, la justicia hizo que premie la cordura y que se retiren los usurpadores. 06 de Marzo de 2025 R\u00cdO NEGRO -\u00a0 El gobierno de R\u00edo Negro concret\u00f3 hoy el desalojo de un predio forestal ubicado entre Bariloche y\u2026","rel":"","context":"En \u00abINTERES GENERAL\u00bb","block_context":{"text":"INTERES GENERAL","link":"https:\/\/larevistadigital.com.ar\/blog\/category\/interes-general\/"},"img":{"alt_text":"","src":"https:\/\/i0.wp.com\/larevistadigital.com.ar\/blog\/wp-content\/uploads\/Captura-de-pantalla-2025-03-06-154309.jpg?fit=678%2C392&ssl=1&resize=350%2C200","width":350,"height":200,"srcset":"https:\/\/i0.wp.com\/larevistadigital.com.ar\/blog\/wp-content\/uploads\/Captura-de-pantalla-2025-03-06-154309.jpg?fit=678%2C392&ssl=1&resize=350%2C200 1x, https:\/\/i0.wp.com\/larevistadigital.com.ar\/blog\/wp-content\/uploads\/Captura-de-pantalla-2025-03-06-154309.jpg?fit=678%2C392&ssl=1&resize=525%2C300 1.5x"},"classes":[]},{"id":13050,"url":"https:\/\/larevistadigital.com.ar\/blog\/barrera-denuncio-que-villa-gesell-fue-discriminada-por-vidal\/","url_meta":{"origin":18449,"position":4},"title":"BARRERA DENUNCI\u00d3 QUE VILLA GESELL FUE DISCRIMINADA POR VIDAL","author":"Alejandro Sosa Ruda","date":"5 noviembre, 2019","format":false,"excerpt":"El Intendente peronista hizo le\u00f1a del \u00e1rbol ca\u00eddo y carg\u00f3 munici\u00f3n gruesa contra la Gobernadora saliente, Mar\u00eda Eugenia Vidal.\u00a0\"Nosotros tenemos municipios cercanos vecinos, como Pinamar, que recibieron $500 millones en obras, mientras que a Villa Gesell no se le ha entregado ni un solo peso\", asegur\u00f3.\u00a0 Luego de ganar la\u2026","rel":"","context":"En \u00abPOLITICA\u00bb","block_context":{"text":"POLITICA","link":"https:\/\/larevistadigital.com.ar\/blog\/category\/politica\/"},"img":{"alt_text":"","src":"https:\/\/i0.wp.com\/larevistadigital.com.ar\/blog\/wp-content\/uploads\/barrera_1.jpg?fit=600%2C375&ssl=1&resize=350%2C200","width":350,"height":200,"srcset":"https:\/\/i0.wp.com\/larevistadigital.com.ar\/blog\/wp-content\/uploads\/barrera_1.jpg?fit=600%2C375&ssl=1&resize=350%2C200 1x, https:\/\/i0.wp.com\/larevistadigital.com.ar\/blog\/wp-content\/uploads\/barrera_1.jpg?fit=600%2C375&ssl=1&resize=525%2C300 1.5x"},"classes":[]},{"id":43069,"url":"https:\/\/larevistadigital.com.ar\/blog\/chascomus-procedimientos-y-decomisos-por-venta-ilegal-de-pirotecnia\/","url_meta":{"origin":18449,"position":5},"title":"Chascom\u00fas: Procedimientos y decomisos por venta ilegal de pirotecnia","author":"Alejandro Sosa Ruda","date":"30 diciembre, 2025","format":false,"excerpt":"Se reforzaron los controles y se reiter\u00f3 la vigencia de la ordenanza que proh\u00edbe el uso de artefactos sonoros en todo el partido. 30 de diciembre de 2025 CHASCOM\u00daS -\u00a0 \u00a0 Personal municipal realiz\u00f3 distintos procedimientos vinculados con la presunta venta ilegal de pirotecnia, a partir de denuncias recibidas por\u2026","rel":"","context":"En \u00abCHASCOM\u00daS\u00bb","block_context":{"text":"CHASCOM\u00daS","link":"https:\/\/larevistadigital.com.ar\/blog\/category\/chascomus\/"},"img":{"alt_text":"","src":"https:\/\/i0.wp.com\/larevistadigital.com.ar\/blog\/wp-content\/uploads\/69541e6c51776.png?fit=668%2C445&ssl=1&resize=350%2C200","width":350,"height":200,"srcset":"https:\/\/i0.wp.com\/larevistadigital.com.ar\/blog\/wp-content\/uploads\/69541e6c51776.png?fit=668%2C445&ssl=1&resize=350%2C200 1x, https:\/\/i0.wp.com\/larevistadigital.com.ar\/blog\/wp-content\/uploads\/69541e6c51776.png?fit=668%2C445&ssl=1&resize=525%2C300 1.5x"},"classes":[]}],"_links":{"self":[{"href":"https:\/\/larevistadigital.com.ar\/blog\/wp-json\/wp\/v2\/posts\/18449","targetHints":{"allow":["GET"]}}],"collection":[{"href":"https:\/\/larevistadigital.com.ar\/blog\/wp-json\/wp\/v2\/posts"}],"about":[{"href":"https:\/\/larevistadigital.com.ar\/blog\/wp-json\/wp\/v2\/types\/post"}],"author":[{"embeddable":true,"href":"https:\/\/larevistadigital.com.ar\/blog\/wp-json\/wp\/v2\/users\/3"}],"replies":[{"embeddable":true,"href":"https:\/\/larevistadigital.com.ar\/blog\/wp-json\/wp\/v2\/comments?post=18449"}],"version-history":[{"count":1,"href":"https:\/\/larevistadigital.com.ar\/blog\/wp-json\/wp\/v2\/posts\/18449\/revisions"}],"predecessor-version":[{"id":18451,"href":"https:\/\/larevistadigital.com.ar\/blog\/wp-json\/wp\/v2\/posts\/18449\/revisions\/18451"}],"wp:featuredmedia":[{"embeddable":true,"href":"https:\/\/larevistadigital.com.ar\/blog\/wp-json\/wp\/v2\/media\/18450"}],"wp:attachment":[{"href":"https:\/\/larevistadigital.com.ar\/blog\/wp-json\/wp\/v2\/media?parent=18449"}],"wp:term":[{"taxonomy":"category","embeddable":true,"href":"https:\/\/larevistadigital.com.ar\/blog\/wp-json\/wp\/v2\/categories?post=18449"},{"taxonomy":"post_tag","embeddable":true,"href":"https:\/\/larevistadigital.com.ar\/blog\/wp-json\/wp\/v2\/tags?post=18449"}],"curies":[{"name":"wp","href":"https:\/\/api.w.org\/{rel}","templated":true}]}}