{"id":18452,"date":"2021-01-03T16:12:30","date_gmt":"2021-01-03T16:12:30","guid":{"rendered":"https:\/\/larevistadigital.com.ar\/blog\/?p=18452"},"modified":"2021-01-03T16:12:30","modified_gmt":"2021-01-03T16:12:30","slug":"en-una-semana-se-define-si-se-impone-el-toque-de-queda","status":"publish","type":"post","link":"https:\/\/larevistadigital.com.ar\/blog\/en-una-semana-se-define-si-se-impone-el-toque-de-queda\/","title":{"rendered":"EN UNA SEMANA SE DEFINE SI SE IMPONE EL \u00abTOQUE DE QUEDA\u00bb"},"content":{"rendered":"<h2>Alberto, Larreta y Kicillof acordaron volver a contactarse entre el 8 y el 10 de enero para definir qu\u00e9 hacer ante la suba de contagios. El jefe de Gobierno porte\u00f1o quiere que cierren bares y restaurantes despu\u00e9s de la medianoche.<\/h2>\n<p>El presidente, va a tener definido en una semana si aplica un toque de queda \u00absanitario\u00bb para frenar la circulaci\u00f3n de personas en medio del rebrote de casos de coronavirus que afecta al AMBA.<\/p>\n<blockquote>\n<h3>Fern\u00e1ndez acord\u00f3 volver a reunirse, de manera presencial o v\u00eda Zoom, con Horacio Rodr\u00edguez Larreta y Axel Kicillof entre el 8 y el 10 de enero, tras recibirlos en olivos, el\u00a0pasado mi\u00e9rcoles 30.<\/h3>\n<\/blockquote>\n<p>El encuentro se har\u00e1 a efectos de evaluar la curva de contagios y el nivel de ocupaci\u00f3n de camas de terapia. El temor ante un descontrol de casos en la Costa, sumado a la suba exponencial de casos en el Conurbano y en la Ciudad, donde este jueves se superaron los 1400 casos por primera vez desde septiembre, llev\u00f3 a los tres mandatarios a evaluar una medida extrema.<\/p>\n<blockquote>\n<h3>El propio presidente neg\u00f3\u00a0el \u00faltimo d\u00eda del a\u00f1o que analice imponer un toque de queda, porque dijo que \u00aben Argentina eso es algo muy denso\u00bb, pero habl\u00f3 de un \u00abtoque sanitario\u00bb que implicar\u00eda prohibir la circulaci\u00f3n por la noche.<\/h3>\n<\/blockquote>\n<p><em><strong>\u00abLo que ha ocurrido en Argentina y que en algunas provincias sirvi\u00f3 es lo que llaman el &#8216;toque sanitario&#8217;. Eso es que a partir de determinada hora la gente no circula por la calle y las fuerzas de seguridad si te ven circulando por la calle te llevan a tu casa de vuelta. Eso funcion\u00f3 en muchos lugares del interior\u00bb<\/strong><\/em>, dijo <strong>Alberto.<\/strong> B\u00e1sicamente un toque de queda es eso mismo.<\/p>\n<p>Si bien en el entorno de Larreta negaron que haya propuesto restricciones, fuentes de la Ciudad aseguraron a LPO que se baraja la posibilidad de ordenar que los bares y restaurantes cierren a la medianoche. Con eso buscan evitar los focos de mayores contagios que son los encuentros de los j\u00f3venes, sin provocar el impacto econ\u00f3mico de tener todo cerrado durante el d\u00eda. Dan por descontado que los j\u00f3venes sigan con sus \u00abjuntadas\u00bb al aire libre, donde el riesgo de contagio es menor.<\/p>\n<blockquote>\n<h3><strong>Alberto<\/strong> tambi\u00e9n habl\u00f3 de las juntadas en espacios p\u00fablicos: <em><strong>\u00abTan solo teniendo polic\u00edas caminando por las plazas y viendo donde hay una aglomeraci\u00f3n de gente, diciendo &#8216;circulen, circulen&#8217; con eso alcanza\u00bb<\/strong><\/em>, dijo a Radio 10.<\/h3>\n<\/blockquote>\n<p><strong>Eduardo L\u00f3pez<\/strong>, integrante del comit\u00e9 que asesora al presidente, fue otra voz del Gobierno nacional que habl\u00f3 del toque \u00absanitario\u00bb y propuso no esperar hasta la medianoche para aplicar la restricci\u00f3n de circulaci\u00f3n.<\/p>\n<p><em><strong>\u00abFrancia lo implement\u00f3 a partir de las 18 y Espa\u00f1a a partir de las 20. A m\u00ed me parece un poco tarde a las 23. Lo pondr\u00eda m\u00e1s temprano, a las 22. Es tratar de encontrar un punto de equilibrio. Lo que no podemos es mantener que el equilibrio nuevo est\u00e9 en 11.800 casos diarios\u00bb<\/strong><\/em>, dijo L\u00f3pez este domingo una entrevista con Radio Mitre.<\/p>\n<p>Publicado en lapol\u00edticaonline<\/p>\n<blockquote><p>&nbsp;<\/p><\/blockquote>\n","protected":false},"excerpt":{"rendered":"<div class=\"mh-excerpt\"><p>Alberto, Larreta y Kicillof acordaron volver a contactarse entre el 8 y el 10 de enero para definir qu\u00e9 hacer ante la suba de contagios. El jefe de Gobierno porte\u00f1o quiere que cierren bares y <a class=\"mh-excerpt-more\" href=\"https:\/\/larevistadigital.com.ar\/blog\/en-una-semana-se-define-si-se-impone-el-toque-de-queda\/\" title=\"EN UNA SEMANA SE DEFINE SI SE IMPONE EL \u00abTOQUE DE QUEDA\u00bb\">[Leer M\u00e1s]<\/a><\/p>\n<\/div>","protected":false},"author":3,"featured_media":18453,"comment_status":"open","ping_status":"open","sticky":false,"template":"","format":"standard","meta":{"_jetpack_memberships_contains_paid_content":false,"footnotes":"","jetpack_publicize_message":"","jetpack_publicize_feature_enabled":true,"jetpack_social_post_already_shared":true,"jetpack_social_options":{"image_generator_settings":{"template":"highway","default_image_id":0,"font":"","enabled":false},"version":2}},"categories":[50,12],"tags":[],"class_list":{"0":"post-18452","1":"post","2":"type-post","3":"status-publish","4":"format-standard","5":"has-post-thumbnail","7":"category-interes-general","8":"category-politica"},"jetpack_publicize_connections":[],"jetpack_featured_media_url":"https:\/\/i0.wp.com\/larevistadigital.com.ar\/blog\/wp-content\/uploads\/5e8dba276e59b_940_529.jpg?fit=940%2C529&ssl=1","jetpack_sharing_enabled":true,"jetpack_shortlink":"https:\/\/wp.me\/p8qtrQ-4NC","jetpack-related-posts":[{"id":18587,"url":"https:\/\/larevistadigital.com.ar\/blog\/covid-19-la-5ta-seccion-supero-otra-vez-los-6-000-casos-activos-luego-de-2-meses\/","url_meta":{"origin":18452,"position":0},"title":"COVID-19: LA 5TA. SECCI\u00d3N SUPER\u00d3 OTRA VEZ LOS 6.000 CASOS ACTIVOS LUEGO DE 2 MESES","author":"Alejandro Sosa Ruda","date":"12 enero, 2021","format":false,"excerpt":"Es una cifra a la que se hab\u00eda llegado por \u00faltima vez el 2\/11 y que est\u00e1 marcada por el inicio de la temporada de verano. Se registran 1.043 contagios m\u00e1s que hace 7 d\u00edas, lo que implica un crecimiento del 20,5%. De los 27 distritos, hubo 24 que experimentaron\u2026","rel":"","context":"En \u00abREGIONALES\u00bb","block_context":{"text":"REGIONALES","link":"https:\/\/larevistadigital.com.ar\/blog\/category\/regionales\/"},"img":{"alt_text":"","src":"https:\/\/i0.wp.com\/larevistadigital.com.ar\/blog\/wp-content\/uploads\/PLANTILLA-CORONAVIRUS.jpg?fit=1200%2C600&ssl=1&resize=350%2C200","width":350,"height":200,"srcset":"https:\/\/i0.wp.com\/larevistadigital.com.ar\/blog\/wp-content\/uploads\/PLANTILLA-CORONAVIRUS.jpg?fit=1200%2C600&ssl=1&resize=350%2C200 1x, https:\/\/i0.wp.com\/larevistadigital.com.ar\/blog\/wp-content\/uploads\/PLANTILLA-CORONAVIRUS.jpg?fit=1200%2C600&ssl=1&resize=525%2C300 1.5x, https:\/\/i0.wp.com\/larevistadigital.com.ar\/blog\/wp-content\/uploads\/PLANTILLA-CORONAVIRUS.jpg?fit=1200%2C600&ssl=1&resize=700%2C400 2x, https:\/\/i0.wp.com\/larevistadigital.com.ar\/blog\/wp-content\/uploads\/PLANTILLA-CORONAVIRUS.jpg?fit=1200%2C600&ssl=1&resize=1050%2C600 3x"},"classes":[]},{"id":30481,"url":"https:\/\/larevistadigital.com.ar\/blog\/segun-una-encuesta-alberto-fernandez-es-el-candidato-que-menos-mide-dentro-del-peronismo\/","url_meta":{"origin":18452,"position":1},"title":"SEG\u00daN UNA ENCUESTA, ALBERTO FERNANDEZ ES EL CANDIDATO QUE MENOS MIDE DENTRO DEL PERONISMO","author":"Alejandro Sosa Ruda","date":"8 marzo, 2023","format":false,"excerpt":"Tambi\u00e9n la muestra deja un \"empate t\u00e9cnico\" entre Patricia Bullrich y Horacio Rodriguez Larreta, pero el Jefe de Gobierno mide m\u00e1s en un ballotage. 8 de marzo de 2023 Seg\u00fan publican en el sitio \"La Pol\u00edtica Online\", se realiz\u00f3 una encuesta que revel\u00f3 que Alberto Fern\u00e1ndez es el candidato del\u2026","rel":"","context":"En \u00abINTERES GENERAL\u00bb","block_context":{"text":"INTERES GENERAL","link":"https:\/\/larevistadigital.com.ar\/blog\/category\/interes-general\/"},"img":{"alt_text":"","src":"https:\/\/i0.wp.com\/larevistadigital.com.ar\/blog\/wp-content\/uploads\/63dfe51e1e6c3_940_529.jpg?fit=940%2C529&ssl=1&resize=350%2C200","width":350,"height":200,"srcset":"https:\/\/i0.wp.com\/larevistadigital.com.ar\/blog\/wp-content\/uploads\/63dfe51e1e6c3_940_529.jpg?fit=940%2C529&ssl=1&resize=350%2C200 1x, https:\/\/i0.wp.com\/larevistadigital.com.ar\/blog\/wp-content\/uploads\/63dfe51e1e6c3_940_529.jpg?fit=940%2C529&ssl=1&resize=525%2C300 1.5x, https:\/\/i0.wp.com\/larevistadigital.com.ar\/blog\/wp-content\/uploads\/63dfe51e1e6c3_940_529.jpg?fit=940%2C529&ssl=1&resize=700%2C400 2x"},"classes":[]},{"id":19666,"url":"https:\/\/larevistadigital.com.ar\/blog\/la-plata-que-se-puede-hacer-y-que-no-con-las-nuevas-restricciones\/","url_meta":{"origin":18452,"position":2},"title":"LA PLATA: QU\u00c9 SE PUEDE HACER Y QU\u00c9 NO, CON LAS NUEVAS RESTRICCIONES","author":"Alejandro Sosa Ruda","date":"15 abril, 2021","format":false,"excerpt":"El Gobierno anunci\u00f3 nuevas medidas para el AMBA en medio de la abrupta suba de contagios. Buscan avanzar con la vacunaci\u00f3n y preservar el sistema sanitario. Luego de un inicio de semana con una explosi\u00f3n de casos diarios de\u00a0coronavirus, el presidente\u00a0Alberto Fern\u00e1ndez\u00a0avanz\u00f3 con medidas m\u00e1s duras para frenar los contagios\u2026","rel":"","context":"En \u00abREGIONALES\u00bb","block_context":{"text":"REGIONALES","link":"https:\/\/larevistadigital.com.ar\/blog\/category\/regionales\/"},"img":{"alt_text":"","src":"https:\/\/i0.wp.com\/larevistadigital.com.ar\/blog\/wp-content\/uploads\/1617114933833.jpg?fit=1200%2C810&ssl=1&resize=350%2C200","width":350,"height":200,"srcset":"https:\/\/i0.wp.com\/larevistadigital.com.ar\/blog\/wp-content\/uploads\/1617114933833.jpg?fit=1200%2C810&ssl=1&resize=350%2C200 1x, https:\/\/i0.wp.com\/larevistadigital.com.ar\/blog\/wp-content\/uploads\/1617114933833.jpg?fit=1200%2C810&ssl=1&resize=525%2C300 1.5x, https:\/\/i0.wp.com\/larevistadigital.com.ar\/blog\/wp-content\/uploads\/1617114933833.jpg?fit=1200%2C810&ssl=1&resize=700%2C400 2x, https:\/\/i0.wp.com\/larevistadigital.com.ar\/blog\/wp-content\/uploads\/1617114933833.jpg?fit=1200%2C810&ssl=1&resize=1050%2C600 3x"},"classes":[]},{"id":29123,"url":"https:\/\/larevistadigital.com.ar\/blog\/confirman-un-aumento-del-50-en-los-casos-de-covid-en-argentina-en-la-ultima-semana\/","url_meta":{"origin":18452,"position":3},"title":"CONFIRMAN UN AUMENTO DEL 50% EN LOS CASOS DE COVID EN ARGENTINA EN LA \u00daLTIMA SEMANA","author":"Alejandro Sosa Ruda","date":"27 noviembre, 2022","format":false,"excerpt":"Este domingo se informaron 3.323 nuevos contagios de coronavirus y seis muertes en todo el territorio nacional. 27 de noviembre de 2022 El Ministerio de Salud report\u00f3 este domingo\u00a0ocho muertes por coronavirus y 3.323 contagios\u00a0en la \u00faltima semana en\u00a0Argentina, lo que representa\u00a0un 50% m\u00e1s de casos que el domingo pasado\u2026","rel":"","context":"En \u00abINTERES GENERAL\u00bb","block_context":{"text":"INTERES GENERAL","link":"https:\/\/larevistadigital.com.ar\/blog\/category\/interes-general\/"},"img":{"alt_text":"","src":"https:\/\/i0.wp.com\/larevistadigital.com.ar\/blog\/wp-content\/uploads\/1643629303592.jpg?fit=1200%2C594&ssl=1&resize=350%2C200","width":350,"height":200,"srcset":"https:\/\/i0.wp.com\/larevistadigital.com.ar\/blog\/wp-content\/uploads\/1643629303592.jpg?fit=1200%2C594&ssl=1&resize=350%2C200 1x, https:\/\/i0.wp.com\/larevistadigital.com.ar\/blog\/wp-content\/uploads\/1643629303592.jpg?fit=1200%2C594&ssl=1&resize=525%2C300 1.5x, https:\/\/i0.wp.com\/larevistadigital.com.ar\/blog\/wp-content\/uploads\/1643629303592.jpg?fit=1200%2C594&ssl=1&resize=700%2C400 2x, https:\/\/i0.wp.com\/larevistadigital.com.ar\/blog\/wp-content\/uploads\/1643629303592.jpg?fit=1200%2C594&ssl=1&resize=1050%2C600 3x"},"classes":[]},{"id":23147,"url":"https:\/\/larevistadigital.com.ar\/blog\/23147-2\/","url_meta":{"origin":18452,"position":4},"title":"TODOS LOS PROTOCOLOS NECESARIOS PARA VIAJAR","author":"Alejandro Sosa Ruda","date":"1 enero, 2022","format":false,"excerpt":"El Ministerio de Transporte lanz\u00f3 el operativo \u201cViaj\u00e1\u00a0Seguro\u201d para reducir las posibilidades de contagios de coronavirus. Todas las medidas. En el marco de la suba de contagios de coronavirus en el pa\u00eds, el Ministerio de Transporte lanz\u00f3 el\u00a0operativo\u00a0\u201cViaj\u00e1\u00a0Seguro\u201d\u00a0para reducir el riesgo de contagio, que detalla los\u00a0protocolos en micros y trenes\u2026","rel":"","context":"En \u00abINTERES GENERAL\u00bb","block_context":{"text":"INTERES GENERAL","link":"https:\/\/larevistadigital.com.ar\/blog\/category\/interes-general\/"},"img":{"alt_text":"","src":"https:\/\/i0.wp.com\/larevistadigital.com.ar\/blog\/wp-content\/uploads\/1636718910982.jpg?fit=1200%2C800&ssl=1&resize=350%2C200","width":350,"height":200,"srcset":"https:\/\/i0.wp.com\/larevistadigital.com.ar\/blog\/wp-content\/uploads\/1636718910982.jpg?fit=1200%2C800&ssl=1&resize=350%2C200 1x, https:\/\/i0.wp.com\/larevistadigital.com.ar\/blog\/wp-content\/uploads\/1636718910982.jpg?fit=1200%2C800&ssl=1&resize=525%2C300 1.5x, https:\/\/i0.wp.com\/larevistadigital.com.ar\/blog\/wp-content\/uploads\/1636718910982.jpg?fit=1200%2C800&ssl=1&resize=700%2C400 2x, https:\/\/i0.wp.com\/larevistadigital.com.ar\/blog\/wp-content\/uploads\/1636718910982.jpg?fit=1200%2C800&ssl=1&resize=1050%2C600 3x"},"classes":[]},{"id":35041,"url":"https:\/\/larevistadigital.com.ar\/blog\/25-de-aumento-asi-queda-la-escala-de-la-policia-bonaerense-de-oficial-a-comisario\/","url_meta":{"origin":18452,"position":5},"title":"25% DE AUMENTO: AS\u00cd QUEDA LA ESCALA DE LA POLIC\u00cdA BONAERENSE (DE OFICIAL A COMISARIO)","author":"Alejandro Sosa Ruda","date":"20 enero, 2024","format":false,"excerpt":"La suba fue anunciada el \u00faltimo martes por el Ministerio de Econom\u00eda de la Provincia y se va a oficializar mediante un decreto. 20 de enero de 2023 BUENOS AIRES -\u00a0 El Gobierno Provincial\u00a0liquidar\u00e1 en febrero\u00a0los haberes con aumento del 25% correspondientes a enero para todos los trabajadores que dependen\u2026","rel":"","context":"En \u00abPOLICIALES\u00bb","block_context":{"text":"POLICIALES","link":"https:\/\/larevistadigital.com.ar\/blog\/category\/policiales\/"},"img":{"alt_text":"","src":"https:\/\/i0.wp.com\/larevistadigital.com.ar\/blog\/wp-content\/uploads\/whatsapp-image-2022-07-14-at-123657-pm-RFz5u.jpeg?fit=995%2C545&ssl=1&resize=350%2C200","width":350,"height":200,"srcset":"https:\/\/i0.wp.com\/larevistadigital.com.ar\/blog\/wp-content\/uploads\/whatsapp-image-2022-07-14-at-123657-pm-RFz5u.jpeg?fit=995%2C545&ssl=1&resize=350%2C200 1x, https:\/\/i0.wp.com\/larevistadigital.com.ar\/blog\/wp-content\/uploads\/whatsapp-image-2022-07-14-at-123657-pm-RFz5u.jpeg?fit=995%2C545&ssl=1&resize=525%2C300 1.5x, https:\/\/i0.wp.com\/larevistadigital.com.ar\/blog\/wp-content\/uploads\/whatsapp-image-2022-07-14-at-123657-pm-RFz5u.jpeg?fit=995%2C545&ssl=1&resize=700%2C400 2x"},"classes":[]}],"_links":{"self":[{"href":"https:\/\/larevistadigital.com.ar\/blog\/wp-json\/wp\/v2\/posts\/18452","targetHints":{"allow":["GET"]}}],"collection":[{"href":"https:\/\/larevistadigital.com.ar\/blog\/wp-json\/wp\/v2\/posts"}],"about":[{"href":"https:\/\/larevistadigital.com.ar\/blog\/wp-json\/wp\/v2\/types\/post"}],"author":[{"embeddable":true,"href":"https:\/\/larevistadigital.com.ar\/blog\/wp-json\/wp\/v2\/users\/3"}],"replies":[{"embeddable":true,"href":"https:\/\/larevistadigital.com.ar\/blog\/wp-json\/wp\/v2\/comments?post=18452"}],"version-history":[{"count":1,"href":"https:\/\/larevistadigital.com.ar\/blog\/wp-json\/wp\/v2\/posts\/18452\/revisions"}],"predecessor-version":[{"id":18454,"href":"https:\/\/larevistadigital.com.ar\/blog\/wp-json\/wp\/v2\/posts\/18452\/revisions\/18454"}],"wp:featuredmedia":[{"embeddable":true,"href":"https:\/\/larevistadigital.com.ar\/blog\/wp-json\/wp\/v2\/media\/18453"}],"wp:attachment":[{"href":"https:\/\/larevistadigital.com.ar\/blog\/wp-json\/wp\/v2\/media?parent=18452"}],"wp:term":[{"taxonomy":"category","embeddable":true,"href":"https:\/\/larevistadigital.com.ar\/blog\/wp-json\/wp\/v2\/categories?post=18452"},{"taxonomy":"post_tag","embeddable":true,"href":"https:\/\/larevistadigital.com.ar\/blog\/wp-json\/wp\/v2\/tags?post=18452"}],"curies":[{"name":"wp","href":"https:\/\/api.w.org\/{rel}","templated":true}]}}