{"id":18455,"date":"2021-01-03T16:24:10","date_gmt":"2021-01-03T16:24:10","guid":{"rendered":"https:\/\/larevistadigital.com.ar\/blog\/?p=18455"},"modified":"2021-01-03T16:24:10","modified_gmt":"2021-01-03T16:24:10","slug":"condenan-a-dolorense-por-un-hecho-de-lesiones-graves","status":"publish","type":"post","link":"https:\/\/larevistadigital.com.ar\/blog\/condenan-a-dolorense-por-un-hecho-de-lesiones-graves\/","title":{"rendered":"CONDENAN A DOLORENSE POR UN HECHO DE \u00abLESIONES GRAVES\u00bb"},"content":{"rendered":"<p>En un juicio abreviado sustanciado en el Tribunal en lo Criminal n\u00b0 1 Departamental, el Dr. <strong>Christian Ariel Rabaia<\/strong> actuando como Juez unipersonal conden\u00f3 a un dolorense radicado en San Clemente al hallarlo autor de un hecho de \u201cLesiones graves\u201d perpetrado en esa localidad.<\/p>\n<blockquote>\n<h3>El Juicio hab\u00eda sido consensuado por la Fiscal Dra. Gabriela Garc\u00eda Cuerva y el Defensor Particular Dr. Guillermo Magadan, con acuerdo expreso de su defendido en cuanto a la calificaci\u00f3n, el estimado de la pena y las reglas de conducta a imponer.<\/h3>\n<\/blockquote>\n<p>Al analizar el caso el Juez consider\u00f3 tener legal y plenamente probado, que en los primeros minutos del 13 de enero de 2020, en inmediaciones de Avenida Naval entre las calles 71 y 72 de la localidad de San Clemente,\u00a0<strong>N\u00e9stor Daniel M\u00e1rquez<\/strong>\u00a0empleando una arma blanca tipo cuchilla apu\u00f1al\u00f3 a J.C.C. en el abdomen, d\u00e1ndose luego a la fuga.<\/p>\n<p>Seg\u00fan la polic\u00eda que recorr\u00eda la zona hab\u00eda observado en la v\u00eda p\u00fablica a dos sujetos, uno con una pala en sus manos, quienes en momento en que descend\u00edan del m\u00f3vil hab\u00edan comenzado a confrontar a golpes de pu\u00f1o, advirtiendo los uniformados que uno ten\u00eda sus ropas machadas con sangre, por lo que hab\u00edan llamado a la ambulancia, aunque este sin esperar su llegada se hab\u00eda retirado por sus propios medios del lugar. Que por su parte el otro individuo hab\u00eda ingresado a un domicilio all\u00ed ubicado.<\/p>\n<p>El herido por sus propios medios se hab\u00eda trasladado hasta el Hospital Municipal de La Costa, donde tras comprobarse las lesiones graves sufridas fue intervenido quir\u00fargicamente.<\/p>\n<blockquote>\n<h3>Un testigo se\u00f1al\u00f3 haber estado comiendo un asado en esa vivienda junto con el agresor, recordando la llegada de un auto con una persona acompa\u00f1ada de un hombre y una mujer, se\u00f1alando que los el primero se hab\u00eda puesto a discutir con aqu\u00e9l y que el reci\u00e9n llegado hab\u00eda resultado herido.<\/h3>\n<\/blockquote>\n<p>La novia de la v\u00edctima se\u00f1al\u00f3 en su declaraci\u00f3n que hab\u00edan llegado a saludar a unos amigos, que cuando lo hac\u00edan con el due\u00f1o de casa hab\u00eda salido un segundo sujeto, muy agresivo, a quien identific\u00f3 y quien dijo le hab\u00eda dado un golpe de pu\u00f1o a su novio, tras lo cual ambos hab\u00edan comenzado a darse golpes entre ellos. Que en un momento el primero hab\u00eda sacado una cuchilla tipo carnicero y le hab\u00eda dado un puntazo a la altura del abdomen a su pareja en momentos en que llegaba un m\u00f3vil policial. Que ella le hab\u00eda entregado las llaves del auto para que se dirigiera al nosocomio local para ser atendido, dado que no hab\u00eda pensado que la herida fuera de gravedad.<\/p>\n<p>La otra persona que acompa\u00f1aba a la pareja dio un relato similar, por lo que el Magistrado consider\u00f3 que ambos dirigieron una clara y categ\u00f3rica imputaci\u00f3n al procesado como autor del hecho materia de juzgamiento, que correlacionado con los restantes elementos de prueba obrantes en las actuaciones se erig\u00edan como un marco probatorio contundente que generaba certeza absoluta para sostener la imputaci\u00f3n en cabeza del imputado.<\/p>\n<blockquote>\n<h3>Por ello el Juez Dr. Christian Rabaia resolvi\u00f3 condenar a\u00a0<strong>N\u00e9stor Daniel M\u00e1rquez<\/strong>, apodado \u00abBagre\u00bb, de 46 a\u00f1os de edad, contratista, nacido en la ciudad de Dolores y con domicilio en San Clemente del Tuy\u00fa, como autor del delito de\u00a0<strong>\u201cLesiones graves\u201d<\/strong>, imponi\u00e9ndole una pena de\u00a0<strong>\u201cDos a\u00f1os de prisi\u00f3n de ejecuci\u00f3n condicional\u201d y\u00a0<\/strong>el cumplimiento de distintas reglas de conducta por igual per\u00edodo, entre ellas la prohibici\u00f3n de acercamiento, contacto por cualquier medio, todo acto de hostigamiento y\/o perturbaci\u00f3n a la v\u00edctima.<\/h3>\n<\/blockquote>\n<p>publicado en diario Compromiso<\/p>\n","protected":false},"excerpt":{"rendered":"<div class=\"mh-excerpt\"><p>En un juicio abreviado sustanciado en el Tribunal en lo Criminal n\u00b0 1 Departamental, el Dr. Christian Ariel Rabaia actuando como Juez unipersonal conden\u00f3 a un dolorense radicado en San Clemente al hallarlo autor de <a class=\"mh-excerpt-more\" href=\"https:\/\/larevistadigital.com.ar\/blog\/condenan-a-dolorense-por-un-hecho-de-lesiones-graves\/\" title=\"CONDENAN A DOLORENSE POR UN HECHO DE \u00abLESIONES GRAVES\u00bb\">[Leer M\u00e1s]<\/a><\/p>\n<\/div>","protected":false},"author":3,"featured_media":18456,"comment_status":"open","ping_status":"open","sticky":false,"template":"","format":"standard","meta":{"_jetpack_memberships_contains_paid_content":false,"footnotes":"","jetpack_publicize_message":"","jetpack_publicize_feature_enabled":true,"jetpack_social_post_already_shared":true,"jetpack_social_options":{"image_generator_settings":{"template":"highway","default_image_id":0,"font":"","enabled":false},"version":2}},"categories":[43,51],"tags":[],"class_list":{"0":"post-18455","1":"post","2":"type-post","3":"status-publish","4":"format-standard","5":"has-post-thumbnail","7":"category-dolores","8":"category-regionales"},"jetpack_publicize_connections":[],"jetpack_featured_media_url":"https:\/\/i0.wp.com\/larevistadigital.com.ar\/blog\/wp-content\/uploads\/Tribunal-Criminal-11-660x330-2.jpg?fit=660%2C330&ssl=1","jetpack_sharing_enabled":true,"jetpack_shortlink":"https:\/\/wp.me\/p8qtrQ-4NF","jetpack-related-posts":[{"id":26178,"url":"https:\/\/larevistadigital.com.ar\/blog\/san-clemente-conductor-alcoholizado-atropello-a-dos-adolescentes\/","url_meta":{"origin":18455,"position":0},"title":"SAN CLEMENTE: CONDUCTOR ALCOHOLIZADO ATROPELL\u00d3 A DOS ADOLESCENTES","author":"Alejandro Sosa Ruda","date":"28 junio, 2022","format":false,"excerpt":"Como consecuencia del impacto, una menor de 15 a\u00f1os debi\u00f3 ser trasladada a un hospital de la ciudad de La Plata. SAN CLEMENTE -\u00a0 Dos adolescentes de 15 y 16 a\u00f1os\u00a0resultaron heridos al ser atropellados, en la localidad de\u00a0San Clemente del Tuy\u00fa,\u00a0por un hombre que manejaba\u00a0en estado de ebriedad. El\u2026","rel":"","context":"En \u00abPOLICIALES\u00bb","block_context":{"text":"POLICIALES","link":"https:\/\/larevistadigital.com.ar\/blog\/category\/policiales\/"},"img":{"alt_text":"","src":"https:\/\/i0.wp.com\/larevistadigital.com.ar\/blog\/wp-content\/uploads\/3e68d9e36bc02641b2fc069f2b0e99d522e111f0.jpg?fit=1140%2C844&ssl=1&resize=350%2C200","width":350,"height":200,"srcset":"https:\/\/i0.wp.com\/larevistadigital.com.ar\/blog\/wp-content\/uploads\/3e68d9e36bc02641b2fc069f2b0e99d522e111f0.jpg?fit=1140%2C844&ssl=1&resize=350%2C200 1x, https:\/\/i0.wp.com\/larevistadigital.com.ar\/blog\/wp-content\/uploads\/3e68d9e36bc02641b2fc069f2b0e99d522e111f0.jpg?fit=1140%2C844&ssl=1&resize=525%2C300 1.5x, https:\/\/i0.wp.com\/larevistadigital.com.ar\/blog\/wp-content\/uploads\/3e68d9e36bc02641b2fc069f2b0e99d522e111f0.jpg?fit=1140%2C844&ssl=1&resize=700%2C400 2x, https:\/\/i0.wp.com\/larevistadigital.com.ar\/blog\/wp-content\/uploads\/3e68d9e36bc02641b2fc069f2b0e99d522e111f0.jpg?fit=1140%2C844&ssl=1&resize=1050%2C600 3x"},"classes":[]},{"id":28262,"url":"https:\/\/larevistadigital.com.ar\/blog\/san-clemente-del-tuyu-piden-juzgar-a-9-policias-acusados-de-asesinar-a-un-detenido\/","url_meta":{"origin":18455,"position":1},"title":"SAN CLEMENTE DEL TUY\u00da: PIDEN JUZGAR A 9 POLIC\u00cdAS ACUSADOS DE ASESINAR A UN DETENIDO","author":"Alejandro Sosa Ruda","date":"4 octubre, 2022","format":false,"excerpt":"Se trata de cinco hombres y cuatro mujeres, miembros de la Polic\u00eda bonaerense, que est\u00e1n imputados en el marco de la investigaci\u00f3n por el homicidio de Alejandro Nicol\u00e1s Mart\u00ednez. 03 de Octubre de 2022 SAN CLEMENTE DEL TUYU -\u00a0 El fiscal que investiga el homicidio de un hombre de 35\u2026","rel":"","context":"En \u00abPOLICIALES\u00bb","block_context":{"text":"POLICIALES","link":"https:\/\/larevistadigital.com.ar\/blog\/category\/policiales\/"},"img":{"alt_text":"","src":"https:\/\/i0.wp.com\/larevistadigital.com.ar\/blog\/wp-content\/uploads\/20221003194250_comi.jpg?fit=880%2C512&ssl=1&resize=350%2C200","width":350,"height":200,"srcset":"https:\/\/i0.wp.com\/larevistadigital.com.ar\/blog\/wp-content\/uploads\/20221003194250_comi.jpg?fit=880%2C512&ssl=1&resize=350%2C200 1x, https:\/\/i0.wp.com\/larevistadigital.com.ar\/blog\/wp-content\/uploads\/20221003194250_comi.jpg?fit=880%2C512&ssl=1&resize=525%2C300 1.5x, https:\/\/i0.wp.com\/larevistadigital.com.ar\/blog\/wp-content\/uploads\/20221003194250_comi.jpg?fit=880%2C512&ssl=1&resize=700%2C400 2x"},"classes":[]},{"id":14802,"url":"https:\/\/larevistadigital.com.ar\/blog\/dolores-condenan-a-individuo-por-lesionar-a-dos-hermanos-uno-de-gravedad\/","url_meta":{"origin":18455,"position":2},"title":"DOLORES: CONDENAN A INDIVIDUO POR LESIONAR A DOS HERMANOS. UNO DE GRAVEDAD","author":"Alejandro Sosa Ruda","date":"13 febrero, 2020","format":false,"excerpt":"La condena ser\u00e1 de cumplimiento efectivo. DOLORES - Los hechos sucedieron en la ciudad de dolores en 2013. La Pena es de cumplimiento efectivo y fue impuesta en el Juzgado Correccional n\u00ba 2 de Dolores en el marco de un juicio abreviado. En un fallo dictado a comienzos de mes\u2026","rel":"","context":"En \u00abDOLORES\u00bb","block_context":{"text":"DOLORES","link":"https:\/\/larevistadigital.com.ar\/blog\/category\/dolores\/"},"img":{"alt_text":"","src":"https:\/\/i0.wp.com\/larevistadigital.com.ar\/blog\/wp-content\/uploads\/Edificio-Tribunales.jpg?fit=759%2C379&ssl=1&resize=350%2C200","width":350,"height":200,"srcset":"https:\/\/i0.wp.com\/larevistadigital.com.ar\/blog\/wp-content\/uploads\/Edificio-Tribunales.jpg?fit=759%2C379&ssl=1&resize=350%2C200 1x, https:\/\/i0.wp.com\/larevistadigital.com.ar\/blog\/wp-content\/uploads\/Edificio-Tribunales.jpg?fit=759%2C379&ssl=1&resize=525%2C300 1.5x, https:\/\/i0.wp.com\/larevistadigital.com.ar\/blog\/wp-content\/uploads\/Edificio-Tribunales.jpg?fit=759%2C379&ssl=1&resize=700%2C400 2x"},"classes":[]},{"id":23981,"url":"https:\/\/larevistadigital.com.ar\/blog\/san-clemente-roban-reconocida-confiteria\/","url_meta":{"origin":18455,"position":3},"title":"SAN CLEMENTE: ROBAN RECONOCIDA CONFITER\u00cdA","author":"Alejandro Sosa Ruda","date":"15 febrero, 2022","format":false,"excerpt":"Durante la madrugada de ayer un delincuente ingres\u00f3 a la confiter\u00eda Dulcinea, a trav\u00e9s de una ventana y qued\u00f3 registrado en las c\u00e1maras de seguridad SAN CLEMENTE -\u00a0 Durante la madrugada del domingo, al rededor de las 4:00 AM, un delincuente ingres\u00f3 por la ventana de la confiter\u00eda y panader\u00eda\u2026","rel":"","context":"En \u00abREGIONALES\u00bb","block_context":{"text":"REGIONALES","link":"https:\/\/larevistadigital.com.ar\/blog\/category\/regionales\/"},"img":{"alt_text":"","src":"https:\/\/i0.wp.com\/larevistadigital.com.ar\/blog\/wp-content\/uploads\/1371a5a39ff1e399527b6ddd8415f8b06ea838ff.jpg?fit=1140%2C513&ssl=1&resize=350%2C200","width":350,"height":200,"srcset":"https:\/\/i0.wp.com\/larevistadigital.com.ar\/blog\/wp-content\/uploads\/1371a5a39ff1e399527b6ddd8415f8b06ea838ff.jpg?fit=1140%2C513&ssl=1&resize=350%2C200 1x, https:\/\/i0.wp.com\/larevistadigital.com.ar\/blog\/wp-content\/uploads\/1371a5a39ff1e399527b6ddd8415f8b06ea838ff.jpg?fit=1140%2C513&ssl=1&resize=525%2C300 1.5x, https:\/\/i0.wp.com\/larevistadigital.com.ar\/blog\/wp-content\/uploads\/1371a5a39ff1e399527b6ddd8415f8b06ea838ff.jpg?fit=1140%2C513&ssl=1&resize=700%2C400 2x, https:\/\/i0.wp.com\/larevistadigital.com.ar\/blog\/wp-content\/uploads\/1371a5a39ff1e399527b6ddd8415f8b06ea838ff.jpg?fit=1140%2C513&ssl=1&resize=1050%2C600 3x"},"classes":[]},{"id":40120,"url":"https:\/\/larevistadigital.com.ar\/blog\/san-clemente-joven-de-26-anos-murio-tras-caer-de-su-moto\/","url_meta":{"origin":18455,"position":4},"title":"San Clemente: joven de 26 a\u00f1os muri\u00f3 tras caer de su moto","author":"Alejandro Sosa Ruda","date":"23 junio, 2025","format":false,"excerpt":"El hecho ocurri\u00f3 en la madrugada del s\u00e1bado en Costanera y calle 4. Sal\u00eda de una cervecer\u00eda y perdi\u00f3 el control del rodado. 23 de Junio de 2025 SAN CLEMENTE -\u00a0 El s\u00e1bado por la madrugada, San Clemente del Tuy\u00fa fue escenario de una nueva tragedia vial. Un joven de\u2026","rel":"","context":"En \u00abPOLICIALES\u00bb","block_context":{"text":"POLICIALES","link":"https:\/\/larevistadigital.com.ar\/blog\/category\/policiales\/"},"img":{"alt_text":"","src":"https:\/\/i0.wp.com\/larevistadigital.com.ar\/blog\/wp-content\/uploads\/f9a5afe159fc11f4d072f6da7bc3ebcaa78c0cf2.jpg?fit=1140%2C760&ssl=1&resize=350%2C200","width":350,"height":200,"srcset":"https:\/\/i0.wp.com\/larevistadigital.com.ar\/blog\/wp-content\/uploads\/f9a5afe159fc11f4d072f6da7bc3ebcaa78c0cf2.jpg?fit=1140%2C760&ssl=1&resize=350%2C200 1x, https:\/\/i0.wp.com\/larevistadigital.com.ar\/blog\/wp-content\/uploads\/f9a5afe159fc11f4d072f6da7bc3ebcaa78c0cf2.jpg?fit=1140%2C760&ssl=1&resize=525%2C300 1.5x, https:\/\/i0.wp.com\/larevistadigital.com.ar\/blog\/wp-content\/uploads\/f9a5afe159fc11f4d072f6da7bc3ebcaa78c0cf2.jpg?fit=1140%2C760&ssl=1&resize=700%2C400 2x, https:\/\/i0.wp.com\/larevistadigital.com.ar\/blog\/wp-content\/uploads\/f9a5afe159fc11f4d072f6da7bc3ebcaa78c0cf2.jpg?fit=1140%2C760&ssl=1&resize=1050%2C600 3x"},"classes":[]},{"id":19099,"url":"https:\/\/larevistadigital.com.ar\/blog\/vecina-de-chascomus-quemada-detienen-a-su-ex-pareja-acusado-de-lesiones-graves\/","url_meta":{"origin":18455,"position":5},"title":"VECINA DE CHASCOM\u00daS QUEMADA, DETIENEN A SU EX PAREJA ACUSADO DE \u00abLESIONES GRAVES\u00bb","author":"Alejandro Sosa Ruda","date":"1 marzo, 2021","format":false,"excerpt":"CHASCOM\u00daS - Una mujer se encuentra internada y pelea por su vida, tras haber sufrido quemaduras en el 50% de su cuerpo y detuvieron a su ex pareja. El hecho, del cual a\u00fan no hay muchas certezas, ocurri\u00f3 en una vivienda del Barrio Ipor\u00e1. Un llamado a la Comisaria puso\u2026","rel":"","context":"En \u00abINTERES GENERAL\u00bb","block_context":{"text":"INTERES GENERAL","link":"https:\/\/larevistadigital.com.ar\/blog\/category\/interes-general\/"},"img":{"alt_text":"","src":"https:\/\/i0.wp.com\/larevistadigital.com.ar\/blog\/wp-content\/uploads\/2019\/01\/bbx_755050019_comisaria_chasco_01.jpg?fit=800%2C579&ssl=1&resize=350%2C200","width":350,"height":200,"srcset":"https:\/\/i0.wp.com\/larevistadigital.com.ar\/blog\/wp-content\/uploads\/2019\/01\/bbx_755050019_comisaria_chasco_01.jpg?fit=800%2C579&ssl=1&resize=350%2C200 1x, https:\/\/i0.wp.com\/larevistadigital.com.ar\/blog\/wp-content\/uploads\/2019\/01\/bbx_755050019_comisaria_chasco_01.jpg?fit=800%2C579&ssl=1&resize=525%2C300 1.5x, https:\/\/i0.wp.com\/larevistadigital.com.ar\/blog\/wp-content\/uploads\/2019\/01\/bbx_755050019_comisaria_chasco_01.jpg?fit=800%2C579&ssl=1&resize=700%2C400 2x"},"classes":[]}],"_links":{"self":[{"href":"https:\/\/larevistadigital.com.ar\/blog\/wp-json\/wp\/v2\/posts\/18455","targetHints":{"allow":["GET"]}}],"collection":[{"href":"https:\/\/larevistadigital.com.ar\/blog\/wp-json\/wp\/v2\/posts"}],"about":[{"href":"https:\/\/larevistadigital.com.ar\/blog\/wp-json\/wp\/v2\/types\/post"}],"author":[{"embeddable":true,"href":"https:\/\/larevistadigital.com.ar\/blog\/wp-json\/wp\/v2\/users\/3"}],"replies":[{"embeddable":true,"href":"https:\/\/larevistadigital.com.ar\/blog\/wp-json\/wp\/v2\/comments?post=18455"}],"version-history":[{"count":1,"href":"https:\/\/larevistadigital.com.ar\/blog\/wp-json\/wp\/v2\/posts\/18455\/revisions"}],"predecessor-version":[{"id":18457,"href":"https:\/\/larevistadigital.com.ar\/blog\/wp-json\/wp\/v2\/posts\/18455\/revisions\/18457"}],"wp:featuredmedia":[{"embeddable":true,"href":"https:\/\/larevistadigital.com.ar\/blog\/wp-json\/wp\/v2\/media\/18456"}],"wp:attachment":[{"href":"https:\/\/larevistadigital.com.ar\/blog\/wp-json\/wp\/v2\/media?parent=18455"}],"wp:term":[{"taxonomy":"category","embeddable":true,"href":"https:\/\/larevistadigital.com.ar\/blog\/wp-json\/wp\/v2\/categories?post=18455"},{"taxonomy":"post_tag","embeddable":true,"href":"https:\/\/larevistadigital.com.ar\/blog\/wp-json\/wp\/v2\/tags?post=18455"}],"curies":[{"name":"wp","href":"https:\/\/api.w.org\/{rel}","templated":true}]}}