{"id":18460,"date":"2021-01-04T14:26:11","date_gmt":"2021-01-04T14:26:11","guid":{"rendered":"https:\/\/larevistadigital.com.ar\/blog\/?p=18460"},"modified":"2021-01-04T14:26:11","modified_gmt":"2021-01-04T14:26:11","slug":"todo-esto-paso-un-dia-como-hoy-4-de-enero","status":"publish","type":"post","link":"https:\/\/larevistadigital.com.ar\/blog\/todo-esto-paso-un-dia-como-hoy-4-de-enero\/","title":{"rendered":"TODO ESTO PAS\u00d3, UN D\u00cdA COMO HOY, 4 DE ENERO&#8230;"},"content":{"rendered":"<h2><u><strong>Louis Braille: importante invenci\u00f3n<\/strong><\/u><\/h2>\n<p><strong>1809 &#8211;\u00a0<\/strong>Naci\u00f3<strong>\u00a0Louis Braille,\u00a0<\/strong>quien fue un pedagogo y sacerdote franc\u00e9s que es conocido por dise\u00f1ar un sistema de lectura y escritura para personas con discapacidad visual. El mismo se denomina sistema Braille y se utiliza tanto en la escritura como en la notaci\u00f3n musical.<\/p>\n<h2><u><strong>Hip\u00f3lito Bouchard: comandante de mar y guerra<\/strong><\/u><\/h2>\n<p><strong>1837 &#8211;<\/strong>\u00a0Muri\u00f3\u00a0<strong>Hip\u00f3lito Bouchard,<\/strong>\u00a0quien fue un militar y corsario franc\u00e9s que luch\u00f3 al servicio de las Provincias Unidas del R\u00edo de la Plata y Per\u00fa frente a la ocupaci\u00f3n realista. Ha participado en diversas acciones b\u00e9licas como por ejemplo\u00a0los combates antes los espa\u00f1oles en costas peruanas y ecuatorianas.<\/p>\n<div id=\"sc_intxt_container\">\n<div>\n<div id=\"sc_ava_companion\" class=\"sc_intxt_hided\"><u><strong>Juan Carlos Altavista: simplemente <em>\u00abMinguito\u00bb<\/em><\/strong><\/u><\/div>\n<\/div>\n<\/div>\n<p><strong>1929 &#8211;<\/strong>\u00a0Naci\u00f3\u00a0<strong>Juan Carlos Altavista,\u00a0<\/strong>quien fue un actor y humorista que es considerado como uno de los grandes capoc\u00f3micos de\u00a0 nuestro pa\u00eds. Algunas de sus pel\u00edculas m\u00e1s destacadas fueron\u00a0<em>\u00abAmigos para la aventura\u00bb, \u00abBrigada en acci\u00f3n\u00bb, \u00abMinguito Tinguitella pap\u00e1\u00bb\u00a0<\/em>y\u00a0<em>\u00abLo prohibido est\u00e1 de moda\u00bb.<\/em><\/p>\n<h2><u><strong>Primera revista musical<\/strong><\/u><\/h2>\n<p><strong>1936 &#8211;\u00a0<\/strong>Billboard\u00a0<strong>public\u00f3 por primera vez el ranking musical,\u00a0<\/strong>ya que esta revista semanal estadounidense se especializa en todo tipo de informaci\u00f3n de la industria de la m\u00fasica. La misma contiene canciones y \u00e1lbumes populares que est\u00e1n clasificados en categor\u00edas y que se tienen en cuenta s\u00f3lo en Estados Unidos.<\/p>\n<h2><u><strong>Inauguraci\u00f3n de la Casa del\u00a0<a href=\"https:\/\/www.cronica.com.ar\/tags\/Teatro\">Teatro<\/a><\/strong><\/u><\/h2>\n<p><strong>1938 &#8211;<\/strong>\u00a0Se<strong>\u00a0inaugur\u00f3 la Casa del\u00a0<a href=\"https:\/\/www.cronica.com.ar\/tags\/Teatro\">Teatro<\/a><\/strong>\u00a0en el barrio de Retiro por parte de<strong>\u00a0Regina Pacini<\/strong>, con el objeto de funcionar como albergue de artistas jubilados con necesidades econ\u00f3micas o bien que no tengan una vivienda donde habitar, El lugar posee un museo, biblioteca teatral y el\u00a0<a href=\"https:\/\/www.cronica.com.ar\/tags\/Teatro\">Teatro<\/a>\u00a0Regina de larga trayectoria.<\/p>\n<h2><u><strong>Norberto Alonso: la magia del\u00a0<em>\u00abBeto\u00bb<\/em><\/strong><\/u><\/h2>\n<p><strong>1953 &#8211;\u00a0<\/strong>Naci\u00f3\u00a0<strong>Norberto Osvaldo Alonso,\u00a0<\/strong>quien es un ex futbolista, entrenador y m\u00e1nager que se desempe\u00f1\u00f3 en River, Olympique de Marsella, V\u00e9lez y la selecci\u00f3n nacional con la que gan\u00f3 la Copa Mundial de 1978. Con el<em>\u00a0\u00abmillonario\u00bb\u00a0<\/em>gan\u00f3 la Copa Libertadores, Intercontinental y t\u00edtulos locales.<\/p>\n<h2><u><strong>Toni Kross: volante con distinci\u00f3n<\/strong><\/u><\/h2>\n<p><strong>1990 &#8211;<\/strong>\u00a0Naci\u00f3\u00a0<strong>Toni Kroos<\/strong>, quien es un futbolista alem\u00e1n que se desempe\u00f1\u00f3 en Real Madrid, Bayern Munich, Bayer Leverkusen y la selecci\u00f3n nacional con la que gan\u00f3 la Copa Mundial de 2014 en Brasil. Adem\u00e1s, gan\u00f3 cuatro UEFA Champions League, cinco Mundiales de Clubes y cuatro Supercopa de Europa.<\/p>\n<h2><u><strong>Ada Falc\u00f3n: con alma de tango<\/strong><\/u><\/h2>\n<p><strong>2002 &#8211;<\/strong>\u00a0Muri\u00f3\u00a0<strong>A\u00edda Elsa Ada Falcone<\/strong>\u00a0m\u00e1s conocida como<strong>\u00a0Ada Falc\u00f3n<\/strong>, quien fue una cantante de tango que tuvo una breve pero exitosa trayectoria en la actuaci\u00f3n. Algunas de sus pel\u00edculas\u00a0m\u00e1s destacadas fueron<em>\u00a0\u00abEl fest\u00edn de los caranchos\u00bb, \u00ab\u00cddolos de la radio\u00bb<\/em>\u00a0y<em>\u00a0\u00abTu cuna fue un conventillo\u00bb.<\/em><\/p>\n<div id=\"lx_646461\" class=\"__lxG__multi __lxG__multi_lx_646461 __lxG__not_empty_block\" data-cnt=\"3\" data-width=\"728\" data-height=\"90\">\n<div id=\"div-gpt-ad-21813399579-3\" data-google-query-id=\"CMu19r29gu4CFWkwuQYd4pkBwg\">\n<div id=\"google_ads_iframe_\/45470634\/clickio_area_646461_728x90_2__container__\">\n<h2><u><strong>Roberto S\u00e1nchez: Sandro de Am\u00e9rica<\/strong><\/u><\/h2>\n<p><strong>2010 &#8211;\u00a0<\/strong>Muri\u00f3\u00a0<strong>Roberto S\u00e1nchez<\/strong>\u00a0m\u00e1s conocido como\u00a0<strong>Sandro,<\/strong>\u00a0quien fue un cantante de estilo mel\u00f3dico, rock and roll y pop en castellano. Algunas de sus canciones m\u00e1s importantes fueron\u00a0<em>\u00abMi amigo el Puma\u00bb, \u00abUna muchacha y una guitarra\u00bb, \u00abPorque yo te amo\u00bb, \u00abRosa Rosa\u00bb<\/em>\u00a0y\u00a0<em>\u00abQuiero llenarme de ti\u00bb.<\/em><\/p>\n<\/div>\n<\/div>\n<\/div>\n","protected":false},"excerpt":{"rendered":"<div class=\"mh-excerpt\"><p>Louis Braille: importante invenci\u00f3n 1809 &#8211;\u00a0Naci\u00f3\u00a0Louis Braille,\u00a0quien fue un pedagogo y sacerdote franc\u00e9s que es conocido por dise\u00f1ar un sistema de lectura y escritura para personas con discapacidad visual. El mismo se denomina sistema Braille <a class=\"mh-excerpt-more\" href=\"https:\/\/larevistadigital.com.ar\/blog\/todo-esto-paso-un-dia-como-hoy-4-de-enero\/\" title=\"TODO ESTO PAS\u00d3, UN D\u00cdA COMO HOY, 4 DE ENERO&#8230;\">[Leer M\u00e1s]<\/a><\/p>\n<\/div>","protected":false},"author":3,"featured_media":16747,"comment_status":"open","ping_status":"open","sticky":false,"template":"","format":"standard","meta":{"_jetpack_memberships_contains_paid_content":false,"footnotes":"","jetpack_publicize_message":"","jetpack_publicize_feature_enabled":true,"jetpack_social_post_already_shared":true,"jetpack_social_options":{"image_generator_settings":{"template":"highway","default_image_id":0,"font":"","enabled":false},"version":2}},"categories":[29],"tags":[],"class_list":{"0":"post-18460","1":"post","2":"type-post","3":"status-publish","4":"format-standard","5":"has-post-thumbnail","7":"category-sociedad"},"jetpack_publicize_connections":[],"jetpack_featured_media_url":"https:\/\/i0.wp.com\/larevistadigital.com.ar\/blog\/wp-content\/uploads\/LOGO-EFEMERIDES.jpg?fit=1268%2C664&ssl=1","jetpack_sharing_enabled":true,"jetpack_shortlink":"https:\/\/wp.me\/p8qtrQ-4NK","jetpack-related-posts":[{"id":16746,"url":"https:\/\/larevistadigital.com.ar\/blog\/efemerides-de-un-dia-como-hoy-5-10\/","url_meta":{"origin":18460,"position":0},"title":"EFEM\u00c9RIDES DE \u00abUN D\u00cdA COMO HOY\u00bb 5\/10&#8230;","author":"Alejandro Sosa Ruda","date":"5 octubre, 2020","format":false,"excerpt":"Juan Vieytes: patriota y pilar revolucionario 1815 -\u00a0Muri\u00f3\u00a0Juan Hip\u00f3lito Vieytes, quien fue un comerciante, militar y pol\u00edtico que particip\u00f3 en las Invasiones Inglesas de los a\u00f1os 1806 y 1807 y la Reconquista de Buenos Aires, logrando el grado militar de capit\u00e1n. En la llamada \"jaboner\u00eda de Vieytes\", los patriotas se\u2026","rel":"","context":"En \u00abSOCIEDAD\u00bb","block_context":{"text":"SOCIEDAD","link":"https:\/\/larevistadigital.com.ar\/blog\/category\/sociedad\/"},"img":{"alt_text":"","src":"https:\/\/i0.wp.com\/larevistadigital.com.ar\/blog\/wp-content\/uploads\/LOGO-EFEMERIDES.jpg?fit=1200%2C628&ssl=1&resize=350%2C200","width":350,"height":200,"srcset":"https:\/\/i0.wp.com\/larevistadigital.com.ar\/blog\/wp-content\/uploads\/LOGO-EFEMERIDES.jpg?fit=1200%2C628&ssl=1&resize=350%2C200 1x, https:\/\/i0.wp.com\/larevistadigital.com.ar\/blog\/wp-content\/uploads\/LOGO-EFEMERIDES.jpg?fit=1200%2C628&ssl=1&resize=525%2C300 1.5x, https:\/\/i0.wp.com\/larevistadigital.com.ar\/blog\/wp-content\/uploads\/LOGO-EFEMERIDES.jpg?fit=1200%2C628&ssl=1&resize=700%2C400 2x, https:\/\/i0.wp.com\/larevistadigital.com.ar\/blog\/wp-content\/uploads\/LOGO-EFEMERIDES.jpg?fit=1200%2C628&ssl=1&resize=1050%2C600 3x"},"classes":[]},{"id":17676,"url":"https:\/\/larevistadigital.com.ar\/blog\/esto-paso-un-dia-como-hoy\/","url_meta":{"origin":18460,"position":1},"title":"ESTO PAS\u00d3 UN D\u00cdA COMO HOY&#8230;","author":"Alejandro Sosa Ruda","date":"14 noviembre, 2020","format":false,"excerpt":"Robert Fulton: creador del barco a vapor 1765 -\u00a0Naci\u00f3\u00a0Robert Fulton, quien fue un ingeniero, empresario e inventor estadounidense que es conocido por haber desarrollado el primer barco de vapor comercial de la historia. El\u00a0\"barco de vapor del r\u00edo norte\"\u00a0realiz\u00f3 un viaje inaugural por el r\u00edo Hudson en una distancia de\u2026","rel":"","context":"En \u00abSOCIEDAD\u00bb","block_context":{"text":"SOCIEDAD","link":"https:\/\/larevistadigital.com.ar\/blog\/category\/sociedad\/"},"img":{"alt_text":"","src":"https:\/\/i0.wp.com\/larevistadigital.com.ar\/blog\/wp-content\/uploads\/LOGO-EFEMERIDES.jpg?fit=1200%2C628&ssl=1&resize=350%2C200","width":350,"height":200,"srcset":"https:\/\/i0.wp.com\/larevistadigital.com.ar\/blog\/wp-content\/uploads\/LOGO-EFEMERIDES.jpg?fit=1200%2C628&ssl=1&resize=350%2C200 1x, https:\/\/i0.wp.com\/larevistadigital.com.ar\/blog\/wp-content\/uploads\/LOGO-EFEMERIDES.jpg?fit=1200%2C628&ssl=1&resize=525%2C300 1.5x, https:\/\/i0.wp.com\/larevistadigital.com.ar\/blog\/wp-content\/uploads\/LOGO-EFEMERIDES.jpg?fit=1200%2C628&ssl=1&resize=700%2C400 2x, https:\/\/i0.wp.com\/larevistadigital.com.ar\/blog\/wp-content\/uploads\/LOGO-EFEMERIDES.jpg?fit=1200%2C628&ssl=1&resize=1050%2C600 3x"},"classes":[]},{"id":10313,"url":"https:\/\/larevistadigital.com.ar\/blog\/joven-atropella-a-motochorro-para-salvar-a-una-mujer\/","url_meta":{"origin":18460,"position":2},"title":"JOVEN ATROPELLA A MOTOCHORRO PARA SALVAR A UNA MUJER","author":"Alejandro Sosa Ruda","date":"24 mayo, 2019","format":false,"excerpt":"La localidad bonaerense de Adrogu\u00e9, en el partido de Almirante Brown, fue el escenario de un dram\u00e1tico suceso, ya que un valiente automovilista se convirti\u00f3 en justiciero porque, al ver que una mujer era asaltada por un motochorro, resolvi\u00f3 subir r\u00e1pidamente a la vereda con el coche y aplastar al\u2026","rel":"","context":"En \u00abPOLICIALES\u00bb","block_context":{"text":"POLICIALES","link":"https:\/\/larevistadigital.com.ar\/blog\/category\/policiales\/"},"img":{"alt_text":"","src":"https:\/\/i0.wp.com\/larevistadigital.com.ar\/blog\/wp-content\/uploads\/2019\/05\/Screenshot_1-13.jpg?fit=1022%2C570&ssl=1&resize=350%2C200","width":350,"height":200,"srcset":"https:\/\/i0.wp.com\/larevistadigital.com.ar\/blog\/wp-content\/uploads\/2019\/05\/Screenshot_1-13.jpg?fit=1022%2C570&ssl=1&resize=350%2C200 1x, https:\/\/i0.wp.com\/larevistadigital.com.ar\/blog\/wp-content\/uploads\/2019\/05\/Screenshot_1-13.jpg?fit=1022%2C570&ssl=1&resize=525%2C300 1.5x, https:\/\/i0.wp.com\/larevistadigital.com.ar\/blog\/wp-content\/uploads\/2019\/05\/Screenshot_1-13.jpg?fit=1022%2C570&ssl=1&resize=700%2C400 2x"},"classes":[]},{"id":17661,"url":"https:\/\/larevistadigital.com.ar\/blog\/todo-lo-que-sucedio-un-dia-como-hoy-13-de-noviembre\/","url_meta":{"origin":18460,"position":3},"title":"TODO LO QUE SUCEDI\u00d3 UN D\u00cdA COMO HOY, 13 DE NOVIEMBRE&#8230;","author":"Alejandro Sosa Ruda","date":"13 noviembre, 2020","format":false,"excerpt":"Arturo Jauretche: entre la escritura y la pol\u00edtica 1901 -\u00a0Naci\u00f3\u00a0Arturo Mart\u00edn Jauretche, quien fue un ensayista, pol\u00edtico y periodista que fund\u00f3 junto a otros el movimiento pol\u00edtico FORJA, de ideolog\u00eda radical. Es autor de\u00a0\"El medio pelo en la sociedad argentina\", \"Los profetas del odio\", \"Forja y la D\u00e9cada Infame\", \"La\u2026","rel":"","context":"En \u00abSOCIEDAD\u00bb","block_context":{"text":"SOCIEDAD","link":"https:\/\/larevistadigital.com.ar\/blog\/category\/sociedad\/"},"img":{"alt_text":"","src":"https:\/\/i0.wp.com\/larevistadigital.com.ar\/blog\/wp-content\/uploads\/LOGO-EFEMERIDES.jpg?fit=1200%2C628&ssl=1&resize=350%2C200","width":350,"height":200,"srcset":"https:\/\/i0.wp.com\/larevistadigital.com.ar\/blog\/wp-content\/uploads\/LOGO-EFEMERIDES.jpg?fit=1200%2C628&ssl=1&resize=350%2C200 1x, https:\/\/i0.wp.com\/larevistadigital.com.ar\/blog\/wp-content\/uploads\/LOGO-EFEMERIDES.jpg?fit=1200%2C628&ssl=1&resize=525%2C300 1.5x, https:\/\/i0.wp.com\/larevistadigital.com.ar\/blog\/wp-content\/uploads\/LOGO-EFEMERIDES.jpg?fit=1200%2C628&ssl=1&resize=700%2C400 2x, https:\/\/i0.wp.com\/larevistadigital.com.ar\/blog\/wp-content\/uploads\/LOGO-EFEMERIDES.jpg?fit=1200%2C628&ssl=1&resize=1050%2C600 3x"},"classes":[]},{"id":17222,"url":"https:\/\/larevistadigital.com.ar\/blog\/todo-lo-que-paso-un-dia-como-hoy-26-10\/","url_meta":{"origin":18460,"position":4},"title":"TODO LO QUE PAS\u00d3 UN D\u00cdA COMO HOY (26\/10)","author":"Alejandro Sosa Ruda","date":"26 octubre, 2020","format":false,"excerpt":"Dante Quinterno: creador de memorables personajes 1909 -\u00a0Naci\u00f3\u00a0Dante Quinterno, quien fue un guionista, empresario editorial, productor agropecuario y creador de historietas, que ha sido el productor y director del primer dibujo animado en colores de Argentina\u00a0\"Upa en apuros\"\u00a0en 1942, y se hizo c\u00e9lebre por la creaci\u00f3n de los personajes\u00a0\"Patoruz\u00fa\", \"Isidoro\u2026","rel":"","context":"En \u00abSOCIEDAD\u00bb","block_context":{"text":"SOCIEDAD","link":"https:\/\/larevistadigital.com.ar\/blog\/category\/sociedad\/"},"img":{"alt_text":"","src":"https:\/\/i0.wp.com\/larevistadigital.com.ar\/blog\/wp-content\/uploads\/LOGO-EFEMERIDES.jpg?fit=1200%2C628&ssl=1&resize=350%2C200","width":350,"height":200,"srcset":"https:\/\/i0.wp.com\/larevistadigital.com.ar\/blog\/wp-content\/uploads\/LOGO-EFEMERIDES.jpg?fit=1200%2C628&ssl=1&resize=350%2C200 1x, https:\/\/i0.wp.com\/larevistadigital.com.ar\/blog\/wp-content\/uploads\/LOGO-EFEMERIDES.jpg?fit=1200%2C628&ssl=1&resize=525%2C300 1.5x, https:\/\/i0.wp.com\/larevistadigital.com.ar\/blog\/wp-content\/uploads\/LOGO-EFEMERIDES.jpg?fit=1200%2C628&ssl=1&resize=700%2C400 2x, https:\/\/i0.wp.com\/larevistadigital.com.ar\/blog\/wp-content\/uploads\/LOGO-EFEMERIDES.jpg?fit=1200%2C628&ssl=1&resize=1050%2C600 3x"},"classes":[]},{"id":26739,"url":"https:\/\/larevistadigital.com.ar\/blog\/enterate-que-paso-un-dia-como-hoy-20-7\/","url_meta":{"origin":18460,"position":5},"title":"ENTERATE QU\u00c9 PAS\u00d3 UN D\u00cdA COMO HOY (20\/7)","author":"Alejandro Sosa Ruda","date":"20 julio, 2022","format":false,"excerpt":"1816 -\u00a0El\u00a0Congreso de Tucum\u00e1n\u00a0adopta la\u00a0bandera nacional\u00a0azul celeste y blanca creada por el general\u00a0Manuel Belgrano. El s\u00edmbolo patrio\u00a0tiene sus colores distribuidos en tres franjas horizontales, dos celestes y una blanca en el medio, en cuyo centro se reproduce el Sol figurado de la moneda de oro de ocho escudos y de\u2026","rel":"","context":"En \u00abCULTURA\u00bb","block_context":{"text":"CULTURA","link":"https:\/\/larevistadigital.com.ar\/blog\/category\/cultura\/"},"img":{"alt_text":"","src":"https:\/\/i0.wp.com\/larevistadigital.com.ar\/blog\/wp-content\/uploads\/LOGO-EFEMERIDES.jpg?fit=1200%2C628&ssl=1&resize=350%2C200","width":350,"height":200,"srcset":"https:\/\/i0.wp.com\/larevistadigital.com.ar\/blog\/wp-content\/uploads\/LOGO-EFEMERIDES.jpg?fit=1200%2C628&ssl=1&resize=350%2C200 1x, https:\/\/i0.wp.com\/larevistadigital.com.ar\/blog\/wp-content\/uploads\/LOGO-EFEMERIDES.jpg?fit=1200%2C628&ssl=1&resize=525%2C300 1.5x, https:\/\/i0.wp.com\/larevistadigital.com.ar\/blog\/wp-content\/uploads\/LOGO-EFEMERIDES.jpg?fit=1200%2C628&ssl=1&resize=700%2C400 2x, https:\/\/i0.wp.com\/larevistadigital.com.ar\/blog\/wp-content\/uploads\/LOGO-EFEMERIDES.jpg?fit=1200%2C628&ssl=1&resize=1050%2C600 3x"},"classes":[]}],"_links":{"self":[{"href":"https:\/\/larevistadigital.com.ar\/blog\/wp-json\/wp\/v2\/posts\/18460","targetHints":{"allow":["GET"]}}],"collection":[{"href":"https:\/\/larevistadigital.com.ar\/blog\/wp-json\/wp\/v2\/posts"}],"about":[{"href":"https:\/\/larevistadigital.com.ar\/blog\/wp-json\/wp\/v2\/types\/post"}],"author":[{"embeddable":true,"href":"https:\/\/larevistadigital.com.ar\/blog\/wp-json\/wp\/v2\/users\/3"}],"replies":[{"embeddable":true,"href":"https:\/\/larevistadigital.com.ar\/blog\/wp-json\/wp\/v2\/comments?post=18460"}],"version-history":[{"count":1,"href":"https:\/\/larevistadigital.com.ar\/blog\/wp-json\/wp\/v2\/posts\/18460\/revisions"}],"predecessor-version":[{"id":18461,"href":"https:\/\/larevistadigital.com.ar\/blog\/wp-json\/wp\/v2\/posts\/18460\/revisions\/18461"}],"wp:featuredmedia":[{"embeddable":true,"href":"https:\/\/larevistadigital.com.ar\/blog\/wp-json\/wp\/v2\/media\/16747"}],"wp:attachment":[{"href":"https:\/\/larevistadigital.com.ar\/blog\/wp-json\/wp\/v2\/media?parent=18460"}],"wp:term":[{"taxonomy":"category","embeddable":true,"href":"https:\/\/larevistadigital.com.ar\/blog\/wp-json\/wp\/v2\/categories?post=18460"},{"taxonomy":"post_tag","embeddable":true,"href":"https:\/\/larevistadigital.com.ar\/blog\/wp-json\/wp\/v2\/tags?post=18460"}],"curies":[{"name":"wp","href":"https:\/\/api.w.org\/{rel}","templated":true}]}}