{"id":18462,"date":"2021-01-04T14:45:57","date_gmt":"2021-01-04T14:45:57","guid":{"rendered":"https:\/\/larevistadigital.com.ar\/blog\/?p=18462"},"modified":"2021-01-04T14:45:57","modified_gmt":"2021-01-04T14:45:57","slug":"gral-paz-comienza-la-vacunacion-contra-el-covid-en-el-distrito","status":"publish","type":"post","link":"https:\/\/larevistadigital.com.ar\/blog\/gral-paz-comienza-la-vacunacion-contra-el-covid-en-el-distrito\/","title":{"rendered":"GRAL. PAZ: COMIENZA LA VACUNACI\u00d3N CONTRA EL COVID EN EL DISTRITO"},"content":{"rendered":"<div class=\"o9v6fnle cxmmr5t8 oygrvhab hcukyx3x c1et5uql ii04i59q\">\n<div dir=\"auto\">Esta ma\u00f1ana, desde las 8:00 hs en el Centro de Jubilados y Pensionados, se aplicaron las primeras dosis de la vacuna contra el Covid-19, en el marco del plan de vacunaci\u00f3n m\u00e1s importante de la historia de la Rep\u00fablica Argentina.<\/div>\n<\/div>\n<div class=\"o9v6fnle cxmmr5t8 oygrvhab hcukyx3x c1et5uql ii04i59q\">\n<blockquote>\n<h3>Inicialmente, los primeros en recibirla fueron el Director M\u00e9dico, Santiago Dos Santos, la Directora Asociada, Paola Maggi, el Director Administrativo Claudio Garc\u00eda y el chofer de ambulancia Fernando Flores. Durante la jornada de hoy y en los pr\u00f3ximos d\u00edas, el personal de salud del distrito ser\u00e1 vacunado paulatinamente. Posteriormente, tambi\u00e9n esperan su turno de vacunaci\u00f3n el personal policial, para proteger a la planta de trabajadores y trabajadoras esenciales expuestos.<\/h3>\n<\/blockquote>\n<\/div>\n<div class=\"o9v6fnle cxmmr5t8 oygrvhab hcukyx3x c1et5uql ii04i59q\">\n<div dir=\"auto\">Desde el Gobierno Municipal estamos orgullosos de comenzar el a\u00f1o con la aplicaci\u00f3n de la vacuna, con la esperanza de que sea la herramienta que nos permita superar esta enfermedad. Si bien el inicio del proceso de vacunaci\u00f3n representa el primer paso en el camino hacia el final de la pandemia, \u00e9sta todav\u00eda no termin\u00f3 y es sumamente necesario reforzar los cuidados y el cumplimiento de las medidas de prevenci\u00f3n.<\/div>\n<\/div>\n","protected":false},"excerpt":{"rendered":"<div class=\"mh-excerpt\"><p>Esta ma\u00f1ana, desde las 8:00 hs en el Centro de Jubilados y Pensionados, se aplicaron las primeras dosis de la vacuna contra el Covid-19, en el marco del plan de vacunaci\u00f3n m\u00e1s importante de la <a class=\"mh-excerpt-more\" href=\"https:\/\/larevistadigital.com.ar\/blog\/gral-paz-comienza-la-vacunacion-contra-el-covid-en-el-distrito\/\" title=\"GRAL. PAZ: COMIENZA LA VACUNACI\u00d3N CONTRA EL COVID EN EL DISTRITO\">[Leer M\u00e1s]<\/a><\/p>\n<\/div>","protected":false},"author":3,"featured_media":18463,"comment_status":"open","ping_status":"open","sticky":false,"template":"","format":"standard","meta":{"_jetpack_memberships_contains_paid_content":false,"footnotes":"","jetpack_publicize_message":"","jetpack_publicize_feature_enabled":true,"jetpack_social_post_already_shared":true,"jetpack_social_options":{"image_generator_settings":{"template":"highway","default_image_id":0,"font":"","enabled":false},"version":2}},"categories":[14,51],"tags":[],"class_list":{"0":"post-18462","1":"post","2":"type-post","3":"status-publish","4":"format-standard","5":"has-post-thumbnail","7":"category-ranchos","8":"category-regionales"},"jetpack_publicize_connections":[],"jetpack_featured_media_url":"https:\/\/i0.wp.com\/larevistadigital.com.ar\/blog\/wp-content\/uploads\/136149757_2616485201924419_6959147213029908619_n.jpg?fit=960%2C640&ssl=1","jetpack_sharing_enabled":true,"jetpack_shortlink":"https:\/\/wp.me\/p8qtrQ-4NM","jetpack-related-posts":[{"id":22915,"url":"https:\/\/larevistadigital.com.ar\/blog\/habra-centros-de-vacunacion-libre-contra-el-covid-en-la-costa-bonaerense\/","url_meta":{"origin":18462,"position":0},"title":"HABR\u00c1 CENTROS DE VACUNACI\u00d3N LIBRE CONTRA EL COVID EN LA COSTA BONAERENSE","author":"Alejandro Sosa Ruda","date":"8 diciembre, 2021","format":false,"excerpt":"As\u00ed lo anunci\u00f3 el Gobierno bonaerense. Se habilitar\u00e1n a partir del 21 de diciembre. \"Si al turista le falta alguna de las vacunas, se podr\u00e1 vacunar la provincia Buenos Aires. El objetivo no es obstaculizar y por eso habr\u00e1 vacunaci\u00f3n itinerante\", seg\u00fan desde el Ministerio de Salud bonaerense. Desde el\u2026","rel":"","context":"En \u00abREGIONALES\u00bb","block_context":{"text":"REGIONALES","link":"https:\/\/larevistadigital.com.ar\/blog\/category\/regionales\/"},"img":{"alt_text":"","src":"https:\/\/i0.wp.com\/larevistadigital.com.ar\/blog\/wp-content\/uploads\/20211208161600_covid.jpg?fit=880%2C512&ssl=1&resize=350%2C200","width":350,"height":200,"srcset":"https:\/\/i0.wp.com\/larevistadigital.com.ar\/blog\/wp-content\/uploads\/20211208161600_covid.jpg?fit=880%2C512&ssl=1&resize=350%2C200 1x, https:\/\/i0.wp.com\/larevistadigital.com.ar\/blog\/wp-content\/uploads\/20211208161600_covid.jpg?fit=880%2C512&ssl=1&resize=525%2C300 1.5x, https:\/\/i0.wp.com\/larevistadigital.com.ar\/blog\/wp-content\/uploads\/20211208161600_covid.jpg?fit=880%2C512&ssl=1&resize=700%2C400 2x"},"classes":[]},{"id":33210,"url":"https:\/\/larevistadigital.com.ar\/blog\/mar-del-plata-aumentaron-los-casos-de-covid-y-las-autoridades-insisten-con-la-vacunacion\/","url_meta":{"origin":18462,"position":1},"title":"MAR DEL PLATA: AUMENTARON LOS CASOS DE COVID Y LAS AUTORIDADES INSISTEN CON LA VACUNACI\u00d3N","author":"Alejandro Sosa Ruda","date":"1 septiembre, 2023","format":false,"excerpt":"Desde Zona Sanitaria VIII confirmaron un aumento de contagios en las \u00faltimas semanas. Admiten que ha disminuido notablemente la cantidad de marplatenses que se van a vacunar. 1\u00b0 de septiembre de 2023 MAR DEL PLATA\u00a0 -\u00a0 A pesar de que la Organizaci\u00f3n Mundial de la Salud (OMS) levant\u00f3 en mayo\u2026","rel":"","context":"En \u00abREGIONALES\u00bb","block_context":{"text":"REGIONALES","link":"https:\/\/larevistadigital.com.ar\/blog\/category\/regionales\/"},"img":{"alt_text":"","src":"https:\/\/i0.wp.com\/larevistadigital.com.ar\/blog\/wp-content\/uploads\/casos-covid-12-22-1466171.jpg?fit=1200%2C675&ssl=1&resize=350%2C200","width":350,"height":200,"srcset":"https:\/\/i0.wp.com\/larevistadigital.com.ar\/blog\/wp-content\/uploads\/casos-covid-12-22-1466171.jpg?fit=1200%2C675&ssl=1&resize=350%2C200 1x, https:\/\/i0.wp.com\/larevistadigital.com.ar\/blog\/wp-content\/uploads\/casos-covid-12-22-1466171.jpg?fit=1200%2C675&ssl=1&resize=525%2C300 1.5x, https:\/\/i0.wp.com\/larevistadigital.com.ar\/blog\/wp-content\/uploads\/casos-covid-12-22-1466171.jpg?fit=1200%2C675&ssl=1&resize=700%2C400 2x, https:\/\/i0.wp.com\/larevistadigital.com.ar\/blog\/wp-content\/uploads\/casos-covid-12-22-1466171.jpg?fit=1200%2C675&ssl=1&resize=1050%2C600 3x"},"classes":[]},{"id":21189,"url":"https:\/\/larevistadigital.com.ar\/blog\/gollan-aseguro-que-la-vacuna-contra-el-covid-deberia-ser-obligatoria-se-viene\/","url_meta":{"origin":18462,"position":2},"title":"GOLLAN ASEGUR\u00d3 QUE LA VACUNA CONTRA EL COVID DEBER\u00cdA SER OBLIGATORIA&#8230; \u00bfSE VIENE?","author":"Alejandro Sosa Ruda","date":"20 julio, 2021","format":false,"excerpt":"El ministro de Salud destac\u00f3 la cultura de la vacunaci\u00f3n en el pa\u00eds y consider\u00f3 las inoculaciones deber\u00edan formar parte del calendario obligatorio. El ministro de Salud de la provincia de Buenos Aires,\u00a0Daniel\u00a0Gollan, se pronunci\u00f3 acerca de la situaci\u00f3n epidemiol\u00f3gica y\u00a0afirm\u00f3 que \"la vacuna deber\u00eda ser obligatoria\". En esta l\u00ednea,\u2026","rel":"","context":"En \u00abPOLITICA PROVINCIAL\u00bb","block_context":{"text":"POLITICA PROVINCIAL","link":"https:\/\/larevistadigital.com.ar\/blog\/category\/politica\/politica-provincial\/"},"img":{"alt_text":"","src":"https:\/\/i0.wp.com\/larevistadigital.com.ar\/blog\/wp-content\/uploads\/daniel-gollan-ministro-de-salud-bonaerense-1058625.jpg?fit=1140%2C641&ssl=1&resize=350%2C200","width":350,"height":200,"srcset":"https:\/\/i0.wp.com\/larevistadigital.com.ar\/blog\/wp-content\/uploads\/daniel-gollan-ministro-de-salud-bonaerense-1058625.jpg?fit=1140%2C641&ssl=1&resize=350%2C200 1x, https:\/\/i0.wp.com\/larevistadigital.com.ar\/blog\/wp-content\/uploads\/daniel-gollan-ministro-de-salud-bonaerense-1058625.jpg?fit=1140%2C641&ssl=1&resize=525%2C300 1.5x, https:\/\/i0.wp.com\/larevistadigital.com.ar\/blog\/wp-content\/uploads\/daniel-gollan-ministro-de-salud-bonaerense-1058625.jpg?fit=1140%2C641&ssl=1&resize=700%2C400 2x, https:\/\/i0.wp.com\/larevistadigital.com.ar\/blog\/wp-content\/uploads\/daniel-gollan-ministro-de-salud-bonaerense-1058625.jpg?fit=1140%2C641&ssl=1&resize=1050%2C600 3x"},"classes":[]},{"id":35672,"url":"https:\/\/larevistadigital.com.ar\/blog\/comenzo-la-campana-de-vacunacion-antigripal-2024\/","url_meta":{"origin":18462,"position":3},"title":"COMENZ\u00d3 LA CAMPA\u00d1A DE VACUNACI\u00d3N ANTIGRIPAL 2024","author":"Alejandro Sosa Ruda","date":"23 marzo, 2024","format":false,"excerpt":"La vacunaci\u00f3n antigripal estar\u00e1 disponible desde el 21 de marzo y estar\u00e1 disponible en todos los vacunatorios de la Provincia de Buenos Aires. 23 de marzo de 2024 BUENOS AIRES -\u00a0 Desde el 21 de marzo, la vacuna antigripal est\u00e1 disponible y su aplicaci\u00f3n gratuita se realizar\u00e1 en forma escalonada,\u2026","rel":"","context":"En \u00abPOLITICA PROVINCIAL\u00bb","block_context":{"text":"POLITICA PROVINCIAL","link":"https:\/\/larevistadigital.com.ar\/blog\/category\/politica\/politica-provincial\/"},"img":{"alt_text":"","src":"https:\/\/i0.wp.com\/larevistadigital.com.ar\/blog\/wp-content\/uploads\/Captura-de-pantalla-2024-03-23-115147.png?fit=800%2C256&ssl=1&resize=350%2C200","width":350,"height":200,"srcset":"https:\/\/i0.wp.com\/larevistadigital.com.ar\/blog\/wp-content\/uploads\/Captura-de-pantalla-2024-03-23-115147.png?fit=800%2C256&ssl=1&resize=350%2C200 1x, https:\/\/i0.wp.com\/larevistadigital.com.ar\/blog\/wp-content\/uploads\/Captura-de-pantalla-2024-03-23-115147.png?fit=800%2C256&ssl=1&resize=525%2C300 1.5x, https:\/\/i0.wp.com\/larevistadigital.com.ar\/blog\/wp-content\/uploads\/Captura-de-pantalla-2024-03-23-115147.png?fit=800%2C256&ssl=1&resize=700%2C400 2x"},"classes":[]},{"id":5323,"url":"https:\/\/larevistadigital.com.ar\/blog\/la-municipalidad-de-general-paz-informa-que-se-ha-dispuesto-el-cronograma-para-realizar-la-vacunacion-antirrabica-en-el-distrito\/","url_meta":{"origin":18462,"position":4},"title":"La Municipalidad de General Paz, informa que se ha dispuesto el cronograma para realizar la vacunaci\u00f3n antirr\u00e1bica en el Distrito.","author":"admin","date":"26 marzo, 2018","format":false,"excerpt":"La Municipalidad de General Paz, informa que se ha dispuesto el cronograma para realizar la vacunaci\u00f3n antirr\u00e1bica en el Distrito. El mismo es el siguiente: \u00a0 Ranchos: Mi\u00e9rcoles 4 de Abril en el Centro Comunitario del Barrio \u201cNestor Kirchner\u201d. Mi\u00e9rcoles 11 de Abril en la Plaza del Barrio \u201cRinc\u00f3n del\u2026","rel":"","context":"En \u00abRANCHOS\u00bb","block_context":{"text":"RANCHOS","link":"https:\/\/larevistadigital.com.ar\/blog\/category\/ranchos\/"},"img":{"alt_text":"","src":"https:\/\/i0.wp.com\/larevistadigital.com.ar\/blog\/wp-content\/uploads\/2018\/03\/vacuna-perros-310x233.jpg?fit=310%2C233&ssl=1&resize=350%2C200","width":350,"height":200},"classes":[]},{"id":23153,"url":"https:\/\/larevistadigital.com.ar\/blog\/rige-el-pase-sanitario-aqui-todas-las-respuestas\/","url_meta":{"origin":18462,"position":5},"title":"RIGE EL PASE SANITARIO: AQU\u00cd TODAS LAS RESPUESTAS","author":"Alejandro Sosa Ruda","date":"1 enero, 2022","format":false,"excerpt":"Desde el 1 de enero rige el pase Sanitario a nivel nacional. Los cuatro principales puntos para acceder al certificado que controla la vacunaci\u00f3n completa. Desde el\u00a01\u00b0 de enero\u00a0de\u00a02022, se implementar\u00e1 el uso del\u00a0pase sanitario\u00a0para las personas de 13 a\u00f1os o m\u00e1s a nivel naci\u00f3n.\u00a0En la provincia de Buenos Aires,\u2026","rel":"","context":"En \u00abINTERES GENERAL\u00bb","block_context":{"text":"INTERES GENERAL","link":"https:\/\/larevistadigital.com.ar\/blog\/category\/interes-general\/"},"img":{"alt_text":"","src":"https:\/\/i0.wp.com\/larevistadigital.com.ar\/blog\/wp-content\/uploads\/1639350011281.png?fit=1200%2C674&ssl=1&resize=350%2C200","width":350,"height":200,"srcset":"https:\/\/i0.wp.com\/larevistadigital.com.ar\/blog\/wp-content\/uploads\/1639350011281.png?fit=1200%2C674&ssl=1&resize=350%2C200 1x, https:\/\/i0.wp.com\/larevistadigital.com.ar\/blog\/wp-content\/uploads\/1639350011281.png?fit=1200%2C674&ssl=1&resize=525%2C300 1.5x, https:\/\/i0.wp.com\/larevistadigital.com.ar\/blog\/wp-content\/uploads\/1639350011281.png?fit=1200%2C674&ssl=1&resize=700%2C400 2x, https:\/\/i0.wp.com\/larevistadigital.com.ar\/blog\/wp-content\/uploads\/1639350011281.png?fit=1200%2C674&ssl=1&resize=1050%2C600 3x"},"classes":[]}],"_links":{"self":[{"href":"https:\/\/larevistadigital.com.ar\/blog\/wp-json\/wp\/v2\/posts\/18462","targetHints":{"allow":["GET"]}}],"collection":[{"href":"https:\/\/larevistadigital.com.ar\/blog\/wp-json\/wp\/v2\/posts"}],"about":[{"href":"https:\/\/larevistadigital.com.ar\/blog\/wp-json\/wp\/v2\/types\/post"}],"author":[{"embeddable":true,"href":"https:\/\/larevistadigital.com.ar\/blog\/wp-json\/wp\/v2\/users\/3"}],"replies":[{"embeddable":true,"href":"https:\/\/larevistadigital.com.ar\/blog\/wp-json\/wp\/v2\/comments?post=18462"}],"version-history":[{"count":1,"href":"https:\/\/larevistadigital.com.ar\/blog\/wp-json\/wp\/v2\/posts\/18462\/revisions"}],"predecessor-version":[{"id":18464,"href":"https:\/\/larevistadigital.com.ar\/blog\/wp-json\/wp\/v2\/posts\/18462\/revisions\/18464"}],"wp:featuredmedia":[{"embeddable":true,"href":"https:\/\/larevistadigital.com.ar\/blog\/wp-json\/wp\/v2\/media\/18463"}],"wp:attachment":[{"href":"https:\/\/larevistadigital.com.ar\/blog\/wp-json\/wp\/v2\/media?parent=18462"}],"wp:term":[{"taxonomy":"category","embeddable":true,"href":"https:\/\/larevistadigital.com.ar\/blog\/wp-json\/wp\/v2\/categories?post=18462"},{"taxonomy":"post_tag","embeddable":true,"href":"https:\/\/larevistadigital.com.ar\/blog\/wp-json\/wp\/v2\/tags?post=18462"}],"curies":[{"name":"wp","href":"https:\/\/api.w.org\/{rel}","templated":true}]}}