{"id":18466,"date":"2021-01-04T21:33:18","date_gmt":"2021-01-04T21:33:18","guid":{"rendered":"https:\/\/larevistadigital.com.ar\/blog\/?p=18466"},"modified":"2021-01-04T21:33:18","modified_gmt":"2021-01-04T21:33:18","slug":"damian-salas-remontada-imposible-campeonato-mundial-de-poker-brazalete-y-gloria","status":"publish","type":"post","link":"https:\/\/larevistadigital.com.ar\/blog\/damian-salas-remontada-imposible-campeonato-mundial-de-poker-brazalete-y-gloria\/","title":{"rendered":"DAMI\u00c1N SALAS: \u00abREMONTADA IMPOSIBLE\u00bb, CAMPEONATO MUNDIAL DE POKER, BRAZALETE Y GLORIA"},"content":{"rendered":"<p><em><strong>\u00abSi hab\u00eda sido Dami\u00e1n Salas\u00a0<img data-recalc-dims=\"1\" decoding=\"async\" src=\"https:\/\/i0.wp.com\/www.codigopoker.com\/wp-content\/themes\/codigopoker\/img\/labels\/small\/ar.gif?ssl=1\" alt=\"\" \/> objeto de las portadas en los medios internacionales cuando gan\u00f3 la parte \u00abextranjera\u00bb del Main Event de la WSOP, imag\u00ednense ahora que se qued\u00f3 con toda la porci\u00f3n de la torta m\u00e1s importante en el poker mundial. \u00a1Y c\u00f3mo lo hizo! Yendo desde atr\u00e1s cuando apenas le quedaban cinco ciegas\u2026\u00bb\u00a0<\/strong><\/em>Escribe con admiraci\u00f3n el sitio \u00abC\u00f3digo Poker\u00bb, narrando la epopeya del nativo de Chascom\u00fas, que se qued\u00f3 con la gloria a nivel mundial.<\/p>\n<p>Tras haber estado en varias oportunidades al borde de la eliminaci\u00f3n, Dami\u00e1n Salas logr\u00f3 lo que parec\u00eda imposible: Derrot\u00f3 a Robert Herbert y se termin\u00f3 consagrando campe\u00f3n del Main Event de la serie mundial, ganando la nada despreciable suma de u$s1.000.000.- sino que adem\u00e1s quedando en la historia y llevando a Chascom\u00fas a los medios de todo el mundo:<\/p>\n<blockquote>\n<h3><em><strong>La prensa mundial se ocup\u00f3 de destacar la labor del hombre de Chascom\u00fas, el campe\u00f3n de la Serie Mundial,\u00a0primero para Argentina y tambi\u00e9n para Latinoam\u00e9rica.<\/strong><\/em><\/h3>\n<\/blockquote>\n<p><strong>Asso Poker, de Italia<\/strong>, apunto a la \u00abremontada imposible\u00bb luego de estar con una desventaja de 8-1 en el mano a mano. Tambi\u00e9n consigna un \u00abfurioso regreso\u00bb.<\/p>\n<p><strong>Pokerman, de Rep\u00fablica Checa<\/strong>, fue con \u00abArgentina celebra: Dami\u00e1n Salas es campe\u00f3n del mundo 2020\u00bb, retrasando el a\u00f1o puesto que la definici\u00f3n correspond\u00eda al que pas\u00f3.<\/p>\n<p><strong>Pokeren, de los Pa\u00edses Bajos<\/strong>,\u00a0grafica con\u00a0una \u00ab<span lang=\"es\">sesi\u00f3n extremadamente larga de 173 manos\u00bb y recuerda que el Pampa hab\u00eda logrado el pasaje por su t\u00edtulo en Rozvadov.<\/span><\/p>\n<p><strong>Hochgeporkert, de Alemania<\/strong>, recuerda que Salas gan\u00f3 luego de que \u00ab<span lang=\"es\">inicialmente no hubiera recibido un permiso de entrada\u00bb.\u00a0<\/span><\/p>\n<p><strong>La francesa RMC Sports<\/strong>, adem\u00e1s de dedicarse a los deportes convencionales, le guard\u00f3 su portada a Salas, como \u00abnuevo campe\u00f3n del mundo\u00bb. \u00abUn hombre, un brazalete y una monta\u00f1a de billetes\u00bb, comienza su cr\u00f3nica.<\/p>\n<blockquote>\n<h3>Salas es un jugador que adem\u00e1s cuenta con el t\u00edtulo de abogado, y 45 a\u00f1os de edad, consiguiendo la gloria en\u00a0el Rio All Suites Hotel &amp; Casino de Las Vegas en la madrugada de este lunes 4 de enero en la Argentina, todav\u00eda la noche del domingo 3 de enero en Nevada.<\/h3>\n<\/blockquote>\n<p><span class=\"embed-youtube\" style=\"text-align:center; display: block;\"><iframe loading=\"lazy\" class=\"youtube-player\" width=\"640\" height=\"360\" src=\"https:\/\/www.youtube.com\/embed\/45elk0bVzh0?version=3&#038;rel=1&#038;showsearch=0&#038;showinfo=1&#038;iv_load_policy=1&#038;fs=1&#038;hl=es-ES&#038;autohide=2&#038;wmode=transparent\" allowfullscreen=\"true\" style=\"border:0;\" sandbox=\"allow-scripts allow-same-origin allow-popups allow-presentation allow-popups-to-escape-sandbox\"><\/iframe><\/span><\/p>\n<p>fuente: Chascom\u00fas.info y C\u00f3digo P\u00f3ker<\/p>\n","protected":false},"excerpt":{"rendered":"<div class=\"mh-excerpt\"><p>\u00abSi hab\u00eda sido Dami\u00e1n Salas\u00a0 objeto de las portadas en los medios internacionales cuando gan\u00f3 la parte \u00abextranjera\u00bb del Main Event de la WSOP, imag\u00ednense ahora que se qued\u00f3 con toda la porci\u00f3n de la <a class=\"mh-excerpt-more\" href=\"https:\/\/larevistadigital.com.ar\/blog\/damian-salas-remontada-imposible-campeonato-mundial-de-poker-brazalete-y-gloria\/\" title=\"DAMI\u00c1N SALAS: \u00abREMONTADA IMPOSIBLE\u00bb, CAMPEONATO MUNDIAL DE POKER, BRAZALETE Y GLORIA\">[Leer M\u00e1s]<\/a><\/p>\n<\/div>","protected":false},"author":3,"featured_media":18467,"comment_status":"open","ping_status":"open","sticky":false,"template":"","format":"standard","meta":{"_jetpack_memberships_contains_paid_content":false,"footnotes":"","jetpack_publicize_message":"","jetpack_publicize_feature_enabled":true,"jetpack_social_post_already_shared":true,"jetpack_social_options":{"image_generator_settings":{"template":"highway","default_image_id":0,"font":"","enabled":false},"version":2}},"categories":[6],"tags":[],"class_list":{"0":"post-18466","1":"post","2":"type-post","3":"status-publish","4":"format-standard","5":"has-post-thumbnail","7":"category-chascomus"},"jetpack_publicize_connections":[],"jetpack_featured_media_url":"https:\/\/i0.wp.com\/larevistadigital.com.ar\/blog\/wp-content\/uploads\/Screenshot_1-190.jpg?fit=1897%2C836&ssl=1","jetpack_sharing_enabled":true,"jetpack_shortlink":"https:\/\/wp.me\/p8qtrQ-4NQ","jetpack-related-posts":[{"id":18164,"url":"https:\/\/larevistadigital.com.ar\/blog\/damian-salas-de-chascomus-a-la-gloria-de-ganar-el-world-series-of-poker\/","url_meta":{"origin":18466,"position":0},"title":"DAMIAN SALAS, DE CHASCOM\u00daS A LA GLORIA DE GANAR EL WORLD SERIES OF POKER","author":"Alejandro Sosa Ruda","date":"16 diciembre, 2020","format":false,"excerpt":"El experimentado jugador, logr\u00f3 imponerse en la Rep\u00fablica Checa ante su par latinoamericano, Bruno Botteon y se llev\u00f3 m\u00e1s de un mill\u00f3n y medio de d\u00f3lares En esta ocasi\u00f3n y considerando la pandemia por COVID, la misma fue disputada en la sala GGPoker donde el de Chascom\u00fas y el brasile\u00f1o\u2026","rel":"","context":"En \u00abCHASCOM\u00daS\u00bb","block_context":{"text":"CHASCOM\u00daS","link":"https:\/\/larevistadigital.com.ar\/blog\/category\/chascomus\/"},"img":{"alt_text":"","src":"https:\/\/i0.wp.com\/larevistadigital.com.ar\/blog\/wp-content\/uploads\/salas-15deDiciembre.png?fit=737%2C415&ssl=1&resize=350%2C200","width":350,"height":200,"srcset":"https:\/\/i0.wp.com\/larevistadigital.com.ar\/blog\/wp-content\/uploads\/salas-15deDiciembre.png?fit=737%2C415&ssl=1&resize=350%2C200 1x, https:\/\/i0.wp.com\/larevistadigital.com.ar\/blog\/wp-content\/uploads\/salas-15deDiciembre.png?fit=737%2C415&ssl=1&resize=525%2C300 1.5x, https:\/\/i0.wp.com\/larevistadigital.com.ar\/blog\/wp-content\/uploads\/salas-15deDiciembre.png?fit=737%2C415&ssl=1&resize=700%2C400 2x"},"classes":[]},{"id":37030,"url":"https:\/\/larevistadigital.com.ar\/blog\/el-ex-campeon-mundial-sergio-maravilla-martinez-visitara-chascomus-y-dara-una-clinica-de-boxeo\/","url_meta":{"origin":18466,"position":1},"title":"EL EX CAMPE\u00d3N MUNDIAL SERGIO \u00abMARAVILLA\u00bb MARTINEZ VISITAR\u00c1 CHASCOM\u00daS Y DAR\u00c1 UNA CL\u00cdNICA DE BOXEO","author":"Alejandro Sosa Ruda","date":"21 agosto, 2024","format":false,"excerpt":"El destacado boxeador argentino, visitar\u00e1 el gimnasio de Fabian Claro en septiembre cuando regrese a la Argentina procedente de Espa\u00f1a, donde reside. 20 de Agosto de 2024 CHASCOM\u00daS -\u00a0\u00a0 El ex campe\u00f3n mundial de boxeo, Sergio \"Maravilla\" Mart\u00ednez estar\u00e1 presente en la ciudad de Chascom\u00fas durante el mes de noviembre,\u2026","rel":"","context":"En \u00abATAQUE DE RADIO\u00bb","block_context":{"text":"ATAQUE DE RADIO","link":"https:\/\/larevistadigital.com.ar\/blog\/category\/ataque-de-radio\/"},"img":{"alt_text":"","src":"https:\/\/i0.wp.com\/larevistadigital.com.ar\/blog\/wp-content\/uploads\/Captura-de-pantalla-2024-08-21-212030.png?fit=1110%2C618&ssl=1&resize=350%2C200","width":350,"height":200,"srcset":"https:\/\/i0.wp.com\/larevistadigital.com.ar\/blog\/wp-content\/uploads\/Captura-de-pantalla-2024-08-21-212030.png?fit=1110%2C618&ssl=1&resize=350%2C200 1x, https:\/\/i0.wp.com\/larevistadigital.com.ar\/blog\/wp-content\/uploads\/Captura-de-pantalla-2024-08-21-212030.png?fit=1110%2C618&ssl=1&resize=525%2C300 1.5x, https:\/\/i0.wp.com\/larevistadigital.com.ar\/blog\/wp-content\/uploads\/Captura-de-pantalla-2024-08-21-212030.png?fit=1110%2C618&ssl=1&resize=700%2C400 2x, https:\/\/i0.wp.com\/larevistadigital.com.ar\/blog\/wp-content\/uploads\/Captura-de-pantalla-2024-08-21-212030.png?fit=1110%2C618&ssl=1&resize=1050%2C600 3x"},"classes":[]},{"id":23108,"url":"https:\/\/larevistadigital.com.ar\/blog\/murio-electrocutado-cuando-cortaba-el-pasto-lo-encontro-su-novia\/","url_meta":{"origin":18466,"position":2},"title":"MURI\u00d3 ELECTROCUTADO  CUANDO CORTABA EL PASTO. LO ENCONTR\u00d3 SU NOVIA","author":"Alejandro Sosa Ruda","date":"29 diciembre, 2021","format":false,"excerpt":"Sucedi\u00f3 en la tarde de este mi\u00e9rcoles. La v\u00edctima de 27 a\u00f1os fue hallada por su novia. MAR DEL PLATA -\u00a0 Un joven de 27 a\u00f1os\u00a0que estaba cortando el c\u00e9sped muri\u00f3 esta tarde tras recibir una descarga el\u00e9ctrica. Si bien fue trasladado al\u00a0centro de salud del barrio Ameghino, los profesionales\u2026","rel":"","context":"En \u00abPOLICIALES\u00bb","block_context":{"text":"POLICIALES","link":"https:\/\/larevistadigital.com.ar\/blog\/category\/policiales\/"},"img":{"alt_text":"","src":"https:\/\/i0.wp.com\/larevistadigital.com.ar\/blog\/wp-content\/uploads\/Captura-de-pantalla-2021-12-29-203210.jpg?fit=1013%2C675&ssl=1&resize=350%2C200","width":350,"height":200,"srcset":"https:\/\/i0.wp.com\/larevistadigital.com.ar\/blog\/wp-content\/uploads\/Captura-de-pantalla-2021-12-29-203210.jpg?fit=1013%2C675&ssl=1&resize=350%2C200 1x, https:\/\/i0.wp.com\/larevistadigital.com.ar\/blog\/wp-content\/uploads\/Captura-de-pantalla-2021-12-29-203210.jpg?fit=1013%2C675&ssl=1&resize=525%2C300 1.5x, https:\/\/i0.wp.com\/larevistadigital.com.ar\/blog\/wp-content\/uploads\/Captura-de-pantalla-2021-12-29-203210.jpg?fit=1013%2C675&ssl=1&resize=700%2C400 2x"},"classes":[]},{"id":30449,"url":"https:\/\/larevistadigital.com.ar\/blog\/chascomus-llaman-a-los-bomberos-y-cuando-se-dirigian-al-lugar-les-avisaron-que-no-era-necesario-que-fueran\/","url_meta":{"origin":18466,"position":3},"title":"CHASCOM\u00daS: LLAMAN A LOS BOMBEROS Y CUANDO SE DIRIG\u00cdAN AL LUGAR, LES AVISARON QUE NO ERA NECESARIO QUE FUERAN&#8230;","author":"Alejandro Sosa Ruda","date":"8 marzo, 2023","format":false,"excerpt":"Fue por un accidente de moto en el kil\u00f3metro 110 de la ruta 2. Fuente Damian Jorquera. 7 de marzo de 2023 CHASCOM\u00daS -\u00a0\u00a0A las 18:25 hs del d\u00eda de hoy, los Bomberos Voluntarios de Chascom\u00fas recibieron un llamado pidiendo ayuda, por un accidente en el kil\u00f3metro 110 de la\u2026","rel":"","context":"En \u00abINTERES GENERAL\u00bb","block_context":{"text":"INTERES GENERAL","link":"https:\/\/larevistadigital.com.ar\/blog\/category\/interes-general\/"},"img":{"alt_text":"","src":"https:\/\/i0.wp.com\/larevistadigital.com.ar\/blog\/wp-content\/uploads\/ACCIDENTE-110-1.jpg?fit=720%2C234&ssl=1&resize=350%2C200","width":350,"height":200,"srcset":"https:\/\/i0.wp.com\/larevistadigital.com.ar\/blog\/wp-content\/uploads\/ACCIDENTE-110-1.jpg?fit=720%2C234&ssl=1&resize=350%2C200 1x, https:\/\/i0.wp.com\/larevistadigital.com.ar\/blog\/wp-content\/uploads\/ACCIDENTE-110-1.jpg?fit=720%2C234&ssl=1&resize=525%2C300 1.5x, https:\/\/i0.wp.com\/larevistadigital.com.ar\/blog\/wp-content\/uploads\/ACCIDENTE-110-1.jpg?fit=720%2C234&ssl=1&resize=700%2C400 2x"},"classes":[]},{"id":44560,"url":"https:\/\/larevistadigital.com.ar\/blog\/en-abril-llegan-damian-de-santo-y-christian-sancho-a-chascomus\/","url_meta":{"origin":18466,"position":4},"title":"En abril llegan Dami\u00e1n de Santo y Christian Sancho a Chascom\u00fas","author":"Alejandro Sosa Ruda","date":"17 marzo, 2026","format":false,"excerpt":"En el marco de la gira 2026, presentar\u00e1n en el Brazzolala obra \u201cUna Clase Especial\u201d, de Daniel D\u00e1tola, bajo la direcci\u00f3n de Manuel Gonz\u00e1lez Gil. 17 de marzo de 2026 CHASCOM\u00daS -\u00a0 \u00a0El 18 de abril, el Teatro Municipal Brazzola recibir\u00e1 en su escenario a dos reconocidos artistas de la\u2026","rel":"","context":"En \u00abCHASCOM\u00daS\u00bb","block_context":{"text":"CHASCOM\u00daS","link":"https:\/\/larevistadigital.com.ar\/blog\/category\/chascomus\/"},"img":{"alt_text":"","src":"https:\/\/i0.wp.com\/larevistadigital.com.ar\/blog\/wp-content\/uploads\/69b97f367cbfc.png?fit=668%2C445&ssl=1&resize=350%2C200","width":350,"height":200,"srcset":"https:\/\/i0.wp.com\/larevistadigital.com.ar\/blog\/wp-content\/uploads\/69b97f367cbfc.png?fit=668%2C445&ssl=1&resize=350%2C200 1x, https:\/\/i0.wp.com\/larevistadigital.com.ar\/blog\/wp-content\/uploads\/69b97f367cbfc.png?fit=668%2C445&ssl=1&resize=525%2C300 1.5x"},"classes":[]},{"id":43979,"url":"https:\/\/larevistadigital.com.ar\/blog\/memoria-de-nuestra-senora-de-lourdes-y-jornada-mundial-de-los-enfermos-en-chascomus\/","url_meta":{"origin":18466,"position":5},"title":"Memoria de Nuestra Se\u00f1ora de Lourdes y Jornada Mundial de los Enfermos en Chascom\u00fas","author":"Alejandro Sosa Ruda","date":"12 febrero, 2026","format":false,"excerpt":"El mi\u00e9rcoles 11 de febrero, en el marco de la memoria libre de Nuestra Se\u00f1ora de Lourdes y la Jornada Mundial de los Enfermos, se celebr\u00f3 la Santa Misa en la ermita ubicada en Punta Norte, sobre la costanera de la laguna de Chascom\u00fas, con una gran concurrencia de fieles\u2026","rel":"","context":"En \u00abINTERES GENERAL\u00bb","block_context":{"text":"INTERES GENERAL","link":"https:\/\/larevistadigital.com.ar\/blog\/category\/interes-general\/"},"img":{"alt_text":"","src":"https:\/\/i0.wp.com\/larevistadigital.com.ar\/blog\/wp-content\/uploads\/WhatsApp-Image-2026-02-12-at-08.21.40.jpeg?fit=900%2C1200&ssl=1&resize=350%2C200","width":350,"height":200,"srcset":"https:\/\/i0.wp.com\/larevistadigital.com.ar\/blog\/wp-content\/uploads\/WhatsApp-Image-2026-02-12-at-08.21.40.jpeg?fit=900%2C1200&ssl=1&resize=350%2C200 1x, https:\/\/i0.wp.com\/larevistadigital.com.ar\/blog\/wp-content\/uploads\/WhatsApp-Image-2026-02-12-at-08.21.40.jpeg?fit=900%2C1200&ssl=1&resize=525%2C300 1.5x, https:\/\/i0.wp.com\/larevistadigital.com.ar\/blog\/wp-content\/uploads\/WhatsApp-Image-2026-02-12-at-08.21.40.jpeg?fit=900%2C1200&ssl=1&resize=700%2C400 2x"},"classes":[]}],"_links":{"self":[{"href":"https:\/\/larevistadigital.com.ar\/blog\/wp-json\/wp\/v2\/posts\/18466","targetHints":{"allow":["GET"]}}],"collection":[{"href":"https:\/\/larevistadigital.com.ar\/blog\/wp-json\/wp\/v2\/posts"}],"about":[{"href":"https:\/\/larevistadigital.com.ar\/blog\/wp-json\/wp\/v2\/types\/post"}],"author":[{"embeddable":true,"href":"https:\/\/larevistadigital.com.ar\/blog\/wp-json\/wp\/v2\/users\/3"}],"replies":[{"embeddable":true,"href":"https:\/\/larevistadigital.com.ar\/blog\/wp-json\/wp\/v2\/comments?post=18466"}],"version-history":[{"count":1,"href":"https:\/\/larevistadigital.com.ar\/blog\/wp-json\/wp\/v2\/posts\/18466\/revisions"}],"predecessor-version":[{"id":18468,"href":"https:\/\/larevistadigital.com.ar\/blog\/wp-json\/wp\/v2\/posts\/18466\/revisions\/18468"}],"wp:featuredmedia":[{"embeddable":true,"href":"https:\/\/larevistadigital.com.ar\/blog\/wp-json\/wp\/v2\/media\/18467"}],"wp:attachment":[{"href":"https:\/\/larevistadigital.com.ar\/blog\/wp-json\/wp\/v2\/media?parent=18466"}],"wp:term":[{"taxonomy":"category","embeddable":true,"href":"https:\/\/larevistadigital.com.ar\/blog\/wp-json\/wp\/v2\/categories?post=18466"},{"taxonomy":"post_tag","embeddable":true,"href":"https:\/\/larevistadigital.com.ar\/blog\/wp-json\/wp\/v2\/tags?post=18466"}],"curies":[{"name":"wp","href":"https:\/\/api.w.org\/{rel}","templated":true}]}}