{"id":18477,"date":"2021-01-05T11:12:52","date_gmt":"2021-01-05T11:12:52","guid":{"rendered":"https:\/\/larevistadigital.com.ar\/blog\/?p=18477"},"modified":"2021-01-05T11:20:03","modified_gmt":"2021-01-05T11:20:03","slug":"los-vigiladores-privados-untan-firmas-para-declarar-persona-no-grata-a-angel-alberto-garcia-y-celestina-ferrara","status":"publish","type":"post","link":"https:\/\/larevistadigital.com.ar\/blog\/los-vigiladores-privados-untan-firmas-para-declarar-persona-no-grata-a-angel-alberto-garcia-y-celestina-ferrara\/","title":{"rendered":"LOS VIGILADORES PRIVADOS JUNTAN FIRMAS PARA DECLARAR \u00abPERSONA NO GRATA\u00bb A \u00c1NGEL ALBERTO GARC\u00cdA Y CELESTINA FERRARA"},"content":{"rendered":"<h2>Es una iniciativa de los propios vigiladores, que no guardan un grato recuerdo de \u00c1ngel Alberto Garc\u00eda y su mujer, Celestina Ferrara quienes estuvieron al frente del Gremio y la Obra Social durante m\u00e1s de 30 a\u00f1os, llevandolos al descontrol y vaciamiento casi total.<\/h2>\n<p>Los vigiladores privados, han tomado la iniciativa de juntar firmas para que sean declarados \u00abpersonas no gratas\u00bb, el ex Secretario General del Gremio de U.P.S.R.A. (Uni\u00f3n del Personal de Seguridad de la Rep\u00fablica Argentina) <strong>\u00c1ngel Alberto Garc\u00eda<\/strong> y su mujer, <strong>Celestina Ferrara<\/strong>, quien estuviera a cargo de la Obra Social del mismo (O.S.P.S.I.P.)<\/p>\n<p><strong>Garc\u00eda<\/strong> llev\u00f3 a cabo una gesti\u00f3n que a\u00f1o a a\u00f1o se fue desgastando, y junto a su mujer, terminaron pr\u00e1cticamente vaciando el Gremio y su obra social, condenando a los vigiladores privados a no solo ir paulatinamente perdiendo derechos y beneficios, hasta relegarlos a una actualidad que llevar\u00e1 tiempo reconstruir, sino que adem\u00e1s los han dejado sin atenci\u00f3n de la Obra Social, haci\u00e9ndolos vivir una insostenible situaci\u00f3n de abandono a lo largo y ancho del pa\u00eds.<\/p>\n<blockquote>\n<h3>De hecho, el actual Secretario General de Upsra, <strong>Leonidas Requelme<\/strong>, juntamente con algunos de sus dirigentes han tenido los \u00faltimos a\u00f1os que salvaguardar urgencias de trabajadores del sector, que por ejemplo necesitaron atenci\u00f3n para alg\u00fan hijo, y no contaban con la obra social.<\/h3>\n<\/blockquote>\n<p>Inclusive, en m\u00e1s de una oportunidad, otro dirigente de <strong>Requelme<\/strong>, <strong>Pablo Otero<\/strong>, debi\u00f3 viajar al interior del pa\u00eds para socorrer o atender problemas que fueron y son la terrible herencia de a\u00f1os de irregularidades de Garc\u00eda y compan\u00eda.<\/p>\n<blockquote>\n<h3>Deudas, hipotecas, conflictos, arreglos con empresas y muchas cosas m\u00e1s, llevaron a los vigiladores a esta triste actualidad, pasando por culpa de Garc\u00eda por cuatro interventores que debieron hacerse cargo moment\u00e1neamente del Gremio, ya que la situaci\u00f3n \u00abno daba para m\u00e1s\u00bb.<\/h3>\n<\/blockquote>\n<p>Todo esto, fue debidamente denunciado por <strong>Requelme<\/strong> en tiempo y en forma, pero lamentablemente la justicia no tiene los mismos tiempos de la desatendida y desmoralizada clase trabajadora.<\/p>\n<p>Esto, en definitiva, son algunas de las cosas que han derivado en el pedido de los vigiladores, de que se declare \u00abpersonas no gratas\u00bb a una diab\u00f3lica pareja que lo \u00fanico que hizo fue humillarlos y perjudicarlos.<\/p>\n<h3><strong>LA NOTA QUE PRESENTARON:<\/strong><\/h3>\n<p><em><strong>La declaraci\u00f3n de esta petici\u00f3n de repudio para \u00c1ngel Alberto Garc\u00eda y Celeste Ferrara, responsables directos y autores principales del vaciamiento y la desidia, abandono de los afiliados. de O.S.P.I.S.P. OBRA SOCIAL DE LOS VIGILADORES y U.P.S.R.A. Es debido a las aberraciones que padece la familia vigiladora por los delitos y acciones mafiosas que contin\u00faan perpetuando a estas personas en nuestra actividad laboral, como as\u00ed tambi\u00e9n aquellos que en complicidad miran hacia un costado, para seguir ganando alg\u00fan dinero a costa de la vida de los trabajadores de la seguridad privada.<\/strong><\/em><br \/>\n<em><strong>No permitimos que nuestros compa\u00f1eros y compa\u00f1eras contin\u00faen muriendo sin atenci\u00f3n m\u00e9dica.<\/strong><\/em><br \/>\n<em><strong>Denunciamos a aquellos jueces, fiscales y funcionarios, empresarios del sector que han sido funcionales y cuyas voluntades han sido compradas en reiteradas oportunidades, con la sangre de los trabajadores de seguridad privada y sus familias.\u00a0<\/strong><\/em><br \/>\n<em><b>Queremos llegar con esta declaraci\u00f3n de repudio, para estas personas y para que tengan conocimiento las m\u00e1ximas autoridades Nacionales. Encargadas de velar por los derechos de los trabajadores y la salud, que son derechos constitucionales y derechos humanos, que deben ser garantizados por el estado, para todo persona y que no aceptamos, no permitimos de ninguna manera, que estas personas se sigan perpetuando, impunemente en nuestro gremio y obra social, vaci\u00e1ndola, robando los aportes de los trabajadores de seguridad privada, dejando que mueran nuestros compa\u00f1eros sin prestaci\u00f3n m\u00e9dica y sus familias en medio de una pandemia mundial que estamos atravesando y que tambi\u00e9n se a llevado cientos de vidas de nuestros trabajadores.\u00a0<\/b><\/em><\/p>\n<p><em><strong>Ministerio de Trabajo, Empleo y Seguridad Social de la Naci\u00f3n.<\/strong><\/em><br \/>\n<em><strong>Superintendencia de Servicios de la Salud de la Naci\u00f3n.<\/strong><\/em><br \/>\n<em><strong>Poder Ejecutivo de la Naci\u00f3n. (Presidente de la Naci\u00f3n)\u00a0<\/strong><\/em><\/p>\n<p>Para firmar la petici\u00f3n, seguir este link\u00a0 \u00a0<a href=\"https:\/\/secure.avaaz.org\/community_petitions\/es\/personal_de_seguridad_privada_vigiladoresas_de_tod_declarar_persona_no_grata_angel_garcia_y_celeste_ferrara_de_upsra_y_ospsip\/?zIhfxpb\">https:\/\/secure.avaaz.org\/community_petitions\/es\/personal_de_seguridad_privada_vigiladoresas_de_tod_declarar_persona_no_grata_angel_garcia_y_celeste_ferrara_de_upsra_y_ospsip\/?zIhfxpb<\/a><\/p>\n","protected":false},"excerpt":{"rendered":"<div class=\"mh-excerpt\"><p>Es una iniciativa de los propios vigiladores, que no guardan un grato recuerdo de \u00c1ngel Alberto Garc\u00eda y su mujer, Celestina Ferrara quienes estuvieron al frente del Gremio y la Obra Social durante m\u00e1s de <a class=\"mh-excerpt-more\" href=\"https:\/\/larevistadigital.com.ar\/blog\/los-vigiladores-privados-untan-firmas-para-declarar-persona-no-grata-a-angel-alberto-garcia-y-celestina-ferrara\/\" title=\"LOS VIGILADORES PRIVADOS JUNTAN FIRMAS PARA DECLARAR \u00abPERSONA NO GRATA\u00bb A \u00c1NGEL ALBERTO GARC\u00cdA Y CELESTINA FERRARA\">[Leer M\u00e1s]<\/a><\/p>\n<\/div>","protected":false},"author":3,"featured_media":18480,"comment_status":"open","ping_status":"open","sticky":false,"template":"","format":"standard","meta":{"_jetpack_memberships_contains_paid_content":false,"footnotes":"","jetpack_publicize_message":"","jetpack_publicize_feature_enabled":true,"jetpack_social_post_already_shared":true,"jetpack_social_options":{"image_generator_settings":{"template":"highway","default_image_id":0,"font":"","enabled":false},"version":2}},"categories":[10,50],"tags":[],"class_list":{"0":"post-18477","1":"post","2":"type-post","3":"status-publish","4":"format-standard","5":"has-post-thumbnail","7":"category-gremiales","8":"category-interes-general"},"jetpack_publicize_connections":[],"jetpack_featured_media_url":"https:\/\/i0.wp.com\/larevistadigital.com.ar\/blog\/wp-content\/uploads\/GARCIA-PERSONA-NO-GRATA.jpg?fit=1741%2C1126&ssl=1","jetpack_sharing_enabled":true,"jetpack_shortlink":"https:\/\/wp.me\/p8qtrQ-4O1","jetpack-related-posts":[{"id":3375,"url":"https:\/\/larevistadigital.com.ar\/blog\/leonidas-requelme-exige-la-renuncia-inmediata-de-angel-garcia-y-su-esposa-celestina-ferrara-a-la-obra-social-de-los-vigiladores-privados\/","url_meta":{"origin":18477,"position":0},"title":"LEONIDAS REQUELME EXIGE LA RENUNCIA INMEDIATA DE \u00c1NGEL GARC\u00cdA Y SU ESPOSA CELESTINA FERRARA A LA OBRA SOCIAL DE LOS VIGILADORES PRIVADOS","author":"Alejandro Sosa Ruda","date":"2 octubre, 2017","format":false,"excerpt":"EXIGI\u00d3 TAMBI\u00c9N LA CONFORMACI\u00d3N DE UNA COMISI\u00d3N HASTA TANTO SE NORMALICE LA INSTITUCI\u00d3N Y SE NOMBREN NUEVAS AUTORIDADES. En una nota brindada a la FM \u201cLa Radio\u201d 101.5 el presidente de la Agrupaci\u00f3n Sindical Juan Manuel de Rosas, Leonidas Requelme, mantuvo un extenso di\u00e1logo en el que abord\u00f3 los temas\u2026","rel":"","context":"En \u00abDESTACADAS\u00bb","block_context":{"text":"DESTACADAS","link":"https:\/\/larevistadigital.com.ar\/blog\/category\/destacadas\/"},"img":{"alt_text":"","src":"https:\/\/i0.wp.com\/larevistadigital.com.ar\/blog\/wp-content\/uploads\/2017\/09\/DSC_0395-2.jpg?fit=1200%2C795&ssl=1&resize=350%2C200","width":350,"height":200,"srcset":"https:\/\/i0.wp.com\/larevistadigital.com.ar\/blog\/wp-content\/uploads\/2017\/09\/DSC_0395-2.jpg?fit=1200%2C795&ssl=1&resize=350%2C200 1x, https:\/\/i0.wp.com\/larevistadigital.com.ar\/blog\/wp-content\/uploads\/2017\/09\/DSC_0395-2.jpg?fit=1200%2C795&ssl=1&resize=525%2C300 1.5x, https:\/\/i0.wp.com\/larevistadigital.com.ar\/blog\/wp-content\/uploads\/2017\/09\/DSC_0395-2.jpg?fit=1200%2C795&ssl=1&resize=700%2C400 2x, https:\/\/i0.wp.com\/larevistadigital.com.ar\/blog\/wp-content\/uploads\/2017\/09\/DSC_0395-2.jpg?fit=1200%2C795&ssl=1&resize=1050%2C600 3x"},"classes":[]},{"id":19369,"url":"https:\/\/larevistadigital.com.ar\/blog\/leonidas-requelme-se-refirio-a-la-normalizacion-de-la-obra-social-de-los-vigiladores-privados\/","url_meta":{"origin":18477,"position":1},"title":"LEONIDAS REQUELME CONTUNDENTE:  SE REFIRI\u00d3 A LA NORMALIZACI\u00d3N DE LA OBRA SOCIAL DE LOS VIGILADORES PRIVADOS Y CRITIC\u00d3 CON DUREZA A LOS OPORTUNISTAS","author":"Alejandro Sosa Ruda","date":"21 marzo, 2021","format":false,"excerpt":"En una entrevista mantenida con Mart\u00edn Oscar e Isa\u00edas Miranda en el programa \"Sonido Sindical de los Vigiladores\" que se emite por la\u00a0 FM Radio Bosques (104.5), el conductor y Secretario General de la U.P.S.R.A\u00a0 Leonidas Requelme hablaron de distintos temas, como la conformaci\u00f3n de los nuevos actores de la\u2026","rel":"","context":"En \u00abGREMIALES\u00bb","block_context":{"text":"GREMIALES","link":"https:\/\/larevistadigital.com.ar\/blog\/category\/gremiales\/"},"img":{"alt_text":"","src":"https:\/\/i0.wp.com\/larevistadigital.com.ar\/blog\/wp-content\/uploads\/Captura-de-pantalla-2021-03-21-180714.png?fit=1155%2C622&ssl=1&resize=350%2C200","width":350,"height":200,"srcset":"https:\/\/i0.wp.com\/larevistadigital.com.ar\/blog\/wp-content\/uploads\/Captura-de-pantalla-2021-03-21-180714.png?fit=1155%2C622&ssl=1&resize=350%2C200 1x, https:\/\/i0.wp.com\/larevistadigital.com.ar\/blog\/wp-content\/uploads\/Captura-de-pantalla-2021-03-21-180714.png?fit=1155%2C622&ssl=1&resize=525%2C300 1.5x, https:\/\/i0.wp.com\/larevistadigital.com.ar\/blog\/wp-content\/uploads\/Captura-de-pantalla-2021-03-21-180714.png?fit=1155%2C622&ssl=1&resize=700%2C400 2x, https:\/\/i0.wp.com\/larevistadigital.com.ar\/blog\/wp-content\/uploads\/Captura-de-pantalla-2021-03-21-180714.png?fit=1155%2C622&ssl=1&resize=1050%2C600 3x"},"classes":[]},{"id":41639,"url":"https:\/\/larevistadigital.com.ar\/blog\/upsra-cerro-la-paritaria-de-fin-de-ano-y-garantiza-nuevos-aumentos-para-los-vigiladores-privados\/","url_meta":{"origin":18477,"position":2},"title":"UPSRA cerr\u00f3 la paritaria de fin de a\u00f1o y garantiza nuevos aumentos para los vigiladores privados","author":"Alejandro Sosa Ruda","date":"24 septiembre, 2025","format":false,"excerpt":"El sindicato que conduce \u00c1ngel Garc\u00eda logr\u00f3 un acuerdo con la c\u00e1mara empresaria que asegura incrementos salariales hasta diciembre y una cl\u00e1usula de revisi\u00f3n para proteger los ingresos del sector. 24 de Septiembre de 2025 La Uni\u00f3n Personal de la Seguridad Privada (UPSRA) anunci\u00f3 el cierre de la paritaria correspondiente\u2026","rel":"","context":"En \u00abGREMIALES\u00bb","block_context":{"text":"GREMIALES","link":"https:\/\/larevistadigital.com.ar\/blog\/category\/gremiales\/"},"img":{"alt_text":"","src":"https:\/\/i0.wp.com\/larevistadigital.com.ar\/blog\/wp-content\/uploads\/UPSRA.jpg?fit=724%2C399&ssl=1&resize=350%2C200","width":350,"height":200,"srcset":"https:\/\/i0.wp.com\/larevistadigital.com.ar\/blog\/wp-content\/uploads\/UPSRA.jpg?fit=724%2C399&ssl=1&resize=350%2C200 1x, https:\/\/i0.wp.com\/larevistadigital.com.ar\/blog\/wp-content\/uploads\/UPSRA.jpg?fit=724%2C399&ssl=1&resize=525%2C300 1.5x, https:\/\/i0.wp.com\/larevistadigital.com.ar\/blog\/wp-content\/uploads\/UPSRA.jpg?fit=724%2C399&ssl=1&resize=700%2C400 2x"},"classes":[]},{"id":3294,"url":"https:\/\/larevistadigital.com.ar\/blog\/renovacion-gremial-el-periodista-eduardo-feinmann-aseguro-que-luego-de-la-detencion-del-caballo-suarez-ahora-siguen-victor-santamaria-y-garcia-de-seguridad\/","url_meta":{"origin":18477,"position":3},"title":"RENOVACI\u00d3N GREMIAL: EL PERIODISTA EDUARDO FEINMANN ASEGUR\u00d3 QUE LUEGO DE LA DETENCI\u00d3N DEL \u201cCABALLO\u201d SUAREZ, AHORA SIGUEN V\u00cdCTOR SANTAMAR\u00cdA Y \u201cGARC\u00cdA DE SEGURIDAD\u201d","author":"Alejandro Sosa Ruda","date":"12 septiembre, 2017","format":false,"excerpt":"En el programa que conduce Mirtha Legrand y se emite los s\u00e1bados por la noche por canal trece, el periodista Eduardo Feinmann asegur\u00f3 que \u201cle consta\u201d que el gobierno nacional, y el presidente Macri en particular, est\u00e1 seriamente comprometido a terminar con \u201clas mafias\u201d en los gremios de una vez\u2026","rel":"","context":"En \u00abDESTACADAS\u00bb","block_context":{"text":"DESTACADAS","link":"https:\/\/larevistadigital.com.ar\/blog\/category\/destacadas\/"},"img":{"alt_text":"","src":"https:\/\/i0.wp.com\/larevistadigital.com.ar\/blog\/wp-content\/uploads\/2017\/09\/0002203282.jpg?fit=611%2C308&ssl=1&resize=350%2C200","width":350,"height":200,"srcset":"https:\/\/i0.wp.com\/larevistadigital.com.ar\/blog\/wp-content\/uploads\/2017\/09\/0002203282.jpg?fit=611%2C308&ssl=1&resize=350%2C200 1x, https:\/\/i0.wp.com\/larevistadigital.com.ar\/blog\/wp-content\/uploads\/2017\/09\/0002203282.jpg?fit=611%2C308&ssl=1&resize=525%2C300 1.5x"},"classes":[]},{"id":33813,"url":"https:\/\/larevistadigital.com.ar\/blog\/fallecio-leonidas-requelme-lider-y-figura-del-gremio-de-los-vigiladores-privados\/","url_meta":{"origin":18477,"position":4},"title":"FALLECI\u00d3 LEONIDAS REQUELME, LIDER Y FIGURA DEL GREMIO DE LOS VIGILADORES PRIVADOS","author":"Alejandro Sosa Ruda","date":"4 octubre, 2023","format":false,"excerpt":"Fu\u00e9 quien logr\u00f3 terminar con la hegemon\u00eda de Angel Garc\u00eda, y comand\u00f3 la hist\u00f3rica agrupaci\u00f3n gremial \"Juan Manuel de Rosas\". 04 de Octubre de 2023 Lamentablemente nos toca comunicar la triste noticia del fallecimiento de un notable dirigente gremial, y mejor persona: Leonidas Requelme. \"Leo\", o el \"pelado\" como le\u2026","rel":"","context":"En \u00abDESTACADAS\u00bb","block_context":{"text":"DESTACADAS","link":"https:\/\/larevistadigital.com.ar\/blog\/category\/destacadas\/"},"img":{"alt_text":"","src":"https:\/\/i0.wp.com\/larevistadigital.com.ar\/blog\/wp-content\/uploads\/382597932_651873373725688_4889000063923714467_n.jpg?fit=886%2C664&ssl=1&resize=350%2C200","width":350,"height":200,"srcset":"https:\/\/i0.wp.com\/larevistadigital.com.ar\/blog\/wp-content\/uploads\/382597932_651873373725688_4889000063923714467_n.jpg?fit=886%2C664&ssl=1&resize=350%2C200 1x, https:\/\/i0.wp.com\/larevistadigital.com.ar\/blog\/wp-content\/uploads\/382597932_651873373725688_4889000063923714467_n.jpg?fit=886%2C664&ssl=1&resize=525%2C300 1.5x, https:\/\/i0.wp.com\/larevistadigital.com.ar\/blog\/wp-content\/uploads\/382597932_651873373725688_4889000063923714467_n.jpg?fit=886%2C664&ssl=1&resize=700%2C400 2x"},"classes":[]},{"id":13322,"url":"https:\/\/larevistadigital.com.ar\/blog\/leonidas-requelme-es-el-nuevo-secretario-general-de-los-vigiladores-privados\/","url_meta":{"origin":18477,"position":5},"title":"LEONIDAS REQUELME ES EL NUEVO SECRETARIO GENERAL DE LOS VIGILADORES PRIVADOS","author":"Alejandro Sosa Ruda","date":"21 noviembre, 2019","format":false,"excerpt":"Culminaron los comicios en U.P.S.R.A. que lo convierten en el nuevo Secretario General electo. Esto culmina un largo per\u00edodo en el que los vigiladores se vieron postergados, y tres a\u00f1os de intervenci\u00f3n ministerial. Hace instantes finaliz\u00f3 el acto eleccionario que se llev\u00f3 a cabo en la Uni\u00f3n del Personal de\u2026","rel":"","context":"En \u00abDESTACADAS\u00bb","block_context":{"text":"DESTACADAS","link":"https:\/\/larevistadigital.com.ar\/blog\/category\/destacadas\/"},"img":{"alt_text":"","src":"https:\/\/i0.wp.com\/larevistadigital.com.ar\/blog\/wp-content\/uploads\/70350077_2137839719851266_6556145578797957120_n.jpg?fit=488%2C479&ssl=1&resize=350%2C200","width":350,"height":200},"classes":[]}],"_links":{"self":[{"href":"https:\/\/larevistadigital.com.ar\/blog\/wp-json\/wp\/v2\/posts\/18477","targetHints":{"allow":["GET"]}}],"collection":[{"href":"https:\/\/larevistadigital.com.ar\/blog\/wp-json\/wp\/v2\/posts"}],"about":[{"href":"https:\/\/larevistadigital.com.ar\/blog\/wp-json\/wp\/v2\/types\/post"}],"author":[{"embeddable":true,"href":"https:\/\/larevistadigital.com.ar\/blog\/wp-json\/wp\/v2\/users\/3"}],"replies":[{"embeddable":true,"href":"https:\/\/larevistadigital.com.ar\/blog\/wp-json\/wp\/v2\/comments?post=18477"}],"version-history":[{"count":2,"href":"https:\/\/larevistadigital.com.ar\/blog\/wp-json\/wp\/v2\/posts\/18477\/revisions"}],"predecessor-version":[{"id":18482,"href":"https:\/\/larevistadigital.com.ar\/blog\/wp-json\/wp\/v2\/posts\/18477\/revisions\/18482"}],"wp:featuredmedia":[{"embeddable":true,"href":"https:\/\/larevistadigital.com.ar\/blog\/wp-json\/wp\/v2\/media\/18480"}],"wp:attachment":[{"href":"https:\/\/larevistadigital.com.ar\/blog\/wp-json\/wp\/v2\/media?parent=18477"}],"wp:term":[{"taxonomy":"category","embeddable":true,"href":"https:\/\/larevistadigital.com.ar\/blog\/wp-json\/wp\/v2\/categories?post=18477"},{"taxonomy":"post_tag","embeddable":true,"href":"https:\/\/larevistadigital.com.ar\/blog\/wp-json\/wp\/v2\/tags?post=18477"}],"curies":[{"name":"wp","href":"https:\/\/api.w.org\/{rel}","templated":true}]}}