{"id":18484,"date":"2021-01-05T12:12:00","date_gmt":"2021-01-05T12:12:00","guid":{"rendered":"https:\/\/larevistadigital.com.ar\/blog\/?p=18484"},"modified":"2021-01-05T12:12:00","modified_gmt":"2021-01-05T12:12:00","slug":"banco-santander-en-estado-de-alerta-habran-asambleas-sin-atencion-al-publico-el-jueves-y-el-viernes","status":"publish","type":"post","link":"https:\/\/larevistadigital.com.ar\/blog\/banco-santander-en-estado-de-alerta-habran-asambleas-sin-atencion-al-publico-el-jueves-y-el-viernes\/","title":{"rendered":"BANCO SANTANDER EN ESTADO DE ALERTA. HABR\u00c1N ASAMBLEAS SIN ATENCI\u00d3N AL P\u00daBLICO EL JUEVES Y EL VIERNES"},"content":{"rendered":"<p>La Comisi\u00f3n Gremial Interna, del Banco Santander as\u00ed como el Secretariado de Seccional Chascom\u00fas, avalan y acompa\u00f1an la medida de fuerza en los Bancos BBVA y Santander.<\/p>\n<p>Afirmaron adem\u00e1s, que <em><strong>\u00aben nuestra Seccional, el Santander AJUSTA y PRESIONA de modo extremo a nuestros compa\u00f1eros\u00bb.<\/strong> <\/em><br \/>\n<em><strong>\u00abBASTA<\/strong><\/em>.\u00bb<\/p>\n<p>Luego, dijeron que: <em><strong>\u00abEs AHORA cuando nos tenemos que hacer escuchar&#8230;\u00bb<\/strong><\/em><\/p>\n<p>&#x26d4; SUCURSALES CON 2 PERSONAS, sin posibilidad de relevos ni vacaciones<br \/>\n&#x26d4; Continua amenaza de cierre de sucursales<br \/>\n&#x26d4; Presiones y continuos reportes de ventas<\/p>\n<p><em><strong>\u00abEstamos desde el minuto 1 de esta Pandemia al frente de las sucursales, SIN RECONOCIMIENTO ALGUNO\u00bb.<\/strong><\/em><\/p>\n<p>La decisi\u00f3n de la comisi\u00f3n entonces, es realizar asambleas sin atender al p\u00fablico, los d\u00edas jueves 7 y viernes 8 de enero, en el horario de 11 a 13 horas.<\/p>\n<p><img data-recalc-dims=\"1\" loading=\"lazy\" decoding=\"async\" class=\"alignnone size-full wp-image-18485\" src=\"https:\/\/i0.wp.com\/larevistadigital.com.ar\/blog\/wp-content\/uploads\/WhatsApp-Image-2021-01-04-at-15.48.55-1v.jpg?resize=1080%2C1080&#038;ssl=1\" alt=\"\" width=\"1080\" height=\"1080\" srcset=\"https:\/\/i0.wp.com\/larevistadigital.com.ar\/blog\/wp-content\/uploads\/WhatsApp-Image-2021-01-04-at-15.48.55-1v.jpg?w=1080&amp;ssl=1 1080w, https:\/\/i0.wp.com\/larevistadigital.com.ar\/blog\/wp-content\/uploads\/WhatsApp-Image-2021-01-04-at-15.48.55-1v.jpg?resize=300%2C300&amp;ssl=1 300w, https:\/\/i0.wp.com\/larevistadigital.com.ar\/blog\/wp-content\/uploads\/WhatsApp-Image-2021-01-04-at-15.48.55-1v.jpg?resize=1024%2C1024&amp;ssl=1 1024w, https:\/\/i0.wp.com\/larevistadigital.com.ar\/blog\/wp-content\/uploads\/WhatsApp-Image-2021-01-04-at-15.48.55-1v.jpg?resize=150%2C150&amp;ssl=1 150w, https:\/\/i0.wp.com\/larevistadigital.com.ar\/blog\/wp-content\/uploads\/WhatsApp-Image-2021-01-04-at-15.48.55-1v.jpg?resize=768%2C768&amp;ssl=1 768w\" sizes=\"auto, (max-width: 1000px) 100vw, 1000px\" \/><\/p>\n","protected":false},"excerpt":{"rendered":"<div class=\"mh-excerpt\"><p>La Comisi\u00f3n Gremial Interna, del Banco Santander as\u00ed como el Secretariado de Seccional Chascom\u00fas, avalan y acompa\u00f1an la medida de fuerza en los Bancos BBVA y Santander. Afirmaron adem\u00e1s, que \u00aben nuestra Seccional, el Santander <a class=\"mh-excerpt-more\" href=\"https:\/\/larevistadigital.com.ar\/blog\/banco-santander-en-estado-de-alerta-habran-asambleas-sin-atencion-al-publico-el-jueves-y-el-viernes\/\" title=\"BANCO SANTANDER EN ESTADO DE ALERTA. HABR\u00c1N ASAMBLEAS SIN ATENCI\u00d3N AL P\u00daBLICO EL JUEVES Y EL VIERNES\">[Leer M\u00e1s]<\/a><\/p>\n<\/div>","protected":false},"author":3,"featured_media":18487,"comment_status":"open","ping_status":"open","sticky":false,"template":"","format":"standard","meta":{"_jetpack_memberships_contains_paid_content":false,"footnotes":"","jetpack_publicize_message":"","jetpack_publicize_feature_enabled":true,"jetpack_social_post_already_shared":true,"jetpack_social_options":{"image_generator_settings":{"template":"highway","default_image_id":0,"font":"","enabled":false},"version":2}},"categories":[6,10],"tags":[],"class_list":{"0":"post-18484","1":"post","2":"type-post","3":"status-publish","4":"format-standard","5":"has-post-thumbnail","7":"category-chascomus","8":"category-gremiales"},"jetpack_publicize_connections":[],"jetpack_featured_media_url":"https:\/\/i0.wp.com\/larevistadigital.com.ar\/blog\/wp-content\/uploads\/admin-ajax-1.jpg?fit=900%2C293&ssl=1","jetpack_sharing_enabled":true,"jetpack_shortlink":"https:\/\/wp.me\/p8qtrQ-4O8","jetpack-related-posts":[{"id":21692,"url":"https:\/\/larevistadigital.com.ar\/blog\/documento-del-delegado-general-del-banco-santander-andres-messina-y-sus-companeros-en-contra-del-ajuste\/","url_meta":{"origin":18484,"position":0},"title":"DOCUMENTO DEL DELEGADO GENERAL DEL BANCO SANTANDER, ANDR\u00c9S MESSINA Y SUS COMPA\u00d1EROS EN CONTRA DEL AJUSTE","author":"Alejandro Sosa Ruda","date":"25 agosto, 2021","format":false,"excerpt":"Como lo expresa el documento: \"Los trabajadores no pueden ser la variable de ajuste\", los delegados del Banco Santander, encabezados por el dirigente chascomunense Andr\u00e9s Messina, y con total respaldo del Secretariado de Chascom\u00fas, hicieron p\u00fablico un firme documento diciendo \"BASTA\" CHASCOM\u00daS -\u00a0En el marco de graves irregularidades cometidas por\u2026","rel":"","context":"En \u00abGREMIALES\u00bb","block_context":{"text":"GREMIALES","link":"https:\/\/larevistadigital.com.ar\/blog\/category\/gremiales\/"},"img":{"alt_text":"","src":"https:\/\/i0.wp.com\/larevistadigital.com.ar\/blog\/wp-content\/uploads\/81752253_1051720298497059_2452939806536105984_n.jpg?fit=1200%2C900&ssl=1&resize=350%2C200","width":350,"height":200,"srcset":"https:\/\/i0.wp.com\/larevistadigital.com.ar\/blog\/wp-content\/uploads\/81752253_1051720298497059_2452939806536105984_n.jpg?fit=1200%2C900&ssl=1&resize=350%2C200 1x, https:\/\/i0.wp.com\/larevistadigital.com.ar\/blog\/wp-content\/uploads\/81752253_1051720298497059_2452939806536105984_n.jpg?fit=1200%2C900&ssl=1&resize=525%2C300 1.5x, https:\/\/i0.wp.com\/larevistadigital.com.ar\/blog\/wp-content\/uploads\/81752253_1051720298497059_2452939806536105984_n.jpg?fit=1200%2C900&ssl=1&resize=700%2C400 2x, https:\/\/i0.wp.com\/larevistadigital.com.ar\/blog\/wp-content\/uploads\/81752253_1051720298497059_2452939806536105984_n.jpg?fit=1200%2C900&ssl=1&resize=1050%2C600 3x"},"classes":[]},{"id":12341,"url":"https:\/\/larevistadigital.com.ar\/blog\/la-bancaria-en-alerta-fuerte-comunicado-por-aprietes-en-el-banco-santander-rio\/","url_meta":{"origin":18484,"position":1},"title":"LA BANCARIA EN ALERTA: FUERTE COMUNICADO POR APRIETES EN EL BANCO SANTANDER RIO","author":"Alejandro Sosa Ruda","date":"27 septiembre, 2019","format":false,"excerpt":"Desde el gremio de los bancarios, particularmente en la Seccional Tucum\u00e1n, hicieron p\u00fablico un comunicado que deja en claro que no se van a tolerar acciones que vayan en perjuicio de los trabajadores, quedando en estado de ALERTA, dadas las circunstancias. AQU\u00cd EL COMUNICADO. Desde la Seccional Tucum\u00e1n de la\u2026","rel":"","context":"En \u00abGREMIALES\u00bb","block_context":{"text":"GREMIALES","link":"https:\/\/larevistadigital.com.ar\/blog\/category\/gremiales\/"},"img":{"alt_text":"","src":"https:\/\/i0.wp.com\/larevistadigital.com.ar\/blog\/wp-content\/uploads\/426738_20181122093737.jpg?fit=970%2C491&ssl=1&resize=350%2C200","width":350,"height":200,"srcset":"https:\/\/i0.wp.com\/larevistadigital.com.ar\/blog\/wp-content\/uploads\/426738_20181122093737.jpg?fit=970%2C491&ssl=1&resize=350%2C200 1x, https:\/\/i0.wp.com\/larevistadigital.com.ar\/blog\/wp-content\/uploads\/426738_20181122093737.jpg?fit=970%2C491&ssl=1&resize=525%2C300 1.5x, https:\/\/i0.wp.com\/larevistadigital.com.ar\/blog\/wp-content\/uploads\/426738_20181122093737.jpg?fit=970%2C491&ssl=1&resize=700%2C400 2x"},"classes":[]},{"id":34153,"url":"https:\/\/larevistadigital.com.ar\/blog\/chascomus-incluye-video-un-desafortunado-comentario-del-secretario-general-de-la-seccional-chascomus-de-los-bancarios-llevo-preocupacion-a-los-trabajadores-del-santander-aqui-narramos-como-fueron\/","url_meta":{"origin":18484,"position":2},"title":"CHASCOM\u00daS [INCLUYE VIDEO]: UN DESAFORTUNADO COMENTARIO DEL SEC. GRAL. DE LA SECCIONAL CHASCOM\u00daS DE LOS BANCARIOS LLEV\u00d3 PREOCUPACI\u00d3N A LOS TRABAJADORES DEL SANTANDER. AQU\u00cd NARRAMOS C\u00d3MO FUERON LOS HECHOS","author":"Alejandro Sosa Ruda","date":"20 octubre, 2023","format":false,"excerpt":"Una desafortunada frase del Secretario General de los Bancarios en Chascom\u00fas, Fernando Latorre, durante una reuni\u00f3n v\u00eda Zoom, llev\u00f3 desaz\u00f3n a los trabajadores bancarios del Santander. La delegada general Xoana Cerillano hizo lo debido, y confirm\u00f3 que no hay peligro de cierre. 20 de Octubre de 2023 CHASCOM\u00daS -\u00a0 Algunas\u2026","rel":"","context":"En \u00abCHASCOM\u00daS\u00bb","block_context":{"text":"CHASCOM\u00daS","link":"https:\/\/larevistadigital.com.ar\/blog\/category\/chascomus\/"},"img":{"alt_text":"","src":"https:\/\/i0.wp.com\/larevistadigital.com.ar\/blog\/wp-content\/uploads\/WhatsApp-Image-2023-10-19-at-13.19.19.jpeg?fit=1200%2C900&ssl=1&resize=350%2C200","width":350,"height":200,"srcset":"https:\/\/i0.wp.com\/larevistadigital.com.ar\/blog\/wp-content\/uploads\/WhatsApp-Image-2023-10-19-at-13.19.19.jpeg?fit=1200%2C900&ssl=1&resize=350%2C200 1x, https:\/\/i0.wp.com\/larevistadigital.com.ar\/blog\/wp-content\/uploads\/WhatsApp-Image-2023-10-19-at-13.19.19.jpeg?fit=1200%2C900&ssl=1&resize=525%2C300 1.5x, https:\/\/i0.wp.com\/larevistadigital.com.ar\/blog\/wp-content\/uploads\/WhatsApp-Image-2023-10-19-at-13.19.19.jpeg?fit=1200%2C900&ssl=1&resize=700%2C400 2x, https:\/\/i0.wp.com\/larevistadigital.com.ar\/blog\/wp-content\/uploads\/WhatsApp-Image-2023-10-19-at-13.19.19.jpeg?fit=1200%2C900&ssl=1&resize=1050%2C600 3x"},"classes":[]},{"id":18762,"url":"https:\/\/larevistadigital.com.ar\/blog\/la-intervencion-del-dirigente-bancario-juan-emilio-pallo-dio-resultado-y-el-gerente-zonal-de-banco-nacion-dio-marcha-atras\/","url_meta":{"origin":18484,"position":3},"title":"LA INTERVENCI\u00d3N DEL DIRIGENTE BANCARIO JUAN EMILIO PALLO, DIO RESULTADO Y EL GERENTE ZONAL DE BANCO NACI\u00d3N DIO MARCHA ATR\u00c1S CON UNA POL\u00c9MICA MEDIDA","author":"Alejandro Sosa Ruda","date":"8 febrero, 2021","format":false,"excerpt":"La r\u00e1pida reacci\u00f3n del dirigente nacional bancario Juan Emilio Pallo, logr\u00f3 hacer reflexionar al gerente zonal (Zona Dolores Banco Naci\u00f3n) Pablo Madrid, dando marcha atr\u00e1s con su pol\u00e9mica y peligrosa actitud. Aqu\u00ed las notas y los detalles. Luego de la nota que escribi\u00f3 el dirigente nacional de La Bancaria, Juan\u2026","rel":"","context":"En \u00abDESTACADAS\u00bb","block_context":{"text":"DESTACADAS","link":"https:\/\/larevistadigital.com.ar\/blog\/category\/destacadas\/"},"img":{"alt_text":"","src":"https:\/\/i0.wp.com\/larevistadigital.com.ar\/blog\/wp-content\/uploads\/bancaria_08denoviembrede2017_elfuerte.jpg?fit=737%2C415&ssl=1&resize=350%2C200","width":350,"height":200,"srcset":"https:\/\/i0.wp.com\/larevistadigital.com.ar\/blog\/wp-content\/uploads\/bancaria_08denoviembrede2017_elfuerte.jpg?fit=737%2C415&ssl=1&resize=350%2C200 1x, https:\/\/i0.wp.com\/larevistadigital.com.ar\/blog\/wp-content\/uploads\/bancaria_08denoviembrede2017_elfuerte.jpg?fit=737%2C415&ssl=1&resize=525%2C300 1.5x, https:\/\/i0.wp.com\/larevistadigital.com.ar\/blog\/wp-content\/uploads\/bancaria_08denoviembrede2017_elfuerte.jpg?fit=737%2C415&ssl=1&resize=700%2C400 2x"},"classes":[]},{"id":13631,"url":"https:\/\/larevistadigital.com.ar\/blog\/xoana-cerillano-y-andres-messina-fueron-nuevamente-elegidos-como-delegados-del-banco-santander\/","url_meta":{"origin":18484,"position":4},"title":"XOANA CERILLANO Y ANDR\u00c9S MESSINA FUERON NUEVAMENTE ELEGIDOS COMO DELEGADOS DEL BANCO SANTANDER","author":"Alejandro Sosa Ruda","date":"12 diciembre, 2019","format":false,"excerpt":"Nuestros vecinos Xoana Cerillano y Andr\u00e9s Messina, han sido nuevamente elegidos como delegados del Banco Santander en Seccional Chascom\u00fas. La Revista Digital, quiere no solo publicar la noticia, sin\u00f3 tambi\u00e9n felicitar a ambos, por su trabajo, compromiso y dedicaci\u00f3n gremial y con la sociedad toda, ya que en tiempos en\u2026","rel":"","context":"En \u00abGREMIALES\u00bb","block_context":{"text":"GREMIALES","link":"https:\/\/larevistadigital.com.ar\/blog\/category\/gremiales\/"},"img":{"alt_text":"","src":"https:\/\/i0.wp.com\/larevistadigital.com.ar\/blog\/wp-content\/uploads\/79908155_2659839697395092_6717767495953940480_n.jpg?fit=559%2C586&ssl=1&resize=350%2C200","width":350,"height":200,"srcset":"https:\/\/i0.wp.com\/larevistadigital.com.ar\/blog\/wp-content\/uploads\/79908155_2659839697395092_6717767495953940480_n.jpg?fit=559%2C586&ssl=1&resize=350%2C200 1x, https:\/\/i0.wp.com\/larevistadigital.com.ar\/blog\/wp-content\/uploads\/79908155_2659839697395092_6717767495953940480_n.jpg?fit=559%2C586&ssl=1&resize=525%2C300 1.5x"},"classes":[]},{"id":28946,"url":"https:\/\/larevistadigital.com.ar\/blog\/andres-messina-dirigente-bancario-no-es-a-partir-de-las-elecciones-que-empezamos-a-caminar-y-preocuparnos-por-los-bancos\/","url_meta":{"origin":18484,"position":5},"title":"ANDR\u00c9S MESSINA: LOS BANCARIOS NO QUIEREN DIRIGENTES QUE USEN EL GREMIO CON FINES POL\u00cdTICOS\u00bb","author":"Alejandro Sosa Ruda","date":"22 noviembre, 2022","format":false,"excerpt":"El Secretario Adjunto y candidato por la lista 1, Celeste y Blanca no se guard\u00f3 nada, cont\u00f3 porqu\u00e9 hay internas, y habl\u00f3 de los antecedentes de la otra lista. 22 de noviembre de 2022 CHASCOM\u00daS -\u00a0 La Revista Digital mantuvo un interesante di\u00e1logo con el Secretario Adjunto de la Asociaci\u00f3n\u2026","rel":"","context":"En \u00abGREMIALES\u00bb","block_context":{"text":"GREMIALES","link":"https:\/\/larevistadigital.com.ar\/blog\/category\/gremiales\/"},"img":{"alt_text":"","src":"https:\/\/i0.wp.com\/larevistadigital.com.ar\/blog\/wp-content\/uploads\/andres-messina-2-scaled.jpg?fit=900%2C1200&ssl=1&resize=350%2C200","width":350,"height":200,"srcset":"https:\/\/i0.wp.com\/larevistadigital.com.ar\/blog\/wp-content\/uploads\/andres-messina-2-scaled.jpg?fit=900%2C1200&ssl=1&resize=350%2C200 1x, https:\/\/i0.wp.com\/larevistadigital.com.ar\/blog\/wp-content\/uploads\/andres-messina-2-scaled.jpg?fit=900%2C1200&ssl=1&resize=525%2C300 1.5x, https:\/\/i0.wp.com\/larevistadigital.com.ar\/blog\/wp-content\/uploads\/andres-messina-2-scaled.jpg?fit=900%2C1200&ssl=1&resize=700%2C400 2x"},"classes":[]}],"_links":{"self":[{"href":"https:\/\/larevistadigital.com.ar\/blog\/wp-json\/wp\/v2\/posts\/18484","targetHints":{"allow":["GET"]}}],"collection":[{"href":"https:\/\/larevistadigital.com.ar\/blog\/wp-json\/wp\/v2\/posts"}],"about":[{"href":"https:\/\/larevistadigital.com.ar\/blog\/wp-json\/wp\/v2\/types\/post"}],"author":[{"embeddable":true,"href":"https:\/\/larevistadigital.com.ar\/blog\/wp-json\/wp\/v2\/users\/3"}],"replies":[{"embeddable":true,"href":"https:\/\/larevistadigital.com.ar\/blog\/wp-json\/wp\/v2\/comments?post=18484"}],"version-history":[{"count":2,"href":"https:\/\/larevistadigital.com.ar\/blog\/wp-json\/wp\/v2\/posts\/18484\/revisions"}],"predecessor-version":[{"id":18488,"href":"https:\/\/larevistadigital.com.ar\/blog\/wp-json\/wp\/v2\/posts\/18484\/revisions\/18488"}],"wp:featuredmedia":[{"embeddable":true,"href":"https:\/\/larevistadigital.com.ar\/blog\/wp-json\/wp\/v2\/media\/18487"}],"wp:attachment":[{"href":"https:\/\/larevistadigital.com.ar\/blog\/wp-json\/wp\/v2\/media?parent=18484"}],"wp:term":[{"taxonomy":"category","embeddable":true,"href":"https:\/\/larevistadigital.com.ar\/blog\/wp-json\/wp\/v2\/categories?post=18484"},{"taxonomy":"post_tag","embeddable":true,"href":"https:\/\/larevistadigital.com.ar\/blog\/wp-json\/wp\/v2\/tags?post=18484"}],"curies":[{"name":"wp","href":"https:\/\/api.w.org\/{rel}","templated":true}]}}