{"id":18505,"date":"2021-01-05T21:14:45","date_gmt":"2021-01-05T21:14:45","guid":{"rendered":"https:\/\/larevistadigital.com.ar\/blog\/?p=18505"},"modified":"2021-01-05T21:14:45","modified_gmt":"2021-01-05T21:14:45","slug":"fuertes-tormentas-en-la-autovia-2-y-reportes-de-danos-en-brandsen","status":"publish","type":"post","link":"https:\/\/larevistadigital.com.ar\/blog\/fuertes-tormentas-en-la-autovia-2-y-reportes-de-danos-en-brandsen\/","title":{"rendered":"FUERTES TORMENTAS EN LA AUTOV\u00cdA 2 Y REPORTES DE DA\u00d1OS EN BRANDSEN"},"content":{"rendered":"<p>Tal como lo hab\u00edan anticipado las alertas meteorol\u00f3gicas, las tormentas se est\u00e1n desarrollando con diversa intensidad en distintos puntos de la provincia, y as\u00ed sucede en la autov\u00eda 2, donde hay fuertes temporales con lluvias, vientos y granizo.<\/p>\n<p>En particular, han habido reportes de da\u00f1os importantes en la localidad de Coronel Brandsen, con fuertes tormentas y vientos de gran magnitud.<\/p>\n<p><img data-recalc-dims=\"1\" loading=\"lazy\" decoding=\"async\" class=\"alignnone size-full wp-image-18507\" src=\"https:\/\/i0.wp.com\/larevistadigital.com.ar\/blog\/wp-content\/uploads\/Eq_ceH5XAAAQIx-.jpg?resize=1280%2C1019&#038;ssl=1\" alt=\"\" width=\"1280\" height=\"1019\" srcset=\"https:\/\/i0.wp.com\/larevistadigital.com.ar\/blog\/wp-content\/uploads\/Eq_ceH5XAAAQIx-.jpg?w=1280&amp;ssl=1 1280w, https:\/\/i0.wp.com\/larevistadigital.com.ar\/blog\/wp-content\/uploads\/Eq_ceH5XAAAQIx-.jpg?resize=300%2C239&amp;ssl=1 300w, https:\/\/i0.wp.com\/larevistadigital.com.ar\/blog\/wp-content\/uploads\/Eq_ceH5XAAAQIx-.jpg?resize=1024%2C815&amp;ssl=1 1024w, https:\/\/i0.wp.com\/larevistadigital.com.ar\/blog\/wp-content\/uploads\/Eq_ceH5XAAAQIx-.jpg?resize=768%2C611&amp;ssl=1 768w\" sizes=\"auto, (max-width: 1000px) 100vw, 1000px\" \/><strong>NOTICIA EN DESARROLLO<\/strong><\/p>\n","protected":false},"excerpt":{"rendered":"<div class=\"mh-excerpt\"><p>Tal como lo hab\u00edan anticipado las alertas meteorol\u00f3gicas, las tormentas se est\u00e1n desarrollando con diversa intensidad en distintos puntos de la provincia, y as\u00ed sucede en la autov\u00eda 2, donde hay fuertes temporales con lluvias, <a class=\"mh-excerpt-more\" href=\"https:\/\/larevistadigital.com.ar\/blog\/fuertes-tormentas-en-la-autovia-2-y-reportes-de-danos-en-brandsen\/\" title=\"FUERTES TORMENTAS EN LA AUTOV\u00cdA 2 Y REPORTES DE DA\u00d1OS EN BRANDSEN\">[Leer M\u00e1s]<\/a><\/p>\n<\/div>","protected":false},"author":3,"featured_media":18506,"comment_status":"open","ping_status":"open","sticky":false,"template":"","format":"standard","meta":{"_jetpack_memberships_contains_paid_content":false,"footnotes":"","jetpack_publicize_message":"","jetpack_publicize_feature_enabled":true,"jetpack_social_post_already_shared":true,"jetpack_social_options":{"image_generator_settings":{"template":"highway","default_image_id":0,"font":"","enabled":false},"version":2}},"categories":[51],"tags":[],"class_list":{"0":"post-18505","1":"post","2":"type-post","3":"status-publish","4":"format-standard","5":"has-post-thumbnail","7":"category-regionales"},"jetpack_publicize_connections":[],"jetpack_featured_media_url":"https:\/\/i0.wp.com\/larevistadigital.com.ar\/blog\/wp-content\/uploads\/Eq_ceH0XcAEGH-.jpg?fit=1080%2C855&ssl=1","jetpack_sharing_enabled":true,"jetpack_shortlink":"https:\/\/wp.me\/p8qtrQ-4Ot","jetpack-related-posts":[{"id":16707,"url":"https:\/\/larevistadigital.com.ar\/blog\/alerta-meteorologico-por-fuertes-vientos-y-lluvias-para-la-region-dolores-la-costa-gral-conesa-pinamar-y-villa-gesell\/","url_meta":{"origin":18505,"position":0},"title":"ALERTA METEOROL\u00d3GICO POR FUERTES VIENTOS Y LLUVIAS PARA LA REGI\u00d3N (DOLORES, LA COSTA, GRAL. CONESA, PINAMAR Y VILLA GESELL)","author":"Alejandro Sosa Ruda","date":"5 octubre, 2020","format":false,"excerpt":"El Servicio Meteorol\u00f3gico Nacional emiti\u00f3 dos alertas que alcanzan al este y sudeste de la Provincia de Buenos Aires. En uno se pronostica vientos intensos y el otro\u00a0lluvias y tormentas. Seg\u00fan el reporte se esperan r\u00e1fagas de viento con una intensidad de entre 50 y 70 kil\u00f3metros por hora y\u2026","rel":"","context":"En \u00abREGIONALES\u00bb","block_context":{"text":"REGIONALES","link":"https:\/\/larevistadigital.com.ar\/blog\/category\/regionales\/"},"img":{"alt_text":"","src":"https:\/\/i0.wp.com\/larevistadigital.com.ar\/blog\/wp-content\/uploads\/ALERTA-METEOROLOGICO.jpg?fit=1140%2C758&ssl=1&resize=350%2C200","width":350,"height":200,"srcset":"https:\/\/i0.wp.com\/larevistadigital.com.ar\/blog\/wp-content\/uploads\/ALERTA-METEOROLOGICO.jpg?fit=1140%2C758&ssl=1&resize=350%2C200 1x, https:\/\/i0.wp.com\/larevistadigital.com.ar\/blog\/wp-content\/uploads\/ALERTA-METEOROLOGICO.jpg?fit=1140%2C758&ssl=1&resize=525%2C300 1.5x, https:\/\/i0.wp.com\/larevistadigital.com.ar\/blog\/wp-content\/uploads\/ALERTA-METEOROLOGICO.jpg?fit=1140%2C758&ssl=1&resize=700%2C400 2x, https:\/\/i0.wp.com\/larevistadigital.com.ar\/blog\/wp-content\/uploads\/ALERTA-METEOROLOGICO.jpg?fit=1140%2C758&ssl=1&resize=1050%2C600 3x"},"classes":[]},{"id":4619,"url":"https:\/\/larevistadigital.com.ar\/blog\/alerta-tormentas-granizo\/","url_meta":{"origin":18505,"position":1},"title":"ALERTA DE TORMENTAS Y GRANIZO","author":"Alejandro Sosa Ruda","date":"22 enero, 2018","format":false,"excerpt":"LA MUNICIPALIDAD DE CHASCOM\u00daS, DI\u00d3 AVISO MEDIANTE UN COMUNICADO AL GRUPO DE WHATS APP DE LOS MEDIOS DE PRENSA, EN EL QUE SEG\u00daN SE ADVIERTE HAY UNA ALERTA METEOROL\u00d3GICA QUE TEXTUALMENTE DICE LO SIGUIENTE: AVISO METEOROL\u00d3GICO A MUY CORTO PLAZO N\u00b0 101 PARA AYACUCHO - BRANDSEN - CASTELLI - CA\u00d1UELAS\u2026","rel":"","context":"En \u00abDESTACADAS\u00bb","block_context":{"text":"DESTACADAS","link":"https:\/\/larevistadigital.com.ar\/blog\/category\/destacadas\/"},"img":{"alt_text":"","src":"https:\/\/i0.wp.com\/larevistadigital.com.ar\/blog\/wp-content\/uploads\/2018\/01\/594bd18433530_crop.jpg?fit=755%2C504&ssl=1&resize=350%2C200","width":350,"height":200,"srcset":"https:\/\/i0.wp.com\/larevistadigital.com.ar\/blog\/wp-content\/uploads\/2018\/01\/594bd18433530_crop.jpg?fit=755%2C504&ssl=1&resize=350%2C200 1x, https:\/\/i0.wp.com\/larevistadigital.com.ar\/blog\/wp-content\/uploads\/2018\/01\/594bd18433530_crop.jpg?fit=755%2C504&ssl=1&resize=525%2C300 1.5x, https:\/\/i0.wp.com\/larevistadigital.com.ar\/blog\/wp-content\/uploads\/2018\/01\/594bd18433530_crop.jpg?fit=755%2C504&ssl=1&resize=700%2C400 2x"},"classes":[]},{"id":18421,"url":"https:\/\/larevistadigital.com.ar\/blog\/mar-del-plata-y-la-zona-alerta-meteorologico-por-vientos-de-hasta-80-km-por-hora\/","url_meta":{"origin":18505,"position":2},"title":"MAR DEL PLATA Y LA ZONA: ALERTA METEOROL\u00d3GICO POR VIENTOS DE HASTA 80 KM. POR HORA","author":"Alejandro Sosa Ruda","date":"30 diciembre, 2020","format":false,"excerpt":"El alerta amarillo abarca la zona de General Pueyrredon, General Alvarado y\u00a0Mar Chiquita. El\u00a0Servicio Meteorol\u00f3gico Nacional (SMN)\u00a0renov\u00f3 el alerta por tormentas y fuertes vientos que rige para \u00a0General Pueyrredon, General Alvarado y\u00a0Mar Chiquita. En el informe emitido a las 8 de este mi\u00e9rcoles, el SMN advierte la presencia por la\u2026","rel":"","context":"En \u00abREGIONALES\u00bb","block_context":{"text":"REGIONALES","link":"https:\/\/larevistadigital.com.ar\/blog\/category\/regionales\/"},"img":{"alt_text":"","src":"https:\/\/i0.wp.com\/larevistadigital.com.ar\/blog\/wp-content\/uploads\/Screenshot_3-65.jpg?fit=997%2C557&ssl=1&resize=350%2C200","width":350,"height":200,"srcset":"https:\/\/i0.wp.com\/larevistadigital.com.ar\/blog\/wp-content\/uploads\/Screenshot_3-65.jpg?fit=997%2C557&ssl=1&resize=350%2C200 1x, https:\/\/i0.wp.com\/larevistadigital.com.ar\/blog\/wp-content\/uploads\/Screenshot_3-65.jpg?fit=997%2C557&ssl=1&resize=525%2C300 1.5x, https:\/\/i0.wp.com\/larevistadigital.com.ar\/blog\/wp-content\/uploads\/Screenshot_3-65.jpg?fit=997%2C557&ssl=1&resize=700%2C400 2x"},"classes":[]},{"id":18202,"url":"https:\/\/larevistadigital.com.ar\/blog\/mar-del-plata-pronostican-35-hay-alerta-por-fuertes-vientos-y-tormantas-para-manana\/","url_meta":{"origin":18505,"position":3},"title":"MAR DEL PLATA: PRONOSTICAN 35\u00b0, HAY ALERTA POR FUERTES VIENTOS Y TORMANTAS PARA MA\u00d1ANA","author":"Alejandro Sosa Ruda","date":"18 diciembre, 2020","format":false,"excerpt":"La alerta fue emitida por el Servicio Meteorol\u00f3gico Nacional. Las r\u00e1fagas superar\u00edan los 80 kil\u00f3metro por hora. Para este s\u00e1bado se pronostican tormentas aisladas y chaparrones. El Servicio Meteorol\u00f3gico Nacional emiti\u00f3 hoy un\u00a0alerta por \u201cfuertes vientos\u201d\u00a0que incluye a Mar del Plata y la zona, donde la temperatura m\u00e1xima pronosticada para\u2026","rel":"","context":"En \u00abREGIONALES\u00bb","block_context":{"text":"REGIONALES","link":"https:\/\/larevistadigital.com.ar\/blog\/category\/regionales\/"},"img":{"alt_text":"","src":"https:\/\/i0.wp.com\/larevistadigital.com.ar\/blog\/wp-content\/uploads\/ALERTA-METEOROLOGICO.jpg?fit=1140%2C758&ssl=1&resize=350%2C200","width":350,"height":200,"srcset":"https:\/\/i0.wp.com\/larevistadigital.com.ar\/blog\/wp-content\/uploads\/ALERTA-METEOROLOGICO.jpg?fit=1140%2C758&ssl=1&resize=350%2C200 1x, https:\/\/i0.wp.com\/larevistadigital.com.ar\/blog\/wp-content\/uploads\/ALERTA-METEOROLOGICO.jpg?fit=1140%2C758&ssl=1&resize=525%2C300 1.5x, https:\/\/i0.wp.com\/larevistadigital.com.ar\/blog\/wp-content\/uploads\/ALERTA-METEOROLOGICO.jpg?fit=1140%2C758&ssl=1&resize=700%2C400 2x, https:\/\/i0.wp.com\/larevistadigital.com.ar\/blog\/wp-content\/uploads\/ALERTA-METEOROLOGICO.jpg?fit=1140%2C758&ssl=1&resize=1050%2C600 3x"},"classes":[]},{"id":21911,"url":"https:\/\/larevistadigital.com.ar\/blog\/alerta-del-servicio-meteorologico-por-fuertes-vientos-y-sudestada-en-el-partido-de-la-costa-villa-gesell-y-pinamar\/","url_meta":{"origin":18505,"position":4},"title":"ALERTA DEL SERVICIO METEOROL\u00d3GICO POR FUERTES VIENTOS Y SUDESTADA EN EL PARTIDO DE LA COSTA, VILLA GESELL Y PINAMAR","author":"Alejandro Sosa Ruda","date":"8 septiembre, 2021","format":false,"excerpt":"Desde el Servicio Meteorol\u00f3gico Nacional se emiti\u00f3 un alerta AMARILLO, para este mi\u00e9rcoles por fuertes tormentas y r\u00e1fagas de viento para la costa atl\u00e1ntica con precipitaciones que superar\u00edan los 60 mil\u00edmetros. Tambi\u00e9n se emiti\u00f3 otra alerta para la zona del Partido de la Costa, Pinamar y Villa Gesell por vientos\u2026","rel":"","context":"En \u00abREGIONALES\u00bb","block_context":{"text":"REGIONALES","link":"https:\/\/larevistadigital.com.ar\/blog\/category\/regionales\/"},"img":{"alt_text":"","src":"https:\/\/i0.wp.com\/larevistadigital.com.ar\/blog\/wp-content\/uploads\/1604499542695.jpg?fit=1200%2C675&ssl=1&resize=350%2C200","width":350,"height":200,"srcset":"https:\/\/i0.wp.com\/larevistadigital.com.ar\/blog\/wp-content\/uploads\/1604499542695.jpg?fit=1200%2C675&ssl=1&resize=350%2C200 1x, https:\/\/i0.wp.com\/larevistadigital.com.ar\/blog\/wp-content\/uploads\/1604499542695.jpg?fit=1200%2C675&ssl=1&resize=525%2C300 1.5x, https:\/\/i0.wp.com\/larevistadigital.com.ar\/blog\/wp-content\/uploads\/1604499542695.jpg?fit=1200%2C675&ssl=1&resize=700%2C400 2x, https:\/\/i0.wp.com\/larevistadigital.com.ar\/blog\/wp-content\/uploads\/1604499542695.jpg?fit=1200%2C675&ssl=1&resize=1050%2C600 3x"},"classes":[]},{"id":39200,"url":"https:\/\/larevistadigital.com.ar\/blog\/alertas-por-tormentas-y-vientos-en-toda-la-region-y-gran-parte-del-pais\/","url_meta":{"origin":18505,"position":5},"title":"Alertas por tormentas y vientos en toda la regi\u00f3n y gran parte del pa\u00eds","author":"Alejandro Sosa Ruda","date":"30 marzo, 2025","format":false,"excerpt":"Se recomienda no salir, y tomar precauciones. 30 de Marzo de 2025 BUENOS AIRES -\u00a0 El Servicio Meteorol\u00f3gico Nacional (SMN) ha emitido una alerta amarilla que afecta a varias localidades de la regi\u00f3n, incluyendo Tordillo, Dolores, Castelli, Lezama, Pila y Chascom\u00fas. Se prev\u00e9 la llegada de tormentas de variada intensidad,\u2026","rel":"","context":"En \u00abDESTACADAS\u00bb","block_context":{"text":"DESTACADAS","link":"https:\/\/larevistadigital.com.ar\/blog\/category\/destacadas\/"},"img":{"alt_text":"","src":"https:\/\/i0.wp.com\/larevistadigital.com.ar\/blog\/wp-content\/uploads\/ALERTA-METEOROLOGICO.jpg?fit=1140%2C758&ssl=1&resize=350%2C200","width":350,"height":200,"srcset":"https:\/\/i0.wp.com\/larevistadigital.com.ar\/blog\/wp-content\/uploads\/ALERTA-METEOROLOGICO.jpg?fit=1140%2C758&ssl=1&resize=350%2C200 1x, https:\/\/i0.wp.com\/larevistadigital.com.ar\/blog\/wp-content\/uploads\/ALERTA-METEOROLOGICO.jpg?fit=1140%2C758&ssl=1&resize=525%2C300 1.5x, https:\/\/i0.wp.com\/larevistadigital.com.ar\/blog\/wp-content\/uploads\/ALERTA-METEOROLOGICO.jpg?fit=1140%2C758&ssl=1&resize=700%2C400 2x, https:\/\/i0.wp.com\/larevistadigital.com.ar\/blog\/wp-content\/uploads\/ALERTA-METEOROLOGICO.jpg?fit=1140%2C758&ssl=1&resize=1050%2C600 3x"},"classes":[]}],"_links":{"self":[{"href":"https:\/\/larevistadigital.com.ar\/blog\/wp-json\/wp\/v2\/posts\/18505","targetHints":{"allow":["GET"]}}],"collection":[{"href":"https:\/\/larevistadigital.com.ar\/blog\/wp-json\/wp\/v2\/posts"}],"about":[{"href":"https:\/\/larevistadigital.com.ar\/blog\/wp-json\/wp\/v2\/types\/post"}],"author":[{"embeddable":true,"href":"https:\/\/larevistadigital.com.ar\/blog\/wp-json\/wp\/v2\/users\/3"}],"replies":[{"embeddable":true,"href":"https:\/\/larevistadigital.com.ar\/blog\/wp-json\/wp\/v2\/comments?post=18505"}],"version-history":[{"count":1,"href":"https:\/\/larevistadigital.com.ar\/blog\/wp-json\/wp\/v2\/posts\/18505\/revisions"}],"predecessor-version":[{"id":18508,"href":"https:\/\/larevistadigital.com.ar\/blog\/wp-json\/wp\/v2\/posts\/18505\/revisions\/18508"}],"wp:featuredmedia":[{"embeddable":true,"href":"https:\/\/larevistadigital.com.ar\/blog\/wp-json\/wp\/v2\/media\/18506"}],"wp:attachment":[{"href":"https:\/\/larevistadigital.com.ar\/blog\/wp-json\/wp\/v2\/media?parent=18505"}],"wp:term":[{"taxonomy":"category","embeddable":true,"href":"https:\/\/larevistadigital.com.ar\/blog\/wp-json\/wp\/v2\/categories?post=18505"},{"taxonomy":"post_tag","embeddable":true,"href":"https:\/\/larevistadigital.com.ar\/blog\/wp-json\/wp\/v2\/tags?post=18505"}],"curies":[{"name":"wp","href":"https:\/\/api.w.org\/{rel}","templated":true}]}}