{"id":18509,"date":"2021-01-05T21:28:29","date_gmt":"2021-01-05T21:28:29","guid":{"rendered":"https:\/\/larevistadigital.com.ar\/blog\/?p=18509"},"modified":"2021-01-05T21:28:29","modified_gmt":"2021-01-05T21:28:29","slug":"peligro-volco-camion-con-vacas-y-los-animales-quedaron-sueltos-por-la-autopista","status":"publish","type":"post","link":"https:\/\/larevistadigital.com.ar\/blog\/peligro-volco-camion-con-vacas-y-los-animales-quedaron-sueltos-por-la-autopista\/","title":{"rendered":"PELIGRO: VOLC\u00d3 CAMI\u00d3N CON VACAS Y LOS ANIMALES QUEDARON SUELTOS POR LA AUTOPISTA"},"content":{"rendered":"<p><strong>EZEIZA &#8211;<\/strong> La tormenta que est\u00e1 azotando distintos puntos de la provincia de Buenos Aires, entre otras cosas provoc\u00f3 el vuelco de un cami\u00f3n que trasladaba vacas, en la autopista Jorge Newbery, ocasionando que los animales est\u00e9n sueltos y caminando por la mencionada autov\u00eda con el peligro que eso representa para los veh\u00edculos que circulan por ese lugar.<\/p>\n<p>TN mostr\u00f3 las im\u00e1genes de los animales circulando por la ruta, mientras los testigos que pasaban con sus autos no pod\u00edan creer lo que estaban viendo.<\/p>\n<p>Las autoridades est\u00e1n tratando de solucionar el peligroso problema con la mayor celeridad\u00a0 posible, antes que sea demasiado tarde.<\/p>\n<p>im\u00e1gen ilustrativa<\/p>\n<p>AMPLIAREMOS<\/p>\n<p>(NOTICIA EN DESARROLLO)<\/p>\n","protected":false},"excerpt":{"rendered":"<div class=\"mh-excerpt\"><p>EZEIZA &#8211; La tormenta que est\u00e1 azotando distintos puntos de la provincia de Buenos Aires, entre otras cosas provoc\u00f3 el vuelco de un cami\u00f3n que trasladaba vacas, en la autopista Jorge Newbery, ocasionando que los <a class=\"mh-excerpt-more\" href=\"https:\/\/larevistadigital.com.ar\/blog\/peligro-volco-camion-con-vacas-y-los-animales-quedaron-sueltos-por-la-autopista\/\" title=\"PELIGRO: VOLC\u00d3 CAMI\u00d3N CON VACAS Y LOS ANIMALES QUEDARON SUELTOS POR LA AUTOPISTA\">[Leer M\u00e1s]<\/a><\/p>\n<\/div>","protected":false},"author":3,"featured_media":18510,"comment_status":"open","ping_status":"open","sticky":false,"template":"","format":"standard","meta":{"_jetpack_memberships_contains_paid_content":false,"footnotes":"","jetpack_publicize_message":"","jetpack_publicize_feature_enabled":true,"jetpack_social_post_already_shared":true,"jetpack_social_options":{"image_generator_settings":{"template":"highway","default_image_id":0,"font":"","enabled":false},"version":2}},"categories":[50],"tags":[],"class_list":{"0":"post-18509","1":"post","2":"type-post","3":"status-publish","4":"format-standard","5":"has-post-thumbnail","7":"category-interes-general"},"jetpack_publicize_connections":[],"jetpack_featured_media_url":"https:\/\/i0.wp.com\/larevistadigital.com.ar\/blog\/wp-content\/uploads\/1553577287109.jpg?fit=804%2C502&ssl=1","jetpack_sharing_enabled":true,"jetpack_shortlink":"https:\/\/wp.me\/p8qtrQ-4Ox","jetpack-related-posts":[{"id":32753,"url":"https:\/\/larevistadigital.com.ar\/blog\/volco-un-camion-en-la-ruta-7-y-vecinos-faenaron-vacas-en-las-banquinas\/","url_meta":{"origin":18509,"position":0},"title":"VOLC\u00d3 UN CAMI\u00d3N EN LA RUTA 7 Y VECINOS FAENARON VACAS EN LAS BANQUINAS","author":"Alejandro Sosa Ruda","date":"4 agosto, 2023","format":false,"excerpt":"Tras el vuelco, varias de las vacas sufrieron heridas o perdieron la vida. Algunos vecinos y automovilistas vieron la oportunidad de aprovechar la situaci\u00f3n y saquearon la carga del cami\u00f3n. 3 de agosto de 2023 JUNIN -\u00a0 Un cami\u00f3n jaula que transportaba m\u00e1s de una decena de vacas volc\u00f3 en\u2026","rel":"","context":"En \u00abPOLICIALES\u00bb","block_context":{"text":"POLICIALES","link":"https:\/\/larevistadigital.com.ar\/blog\/category\/policiales\/"},"img":{"alt_text":"","src":"https:\/\/i0.wp.com\/larevistadigital.com.ar\/blog\/wp-content\/uploads\/20230803173637_vacas-camion-ruta-7.jpg?fit=880%2C512&ssl=1&resize=350%2C200","width":350,"height":200,"srcset":"https:\/\/i0.wp.com\/larevistadigital.com.ar\/blog\/wp-content\/uploads\/20230803173637_vacas-camion-ruta-7.jpg?fit=880%2C512&ssl=1&resize=350%2C200 1x, https:\/\/i0.wp.com\/larevistadigital.com.ar\/blog\/wp-content\/uploads\/20230803173637_vacas-camion-ruta-7.jpg?fit=880%2C512&ssl=1&resize=525%2C300 1.5x, https:\/\/i0.wp.com\/larevistadigital.com.ar\/blog\/wp-content\/uploads\/20230803173637_vacas-camion-ruta-7.jpg?fit=880%2C512&ssl=1&resize=700%2C400 2x"},"classes":[]},{"id":37660,"url":"https:\/\/larevistadigital.com.ar\/blog\/saqueo-de-ganado-tras-el-vuelco-de-un-camion-en-la-autopista-ruta-8-y-ruta-provincial-n-32\/","url_meta":{"origin":18509,"position":1},"title":"Saqueo de ganado tras el vuelco de un cami\u00f3n en la Autopista Ruta 8 y Ruta Provincial N\u00b0 32","author":"Alejandro Sosa Ruda","date":"30 octubre, 2024","format":false,"excerpt":"Un cami\u00f3n cargado con ganado vacuno volc\u00f3 este martes en la bajada de la Ruta Provincial 32, cerca de la Autopista Ruta 8. La noticia del accidente se propag\u00f3 r\u00e1pidamente, atrayendo a una multitud de personas de la zona que llegaron en motos, autom\u00f3viles y camionetas con el objetivo de\u2026","rel":"","context":"En \u00abINTERES GENERAL\u00bb","block_context":{"text":"INTERES GENERAL","link":"https:\/\/larevistadigital.com.ar\/blog\/category\/interes-general\/"},"img":{"alt_text":"","src":"https:\/\/i0.wp.com\/larevistadigital.com.ar\/blog\/wp-content\/uploads\/20241030092948_saqueo-ganado-vuelco-camion-pergamino.jpg?fit=880%2C512&ssl=1&resize=350%2C200","width":350,"height":200,"srcset":"https:\/\/i0.wp.com\/larevistadigital.com.ar\/blog\/wp-content\/uploads\/20241030092948_saqueo-ganado-vuelco-camion-pergamino.jpg?fit=880%2C512&ssl=1&resize=350%2C200 1x, https:\/\/i0.wp.com\/larevistadigital.com.ar\/blog\/wp-content\/uploads\/20241030092948_saqueo-ganado-vuelco-camion-pergamino.jpg?fit=880%2C512&ssl=1&resize=525%2C300 1.5x, https:\/\/i0.wp.com\/larevistadigital.com.ar\/blog\/wp-content\/uploads\/20241030092948_saqueo-ganado-vuelco-camion-pergamino.jpg?fit=880%2C512&ssl=1&resize=700%2C400 2x"},"classes":[]},{"id":23717,"url":"https:\/\/larevistadigital.com.ar\/blog\/atencion-pumas-sueltos-en-un-camino-rural-que-se-accede-desde-la-ruta-88-y-que-suele-ser-circulado-por-ciclistas\/","url_meta":{"origin":18509,"position":2},"title":"ATENCI\u00d3N: PUMAS SUELTOS EN UN CAMINO RURAL QUE SE ACCEDE DESDE LA RUTA 88 Y QUE SUELE SER CIRCULADO POR CICLISTAS","author":"Alejandro Sosa Ruda","date":"31 enero, 2022","format":false,"excerpt":"Una mujer logr\u00f3 retratar a uno de los animales cuando circulaba por un camino rural al que se accede desde la ruta 88. Es un sector por el que, en los \u00faltimos a\u00f1os, suelen circular numerosos ciclistas que podr\u00edan correr peligro de ser atacados. Una mujer que\u00a0iba a bordo de\u00a0un\u2026","rel":"","context":"En \u00abREGIONALES\u00bb","block_context":{"text":"REGIONALES","link":"https:\/\/larevistadigital.com.ar\/blog\/category\/regionales\/"},"img":{"alt_text":"","src":"https:\/\/i0.wp.com\/larevistadigital.com.ar\/blog\/wp-content\/uploads\/PUMAS.jpg?fit=932%2C807&ssl=1&resize=350%2C200","width":350,"height":200,"srcset":"https:\/\/i0.wp.com\/larevistadigital.com.ar\/blog\/wp-content\/uploads\/PUMAS.jpg?fit=932%2C807&ssl=1&resize=350%2C200 1x, https:\/\/i0.wp.com\/larevistadigital.com.ar\/blog\/wp-content\/uploads\/PUMAS.jpg?fit=932%2C807&ssl=1&resize=525%2C300 1.5x, https:\/\/i0.wp.com\/larevistadigital.com.ar\/blog\/wp-content\/uploads\/PUMAS.jpg?fit=932%2C807&ssl=1&resize=700%2C400 2x"},"classes":[]},{"id":19119,"url":"https:\/\/larevistadigital.com.ar\/blog\/dos-camiones-embistieron-animales-sueltos-en-la-ruta-29\/","url_meta":{"origin":18509,"position":3},"title":"DOS CAMIONES EMBISTIERON ANIMALES SUELTOS EN LA RUTA 29","author":"Alejandro Sosa Ruda","date":"2 marzo, 2021","format":false,"excerpt":"Como consecuencia de la niebla intensa, esta ma\u00f1ana colisionaron con animales sueltos dos camiones que transportaban vacunos, en ruta 29 a 3 kil\u00f3metros del acceso a Udaquiola. Los choferes de ambos transportes resultaron ilesos. De acuerdo a lo que public\u00f3 en sus redes sociales nuestro colega Emilio Quintana, de FM95,\u2026","rel":"","context":"En \u00abREGIONALES\u00bb","block_context":{"text":"REGIONALES","link":"https:\/\/larevistadigital.com.ar\/blog\/category\/regionales\/"},"img":{"alt_text":"","src":"https:\/\/i0.wp.com\/larevistadigital.com.ar\/blog\/wp-content\/uploads\/animales-sueltos.jpg?fit=982%2C551&ssl=1&resize=350%2C200","width":350,"height":200,"srcset":"https:\/\/i0.wp.com\/larevistadigital.com.ar\/blog\/wp-content\/uploads\/animales-sueltos.jpg?fit=982%2C551&ssl=1&resize=350%2C200 1x, https:\/\/i0.wp.com\/larevistadigital.com.ar\/blog\/wp-content\/uploads\/animales-sueltos.jpg?fit=982%2C551&ssl=1&resize=525%2C300 1.5x, https:\/\/i0.wp.com\/larevistadigital.com.ar\/blog\/wp-content\/uploads\/animales-sueltos.jpg?fit=982%2C551&ssl=1&resize=700%2C400 2x"},"classes":[]},{"id":18685,"url":"https:\/\/larevistadigital.com.ar\/blog\/las-vacas-abandonadas-en-chernobyl-se-volvieron-salvajes-y-tienen-comportamientos-extranos\/","url_meta":{"origin":18509,"position":4},"title":"LAS VACAS ABANDONADAS EN CHERNOBYL, SE VOLVIERON SALVAJES Y TIENEN \u00abCOMPORTAMIENTOS EXTRA\u00d1OS\u00bb","author":"Alejandro Sosa Ruda","date":"1 febrero, 2021","format":false,"excerpt":"Tras examinar la vida de un conjunto de estos animales durante tres a\u00f1os, los bi\u00f3logos llegaron a una llamativa conclusi\u00f3n. Mir\u00e1. Si bien pasaron 35 a\u00f1os de la tragedia de Chernobyl,\u00a0en la cual se registraron muertos y una zona deshabitada por el escape radioactivo,\u00a0la situaci\u00f3n parece nunca m\u00e1s volver a\u2026","rel":"","context":"En \u00abINTERES GENERAL\u00bb","block_context":{"text":"INTERES GENERAL","link":"https:\/\/larevistadigital.com.ar\/blog\/category\/interes-general\/"},"img":{"alt_text":"","src":"https:\/\/i0.wp.com\/larevistadigital.com.ar\/blog\/wp-content\/uploads\/Captura.png?fit=1191%2C602&ssl=1&resize=350%2C200","width":350,"height":200,"srcset":"https:\/\/i0.wp.com\/larevistadigital.com.ar\/blog\/wp-content\/uploads\/Captura.png?fit=1191%2C602&ssl=1&resize=350%2C200 1x, https:\/\/i0.wp.com\/larevistadigital.com.ar\/blog\/wp-content\/uploads\/Captura.png?fit=1191%2C602&ssl=1&resize=525%2C300 1.5x, https:\/\/i0.wp.com\/larevistadigital.com.ar\/blog\/wp-content\/uploads\/Captura.png?fit=1191%2C602&ssl=1&resize=700%2C400 2x, https:\/\/i0.wp.com\/larevistadigital.com.ar\/blog\/wp-content\/uploads\/Captura.png?fit=1191%2C602&ssl=1&resize=1050%2C600 3x"},"classes":[]},{"id":25358,"url":"https:\/\/larevistadigital.com.ar\/blog\/se-realizaron-operativos-de-prevencion-en-sectores-rurales\/","url_meta":{"origin":18509,"position":5},"title":"SE REALIZARON OPERATIVOS DE PREVENCI\u00d3N EN SECTORES RURALES","author":"Alejandro Sosa Ruda","date":"22 mayo, 2022","format":false,"excerpt":"Cada vez m\u00e1s operativos se efect\u00faan en el \u00e1rea rural, como prevenci\u00f3n del delito, lo que demuestra una firme decisi\u00f3n pol\u00edtica de ocuparse de un tema que estaba bastante postergado. CHASCOM\u00daS -\u00a0 Como parte de las acciones destinadas a fortalecer las tareas de prevenci\u00f3n del delito en la zona rural,\u2026","rel":"","context":"En \u00abINTERES GENERAL\u00bb","block_context":{"text":"INTERES GENERAL","link":"https:\/\/larevistadigital.com.ar\/blog\/category\/interes-general\/"},"img":{"alt_text":"","src":"https:\/\/i0.wp.com\/larevistadigital.com.ar\/blog\/wp-content\/uploads\/2022_05_20_01_56_30_7775366.jpeg?fit=600%2C338&ssl=1&resize=350%2C200","width":350,"height":200,"srcset":"https:\/\/i0.wp.com\/larevistadigital.com.ar\/blog\/wp-content\/uploads\/2022_05_20_01_56_30_7775366.jpeg?fit=600%2C338&ssl=1&resize=350%2C200 1x, https:\/\/i0.wp.com\/larevistadigital.com.ar\/blog\/wp-content\/uploads\/2022_05_20_01_56_30_7775366.jpeg?fit=600%2C338&ssl=1&resize=525%2C300 1.5x"},"classes":[]}],"_links":{"self":[{"href":"https:\/\/larevistadigital.com.ar\/blog\/wp-json\/wp\/v2\/posts\/18509","targetHints":{"allow":["GET"]}}],"collection":[{"href":"https:\/\/larevistadigital.com.ar\/blog\/wp-json\/wp\/v2\/posts"}],"about":[{"href":"https:\/\/larevistadigital.com.ar\/blog\/wp-json\/wp\/v2\/types\/post"}],"author":[{"embeddable":true,"href":"https:\/\/larevistadigital.com.ar\/blog\/wp-json\/wp\/v2\/users\/3"}],"replies":[{"embeddable":true,"href":"https:\/\/larevistadigital.com.ar\/blog\/wp-json\/wp\/v2\/comments?post=18509"}],"version-history":[{"count":1,"href":"https:\/\/larevistadigital.com.ar\/blog\/wp-json\/wp\/v2\/posts\/18509\/revisions"}],"predecessor-version":[{"id":18511,"href":"https:\/\/larevistadigital.com.ar\/blog\/wp-json\/wp\/v2\/posts\/18509\/revisions\/18511"}],"wp:featuredmedia":[{"embeddable":true,"href":"https:\/\/larevistadigital.com.ar\/blog\/wp-json\/wp\/v2\/media\/18510"}],"wp:attachment":[{"href":"https:\/\/larevistadigital.com.ar\/blog\/wp-json\/wp\/v2\/media?parent=18509"}],"wp:term":[{"taxonomy":"category","embeddable":true,"href":"https:\/\/larevistadigital.com.ar\/blog\/wp-json\/wp\/v2\/categories?post=18509"},{"taxonomy":"post_tag","embeddable":true,"href":"https:\/\/larevistadigital.com.ar\/blog\/wp-json\/wp\/v2\/tags?post=18509"}],"curies":[{"name":"wp","href":"https:\/\/api.w.org\/{rel}","templated":true}]}}