{"id":18517,"date":"2021-01-06T03:52:18","date_gmt":"2021-01-06T03:52:18","guid":{"rendered":"https:\/\/larevistadigital.com.ar\/blog\/?p=18517"},"modified":"2021-01-06T03:52:18","modified_gmt":"2021-01-06T03:52:18","slug":"asesinan-a-una-mujer-de-un-disparo-en-sierra-de-los-padres","status":"publish","type":"post","link":"https:\/\/larevistadigital.com.ar\/blog\/asesinan-a-una-mujer-de-un-disparo-en-sierra-de-los-padres\/","title":{"rendered":"ASESINAN A UNA MUJER DE UN DISPARO EN SIERRA DE LOS PADRES"},"content":{"rendered":"<h2 class=\"intro\">El hombre le dispar\u00f3 a la v\u00edctima y luego qued\u00f3 aprehendido.<\/h2>\n<p><strong>SIERRA DE LOS PADRES &#8211; <\/strong>Una\u00a0<strong>mujer de 41 a\u00f1os fue asesinada este lunes de un disparo en el paseo de compras de Sierra de los Padres\u00a0<\/strong>en un hecho que caus\u00f3 conmoci\u00f3n e indignaci\u00f3n de toda la comunidad de la localidad por lo ocurrido.<\/p>\n<blockquote>\n<h3>Seg\u00fan pudo saber el sitio <strong>0223<\/strong>, el atacante, de 57 a\u00f1os, ya\u00a0fue identificado y detenido. El hecho ocurri\u00f3 cerca del mediod\u00eda, cuando por causas que se tratan de establecer el hombre abord\u00f3 a la mujer, identificada como\u00a0<strong>Mar\u00eda Florencia Ascaneo,\u00a0<\/strong>y le efectu\u00f3 un disparo mortal en la puerta del\u00a0<strong>comercio familiar de la v\u00edctima.<\/strong><\/h3>\n<\/blockquote>\n<p>Ante la desesperaci\u00f3n por lo ocurrido,\u00a0<strong>los testigos se comunicaron con el 911\u00a0<\/strong>y pidieron una ambulancia, pero cuando lleg\u00f3 al lugar la mujer de 41 a\u00f1os ya estaba muerta.<\/p>\n<blockquote>\n<h3>Una de las versiones es que la v\u00edctima habr\u00eda salido como\u00a0<strong>testigo en una denuncia contra el sujeto por un presunto abuso sexual<\/strong>. Y en venganza el hombre asesin\u00f3 a la mujer este lunes en horas del mediod\u00eda.<\/h3>\n<\/blockquote>\n<p>En el hecho tom\u00f3 intervenci\u00f3n el titular de la Unidad Funcional de Instrucci\u00f3n (UFI) N\u00ba7, el fiscal\u00a0<strong>Leandro Ar\u00e9valo.<\/strong><\/p>\n","protected":false},"excerpt":{"rendered":"<div class=\"mh-excerpt\"><p>El hombre le dispar\u00f3 a la v\u00edctima y luego qued\u00f3 aprehendido. SIERRA DE LOS PADRES &#8211; Una\u00a0mujer de 41 a\u00f1os fue asesinada este lunes de un disparo en el paseo de compras de Sierra de <a class=\"mh-excerpt-more\" href=\"https:\/\/larevistadigital.com.ar\/blog\/asesinan-a-una-mujer-de-un-disparo-en-sierra-de-los-padres\/\" title=\"ASESINAN A UNA MUJER DE UN DISPARO EN SIERRA DE LOS PADRES\">[Leer M\u00e1s]<\/a><\/p>\n<\/div>","protected":false},"author":3,"featured_media":18518,"comment_status":"open","ping_status":"open","sticky":false,"template":"","format":"standard","meta":{"_jetpack_memberships_contains_paid_content":false,"footnotes":"","jetpack_publicize_message":"","jetpack_publicize_feature_enabled":true,"jetpack_social_post_already_shared":true,"jetpack_social_options":{"image_generator_settings":{"template":"highway","default_image_id":0,"font":"","enabled":false},"version":2}},"categories":[44,51],"tags":[],"class_list":{"0":"post-18517","1":"post","2":"type-post","3":"status-publish","4":"format-standard","5":"has-post-thumbnail","7":"category-policiales","8":"category-regionales"},"jetpack_publicize_connections":[],"jetpack_featured_media_url":"https:\/\/i0.wp.com\/larevistadigital.com.ar\/blog\/wp-content\/uploads\/Screenshot_1-193.jpg?fit=1004%2C562&ssl=1","jetpack_sharing_enabled":true,"jetpack_shortlink":"https:\/\/wp.me\/p8qtrQ-4OF","jetpack-related-posts":[{"id":20559,"url":"https:\/\/larevistadigital.com.ar\/blog\/policia-discute-con-su-mujer-disparo-al-suelo-y-termino-matando-a-su-hijita\/","url_meta":{"origin":18517,"position":0},"title":"POLIC\u00cdA DISCUTE CON SU MUJER, DISPAR\u00d3 AL SUELO Y TERMIN\u00d3 MATANDO A SU HIJITA","author":"Alejandro Sosa Ruda","date":"31 mayo, 2021","format":false,"excerpt":"La v\u00edctima ten\u00eda 6 a\u00f1os y muri\u00f3 tras recibir un disparo en el abdomen. El efectivo fue detenido y se abri\u00f3 una investigaci\u00f3n para esclarecer lo sucedido. Un tr\u00e1gico y conmocionante hecho se produjo en las \u00faltimas horas, cuando\u00a0un polic\u00eda se encontraba discutiendo con su esposa, dispar\u00f3 al suelo y\u2026","rel":"","context":"En \u00abPOLICIALES\u00bb","block_context":{"text":"POLICIALES","link":"https:\/\/larevistadigital.com.ar\/blog\/category\/policiales\/"},"img":{"alt_text":"","src":"https:\/\/i0.wp.com\/larevistadigital.com.ar\/blog\/wp-content\/uploads\/0000405113.jpg?fit=640%2C371&ssl=1&resize=350%2C200","width":350,"height":200,"srcset":"https:\/\/i0.wp.com\/larevistadigital.com.ar\/blog\/wp-content\/uploads\/0000405113.jpg?fit=640%2C371&ssl=1&resize=350%2C200 1x, https:\/\/i0.wp.com\/larevistadigital.com.ar\/blog\/wp-content\/uploads\/0000405113.jpg?fit=640%2C371&ssl=1&resize=525%2C300 1.5x"},"classes":[]},{"id":19160,"url":"https:\/\/larevistadigital.com.ar\/blog\/madariaga-un-policia-asesino-a-una-mujer-de-41-anos-y-se-suicido\/","url_meta":{"origin":18517,"position":1},"title":"MADARIAGA: UN POLIC\u00cdA ASESIN\u00d3 A UNA MUJER DE 41 A\u00d1OS Y SE SUICID\u00d3","author":"Alejandro Sosa Ruda","date":"4 marzo, 2021","format":false,"excerpt":"Ocurri\u00f3 en durante la madrugada de este mi\u00e9rcoles. La v\u00edctima fue identificada como Graciela Noem\u00ed Funes. Su cuerpo fue hallado con un disparo en la cabeza junto al del presunto autor del femicidio, Franco Mauricio Torres. Una mujer de 41 a\u00f1os fue asesinada este mi\u00e9rcoles a la madrugada por un\u2026","rel":"","context":"En \u00abPOLICIALES\u00bb","block_context":{"text":"POLICIALES","link":"https:\/\/larevistadigital.com.ar\/blog\/category\/policiales\/"},"img":{"alt_text":"","src":"https:\/\/i0.wp.com\/larevistadigital.com.ar\/blog\/wp-content\/uploads\/Captura-21.png?fit=1003%2C560&ssl=1&resize=350%2C200","width":350,"height":200,"srcset":"https:\/\/i0.wp.com\/larevistadigital.com.ar\/blog\/wp-content\/uploads\/Captura-21.png?fit=1003%2C560&ssl=1&resize=350%2C200 1x, https:\/\/i0.wp.com\/larevistadigital.com.ar\/blog\/wp-content\/uploads\/Captura-21.png?fit=1003%2C560&ssl=1&resize=525%2C300 1.5x, https:\/\/i0.wp.com\/larevistadigital.com.ar\/blog\/wp-content\/uploads\/Captura-21.png?fit=1003%2C560&ssl=1&resize=700%2C400 2x"},"classes":[]},{"id":24667,"url":"https:\/\/larevistadigital.com.ar\/blog\/le-pego-tres-tiros-a-su-pareja-y-se-suicido\/","url_meta":{"origin":18517,"position":2},"title":"LE PEG\u00d3 TRES TIROS A SU PAREJA Y SE SUICID\u00d3","author":"Alejandro Sosa Ruda","date":"18 marzo, 2022","format":false,"excerpt":"Ocurri\u00f3 este viernes en Bat\u00e1n. La v\u00edctima, de 77 a\u00f1os, fue baleada en el hombro y en el cuello y se encuentra internada en el Hospital Interzonal, fuera de peligro. Por su parte el hombre, de 80 a\u00f1os, fue hallado sin vida, con un disparo en la cabeza y el\u2026","rel":"","context":"En \u00abPOLICIALES\u00bb","block_context":{"text":"POLICIALES","link":"https:\/\/larevistadigital.com.ar\/blog\/category\/policiales\/"},"img":{"alt_text":"","src":"https:\/\/i0.wp.com\/larevistadigital.com.ar\/blog\/wp-content\/uploads\/Patrullero-La-Plata-Berisso-Policia.jpg?fit=882%2C492&ssl=1&resize=350%2C200","width":350,"height":200,"srcset":"https:\/\/i0.wp.com\/larevistadigital.com.ar\/blog\/wp-content\/uploads\/Patrullero-La-Plata-Berisso-Policia.jpg?fit=882%2C492&ssl=1&resize=350%2C200 1x, https:\/\/i0.wp.com\/larevistadigital.com.ar\/blog\/wp-content\/uploads\/Patrullero-La-Plata-Berisso-Policia.jpg?fit=882%2C492&ssl=1&resize=525%2C300 1.5x, https:\/\/i0.wp.com\/larevistadigital.com.ar\/blog\/wp-content\/uploads\/Patrullero-La-Plata-Berisso-Policia.jpg?fit=882%2C492&ssl=1&resize=700%2C400 2x"},"classes":[]},{"id":35402,"url":"https:\/\/larevistadigital.com.ar\/blog\/la-plata-doble-homicidio-sangriento-un-hombre-mato-a-una-nena-de-11-anos-e-hirio-a-la-mama-que-a-su-vez-lo-asesino-a-tiros\/","url_meta":{"origin":18517,"position":3},"title":"LA PLATA: DOBLE HOMICIDIO SANGRIENTO. UN HOMBRE MAT\u00d3 A UNA NENA DE 11 A\u00d1OS E HIRI\u00d3 A LA MAM\u00c1, QUE A SU VEZ LO ASESIN\u00d3 A TIROS","author":"Alejandro Sosa Ruda","date":"7 marzo, 2024","format":false,"excerpt":"El asesino irrumpi\u00f3 en la casa de su expareja y comenz\u00f3 a dispararle a ella, la peque\u00f1a y el actual novio de la mujer, quien le quit\u00f3 el arma y lo mat\u00f3. 6 de marzo de 2024 LA PLATA -\u00a0 \"Un brutal ataque en La Plata se convirti\u00f3 en tragedia\u2026","rel":"","context":"En \u00abINTERES GENERAL\u00bb","block_context":{"text":"INTERES GENERAL","link":"https:\/\/larevistadigital.com.ar\/blog\/category\/interes-general\/"},"img":{"alt_text":"","src":"https:\/\/i0.wp.com\/larevistadigital.com.ar\/blog\/wp-content\/uploads\/Captura-de-pantalla-2024-03-06-090715.png?fit=895%2C401&ssl=1&resize=350%2C200","width":350,"height":200,"srcset":"https:\/\/i0.wp.com\/larevistadigital.com.ar\/blog\/wp-content\/uploads\/Captura-de-pantalla-2024-03-06-090715.png?fit=895%2C401&ssl=1&resize=350%2C200 1x, https:\/\/i0.wp.com\/larevistadigital.com.ar\/blog\/wp-content\/uploads\/Captura-de-pantalla-2024-03-06-090715.png?fit=895%2C401&ssl=1&resize=525%2C300 1.5x, https:\/\/i0.wp.com\/larevistadigital.com.ar\/blog\/wp-content\/uploads\/Captura-de-pantalla-2024-03-06-090715.png?fit=895%2C401&ssl=1&resize=700%2C400 2x"},"classes":[]},{"id":34412,"url":"https:\/\/larevistadigital.com.ar\/blog\/tenia-una-perimetral-la-espero-detras-de-un-arbol-y-le-disparo-en-la-cara\/","url_meta":{"origin":18517,"position":4},"title":"TEN\u00cdA UNA PERIMETRAL, LA ESPER\u00d3 DETR\u00c1S DE UN \u00c1RBOL Y LE DISPAR\u00d3 EN LA CARA","author":"Alejandro Sosa Ruda","date":"7 noviembre, 2023","format":false,"excerpt":"La v\u00edctima se encuentra en terapia intensiva y el agresor detenido. 7 de Noviembre de 2023 TANDIL -\u00a0 Un disparo de por medio. Un intento de femicidio. Un hombre como agresor con un rev\u00f3lver en sus manos y una mujer que ahora pelea por su vida. La violencia de g\u00e9nero\u2026","rel":"","context":"En \u00abINTERES GENERAL\u00bb","block_context":{"text":"INTERES GENERAL","link":"https:\/\/larevistadigital.com.ar\/blog\/category\/interes-general\/"},"img":{"alt_text":"","src":"https:\/\/i0.wp.com\/larevistadigital.com.ar\/blog\/wp-content\/uploads\/Captura-de-pantalla-2023-11-07-005048.png?fit=954%2C554&ssl=1&resize=350%2C200","width":350,"height":200,"srcset":"https:\/\/i0.wp.com\/larevistadigital.com.ar\/blog\/wp-content\/uploads\/Captura-de-pantalla-2023-11-07-005048.png?fit=954%2C554&ssl=1&resize=350%2C200 1x, https:\/\/i0.wp.com\/larevistadigital.com.ar\/blog\/wp-content\/uploads\/Captura-de-pantalla-2023-11-07-005048.png?fit=954%2C554&ssl=1&resize=525%2C300 1.5x, https:\/\/i0.wp.com\/larevistadigital.com.ar\/blog\/wp-content\/uploads\/Captura-de-pantalla-2023-11-07-005048.png?fit=954%2C554&ssl=1&resize=700%2C400 2x"},"classes":[]},{"id":16509,"url":"https:\/\/larevistadigital.com.ar\/blog\/mar-del-plata-balean-a-mujer-y-esta-se-nego-a-hacer-la-denuncia\/","url_meta":{"origin":18517,"position":5},"title":"MAR DEL PLATA: BALEAN A MUJER Y ESTA, SE NEG\u00d3 A HACER LA DENUNCIA","author":"Alejandro Sosa Ruda","date":"25 septiembre, 2020","format":false,"excerpt":"La v\u00edctima tiene 26 a\u00f1os y qued\u00f3 internada en el Hospital Interzonal. Recibi\u00f3 un disparo en la pierna y otro en el hombre, pero al llegar al nosocomio no quiso aportar datos a la polic\u00eda ni que se iniciara una investigaci\u00f3n penal. Una\u00a0mujer de 26 a\u00f1os\u00a0fue baleada ayer a la\u2026","rel":"","context":"En \u00abPOLICIALES\u00bb","block_context":{"text":"POLICIALES","link":"https:\/\/larevistadigital.com.ar\/blog\/category\/policiales\/"},"img":{"alt_text":"","src":"https:\/\/i0.wp.com\/larevistadigital.com.ar\/blog\/wp-content\/uploads\/Guardia-Higa-0311.jpg?fit=790%2C444&ssl=1&resize=350%2C200","width":350,"height":200,"srcset":"https:\/\/i0.wp.com\/larevistadigital.com.ar\/blog\/wp-content\/uploads\/Guardia-Higa-0311.jpg?fit=790%2C444&ssl=1&resize=350%2C200 1x, https:\/\/i0.wp.com\/larevistadigital.com.ar\/blog\/wp-content\/uploads\/Guardia-Higa-0311.jpg?fit=790%2C444&ssl=1&resize=525%2C300 1.5x, https:\/\/i0.wp.com\/larevistadigital.com.ar\/blog\/wp-content\/uploads\/Guardia-Higa-0311.jpg?fit=790%2C444&ssl=1&resize=700%2C400 2x"},"classes":[]}],"_links":{"self":[{"href":"https:\/\/larevistadigital.com.ar\/blog\/wp-json\/wp\/v2\/posts\/18517","targetHints":{"allow":["GET"]}}],"collection":[{"href":"https:\/\/larevistadigital.com.ar\/blog\/wp-json\/wp\/v2\/posts"}],"about":[{"href":"https:\/\/larevistadigital.com.ar\/blog\/wp-json\/wp\/v2\/types\/post"}],"author":[{"embeddable":true,"href":"https:\/\/larevistadigital.com.ar\/blog\/wp-json\/wp\/v2\/users\/3"}],"replies":[{"embeddable":true,"href":"https:\/\/larevistadigital.com.ar\/blog\/wp-json\/wp\/v2\/comments?post=18517"}],"version-history":[{"count":1,"href":"https:\/\/larevistadigital.com.ar\/blog\/wp-json\/wp\/v2\/posts\/18517\/revisions"}],"predecessor-version":[{"id":18519,"href":"https:\/\/larevistadigital.com.ar\/blog\/wp-json\/wp\/v2\/posts\/18517\/revisions\/18519"}],"wp:featuredmedia":[{"embeddable":true,"href":"https:\/\/larevistadigital.com.ar\/blog\/wp-json\/wp\/v2\/media\/18518"}],"wp:attachment":[{"href":"https:\/\/larevistadigital.com.ar\/blog\/wp-json\/wp\/v2\/media?parent=18517"}],"wp:term":[{"taxonomy":"category","embeddable":true,"href":"https:\/\/larevistadigital.com.ar\/blog\/wp-json\/wp\/v2\/categories?post=18517"},{"taxonomy":"post_tag","embeddable":true,"href":"https:\/\/larevistadigital.com.ar\/blog\/wp-json\/wp\/v2\/tags?post=18517"}],"curies":[{"name":"wp","href":"https:\/\/api.w.org\/{rel}","templated":true}]}}