{"id":18520,"date":"2021-01-06T03:54:48","date_gmt":"2021-01-06T03:54:48","guid":{"rendered":"https:\/\/larevistadigital.com.ar\/blog\/?p=18520"},"modified":"2021-01-06T03:54:48","modified_gmt":"2021-01-06T03:54:48","slug":"choco-al-camion-de-basura-y-debio-ser-rescatado-por-los-bomberos","status":"publish","type":"post","link":"https:\/\/larevistadigital.com.ar\/blog\/choco-al-camion-de-basura-y-debio-ser-rescatado-por-los-bomberos\/","title":{"rendered":"CHOC\u00d3 AL CAMI\u00d3N DE BASURA Y DEBI\u00d3 SER RESCATADO POR LOS BOMBEROS"},"content":{"rendered":"<h2 class=\"intro\">Ocurri\u00f3 en el kil\u00f3metro 505 cuando el conductor de un Renault Clio impact\u00f3 con un cami\u00f3n recolector de residuos. El hombre debi\u00f3 ser hospitalizado y se encuentra fuera de peligro.<\/h2>\n<p>Un<strong>\u00a0Renault Clio\u00a0<\/strong>y un\u00a0<strong>cami\u00f3n recolector de residuos<\/strong>\u00a0protagonizaron este martes por la ma\u00f1ana un espectacular choque en el k<strong>il\u00f3metro 505 de la Ruta 11.<\/strong><\/p>\n<blockquote>\n<h3>Producto del impacto, el auto qued\u00f3 destruido, mientras que\u00a0el conductor debi\u00f3 ser hospitalizado.<\/h3>\n<\/blockquote>\n<p>Seg\u00fan pudo saber\u00a0<strong>0223,\u00a0<\/strong>el hombre, de 50 a\u00f1os, no presentaba lesiones de gravedad,\u00a0aunque\u00a0tras el choque\u00a0sufri\u00f3 la p\u00e9rdida de conocimiento y para retirarlo del rodado\u00a0intervino una unidad de Rescate de Bomberos.<\/p>\n<div class=\"publiamp\" data-tipo=\"tipo_desktop \" data-pos=\"AMP_P1_cuerpo\"><\/div>\n","protected":false},"excerpt":{"rendered":"<div class=\"mh-excerpt\"><p>Ocurri\u00f3 en el kil\u00f3metro 505 cuando el conductor de un Renault Clio impact\u00f3 con un cami\u00f3n recolector de residuos. El hombre debi\u00f3 ser hospitalizado y se encuentra fuera de peligro. Un\u00a0Renault Clio\u00a0y un\u00a0cami\u00f3n recolector de <a class=\"mh-excerpt-more\" href=\"https:\/\/larevistadigital.com.ar\/blog\/choco-al-camion-de-basura-y-debio-ser-rescatado-por-los-bomberos\/\" title=\"CHOC\u00d3 AL CAMI\u00d3N DE BASURA Y DEBI\u00d3 SER RESCATADO POR LOS BOMBEROS\">[Leer M\u00e1s]<\/a><\/p>\n<\/div>","protected":false},"author":3,"featured_media":18521,"comment_status":"open","ping_status":"open","sticky":false,"template":"","format":"standard","meta":{"_jetpack_memberships_contains_paid_content":false,"footnotes":"","jetpack_publicize_message":"","jetpack_publicize_feature_enabled":true,"jetpack_social_post_already_shared":true,"jetpack_social_options":{"image_generator_settings":{"template":"highway","default_image_id":0,"font":"","enabled":false},"version":2}},"categories":[44,51],"tags":[],"class_list":{"0":"post-18520","1":"post","2":"type-post","3":"status-publish","4":"format-standard","5":"has-post-thumbnail","7":"category-policiales","8":"category-regionales"},"jetpack_publicize_connections":[],"jetpack_featured_media_url":"https:\/\/i0.wp.com\/larevistadigital.com.ar\/blog\/wp-content\/uploads\/Screenshot_2-127.jpg?fit=1000%2C561&ssl=1","jetpack_sharing_enabled":true,"jetpack_shortlink":"https:\/\/wp.me\/p8qtrQ-4OI","jetpack-related-posts":[{"id":6132,"url":"https:\/\/larevistadigital.com.ar\/blog\/desgraciado-accidente-en-puerto-madero-grua-sin-frenos-choca-camion-y-aplasta-a-recolector-de-residuos\/","url_meta":{"origin":18520,"position":0},"title":"DESGRACIADO ACCIDENTE EN PUERTO MADERO: GRUA SIN FRENOS CHOCA CAMI\u00d3N Y APLASTA A RECOLECTOR DE RESIDUOS","author":"Alejandro Sosa Ruda","date":"3 agosto, 2018","format":false,"excerpt":"EL CONDUCTOR PERDI\u00d3 EL CONTROL EN LA BAJADA DE LA AUTOPISTA Un hombre muri\u00f3 y otras dos personas resultaron heridas por el choque entre una gr\u00faa y un cami\u00f3n recolector de residuos en Alicia Moreau de Justo al 2000, en el barrio porte\u00f1o de Puerto Madero. La v\u00edctima fatal era\u2026","rel":"","context":"En \u00abPOLICIALES\u00bb","block_context":{"text":"POLICIALES","link":"https:\/\/larevistadigital.com.ar\/blog\/category\/policiales\/"},"img":{"alt_text":"","src":"https:\/\/i0.wp.com\/larevistadigital.com.ar\/blog\/wp-content\/uploads\/2018\/08\/ryqggp-S7_720x0__1.jpg?fit=720%2C420&ssl=1&resize=350%2C200","width":350,"height":200,"srcset":"https:\/\/i0.wp.com\/larevistadigital.com.ar\/blog\/wp-content\/uploads\/2018\/08\/ryqggp-S7_720x0__1.jpg?fit=720%2C420&ssl=1&resize=350%2C200 1x, https:\/\/i0.wp.com\/larevistadigital.com.ar\/blog\/wp-content\/uploads\/2018\/08\/ryqggp-S7_720x0__1.jpg?fit=720%2C420&ssl=1&resize=525%2C300 1.5x, https:\/\/i0.wp.com\/larevistadigital.com.ar\/blog\/wp-content\/uploads\/2018\/08\/ryqggp-S7_720x0__1.jpg?fit=720%2C420&ssl=1&resize=700%2C400 2x"},"classes":[]},{"id":37080,"url":"https:\/\/larevistadigital.com.ar\/blog\/cordoba-auto-choca-camion-de-residuos-un-recolector-herido\/","url_meta":{"origin":18520,"position":1},"title":"CORDOBA: AUTO CHOCA CAMI\u00d3N DE RESIDUOS: UN RECOLECTOR HERIDO","author":"Alejandro Sosa Ruda","date":"28 agosto, 2024","format":false,"excerpt":"Un recolector de residuos result\u00f3 herido luego de que un auto choc\u00f3 al cami\u00f3n 28 de Agosto de 2024 CORDOBA -\u00a0 El lamentable hecho sucedi\u00f3 en las \u00faltimas horas en el barrio Talleres Este, en la capital cordobesa, cuando un veh\u00edculo impact\u00f3 por detr\u00e1s al cami\u00f3n de residuos y provoc\u00f3\u2026","rel":"","context":"En \u00abPOLICIALES\u00bb","block_context":{"text":"POLICIALES","link":"https:\/\/larevistadigital.com.ar\/blog\/category\/policiales\/"},"img":{"alt_text":"","src":"https:\/\/i0.wp.com\/larevistadigital.com.ar\/blog\/wp-content\/uploads\/457212632_930817139083419_4240577781452038767_n.jpg?fit=1200%2C675&ssl=1&resize=350%2C200","width":350,"height":200,"srcset":"https:\/\/i0.wp.com\/larevistadigital.com.ar\/blog\/wp-content\/uploads\/457212632_930817139083419_4240577781452038767_n.jpg?fit=1200%2C675&ssl=1&resize=350%2C200 1x, https:\/\/i0.wp.com\/larevistadigital.com.ar\/blog\/wp-content\/uploads\/457212632_930817139083419_4240577781452038767_n.jpg?fit=1200%2C675&ssl=1&resize=525%2C300 1.5x, https:\/\/i0.wp.com\/larevistadigital.com.ar\/blog\/wp-content\/uploads\/457212632_930817139083419_4240577781452038767_n.jpg?fit=1200%2C675&ssl=1&resize=700%2C400 2x, https:\/\/i0.wp.com\/larevistadigital.com.ar\/blog\/wp-content\/uploads\/457212632_930817139083419_4240577781452038767_n.jpg?fit=1200%2C675&ssl=1&resize=1050%2C600 3x"},"classes":[]},{"id":27873,"url":"https:\/\/larevistadigital.com.ar\/blog\/camion-se-despisto-en-la-ruta-30\/","url_meta":{"origin":18520,"position":2},"title":"CAMI\u00d3N SE DESPIST\u00d3 EN LA RUTA 30","author":"Alejandro Sosa Ruda","date":"19 septiembre, 2022","format":false,"excerpt":"Ocurri\u00f3 este lunes, alrededor de las 8 de la ma\u00f1ana, cuando el cami\u00f3n ingresaba a la Rotonda de Ruta 226, desde la 30. El chofer qued\u00f3 atrapado en la cabina y los Bomberos trabajaron para rescatarlo. 19 de septiembre de 2022 El siniestro se produjo cuando el camionero perdi\u00f3 el\u2026","rel":"","context":"En \u00abINTERES GENERAL\u00bb","block_context":{"text":"INTERES GENERAL","link":"https:\/\/larevistadigital.com.ar\/blog\/category\/interes-general\/"},"img":{"alt_text":"","src":"https:\/\/i0.wp.com\/larevistadigital.com.ar\/blog\/wp-content\/uploads\/1663589851.jpeg?fit=848%2C477&ssl=1&resize=350%2C200","width":350,"height":200,"srcset":"https:\/\/i0.wp.com\/larevistadigital.com.ar\/blog\/wp-content\/uploads\/1663589851.jpeg?fit=848%2C477&ssl=1&resize=350%2C200 1x, https:\/\/i0.wp.com\/larevistadigital.com.ar\/blog\/wp-content\/uploads\/1663589851.jpeg?fit=848%2C477&ssl=1&resize=525%2C300 1.5x, https:\/\/i0.wp.com\/larevistadigital.com.ar\/blog\/wp-content\/uploads\/1663589851.jpeg?fit=848%2C477&ssl=1&resize=700%2C400 2x"},"classes":[]},{"id":18064,"url":"https:\/\/larevistadigital.com.ar\/blog\/accidente-fatal-en-la-ruta-226\/","url_meta":{"origin":18520,"position":3},"title":"ACCIDENTE FATAL EN LA RUTA 226","author":"Alejandro Sosa Ruda","date":"11 diciembre, 2020","format":false,"excerpt":"Ocurri\u00f3 durante la madrugada del viernes en el Kil\u00f3metro 351, a la altura de Las Espigas, cuando un camion que transportaba alimentos colision\u00f3 con un veh\u00edculo particular. Un hombre muri\u00f3 y otro result\u00f3 herido. Un hombre muri\u00f3 y otro sufri\u00f3 varias heridas\u00a0tras un choque entre auto y un cami\u00f3n en\u2026","rel":"","context":"En \u00abINTERES GENERAL\u00bb","block_context":{"text":"INTERES GENERAL","link":"https:\/\/larevistadigital.com.ar\/blog\/category\/interes-general\/"},"img":{"alt_text":"","src":"https:\/\/i0.wp.com\/larevistadigital.com.ar\/blog\/wp-content\/uploads\/Screenshot_1-172.jpg?fit=1000%2C562&ssl=1&resize=350%2C200","width":350,"height":200,"srcset":"https:\/\/i0.wp.com\/larevistadigital.com.ar\/blog\/wp-content\/uploads\/Screenshot_1-172.jpg?fit=1000%2C562&ssl=1&resize=350%2C200 1x, https:\/\/i0.wp.com\/larevistadigital.com.ar\/blog\/wp-content\/uploads\/Screenshot_1-172.jpg?fit=1000%2C562&ssl=1&resize=525%2C300 1.5x, https:\/\/i0.wp.com\/larevistadigital.com.ar\/blog\/wp-content\/uploads\/Screenshot_1-172.jpg?fit=1000%2C562&ssl=1&resize=700%2C400 2x"},"classes":[]},{"id":44491,"url":"https:\/\/larevistadigital.com.ar\/blog\/tragedia-en-la-ruta-un-hombre-murio-tras-un-violento-choque\/","url_meta":{"origin":18520,"position":4},"title":"Tragedia en la ruta: un hombre muri\u00f3 tras un violento choque","author":"Alejandro Sosa Ruda","date":"14 marzo, 2026","format":false,"excerpt":"Fue en la ruta 88, cerca de Batan. El conductor de un Renault Clio qued\u00f3 atrapado dentro del veh\u00edculo y falleci\u00f3 en el lugar pese a la intervenci\u00f3n de los equipos de emergencia. 14 de marzo de 2026 BATAN -\u00a0 \u00a0Un hombre muri\u00f3 este viernes tras un violento choque frontal\u2026","rel":"","context":"En \u00abPOLICIALES\u00bb","block_context":{"text":"POLICIALES","link":"https:\/\/larevistadigital.com.ar\/blog\/category\/policiales\/"},"img":{"alt_text":"","src":"https:\/\/i0.wp.com\/larevistadigital.com.ar\/blog\/wp-content\/uploads\/f16ba0ac6ecbcfc4321cec0f8ab58de5803fc019.png?fit=1140%2C691&ssl=1&resize=350%2C200","width":350,"height":200,"srcset":"https:\/\/i0.wp.com\/larevistadigital.com.ar\/blog\/wp-content\/uploads\/f16ba0ac6ecbcfc4321cec0f8ab58de5803fc019.png?fit=1140%2C691&ssl=1&resize=350%2C200 1x, https:\/\/i0.wp.com\/larevistadigital.com.ar\/blog\/wp-content\/uploads\/f16ba0ac6ecbcfc4321cec0f8ab58de5803fc019.png?fit=1140%2C691&ssl=1&resize=525%2C300 1.5x, https:\/\/i0.wp.com\/larevistadigital.com.ar\/blog\/wp-content\/uploads\/f16ba0ac6ecbcfc4321cec0f8ab58de5803fc019.png?fit=1140%2C691&ssl=1&resize=700%2C400 2x, https:\/\/i0.wp.com\/larevistadigital.com.ar\/blog\/wp-content\/uploads\/f16ba0ac6ecbcfc4321cec0f8ab58de5803fc019.png?fit=1140%2C691&ssl=1&resize=1050%2C600 3x"},"classes":[]},{"id":36504,"url":"https:\/\/larevistadigital.com.ar\/blog\/dolores-choque-entre-un-camion-y-una-combi\/","url_meta":{"origin":18520,"position":5},"title":"DOLORES: CHOQUE ENTRE UN CAMI\u00d3N Y UNA COMBI","author":"Alejandro Sosa Ruda","date":"1 julio, 2024","format":false,"excerpt":"Fue un choque de los denominados \"por alcance\". 01 de Julio de 2024 DOLORES -\u00a0 \u00a0Un cami\u00f3n y una combi, protagonizaron una fuerte colisi\u00f3n, seg\u00fan pudo saberse fue de los que se denominan \"por alcance\", es decir que un veh\u00edculo choca a otro por detr\u00e1s. El siniestro, ocurri\u00f3 a la\u2026","rel":"","context":"En \u00abPOLICIALES\u00bb","block_context":{"text":"POLICIALES","link":"https:\/\/larevistadigital.com.ar\/blog\/category\/policiales\/"},"img":{"alt_text":"","src":"https:\/\/i0.wp.com\/larevistadigital.com.ar\/blog\/wp-content\/uploads\/50d955ea53f5678b4195cbf54dbf369a90a96842.jpg?fit=1140%2C858&ssl=1&resize=350%2C200","width":350,"height":200,"srcset":"https:\/\/i0.wp.com\/larevistadigital.com.ar\/blog\/wp-content\/uploads\/50d955ea53f5678b4195cbf54dbf369a90a96842.jpg?fit=1140%2C858&ssl=1&resize=350%2C200 1x, https:\/\/i0.wp.com\/larevistadigital.com.ar\/blog\/wp-content\/uploads\/50d955ea53f5678b4195cbf54dbf369a90a96842.jpg?fit=1140%2C858&ssl=1&resize=525%2C300 1.5x, https:\/\/i0.wp.com\/larevistadigital.com.ar\/blog\/wp-content\/uploads\/50d955ea53f5678b4195cbf54dbf369a90a96842.jpg?fit=1140%2C858&ssl=1&resize=700%2C400 2x, https:\/\/i0.wp.com\/larevistadigital.com.ar\/blog\/wp-content\/uploads\/50d955ea53f5678b4195cbf54dbf369a90a96842.jpg?fit=1140%2C858&ssl=1&resize=1050%2C600 3x"},"classes":[]}],"_links":{"self":[{"href":"https:\/\/larevistadigital.com.ar\/blog\/wp-json\/wp\/v2\/posts\/18520","targetHints":{"allow":["GET"]}}],"collection":[{"href":"https:\/\/larevistadigital.com.ar\/blog\/wp-json\/wp\/v2\/posts"}],"about":[{"href":"https:\/\/larevistadigital.com.ar\/blog\/wp-json\/wp\/v2\/types\/post"}],"author":[{"embeddable":true,"href":"https:\/\/larevistadigital.com.ar\/blog\/wp-json\/wp\/v2\/users\/3"}],"replies":[{"embeddable":true,"href":"https:\/\/larevistadigital.com.ar\/blog\/wp-json\/wp\/v2\/comments?post=18520"}],"version-history":[{"count":1,"href":"https:\/\/larevistadigital.com.ar\/blog\/wp-json\/wp\/v2\/posts\/18520\/revisions"}],"predecessor-version":[{"id":18522,"href":"https:\/\/larevistadigital.com.ar\/blog\/wp-json\/wp\/v2\/posts\/18520\/revisions\/18522"}],"wp:featuredmedia":[{"embeddable":true,"href":"https:\/\/larevistadigital.com.ar\/blog\/wp-json\/wp\/v2\/media\/18521"}],"wp:attachment":[{"href":"https:\/\/larevistadigital.com.ar\/blog\/wp-json\/wp\/v2\/media?parent=18520"}],"wp:term":[{"taxonomy":"category","embeddable":true,"href":"https:\/\/larevistadigital.com.ar\/blog\/wp-json\/wp\/v2\/categories?post=18520"},{"taxonomy":"post_tag","embeddable":true,"href":"https:\/\/larevistadigital.com.ar\/blog\/wp-json\/wp\/v2\/tags?post=18520"}],"curies":[{"name":"wp","href":"https:\/\/api.w.org\/{rel}","templated":true}]}}