{"id":18526,"date":"2021-01-06T16:41:31","date_gmt":"2021-01-06T16:41:31","guid":{"rendered":"https:\/\/larevistadigital.com.ar\/blog\/?p=18526"},"modified":"2021-01-06T16:41:31","modified_gmt":"2021-01-06T16:41:31","slug":"videos-e-imagenes-los-desastres-ocasionados-por-el-temporal-en-villa-gesell","status":"publish","type":"post","link":"https:\/\/larevistadigital.com.ar\/blog\/videos-e-imagenes-los-desastres-ocasionados-por-el-temporal-en-villa-gesell\/","title":{"rendered":"[VIDEOS E IM\u00c1GENES] LOS DESASTRES OCASIONADOS POR EL TEMPORAL EN VILLA GESELL"},"content":{"rendered":"<h2>Las im\u00e1genes son elocuentes, y demuestran la violencia del temporal que provoc\u00f3 graves da\u00f1os en Villa Gesell. Hay alerta roja para Mar del Plata y la zona.<\/h2>\n<p>Se registraron intensas lluvias, fuertes r\u00e1fagas de viento, calles intransitables y advierten por una ocasional ca\u00edda de granizo en los municipios balnearios.<\/p>\n<p>El\u00a0<a class=\"slug automatic\" title=\"servicio-meteorologico-nacional\" href=\"https:\/\/www.clarin.com\/tema\/servicio-meteorologico-nacional.html\" target=\"_blank\" rel=\"noopener noreferrer\">Servicio Meteorol\u00f3gico Nacional<\/a>\u00a0(SMN) renov\u00f3 este mi\u00e9rcoles el alerta naranja por lluvias y tormentas aisladas fuertes para\u00a0<a class=\"slug automatic\" title=\"pinamar\" href=\"https:\/\/www.clarin.com\/tema\/pinamar.html\" target=\"_blank\" rel=\"noopener noreferrer\">Pinamar<\/a>\u00a0y\u00a0<a class=\"slug automatic\" title=\"villa-gesell\" href=\"https:\/\/www.clarin.com\/tema\/villa-gesell.html\" target=\"_blank\" rel=\"noopener noreferrer\">Villa Gesell<\/a>, mientras que<strong>\u00a0por primera vez emiti\u00f3 un\u00a0alerta rojo<\/strong>\u00a0para\u00a0<a class=\"slug automatic\" title=\"necochea\" href=\"https:\/\/www.clarin.com\/tema\/necochea.html\" target=\"_blank\" rel=\"noopener noreferrer\">Necochea<\/a>\u00a0y\u00a0<a class=\"slug automatic\" title=\"mar-del-plata\" href=\"https:\/\/www.clarin.com\/tema\/mar-del-plata.html\" target=\"_blank\" rel=\"noopener noreferrer\">Mar del Plata<\/a>.<\/p>\n<p>Seg\u00fan el informe brindado por el organismo nacional, durante todo el d\u00eda en Pinamar, Ostende, Valeria de Mar y Caril\u00f3, el cielo estar\u00e1 cubierto con intensa ca\u00edda de agua, acompa\u00f1ada de vientos del cuadrante este a 13 kil\u00f3metros con r\u00e1fagas de 50 a 60 km\/h.<\/p>\n<p><img data-recalc-dims=\"1\" loading=\"lazy\" decoding=\"async\" class=\"size-full wp-image-18528 aligncenter\" src=\"https:\/\/i0.wp.com\/larevistadigital.com.ar\/blog\/wp-content\/uploads\/WhatsApp-Image-2021-01-06-at-13.24.44-1.jpeg?resize=720%2C1280&#038;ssl=1\" alt=\"\" width=\"720\" height=\"1280\" srcset=\"https:\/\/i0.wp.com\/larevistadigital.com.ar\/blog\/wp-content\/uploads\/WhatsApp-Image-2021-01-06-at-13.24.44-1.jpeg?w=720&amp;ssl=1 720w, https:\/\/i0.wp.com\/larevistadigital.com.ar\/blog\/wp-content\/uploads\/WhatsApp-Image-2021-01-06-at-13.24.44-1.jpeg?resize=169%2C300&amp;ssl=1 169w, https:\/\/i0.wp.com\/larevistadigital.com.ar\/blog\/wp-content\/uploads\/WhatsApp-Image-2021-01-06-at-13.24.44-1.jpeg?resize=576%2C1024&amp;ssl=1 576w\" sizes=\"auto, (max-width: 720px) 100vw, 720px\" \/><\/p>\n<p>En igual sentido, rige el alerta meteorol\u00f3gico de intensas lluvias con ocasional ca\u00edda de granizo para las localidades costeras de Villa Gesell,\u00a0<a class=\"slug automatic\" title=\"mar-de-las-pampas\" href=\"https:\/\/www.clarin.com\/tema\/mar-de-las-pampas.html\" target=\"_blank\" rel=\"noopener noreferrer\">Mar de las Pampas<\/a>, Mar Azul y Las Gaviotas. Se estima valores de\u00a0<strong>precipitaci\u00f3n acumulada entre 70 y 100 mm\u00a0<\/strong>durante este mi\u00e9rcoles. Los\u00a0<strong>videos publicados<\/strong>\u00a0en redes sociales por turistas o locales muestran que el agua acumulada\u00a0desde la madrugada desbord\u00f3 las calles de Gesell e imposibilit\u00f3 la circulaci\u00f3n de autos.<\/p>\n<div style=\"width: 640px;\" class=\"wp-video\"><!--[if lt IE 9]><script>document.createElement('video');<\/script><![endif]-->\n<video class=\"wp-video-shortcode\" id=\"video-18526-1\" width=\"640\" height=\"480\" preload=\"metadata\" controls=\"controls\"><source type=\"video\/mp4\" src=\"https:\/\/larevistadigital.com.ar\/blog\/wp-content\/uploads\/WhatsApp-Video-2021-01-06-at-13.24.44.mp4?_=1\" \/><a href=\"https:\/\/larevistadigital.com.ar\/blog\/wp-content\/uploads\/WhatsApp-Video-2021-01-06-at-13.24.44.mp4\">https:\/\/larevistadigital.com.ar\/blog\/wp-content\/uploads\/WhatsApp-Video-2021-01-06-at-13.24.44.mp4<\/a><\/video><\/div>\n<p>En Villa Gesell, medios locales advirtieron que la ca\u00edda de \u00abcasi 100 mm de lluvias anegaron la ciudad, dejando autos bajo el agua y arrastrando uno a la playa\u00bb. Informaron adem\u00e1s que \u00ablos bomberos debieron realizar 25 salidas en el transcurso de la ma\u00f1ana y que recomiendan no salir de sus casas o alojamientos\u00bb.<\/p>\n<div style=\"width: 640px;\" class=\"wp-video\"><video class=\"wp-video-shortcode\" id=\"video-18526-2\" width=\"640\" height=\"352\" preload=\"metadata\" controls=\"controls\"><source type=\"video\/mp4\" src=\"https:\/\/larevistadigital.com.ar\/blog\/wp-content\/uploads\/WhatsApp-Video-2021-01-06-at-13.24.43.mp4?_=2\" \/><a href=\"https:\/\/larevistadigital.com.ar\/blog\/wp-content\/uploads\/WhatsApp-Video-2021-01-06-at-13.24.43.mp4\">https:\/\/larevistadigital.com.ar\/blog\/wp-content\/uploads\/WhatsApp-Video-2021-01-06-at-13.24.43.mp4<\/a><\/video><\/div>\n<p>Mar del Plata y Sierra de Los Padres, de acuerdo al informe del SMN, continuar\u00e1 afectada por\u00a0<strong>lluvias intensas y tormentas aisladas<\/strong>, acompa\u00f1ada por\u00a0<strong>ocasional ca\u00edda de granizo<\/strong>. Con cielo cubierto el viento sopla del cuadrante este a 33 kil\u00f3metros.<\/p>\n","protected":false},"excerpt":{"rendered":"<div class=\"mh-excerpt\"><p>Las im\u00e1genes son elocuentes, y demuestran la violencia del temporal que provoc\u00f3 graves da\u00f1os en Villa Gesell. Hay alerta roja para Mar del Plata y la zona. Se registraron intensas lluvias, fuertes r\u00e1fagas de viento, <a class=\"mh-excerpt-more\" href=\"https:\/\/larevistadigital.com.ar\/blog\/videos-e-imagenes-los-desastres-ocasionados-por-el-temporal-en-villa-gesell\/\" title=\"[VIDEOS E IM\u00c1GENES] LOS DESASTRES OCASIONADOS POR EL TEMPORAL EN VILLA GESELL\">[Leer M\u00e1s]<\/a><\/p>\n<\/div>","protected":false},"author":3,"featured_media":18527,"comment_status":"open","ping_status":"open","sticky":false,"template":"","format":"standard","meta":{"_jetpack_memberships_contains_paid_content":false,"footnotes":"","jetpack_publicize_message":"","jetpack_publicize_feature_enabled":true,"jetpack_social_post_already_shared":true,"jetpack_social_options":{"image_generator_settings":{"template":"highway","default_image_id":0,"font":"","enabled":false},"version":2}},"categories":[50],"tags":[],"class_list":{"0":"post-18526","1":"post","2":"type-post","3":"status-publish","4":"format-standard","5":"has-post-thumbnail","7":"category-interes-general"},"jetpack_publicize_connections":[],"jetpack_featured_media_url":"https:\/\/i0.wp.com\/larevistadigital.com.ar\/blog\/wp-content\/uploads\/WhatsApp-Image-2021-01-06-at-13.24.44.jpeg?fit=719%2C1127&ssl=1","jetpack_sharing_enabled":true,"jetpack_shortlink":"https:\/\/wp.me\/p8qtrQ-4OO","jetpack-related-posts":[{"id":16707,"url":"https:\/\/larevistadigital.com.ar\/blog\/alerta-meteorologico-por-fuertes-vientos-y-lluvias-para-la-region-dolores-la-costa-gral-conesa-pinamar-y-villa-gesell\/","url_meta":{"origin":18526,"position":0},"title":"ALERTA METEOROL\u00d3GICO POR FUERTES VIENTOS Y LLUVIAS PARA LA REGI\u00d3N (DOLORES, LA COSTA, GRAL. CONESA, PINAMAR Y VILLA GESELL)","author":"Alejandro Sosa Ruda","date":"5 octubre, 2020","format":false,"excerpt":"El Servicio Meteorol\u00f3gico Nacional emiti\u00f3 dos alertas que alcanzan al este y sudeste de la Provincia de Buenos Aires. En uno se pronostica vientos intensos y el otro\u00a0lluvias y tormentas. Seg\u00fan el reporte se esperan r\u00e1fagas de viento con una intensidad de entre 50 y 70 kil\u00f3metros por hora y\u2026","rel":"","context":"En \u00abREGIONALES\u00bb","block_context":{"text":"REGIONALES","link":"https:\/\/larevistadigital.com.ar\/blog\/category\/regionales\/"},"img":{"alt_text":"","src":"https:\/\/i0.wp.com\/larevistadigital.com.ar\/blog\/wp-content\/uploads\/ALERTA-METEOROLOGICO.jpg?fit=1140%2C758&ssl=1&resize=350%2C200","width":350,"height":200,"srcset":"https:\/\/i0.wp.com\/larevistadigital.com.ar\/blog\/wp-content\/uploads\/ALERTA-METEOROLOGICO.jpg?fit=1140%2C758&ssl=1&resize=350%2C200 1x, https:\/\/i0.wp.com\/larevistadigital.com.ar\/blog\/wp-content\/uploads\/ALERTA-METEOROLOGICO.jpg?fit=1140%2C758&ssl=1&resize=525%2C300 1.5x, https:\/\/i0.wp.com\/larevistadigital.com.ar\/blog\/wp-content\/uploads\/ALERTA-METEOROLOGICO.jpg?fit=1140%2C758&ssl=1&resize=700%2C400 2x, https:\/\/i0.wp.com\/larevistadigital.com.ar\/blog\/wp-content\/uploads\/ALERTA-METEOROLOGICO.jpg?fit=1140%2C758&ssl=1&resize=1050%2C600 3x"},"classes":[]},{"id":21911,"url":"https:\/\/larevistadigital.com.ar\/blog\/alerta-del-servicio-meteorologico-por-fuertes-vientos-y-sudestada-en-el-partido-de-la-costa-villa-gesell-y-pinamar\/","url_meta":{"origin":18526,"position":1},"title":"ALERTA DEL SERVICIO METEOROL\u00d3GICO POR FUERTES VIENTOS Y SUDESTADA EN EL PARTIDO DE LA COSTA, VILLA GESELL Y PINAMAR","author":"Alejandro Sosa Ruda","date":"8 septiembre, 2021","format":false,"excerpt":"Desde el Servicio Meteorol\u00f3gico Nacional se emiti\u00f3 un alerta AMARILLO, para este mi\u00e9rcoles por fuertes tormentas y r\u00e1fagas de viento para la costa atl\u00e1ntica con precipitaciones que superar\u00edan los 60 mil\u00edmetros. Tambi\u00e9n se emiti\u00f3 otra alerta para la zona del Partido de la Costa, Pinamar y Villa Gesell por vientos\u2026","rel":"","context":"En \u00abREGIONALES\u00bb","block_context":{"text":"REGIONALES","link":"https:\/\/larevistadigital.com.ar\/blog\/category\/regionales\/"},"img":{"alt_text":"","src":"https:\/\/i0.wp.com\/larevistadigital.com.ar\/blog\/wp-content\/uploads\/1604499542695.jpg?fit=1200%2C675&ssl=1&resize=350%2C200","width":350,"height":200,"srcset":"https:\/\/i0.wp.com\/larevistadigital.com.ar\/blog\/wp-content\/uploads\/1604499542695.jpg?fit=1200%2C675&ssl=1&resize=350%2C200 1x, https:\/\/i0.wp.com\/larevistadigital.com.ar\/blog\/wp-content\/uploads\/1604499542695.jpg?fit=1200%2C675&ssl=1&resize=525%2C300 1.5x, https:\/\/i0.wp.com\/larevistadigital.com.ar\/blog\/wp-content\/uploads\/1604499542695.jpg?fit=1200%2C675&ssl=1&resize=700%2C400 2x, https:\/\/i0.wp.com\/larevistadigital.com.ar\/blog\/wp-content\/uploads\/1604499542695.jpg?fit=1200%2C675&ssl=1&resize=1050%2C600 3x"},"classes":[]},{"id":18839,"url":"https:\/\/larevistadigital.com.ar\/blog\/alerta-en-la-region-por-tormentas-fuertes-con-lluvias-intensas\/","url_meta":{"origin":18526,"position":2},"title":"ALERTA EN LA REGI\u00d3N POR TORMENTAS FUERTES CON LLUVIAS INTENSAS","author":"Alejandro Sosa Ruda","date":"12 febrero, 2021","format":false,"excerpt":"El aviso a muy corto plazo del Servicio Meteorol\u00f3gico Nacional rige para La Costa, General Lavalle, General Madariaga, Pinamar y Villa Gesell. El Servicio Meteorol\u00f3gico Nacional emiti\u00f3 un aviso a muy corto plazo para el Partido de La Costa, General Lavalle, General Madariaga, Pinamar y Villa Gesell por tormentas fuertes\u2026","rel":"","context":"En \u00abREGIONALES\u00bb","block_context":{"text":"REGIONALES","link":"https:\/\/larevistadigital.com.ar\/blog\/category\/regionales\/"},"img":{"alt_text":"","src":"https:\/\/i0.wp.com\/larevistadigital.com.ar\/blog\/wp-content\/uploads\/ALERTA-METEOROLOGICO.jpg?fit=1140%2C758&ssl=1&resize=350%2C200","width":350,"height":200,"srcset":"https:\/\/i0.wp.com\/larevistadigital.com.ar\/blog\/wp-content\/uploads\/ALERTA-METEOROLOGICO.jpg?fit=1140%2C758&ssl=1&resize=350%2C200 1x, https:\/\/i0.wp.com\/larevistadigital.com.ar\/blog\/wp-content\/uploads\/ALERTA-METEOROLOGICO.jpg?fit=1140%2C758&ssl=1&resize=525%2C300 1.5x, https:\/\/i0.wp.com\/larevistadigital.com.ar\/blog\/wp-content\/uploads\/ALERTA-METEOROLOGICO.jpg?fit=1140%2C758&ssl=1&resize=700%2C400 2x, https:\/\/i0.wp.com\/larevistadigital.com.ar\/blog\/wp-content\/uploads\/ALERTA-METEOROLOGICO.jpg?fit=1140%2C758&ssl=1&resize=1050%2C600 3x"},"classes":[]},{"id":38008,"url":"https:\/\/larevistadigital.com.ar\/blog\/alerta-amarilla-en-la-region-general-guido-maipu-coronel-vidal-ayacucho-general-madariaga-villa-gesell-y-pinamar\/","url_meta":{"origin":18526,"position":3},"title":"Alerta amarilla en la regi\u00f3n: Chascom\u00fas, Lezama, Castelli, Dolores,  General Guido, Maip\u00fa, Coronel Vidal, Ayacucho, General Madariaga, Villa Gesell y  Pinamar.","author":"Alejandro Sosa Ruda","date":"24 noviembre, 2024","format":false,"excerpt":"Tambi\u00e9n hay alerta naranja para Tandil, Rauch y Balcarce. 24 de Noviembre de 2024 El Servicio Meteorol\u00f3gico Nacional emiti\u00f3 un\u00a0alerta, amarillo que rige para este domingo,\u00a0por posibles tormentas fuertes, intensas r\u00e1fagas de viento y actividad el\u00e9ctrica con posible ca\u00edda de granizo. El alerta alcanza a varios distritos de la regi\u00f3n\u2026","rel":"","context":"En \u00abDESTACADAS\u00bb","block_context":{"text":"DESTACADAS","link":"https:\/\/larevistadigital.com.ar\/blog\/category\/destacadas\/"},"img":{"alt_text":"","src":"https:\/\/i0.wp.com\/larevistadigital.com.ar\/blog\/wp-content\/uploads\/ALERTA-METEOROLOGICO.jpg?fit=1140%2C758&ssl=1&resize=350%2C200","width":350,"height":200,"srcset":"https:\/\/i0.wp.com\/larevistadigital.com.ar\/blog\/wp-content\/uploads\/ALERTA-METEOROLOGICO.jpg?fit=1140%2C758&ssl=1&resize=350%2C200 1x, https:\/\/i0.wp.com\/larevistadigital.com.ar\/blog\/wp-content\/uploads\/ALERTA-METEOROLOGICO.jpg?fit=1140%2C758&ssl=1&resize=525%2C300 1.5x, https:\/\/i0.wp.com\/larevistadigital.com.ar\/blog\/wp-content\/uploads\/ALERTA-METEOROLOGICO.jpg?fit=1140%2C758&ssl=1&resize=700%2C400 2x, https:\/\/i0.wp.com\/larevistadigital.com.ar\/blog\/wp-content\/uploads\/ALERTA-METEOROLOGICO.jpg?fit=1140%2C758&ssl=1&resize=1050%2C600 3x"},"classes":[]},{"id":28885,"url":"https:\/\/larevistadigital.com.ar\/blog\/alerta-meteorologico-en-mar-del-plata-y-la-zona-por-lluvias-y-posible-caida-de-granizo\/","url_meta":{"origin":18526,"position":4},"title":"ALERTA METEOROL\u00d3GICO EN MAR DEL PLATA Y LA ZONA POR LLUVIAS Y POSIBLE CAIDA DE GRANIZO","author":"Alejandro Sosa Ruda","date":"19 noviembre, 2022","format":false,"excerpt":"Las condiciones clim\u00e1ticas podr\u00edan extenderse hasta la madrugada. Recomendaciones para evitar accidentes y da\u00f1os mayores. 19 de noviembre de 2022 El\u00a0Servicio Meteorol\u00f3gico Nacional\u00a0(SMN) emiti\u00f3 un alerta por\u00a0fuertes tormentas\u00a0para la Costa Atl\u00e1ntica. Seg\u00fan detallaron se trata de un alerta a corto plazo por tormentas fuertes con\u00a0lluvias intensas, r\u00e1fagas y ocasional ca\u00edda\u2026","rel":"","context":"En \u00abREGIONALES\u00bb","block_context":{"text":"REGIONALES","link":"https:\/\/larevistadigital.com.ar\/blog\/category\/regionales\/"},"img":{"alt_text":"","src":"https:\/\/i0.wp.com\/larevistadigital.com.ar\/blog\/wp-content\/uploads\/ALERTA-METEOROLOGICO.jpg?fit=1140%2C758&ssl=1&resize=350%2C200","width":350,"height":200,"srcset":"https:\/\/i0.wp.com\/larevistadigital.com.ar\/blog\/wp-content\/uploads\/ALERTA-METEOROLOGICO.jpg?fit=1140%2C758&ssl=1&resize=350%2C200 1x, https:\/\/i0.wp.com\/larevistadigital.com.ar\/blog\/wp-content\/uploads\/ALERTA-METEOROLOGICO.jpg?fit=1140%2C758&ssl=1&resize=525%2C300 1.5x, https:\/\/i0.wp.com\/larevistadigital.com.ar\/blog\/wp-content\/uploads\/ALERTA-METEOROLOGICO.jpg?fit=1140%2C758&ssl=1&resize=700%2C400 2x, https:\/\/i0.wp.com\/larevistadigital.com.ar\/blog\/wp-content\/uploads\/ALERTA-METEOROLOGICO.jpg?fit=1140%2C758&ssl=1&resize=1050%2C600 3x"},"classes":[]},{"id":21284,"url":"https:\/\/larevistadigital.com.ar\/blog\/villa-gesell-tambien-sufrio-importantes-destrozos-por-la-sudestada\/","url_meta":{"origin":18526,"position":5},"title":"VILLA GESELL TAMBI\u00c9N SUFRI\u00d3 IMPORTANTES DESTROZOS POR LA SUDESTADA","author":"Alejandro Sosa Ruda","date":"29 julio, 2021","format":false,"excerpt":"El agua super\u00f3 la l\u00ednea de las \u00faltimas crecidas y, sumada a la acci\u00f3n de los fuertes vientos, arrastr\u00f3 y da\u00f1\u00f3 casillas de guardavidas, jugueras e instalaciones de balnearios. VILLA GESELL -\u00a0 Una nueva sudestada, unida a una crecida del mar que result\u00f3 m\u00e1s alta que la que habitualmente suele\u2026","rel":"","context":"En \u00abREGIONALES\u00bb","block_context":{"text":"REGIONALES","link":"https:\/\/larevistadigital.com.ar\/blog\/category\/regionales\/"},"img":{"alt_text":"","src":"https:\/\/i0.wp.com\/larevistadigital.com.ar\/blog\/wp-content\/uploads\/6db60b522ca8b331a22ace5c88826bcd1938cfb2.jpg?fit=1140%2C642&ssl=1&resize=350%2C200","width":350,"height":200,"srcset":"https:\/\/i0.wp.com\/larevistadigital.com.ar\/blog\/wp-content\/uploads\/6db60b522ca8b331a22ace5c88826bcd1938cfb2.jpg?fit=1140%2C642&ssl=1&resize=350%2C200 1x, https:\/\/i0.wp.com\/larevistadigital.com.ar\/blog\/wp-content\/uploads\/6db60b522ca8b331a22ace5c88826bcd1938cfb2.jpg?fit=1140%2C642&ssl=1&resize=525%2C300 1.5x, https:\/\/i0.wp.com\/larevistadigital.com.ar\/blog\/wp-content\/uploads\/6db60b522ca8b331a22ace5c88826bcd1938cfb2.jpg?fit=1140%2C642&ssl=1&resize=700%2C400 2x, https:\/\/i0.wp.com\/larevistadigital.com.ar\/blog\/wp-content\/uploads\/6db60b522ca8b331a22ace5c88826bcd1938cfb2.jpg?fit=1140%2C642&ssl=1&resize=1050%2C600 3x"},"classes":[]}],"_links":{"self":[{"href":"https:\/\/larevistadigital.com.ar\/blog\/wp-json\/wp\/v2\/posts\/18526","targetHints":{"allow":["GET"]}}],"collection":[{"href":"https:\/\/larevistadigital.com.ar\/blog\/wp-json\/wp\/v2\/posts"}],"about":[{"href":"https:\/\/larevistadigital.com.ar\/blog\/wp-json\/wp\/v2\/types\/post"}],"author":[{"embeddable":true,"href":"https:\/\/larevistadigital.com.ar\/blog\/wp-json\/wp\/v2\/users\/3"}],"replies":[{"embeddable":true,"href":"https:\/\/larevistadigital.com.ar\/blog\/wp-json\/wp\/v2\/comments?post=18526"}],"version-history":[{"count":1,"href":"https:\/\/larevistadigital.com.ar\/blog\/wp-json\/wp\/v2\/posts\/18526\/revisions"}],"predecessor-version":[{"id":18532,"href":"https:\/\/larevistadigital.com.ar\/blog\/wp-json\/wp\/v2\/posts\/18526\/revisions\/18532"}],"wp:featuredmedia":[{"embeddable":true,"href":"https:\/\/larevistadigital.com.ar\/blog\/wp-json\/wp\/v2\/media\/18527"}],"wp:attachment":[{"href":"https:\/\/larevistadigital.com.ar\/blog\/wp-json\/wp\/v2\/media?parent=18526"}],"wp:term":[{"taxonomy":"category","embeddable":true,"href":"https:\/\/larevistadigital.com.ar\/blog\/wp-json\/wp\/v2\/categories?post=18526"},{"taxonomy":"post_tag","embeddable":true,"href":"https:\/\/larevistadigital.com.ar\/blog\/wp-json\/wp\/v2\/tags?post=18526"}],"curies":[{"name":"wp","href":"https:\/\/api.w.org\/{rel}","templated":true}]}}