{"id":18537,"date":"2021-01-07T13:46:16","date_gmt":"2021-01-07T13:46:16","guid":{"rendered":"https:\/\/larevistadigital.com.ar\/blog\/?p=18537"},"modified":"2021-01-07T13:49:38","modified_gmt":"2021-01-07T13:49:38","slug":"los-trabajadores-del-howard-johnson-de-chascomus-son-victimas-de-moobing","status":"publish","type":"post","link":"https:\/\/larevistadigital.com.ar\/blog\/los-trabajadores-del-howard-johnson-de-chascomus-son-victimas-de-moobing\/","title":{"rendered":"LOS TRABAJADORES DEL HOWARD JOHNSON DE CHASCOM\u00daS, \u00bfSON V\u00cdCTIMAS DE MOOBING?"},"content":{"rendered":"<h2>Qu\u00e9 es y c\u00f3mo se encuadra el \u00abmoobing\u00bb. Una inaceptable situaci\u00f3n que se vive en la sucursal Chascom\u00fas del famoso Hotel, que puede terminar de manera muy grave.<\/h2>\n<p>\u00abMoobing\u00bb, es una palabra en ingl\u00e9s que define el acoso laboral, y hace referencia tanto a la acci\u00f3n de un hostigador u hostigadores conducente a producir miedo, terror, desprecio o des\u00e1nimo en el trabajador afectado hacia su trabajo, como el efecto o la enfermedad que produce en el trabajador.<\/p>\n<p>Este doloso accionar, provoca entre otras cosas serios da\u00f1os a quienes lo padecen. Se afecta la personalidad en su faz espiritual, se repercute en las relaciones interlaborales y los derechos personal\u00edsimos de los trabajadores. Esta derivaci\u00f3n de la violencia laboral, cada vez reconoce m\u00e1s afectados que se esfuerzan por encontrar respuestas en un sistema jur\u00eddico que por el momento s\u00f3lo otorga alternativas de protecci\u00f3n.<\/p>\n<blockquote>\n<h3>Luego de las acciones denunciadas por un gran n\u00famero de trabajadores en relaci\u00f3n al destrato y situaciones de acoso, violencia laboral y de g\u00e9nero a que son sometidos a diario, principalmente por el Administrador del fideicomiso, Jorge Ramallo.<\/h3>\n<\/blockquote>\n<p>Recordemos que hay empleados que denuncian todo tipo de actitudes que configurar\u00edan actos de Moobing. Por ejemplo, actitudes violentas, malos tratos, gritos y humillaciones, en privado y en p\u00fablico (inclusive a veces delante de los turistas que est\u00e1n en el Hotel).<\/p>\n<blockquote>\n<h3>En ese marco, en la franquicia Chascomunense del famoso Hotel, se plantean todo tipo de situaciones desagradables, que no solo han provocado renuncias, sino que adem\u00e1s hay personas con tratamiento psiqui\u00e1trico, con trastornos f\u00edsicos y mentales luego de soportar el terrible acoso al que est\u00e1n constantemente expuestos. (ver nota:\u00a0<a href=\"https:\/\/larevistadigital.com.ar\/blog\/escandalo-encubierto-que-esta-pasando-en-el-howard-jhonson-de-chascomus\/\">https:\/\/larevistadigital.com.ar\/blog\/escandalo-encubierto-que-esta-pasando-en-el-howard-jhonson-de-chascomus\/<\/a> )<\/h3>\n<\/blockquote>\n<p>Jur\u00eddicamente hay una gran cantidad de disposiciones que dan marco legal a esta situaci\u00f3n, desde disposiciones constitucionales, como por ejemplo los art\u00edculos n\u00b019; 14 bis y 75 inc.22 de la Constituci\u00f3n Nacional. Sobre todo el \u00faltimo, que desde el a\u00f1o 1994, con la reforma incorpor\u00f3 tratados y declaraciones sobre derechos humanos a los que se otorg\u00f3 jerarqu\u00eda constitucional. Tambi\u00e9n podemos citar Convenios de la OIT, como el 111\u00b0 de NO DISCRIMINACI\u00d3N.<\/p>\n<blockquote>\n<h3>Podemos seguir con la gran lista, pero no vamos a aburrir al lector. Solamente expresar que este tema, reviste una enorme gravedad, y la inacci\u00f3n de la gerencia del Hotel ante estos procederes de su administrador, lo convierten directamente en c\u00f3mplice directo y co-responsable de las consecuencias que provoquen en los trabajadores.<\/h3>\n<\/blockquote>\n<p>Fuentes cercanas, que por obvias razones no mencionaremos, nos comentan que lamentablemente habr\u00eda existido una actitud de una de las v\u00edctimas de esto, que podr\u00eda haber terminado con su vida. Repetimos: Esta situaci\u00f3n es muy grave.<\/p>\n<p>Por \u00faltimo, destacamos la celeridad del Ministerio de Trabajo y su Jefe en Chascom\u00fas, <strong>Mart\u00edn Torres<\/strong>, que con rapidez realiz\u00f3 un procedimiento en el que pudieron constatar m\u00e1s de una irregularidad.<\/p>\n<blockquote>\n<h3><strong>Muchos empleados, quisieran retornar al trabajo. Otros ni por todo el oro del mundo, pero creemos que las autoridades del Hotel, deber\u00edan en principio tomar alguna medida para que esto no contin\u00fae, como por ejemplo, por lo menos de manera preventiva, cambiar a los responsables de la Administraci\u00f3n hasta que se expidan las autoridades correspondientes.<\/strong><\/h3>\n<\/blockquote>\n<p>&nbsp;<\/p>\n","protected":false},"excerpt":{"rendered":"<div class=\"mh-excerpt\"><p>Qu\u00e9 es y c\u00f3mo se encuadra el \u00abmoobing\u00bb. Una inaceptable situaci\u00f3n que se vive en la sucursal Chascom\u00fas del famoso Hotel, que puede terminar de manera muy grave. \u00abMoobing\u00bb, es una palabra en ingl\u00e9s que <a class=\"mh-excerpt-more\" href=\"https:\/\/larevistadigital.com.ar\/blog\/los-trabajadores-del-howard-johnson-de-chascomus-son-victimas-de-moobing\/\" title=\"LOS TRABAJADORES DEL HOWARD JOHNSON DE CHASCOM\u00daS, \u00bfSON V\u00cdCTIMAS DE MOOBING?\">[Leer M\u00e1s]<\/a><\/p>\n<\/div>","protected":false},"author":3,"featured_media":18542,"comment_status":"open","ping_status":"open","sticky":false,"template":"","format":"standard","meta":{"_jetpack_memberships_contains_paid_content":false,"footnotes":"","jetpack_publicize_message":"","jetpack_publicize_feature_enabled":true,"jetpack_social_post_already_shared":true,"jetpack_social_options":{"image_generator_settings":{"template":"highway","default_image_id":0,"font":"","enabled":false},"version":2}},"categories":[6],"tags":[],"class_list":{"0":"post-18537","1":"post","2":"type-post","3":"status-publish","4":"format-standard","5":"has-post-thumbnail","7":"category-chascomus"},"jetpack_publicize_connections":[],"jetpack_featured_media_url":"https:\/\/i0.wp.com\/larevistadigital.com.ar\/blog\/wp-content\/uploads\/hojochas.jpg?fit=800%2C800&ssl=1","jetpack_sharing_enabled":true,"jetpack_shortlink":"https:\/\/wp.me\/p8qtrQ-4OZ","jetpack-related-posts":[{"id":19147,"url":"https:\/\/larevistadigital.com.ar\/blog\/comunicado-de-cicop-chascomus-apoyando-a-los-profesionales-del-hospital-municipal\/","url_meta":{"origin":18537,"position":0},"title":"COMUNICADO DE CICOP CHASCOM\u00daS, APOYANDO A LOS PROFESIONALES DEL HOSPITAL MUNICIPAL","author":"Alejandro Sosa Ruda","date":"2 marzo, 2021","format":false,"excerpt":"COMUNICADO CICOP- SECCIONAL CHASCOMUS Ante los \u00faltimos acontecimientos en relaci\u00f3n a : - la no renovaci\u00f3n de contratos ( despidos arbitrarios, encubiertos y un \"aleccionadores\"?) - renuncias de compa\u00f1eros de guardia, y - aprietes a algunos de ellos que expusieron p\u00fablicamente sus verdades y que como casos testigo muestran un\u2026","rel":"","context":"En \u00abDESTACADAS\u00bb","block_context":{"text":"DESTACADAS","link":"https:\/\/larevistadigital.com.ar\/blog\/category\/destacadas\/"},"img":{"alt_text":"","src":"https:\/\/i0.wp.com\/larevistadigital.com.ar\/blog\/wp-content\/uploads\/2017\/09\/CICOP.jpg?fit=960%2C720&ssl=1&resize=350%2C200","width":350,"height":200,"srcset":"https:\/\/i0.wp.com\/larevistadigital.com.ar\/blog\/wp-content\/uploads\/2017\/09\/CICOP.jpg?fit=960%2C720&ssl=1&resize=350%2C200 1x, https:\/\/i0.wp.com\/larevistadigital.com.ar\/blog\/wp-content\/uploads\/2017\/09\/CICOP.jpg?fit=960%2C720&ssl=1&resize=525%2C300 1.5x, https:\/\/i0.wp.com\/larevistadigital.com.ar\/blog\/wp-content\/uploads\/2017\/09\/CICOP.jpg?fit=960%2C720&ssl=1&resize=700%2C400 2x"},"classes":[]},{"id":44903,"url":"https:\/\/larevistadigital.com.ar\/blog\/escalafon-municipal-un-proyecto-clave-para-los-trabajadores-sigue-frenado-hace-mas-de-un-ano\/","url_meta":{"origin":18537,"position":1},"title":"Escalaf\u00f3n municipal: un proyecto clave para los trabajadores sigue frenado hace m\u00e1s de un a\u00f1o","author":"Alejandro Sosa Ruda","date":"2 abril, 2026","format":false,"excerpt":"La iniciativa, impulsada por gremios y el Ejecutivo, busca mejorar salarios, jubilaciones y la carrera laboral. Denuncian falta de tratamiento en el Concejo Deliberante y reclaman respuestas. 02 de abril de 2026 CHASCOM\u00daS -\u00a0 \u00a0En medio de un debate que impacta de lleno en la realidad de los trabajadores municipales,\u2026","rel":"","context":"En \u00abDESTACADAS\u00bb","block_context":{"text":"DESTACADAS","link":"https:\/\/larevistadigital.com.ar\/blog\/category\/destacadas\/"},"img":{"alt_text":"","src":"https:\/\/i0.wp.com\/larevistadigital.com.ar\/blog\/wp-content\/uploads\/Captura-de-pantalla-2026-04-02-212308.jpg?fit=745%2C418&ssl=1&resize=350%2C200","width":350,"height":200,"srcset":"https:\/\/i0.wp.com\/larevistadigital.com.ar\/blog\/wp-content\/uploads\/Captura-de-pantalla-2026-04-02-212308.jpg?fit=745%2C418&ssl=1&resize=350%2C200 1x, https:\/\/i0.wp.com\/larevistadigital.com.ar\/blog\/wp-content\/uploads\/Captura-de-pantalla-2026-04-02-212308.jpg?fit=745%2C418&ssl=1&resize=525%2C300 1.5x, https:\/\/i0.wp.com\/larevistadigital.com.ar\/blog\/wp-content\/uploads\/Captura-de-pantalla-2026-04-02-212308.jpg?fit=745%2C418&ssl=1&resize=700%2C400 2x"},"classes":[]},{"id":40899,"url":"https:\/\/larevistadigital.com.ar\/blog\/nueva-reunion-para-avanzar-en-el-convenio-colectivo-de-trabajo-municipal\/","url_meta":{"origin":18537,"position":2},"title":"Nueva reuni\u00f3n para avanzar en el convenio colectivo de trabajo municipal","author":"Alejandro Sosa Ruda","date":"13 agosto, 2025","format":false,"excerpt":"Esta propuesta regular\u00e1 las condiciones laborales del personal municipal y tiene como objetivo establecer un marco normativo justo, equitativo y transparente, fortaleciendo los derechos de todos los trabajadores. 13 de Agosto de 2025 CHASCOM\u00daS\u00a0 -\u00a0 \u00a0Este mi\u00e9rcoles se llev\u00f3 a cabo una nueva reuni\u00f3n entre el gobierno municipal y los\u2026","rel":"","context":"En \u00abCHASCOM\u00daS\u00bb","block_context":{"text":"CHASCOM\u00daS","link":"https:\/\/larevistadigital.com.ar\/blog\/category\/chascomus\/"},"img":{"alt_text":"","src":"https:\/\/i0.wp.com\/larevistadigital.com.ar\/blog\/wp-content\/uploads\/689cda05c8918.png?fit=668%2C445&ssl=1&resize=350%2C200","width":350,"height":200,"srcset":"https:\/\/i0.wp.com\/larevistadigital.com.ar\/blog\/wp-content\/uploads\/689cda05c8918.png?fit=668%2C445&ssl=1&resize=350%2C200 1x, https:\/\/i0.wp.com\/larevistadigital.com.ar\/blog\/wp-content\/uploads\/689cda05c8918.png?fit=668%2C445&ssl=1&resize=525%2C300 1.5x"},"classes":[]},{"id":9224,"url":"https:\/\/larevistadigital.com.ar\/blog\/chascomus-hubo-acuerdo-en-la-mesa-de-negociacion-salarial\/","url_meta":{"origin":18537,"position":3},"title":"CHASCOM\u00daS: HUBO ACUERDO EN LA MESA DE NEGOCIACI\u00d3N SALARIAL","author":"Alejandro Sosa Ruda","date":"20 marzo, 2019","format":false,"excerpt":"El Departamento Ejecutivo y los representantes de los tres gremios municipales acordaron, ayer el pago de la cl\u00e1usula gatillo y un nuevo aumento, logrando, de esta manera, una mejora para los trabajadores municipales de un 30.54 por ciento. El acuerdo, que incluye la aplicaci\u00f3n de la cl\u00e1usula gatillo del 22%,\u2026","rel":"","context":"En \u00abCHASCOM\u00daS\u00bb","block_context":{"text":"CHASCOM\u00daS","link":"https:\/\/larevistadigital.com.ar\/blog\/category\/chascomus\/"},"img":{"alt_text":"","src":"https:\/\/i0.wp.com\/larevistadigital.com.ar\/blog\/wp-content\/uploads\/2019\/03\/54516566_2340908479263357_1947239288974344192_o.jpg?fit=1200%2C801&ssl=1&resize=350%2C200","width":350,"height":200,"srcset":"https:\/\/i0.wp.com\/larevistadigital.com.ar\/blog\/wp-content\/uploads\/2019\/03\/54516566_2340908479263357_1947239288974344192_o.jpg?fit=1200%2C801&ssl=1&resize=350%2C200 1x, https:\/\/i0.wp.com\/larevistadigital.com.ar\/blog\/wp-content\/uploads\/2019\/03\/54516566_2340908479263357_1947239288974344192_o.jpg?fit=1200%2C801&ssl=1&resize=525%2C300 1.5x, https:\/\/i0.wp.com\/larevistadigital.com.ar\/blog\/wp-content\/uploads\/2019\/03\/54516566_2340908479263357_1947239288974344192_o.jpg?fit=1200%2C801&ssl=1&resize=700%2C400 2x, https:\/\/i0.wp.com\/larevistadigital.com.ar\/blog\/wp-content\/uploads\/2019\/03\/54516566_2340908479263357_1947239288974344192_o.jpg?fit=1200%2C801&ssl=1&resize=1050%2C600 3x"},"classes":[]},{"id":11514,"url":"https:\/\/larevistadigital.com.ar\/blog\/chascomus-confirmaron-despido-de-trabajadores-de-unitec-blue\/","url_meta":{"origin":18537,"position":4},"title":"CHASCOM\u00daS: CONFIRMARON DESPIDO DE TRABAJADORES DE UNITEC BLUE","author":"Alejandro Sosa Ruda","date":"25 julio, 2019","format":false,"excerpt":"Este jueves se confirm\u00f3 el despido de los 23 trabajadores que a\u00fan permanec\u00edan en la empresa nanotecnol\u00f3gica Unitec Blue de la ciudad de Chascom\u00fas. Desde la empresa no han emitido informaci\u00f3n alguna pero los referentes sindicales hab\u00edan se\u00f1alado d\u00edas pasados que la paralizaci\u00f3n en la producci\u00f3n hab\u00eda obligado a la\u2026","rel":"","context":"En \u00abCHASCOM\u00daS\u00bb","block_context":{"text":"CHASCOM\u00daS","link":"https:\/\/larevistadigital.com.ar\/blog\/category\/chascomus\/"},"img":{"alt_text":"","src":"https:\/\/i0.wp.com\/larevistadigital.com.ar\/blog\/wp-content\/uploads\/2017\/07\/unitec_blue.jpg?fit=600%2C397&ssl=1&resize=350%2C200","width":350,"height":200,"srcset":"https:\/\/i0.wp.com\/larevistadigital.com.ar\/blog\/wp-content\/uploads\/2017\/07\/unitec_blue.jpg?fit=600%2C397&ssl=1&resize=350%2C200 1x, https:\/\/i0.wp.com\/larevistadigital.com.ar\/blog\/wp-content\/uploads\/2017\/07\/unitec_blue.jpg?fit=600%2C397&ssl=1&resize=525%2C300 1.5x"},"classes":[]},{"id":605,"url":"https:\/\/larevistadigital.com.ar\/blog\/mercedes-roldan-ningun-trabajador-puede-cobrar-menos-diez-mil-pesos-basico\/","url_meta":{"origin":18537,"position":5},"title":"Mercedes Rold\u00e1n: \u201cning\u00fan trabajador puede cobrar menos de diez mil pesos de b\u00e1sico\u201d","author":"editor","date":"6 marzo, 2017","format":false,"excerpt":"La secretaria general del Sindicato de Trabajadores Municipales de Chascom\u00fas Mercedes Rold\u00e1n, confirm\u00f3 que el pedido que su gremio hizo en la mesa del salario fue de \u201c\u2026 un b\u00e1sico de por lo menos diez mil pesos para el trabajador ingresante con r\u00e9gimen de 35 horas semanales, y que hoy\u2026","rel":"","context":"En \u00abGREMIALES\u00bb","block_context":{"text":"GREMIALES","link":"https:\/\/larevistadigital.com.ar\/blog\/category\/gremiales\/"},"img":{"alt_text":"","src":"https:\/\/i0.wp.com\/larevistadigital.com.ar\/blog\/wp-content\/uploads\/2017\/03\/mercedes-roldan-640x446.jpg?fit=640%2C446&ssl=1&resize=350%2C200","width":350,"height":200,"srcset":"https:\/\/i0.wp.com\/larevistadigital.com.ar\/blog\/wp-content\/uploads\/2017\/03\/mercedes-roldan-640x446.jpg?fit=640%2C446&ssl=1&resize=350%2C200 1x, https:\/\/i0.wp.com\/larevistadigital.com.ar\/blog\/wp-content\/uploads\/2017\/03\/mercedes-roldan-640x446.jpg?fit=640%2C446&ssl=1&resize=525%2C300 1.5x"},"classes":[]}],"_links":{"self":[{"href":"https:\/\/larevistadigital.com.ar\/blog\/wp-json\/wp\/v2\/posts\/18537","targetHints":{"allow":["GET"]}}],"collection":[{"href":"https:\/\/larevistadigital.com.ar\/blog\/wp-json\/wp\/v2\/posts"}],"about":[{"href":"https:\/\/larevistadigital.com.ar\/blog\/wp-json\/wp\/v2\/types\/post"}],"author":[{"embeddable":true,"href":"https:\/\/larevistadigital.com.ar\/blog\/wp-json\/wp\/v2\/users\/3"}],"replies":[{"embeddable":true,"href":"https:\/\/larevistadigital.com.ar\/blog\/wp-json\/wp\/v2\/comments?post=18537"}],"version-history":[{"count":2,"href":"https:\/\/larevistadigital.com.ar\/blog\/wp-json\/wp\/v2\/posts\/18537\/revisions"}],"predecessor-version":[{"id":18540,"href":"https:\/\/larevistadigital.com.ar\/blog\/wp-json\/wp\/v2\/posts\/18537\/revisions\/18540"}],"wp:featuredmedia":[{"embeddable":true,"href":"https:\/\/larevistadigital.com.ar\/blog\/wp-json\/wp\/v2\/media\/18542"}],"wp:attachment":[{"href":"https:\/\/larevistadigital.com.ar\/blog\/wp-json\/wp\/v2\/media?parent=18537"}],"wp:term":[{"taxonomy":"category","embeddable":true,"href":"https:\/\/larevistadigital.com.ar\/blog\/wp-json\/wp\/v2\/categories?post=18537"},{"taxonomy":"post_tag","embeddable":true,"href":"https:\/\/larevistadigital.com.ar\/blog\/wp-json\/wp\/v2\/tags?post=18537"}],"curies":[{"name":"wp","href":"https:\/\/api.w.org\/{rel}","templated":true}]}}