{"id":18543,"date":"2021-01-07T22:22:30","date_gmt":"2021-01-07T22:22:30","guid":{"rendered":"https:\/\/larevistadigital.com.ar\/blog\/?p=18543"},"modified":"2021-01-07T22:22:30","modified_gmt":"2021-01-07T22:22:30","slug":"conocido-vecino-y-dirigente-politico-de-chascomus-sobrevivio-milagrosamente-a-un-accidente","status":"publish","type":"post","link":"https:\/\/larevistadigital.com.ar\/blog\/conocido-vecino-y-dirigente-politico-de-chascomus-sobrevivio-milagrosamente-a-un-accidente\/","title":{"rendered":"CONOCIDO VECINO Y DIRIGENTE POL\u00cdTICO DE CHASCOM\u00daS SOBREVIVI\u00d3 MILAGROSAMENTE A UN ACCIDENTE"},"content":{"rendered":"<p><strong>CHASCOM\u00daS &#8211;\u00a0<\/strong>Las im\u00e1genes del siniestro son realmente impresionantes, y solo se puede pensar que Dios estuvo junto a <strong>Juan Pablo \u00abEl Polilla\u00bb Odera<\/strong> hoy por la ma\u00f1ana cuando sufri\u00f3 un fort\u00edsimo accidente con su autom\u00f3vil, que qued\u00f3 totalmente destruido.<\/p>\n<p>Resulta incre\u00edble, pero \u00abEl Poli\u00bb, como se le dice en la ciudad, pudo salir ileso. El choque fue contra un cami\u00f3n, hoy a la ma\u00f1ana en las cercan\u00edas de \u00abVilla del Sur\u00bb. A\u00fan desconocemos los detalles del siniestro, pero basta con ver las fotograf\u00edas de su auto, para darse cuenta que fue un verdadero milagro. Conociendo el hecho y las fotos, algunos bromeaban con \u00e9l por la ma\u00f1ana, llam\u00e1ndolo \u00abJes\u00fas\u00bb, en referencia al incre\u00edble hecho de salir ileso luego del terrible accidente que redujo su autom\u00f3vil Honda a un manojo de hierros retorcidos. Probablemente tambi\u00e9n haya influido la seguridad que brinda el veh\u00edculo japon\u00e9s.<\/p>\n<figure id=\"attachment_18545\" aria-describedby=\"caption-attachment-18545\" style=\"width: 960px\" class=\"wp-caption alignnone\"><img data-recalc-dims=\"1\" loading=\"lazy\" decoding=\"async\" class=\"wp-image-18545 size-full\" src=\"https:\/\/i0.wp.com\/larevistadigital.com.ar\/blog\/wp-content\/uploads\/91587014_1063263414046081_3992358516097548288_n.jpg?resize=960%2C960&#038;ssl=1\" alt=\"\" width=\"960\" height=\"960\" srcset=\"https:\/\/i0.wp.com\/larevistadigital.com.ar\/blog\/wp-content\/uploads\/91587014_1063263414046081_3992358516097548288_n.jpg?w=960&amp;ssl=1 960w, https:\/\/i0.wp.com\/larevistadigital.com.ar\/blog\/wp-content\/uploads\/91587014_1063263414046081_3992358516097548288_n.jpg?resize=300%2C300&amp;ssl=1 300w, https:\/\/i0.wp.com\/larevistadigital.com.ar\/blog\/wp-content\/uploads\/91587014_1063263414046081_3992358516097548288_n.jpg?resize=150%2C150&amp;ssl=1 150w, https:\/\/i0.wp.com\/larevistadigital.com.ar\/blog\/wp-content\/uploads\/91587014_1063263414046081_3992358516097548288_n.jpg?resize=768%2C768&amp;ssl=1 768w\" sizes=\"auto, (max-width: 960px) 100vw, 960px\" \/><figcaption id=\"caption-attachment-18545\" class=\"wp-caption-text\"><strong>\u00abLos tres Juampis\u00bb. El Poli, su pap\u00e1 y su hijo<\/strong><\/figcaption><\/figure>\n<p><strong>Juan Pablo \u00abEl Poli\u00bb Odera<\/strong>, es un conocido y apreciado vecino, reconocido por su militancia peronista, que suele viajar por cuestiones laborales y pol\u00edticas. Luego de haberse radicado en Canad\u00e1, retorn\u00f3 al pa\u00eds hace algunos a\u00f1os y se ha desarrollado y crecido dentro del peronismo, como lo hizo su padre, hist\u00f3rico dirigente del PJ,\u00a0 consiguiendo un interesante armado a nivel seccional en la provincia de Buenos Aires.<\/p>\n<p>Desde La Revista Digital le deseamos una pronta recuperaci\u00f3n!!<\/p>\n<p><strong>LAS FOTOS DEL TERRIBLE ACCIDENTE:<\/strong><\/p>\n<p><img data-recalc-dims=\"1\" loading=\"lazy\" decoding=\"async\" class=\"alignnone size-full wp-image-18546\" src=\"https:\/\/i0.wp.com\/larevistadigital.com.ar\/blog\/wp-content\/uploads\/WhatsApp-Image-2021-01-07-at-17.20.23-1.jpeg?resize=1024%2C768&#038;ssl=1\" alt=\"\" width=\"1024\" height=\"768\" srcset=\"https:\/\/i0.wp.com\/larevistadigital.com.ar\/blog\/wp-content\/uploads\/WhatsApp-Image-2021-01-07-at-17.20.23-1.jpeg?w=1024&amp;ssl=1 1024w, https:\/\/i0.wp.com\/larevistadigital.com.ar\/blog\/wp-content\/uploads\/WhatsApp-Image-2021-01-07-at-17.20.23-1.jpeg?resize=300%2C225&amp;ssl=1 300w, https:\/\/i0.wp.com\/larevistadigital.com.ar\/blog\/wp-content\/uploads\/WhatsApp-Image-2021-01-07-at-17.20.23-1.jpeg?resize=768%2C576&amp;ssl=1 768w, https:\/\/i0.wp.com\/larevistadigital.com.ar\/blog\/wp-content\/uploads\/WhatsApp-Image-2021-01-07-at-17.20.23-1.jpeg?resize=678%2C509&amp;ssl=1 678w, https:\/\/i0.wp.com\/larevistadigital.com.ar\/blog\/wp-content\/uploads\/WhatsApp-Image-2021-01-07-at-17.20.23-1.jpeg?resize=326%2C245&amp;ssl=1 326w, https:\/\/i0.wp.com\/larevistadigital.com.ar\/blog\/wp-content\/uploads\/WhatsApp-Image-2021-01-07-at-17.20.23-1.jpeg?resize=80%2C60&amp;ssl=1 80w\" sizes=\"auto, (max-width: 1000px) 100vw, 1000px\" \/> <img data-recalc-dims=\"1\" loading=\"lazy\" decoding=\"async\" class=\"alignnone size-full wp-image-18547\" src=\"https:\/\/i0.wp.com\/larevistadigital.com.ar\/blog\/wp-content\/uploads\/WhatsApp-Image-2021-01-07-at-17.20.23-2.jpeg?resize=1024%2C768&#038;ssl=1\" alt=\"\" width=\"1024\" height=\"768\" srcset=\"https:\/\/i0.wp.com\/larevistadigital.com.ar\/blog\/wp-content\/uploads\/WhatsApp-Image-2021-01-07-at-17.20.23-2.jpeg?w=1024&amp;ssl=1 1024w, https:\/\/i0.wp.com\/larevistadigital.com.ar\/blog\/wp-content\/uploads\/WhatsApp-Image-2021-01-07-at-17.20.23-2.jpeg?resize=300%2C225&amp;ssl=1 300w, https:\/\/i0.wp.com\/larevistadigital.com.ar\/blog\/wp-content\/uploads\/WhatsApp-Image-2021-01-07-at-17.20.23-2.jpeg?resize=768%2C576&amp;ssl=1 768w, https:\/\/i0.wp.com\/larevistadigital.com.ar\/blog\/wp-content\/uploads\/WhatsApp-Image-2021-01-07-at-17.20.23-2.jpeg?resize=678%2C509&amp;ssl=1 678w, https:\/\/i0.wp.com\/larevistadigital.com.ar\/blog\/wp-content\/uploads\/WhatsApp-Image-2021-01-07-at-17.20.23-2.jpeg?resize=326%2C245&amp;ssl=1 326w, https:\/\/i0.wp.com\/larevistadigital.com.ar\/blog\/wp-content\/uploads\/WhatsApp-Image-2021-01-07-at-17.20.23-2.jpeg?resize=80%2C60&amp;ssl=1 80w\" sizes=\"auto, (max-width: 1000px) 100vw, 1000px\" \/> <img data-recalc-dims=\"1\" loading=\"lazy\" decoding=\"async\" class=\"alignnone size-full wp-image-18548\" src=\"https:\/\/i0.wp.com\/larevistadigital.com.ar\/blog\/wp-content\/uploads\/WhatsApp-Image-2021-01-07-at-17.20.23-3.jpeg?resize=1024%2C768&#038;ssl=1\" alt=\"\" width=\"1024\" height=\"768\" srcset=\"https:\/\/i0.wp.com\/larevistadigital.com.ar\/blog\/wp-content\/uploads\/WhatsApp-Image-2021-01-07-at-17.20.23-3.jpeg?w=1024&amp;ssl=1 1024w, https:\/\/i0.wp.com\/larevistadigital.com.ar\/blog\/wp-content\/uploads\/WhatsApp-Image-2021-01-07-at-17.20.23-3.jpeg?resize=300%2C225&amp;ssl=1 300w, https:\/\/i0.wp.com\/larevistadigital.com.ar\/blog\/wp-content\/uploads\/WhatsApp-Image-2021-01-07-at-17.20.23-3.jpeg?resize=768%2C576&amp;ssl=1 768w, https:\/\/i0.wp.com\/larevistadigital.com.ar\/blog\/wp-content\/uploads\/WhatsApp-Image-2021-01-07-at-17.20.23-3.jpeg?resize=678%2C509&amp;ssl=1 678w, https:\/\/i0.wp.com\/larevistadigital.com.ar\/blog\/wp-content\/uploads\/WhatsApp-Image-2021-01-07-at-17.20.23-3.jpeg?resize=326%2C245&amp;ssl=1 326w, https:\/\/i0.wp.com\/larevistadigital.com.ar\/blog\/wp-content\/uploads\/WhatsApp-Image-2021-01-07-at-17.20.23-3.jpeg?resize=80%2C60&amp;ssl=1 80w\" sizes=\"auto, (max-width: 1000px) 100vw, 1000px\" \/><\/p>\n<p>&nbsp;<\/p>\n<p>&nbsp;<\/p>\n","protected":false},"excerpt":{"rendered":"<div class=\"mh-excerpt\"><p>CHASCOM\u00daS &#8211;\u00a0Las im\u00e1genes del siniestro son realmente impresionantes, y solo se puede pensar que Dios estuvo junto a Juan Pablo \u00abEl Polilla\u00bb Odera hoy por la ma\u00f1ana cuando sufri\u00f3 un fort\u00edsimo accidente con su autom\u00f3vil, <a class=\"mh-excerpt-more\" href=\"https:\/\/larevistadigital.com.ar\/blog\/conocido-vecino-y-dirigente-politico-de-chascomus-sobrevivio-milagrosamente-a-un-accidente\/\" title=\"CONOCIDO VECINO Y DIRIGENTE POL\u00cdTICO DE CHASCOM\u00daS SOBREVIVI\u00d3 MILAGROSAMENTE A UN ACCIDENTE\">[Leer M\u00e1s]<\/a><\/p>\n<\/div>","protected":false},"author":3,"featured_media":18544,"comment_status":"open","ping_status":"open","sticky":false,"template":"","format":"standard","meta":{"_jetpack_memberships_contains_paid_content":false,"footnotes":"","jetpack_publicize_message":"","jetpack_publicize_feature_enabled":true,"jetpack_social_post_already_shared":true,"jetpack_social_options":{"image_generator_settings":{"template":"highway","default_image_id":0,"font":"","enabled":false},"version":2}},"categories":[6,44],"tags":[159,160],"class_list":{"0":"post-18543","1":"post","2":"type-post","3":"status-publish","4":"format-standard","5":"has-post-thumbnail","7":"category-chascomus","8":"category-policiales","9":"tag-accidente-en-ruta-2","10":"tag-poli-odera"},"jetpack_publicize_connections":[],"jetpack_featured_media_url":"https:\/\/i0.wp.com\/larevistadigital.com.ar\/blog\/wp-content\/uploads\/WhatsApp-Image-2021-01-07-at-17.20.24.jpeg?fit=1024%2C768&ssl=1","jetpack_sharing_enabled":true,"jetpack_shortlink":"https:\/\/wp.me\/p8qtrQ-4P5","jetpack-related-posts":[{"id":24934,"url":"https:\/\/larevistadigital.com.ar\/blog\/chascomus-accidente-entre-coche-y-moto-en-el-acceso-frente-al-hiper\/","url_meta":{"origin":18543,"position":0},"title":"CHASCOM\u00daS: ACCIDENTE ENTRE COCHE Y MOTO EN EL ACCESO, FRENTE AL HIPER","author":"Alejandro Sosa Ruda","date":"3 abril, 2022","format":false,"excerpt":"CHASCOM\u00daS -\u00a0 Hace un rato ocurri\u00f3 un fuerte accidente entre una motocicleta y un autom\u00f3vil, en la intersecci\u00f3n de las calles Juan Manuel de Rosas y El Omb\u00fa. El siniestro gracias a Dios no provoc\u00f3 v\u00edctimas de gravedad, aunque en la motocicleta circulaban una se\u00f1ora y un muchacho, recibiendo la\u2026","rel":"","context":"En \u00abINTERES GENERAL\u00bb","block_context":{"text":"INTERES GENERAL","link":"https:\/\/larevistadigital.com.ar\/blog\/category\/interes-general\/"},"img":{"alt_text":"","src":"https:\/\/i0.wp.com\/larevistadigital.com.ar\/blog\/wp-content\/uploads\/WhatsApp-Image-2022-04-03-at-7.54.21-PM.jpeg?fit=900%2C1200&ssl=1&resize=350%2C200","width":350,"height":200,"srcset":"https:\/\/i0.wp.com\/larevistadigital.com.ar\/blog\/wp-content\/uploads\/WhatsApp-Image-2022-04-03-at-7.54.21-PM.jpeg?fit=900%2C1200&ssl=1&resize=350%2C200 1x, https:\/\/i0.wp.com\/larevistadigital.com.ar\/blog\/wp-content\/uploads\/WhatsApp-Image-2022-04-03-at-7.54.21-PM.jpeg?fit=900%2C1200&ssl=1&resize=525%2C300 1.5x, https:\/\/i0.wp.com\/larevistadigital.com.ar\/blog\/wp-content\/uploads\/WhatsApp-Image-2022-04-03-at-7.54.21-PM.jpeg?fit=900%2C1200&ssl=1&resize=700%2C400 2x"},"classes":[]},{"id":19350,"url":"https:\/\/larevistadigital.com.ar\/blog\/gravisimo-accidente-en-chascomus-con-un-chico-que-lucha-por-su-vida\/","url_meta":{"origin":18543,"position":1},"title":"GRAVISIMO ACCIDENTE EN CHASCOM\u00daS, CON UN CHICO QUE LUCHA POR SU VIDA","author":"Alejandro Sosa Ruda","date":"21 marzo, 2021","format":false,"excerpt":"CHASCOM\u00daS - Durante las primeras horas de la ma\u00f1ana del d\u00eda s\u00e1bado, se produjo un impactante vuelco de un autom\u00f3vil en el que viajaban seis personas y quedando el mismo dentro de una zanja. Los ocupantes del veh\u00edculo eran cuatro varones, y dos mujeres, siendo tres de ellos menores de\u2026","rel":"","context":"En \u00abCHASCOM\u00daS\u00bb","block_context":{"text":"CHASCOM\u00daS","link":"https:\/\/larevistadigital.com.ar\/blog\/category\/chascomus\/"},"img":{"alt_text":"","src":"https:\/\/i0.wp.com\/larevistadigital.com.ar\/blog\/wp-content\/uploads\/WhatsApp-Image-2021-03-20-at-12.06.42.jpeg?fit=900%2C1200&ssl=1&resize=350%2C200","width":350,"height":200,"srcset":"https:\/\/i0.wp.com\/larevistadigital.com.ar\/blog\/wp-content\/uploads\/WhatsApp-Image-2021-03-20-at-12.06.42.jpeg?fit=900%2C1200&ssl=1&resize=350%2C200 1x, https:\/\/i0.wp.com\/larevistadigital.com.ar\/blog\/wp-content\/uploads\/WhatsApp-Image-2021-03-20-at-12.06.42.jpeg?fit=900%2C1200&ssl=1&resize=525%2C300 1.5x, https:\/\/i0.wp.com\/larevistadigital.com.ar\/blog\/wp-content\/uploads\/WhatsApp-Image-2021-03-20-at-12.06.42.jpeg?fit=900%2C1200&ssl=1&resize=700%2C400 2x"},"classes":[]},{"id":44171,"url":"https:\/\/larevistadigital.com.ar\/blog\/chascomus-tragico-accidente-en-ruta-2-un-fallecido-y-varios-heridos\/","url_meta":{"origin":18543,"position":2},"title":"Chascom\u00fas: Tr\u00e1gico accidente en Ruta 2. un fallecido y varios heridos","author":"Alejandro Sosa Ruda","date":"25 febrero, 2026","format":false,"excerpt":"El siniestro ocurri\u00f3 esta noche y oblig\u00f3 a cortar totalmente la circulaci\u00f3n. Intervinieron ambulancias, Bomberos y personal policial. 25 de febrero de 2026 CHASCOM\u00daS -\u00a0 \u00a0Un grave accidente se registr\u00f3 a las 22:46 en la Ruta 2, a la altura del kil\u00f3metro 120, donde un autom\u00f3vil colision\u00f3 con uno \u2014y\u2026","rel":"","context":"En \u00abDESTACADAS\u00bb","block_context":{"text":"DESTACADAS","link":"https:\/\/larevistadigital.com.ar\/blog\/category\/destacadas\/"},"img":{"alt_text":"","src":"https:\/\/i0.wp.com\/larevistadigital.com.ar\/blog\/wp-content\/uploads\/a30b773731978555863a9cc64d7eb118cc008da6.jpeg?fit=1140%2C855&ssl=1&resize=350%2C200","width":350,"height":200,"srcset":"https:\/\/i0.wp.com\/larevistadigital.com.ar\/blog\/wp-content\/uploads\/a30b773731978555863a9cc64d7eb118cc008da6.jpeg?fit=1140%2C855&ssl=1&resize=350%2C200 1x, https:\/\/i0.wp.com\/larevistadigital.com.ar\/blog\/wp-content\/uploads\/a30b773731978555863a9cc64d7eb118cc008da6.jpeg?fit=1140%2C855&ssl=1&resize=525%2C300 1.5x, https:\/\/i0.wp.com\/larevistadigital.com.ar\/blog\/wp-content\/uploads\/a30b773731978555863a9cc64d7eb118cc008da6.jpeg?fit=1140%2C855&ssl=1&resize=700%2C400 2x, https:\/\/i0.wp.com\/larevistadigital.com.ar\/blog\/wp-content\/uploads\/a30b773731978555863a9cc64d7eb118cc008da6.jpeg?fit=1140%2C855&ssl=1&resize=1050%2C600 3x"},"classes":[]},{"id":22743,"url":"https:\/\/larevistadigital.com.ar\/blog\/chascomus-tragico-accidente-en-la-ruta-con-cinco-muertos\/","url_meta":{"origin":18543,"position":3},"title":"CHASCOM\u00daS: TR\u00c1GICO ACCIDENTE EN LA RUTA CON CINCO MUERTOS","author":"Alejandro Sosa Ruda","date":"22 noviembre, 2021","format":false,"excerpt":"CHASCOM\u00daS -\u00a0 Un brutal accidente ocurri\u00f3 a la altura del kil\u00f3metro 107 de la ruta 2 en el partido de Chascom\u00fas, cuando un autom\u00f3vil Fiat Palio despist\u00f3 y volc\u00f3 provocando la muerte de todos sus ocupantes. Se tratar\u00eda de cinco hombres mayores de edad, que salieron despedidos del veh\u00edculo aproximadamente\u2026","rel":"","context":"En \u00abDESTACADAS\u00bb","block_context":{"text":"DESTACADAS","link":"https:\/\/larevistadigital.com.ar\/blog\/category\/destacadas\/"},"img":{"alt_text":"","src":"https:\/\/i0.wp.com\/larevistadigital.com.ar\/blog\/wp-content\/uploads\/Captura-31.png?fit=695%2C524&ssl=1&resize=350%2C200","width":350,"height":200,"srcset":"https:\/\/i0.wp.com\/larevistadigital.com.ar\/blog\/wp-content\/uploads\/Captura-31.png?fit=695%2C524&ssl=1&resize=350%2C200 1x, https:\/\/i0.wp.com\/larevistadigital.com.ar\/blog\/wp-content\/uploads\/Captura-31.png?fit=695%2C524&ssl=1&resize=525%2C300 1.5x"},"classes":[]},{"id":14210,"url":"https:\/\/larevistadigital.com.ar\/blog\/una-esquina-complicada-accidente-en-mendoza-y-mitre\/","url_meta":{"origin":18543,"position":4},"title":"UNA ESQUINA COMPLICADA&#8230; ACCIDENTE EN MENDOZA Y MITRE","author":"Alejandro Sosa Ruda","date":"15 enero, 2020","format":false,"excerpt":"El titular de FM Por Siempre Fabi\u00e1n Casales, inform\u00f3 a trav\u00e9s de su cuenta personal de facebook, de un accidente ocurrido en la intersecci\u00f3n de las calles Mendoza y Mitre de la ciudad de Chascom\u00fas. Lamentablemente en esa esquina, siempre se est\u00e1 al l\u00edmite, ya que es dif\u00edcil cruzar Mitre\u2026","rel":"","context":"En \u00abCHASCOM\u00daS\u00bb","block_context":{"text":"CHASCOM\u00daS","link":"https:\/\/larevistadigital.com.ar\/blog\/category\/chascomus\/"},"img":{"alt_text":"","src":"https:\/\/i0.wp.com\/larevistadigital.com.ar\/blog\/wp-content\/uploads\/82517220_2785994184754007_4513207645305307136_o.jpg?fit=1040%2C520&ssl=1&resize=350%2C200","width":350,"height":200,"srcset":"https:\/\/i0.wp.com\/larevistadigital.com.ar\/blog\/wp-content\/uploads\/82517220_2785994184754007_4513207645305307136_o.jpg?fit=1040%2C520&ssl=1&resize=350%2C200 1x, https:\/\/i0.wp.com\/larevistadigital.com.ar\/blog\/wp-content\/uploads\/82517220_2785994184754007_4513207645305307136_o.jpg?fit=1040%2C520&ssl=1&resize=525%2C300 1.5x, https:\/\/i0.wp.com\/larevistadigital.com.ar\/blog\/wp-content\/uploads\/82517220_2785994184754007_4513207645305307136_o.jpg?fit=1040%2C520&ssl=1&resize=700%2C400 2x"},"classes":[]},{"id":31775,"url":"https:\/\/larevistadigital.com.ar\/blog\/accidente-con-un-herido-chascomunense-en-la-ruta-2\/","url_meta":{"origin":18543,"position":5},"title":"ACCIDENTE CON UN HERIDO CHASCOMUNENSE EN LA RUTA 2","author":"Alejandro Sosa Ruda","date":"27 mayo, 2023","format":false,"excerpt":"Ocurri\u00f3 por la ma\u00f1ana, a la altura de la localidad de Castelli, y el conductor del veh\u00edculo debi\u00f3 ser trasladado para ser atendido. 27 de mayo de 2023 CASTELLI -\u00a0 Durante la ma\u00f1ana del d\u00eda de hoy se produjo un accidente de tr\u00e1nsito a la altura del kil\u00f3metro 169 de\u2026","rel":"","context":"En \u00abINTERES GENERAL\u00bb","block_context":{"text":"INTERES GENERAL","link":"https:\/\/larevistadigital.com.ar\/blog\/category\/interes-general\/"},"img":{"alt_text":"","src":"https:\/\/i0.wp.com\/larevistadigital.com.ar\/blog\/wp-content\/uploads\/399b8f4106c11ed3852306f121d8dd6bc9282d7a.jpg?fit=924%2C900&ssl=1&resize=350%2C200","width":350,"height":200,"srcset":"https:\/\/i0.wp.com\/larevistadigital.com.ar\/blog\/wp-content\/uploads\/399b8f4106c11ed3852306f121d8dd6bc9282d7a.jpg?fit=924%2C900&ssl=1&resize=350%2C200 1x, https:\/\/i0.wp.com\/larevistadigital.com.ar\/blog\/wp-content\/uploads\/399b8f4106c11ed3852306f121d8dd6bc9282d7a.jpg?fit=924%2C900&ssl=1&resize=525%2C300 1.5x, https:\/\/i0.wp.com\/larevistadigital.com.ar\/blog\/wp-content\/uploads\/399b8f4106c11ed3852306f121d8dd6bc9282d7a.jpg?fit=924%2C900&ssl=1&resize=700%2C400 2x"},"classes":[]}],"_links":{"self":[{"href":"https:\/\/larevistadigital.com.ar\/blog\/wp-json\/wp\/v2\/posts\/18543","targetHints":{"allow":["GET"]}}],"collection":[{"href":"https:\/\/larevistadigital.com.ar\/blog\/wp-json\/wp\/v2\/posts"}],"about":[{"href":"https:\/\/larevistadigital.com.ar\/blog\/wp-json\/wp\/v2\/types\/post"}],"author":[{"embeddable":true,"href":"https:\/\/larevistadigital.com.ar\/blog\/wp-json\/wp\/v2\/users\/3"}],"replies":[{"embeddable":true,"href":"https:\/\/larevistadigital.com.ar\/blog\/wp-json\/wp\/v2\/comments?post=18543"}],"version-history":[{"count":1,"href":"https:\/\/larevistadigital.com.ar\/blog\/wp-json\/wp\/v2\/posts\/18543\/revisions"}],"predecessor-version":[{"id":18549,"href":"https:\/\/larevistadigital.com.ar\/blog\/wp-json\/wp\/v2\/posts\/18543\/revisions\/18549"}],"wp:featuredmedia":[{"embeddable":true,"href":"https:\/\/larevistadigital.com.ar\/blog\/wp-json\/wp\/v2\/media\/18544"}],"wp:attachment":[{"href":"https:\/\/larevistadigital.com.ar\/blog\/wp-json\/wp\/v2\/media?parent=18543"}],"wp:term":[{"taxonomy":"category","embeddable":true,"href":"https:\/\/larevistadigital.com.ar\/blog\/wp-json\/wp\/v2\/categories?post=18543"},{"taxonomy":"post_tag","embeddable":true,"href":"https:\/\/larevistadigital.com.ar\/blog\/wp-json\/wp\/v2\/tags?post=18543"}],"curies":[{"name":"wp","href":"https:\/\/api.w.org\/{rel}","templated":true}]}}