{"id":18551,"date":"2021-01-12T14:41:10","date_gmt":"2021-01-12T14:41:10","guid":{"rendered":"https:\/\/larevistadigital.com.ar\/blog\/?p=18551"},"modified":"2021-01-12T14:41:10","modified_gmt":"2021-01-12T14:41:10","slug":"todo-lo-que-paso-un-dia-como-hoy-12-de-enero","status":"publish","type":"post","link":"https:\/\/larevistadigital.com.ar\/blog\/todo-lo-que-paso-un-dia-como-hoy-12-de-enero\/","title":{"rendered":"TODO LO QUE PAS\u00d3 UN D\u00cdA COMO HOY, 12 DE ENERO&#8230;"},"content":{"rendered":"<h2><u><strong>Viaje inaugural de la Fragata Sarmiento<\/strong><\/u><\/h2>\n<p><strong>1899 &#8211;\u00a0<\/strong>Se produjo el\u00a0<strong>primer viaje de instrucci\u00f3n de la fragata ARA Presidente Sarmiento<\/strong>\u00a0al mando del capit\u00e1n\u00a0<strong>Onofre Betbeder<\/strong>, y ha sido el m\u00e1s largo de la historia, ya que recorri\u00f3 unas 48.500 millas n\u00e1uticas por m\u00e1s de 21 meses y llegando a 71 puertos de todo el mundo.<\/p>\n<h2><u><strong>Joe Frazier: temible en el cuadril\u00e1tero<\/strong><\/u><\/h2>\n<p><strong>1944 &#8211;\u00a0<\/strong>Naci\u00f3\u00a0<strong>Joseph William<em>\u00a0\u00abJoe\u00bb<\/em>\u00a0Frazier,<\/strong>\u00a0quien fue un ex boxeador que ha sido campe\u00f3n del mundo en la categor\u00eda de peso pesado y adem\u00e1s se adjudic\u00f3 la medalla de oro en los juegos Ol\u00edmpicos de Tokio 1964. Ha combatido en 37 ocasiones con 32 victorias (27 por nocaut) y 4 derrotas.<\/p>\n<h2><u><strong>Carlos Villagr\u00e1n: para los amigos \u00abQuico\u00bb<\/strong><\/u><\/h2>\n<p><strong>1944 &#8211;\u00a0<\/strong>Naci\u00f3<strong>\u00a0Carlos Villagr\u00e1n Eslava,\u00a0<\/strong>quien es un actor y humorista mexicano que es mundialmente conocido por su personaje de<em>\u00a0\u00abQuico\u00bb<\/em>\u00a0y otros personajes en la serie de\u00a0<em>\u00abChespirito\u00bb.\u00a0<\/em>Tambi\u00e9n particip\u00f3 en pel\u00edculas como\u00a0<em>\u00abLa hora del jaguar\u00bb, \u00abEl chanfle\u00bb<\/em>\u00a0y<em>\u00a0\u00abEl infierno tan temido\u00bb.<\/em><\/p>\n<div>\n<h2><u><strong>El\u00a0<em>\u00abhombre murci\u00e9lago\u00bb<\/em>\u00a0despleg\u00f3 sus alas<\/strong><\/u><\/h2>\n<p><strong>1966 &#8211;\u00a0<\/strong>Se produjo en Estados Unidos<strong>\u00a0la emisi\u00f3n del primer cap\u00edtulo de la serie<em>\u00a0\u00bb\u00a0<a href=\"https:\/\/www.cronica.com.ar\/tags\/Batman\">Batman<\/a>\u00ab<\/em>\u00a0<\/strong>que tuvo una duraci\u00f3n de tres temporadas en la televisi\u00f3n con un total de 120 episodios. La serie giraba en torno a las aventuras del superh\u00e9roe\u00a0<a href=\"https:\/\/www.cronica.com.ar\/tags\/Batman\">Batman<\/a>, junto a su compa\u00f1ero Robin frente a diversos enemigos.<\/p>\n<h2><u><strong>Primer disco de Led Zeppelin<\/strong><\/u><\/h2>\n<p><strong>1969 &#8211;<\/strong>\u00a0El grupo de hard rock brit\u00e1nico<strong>\u00a0Led Zeppelin sac\u00f3 a la luz su primer \u00e1lbum de estudio llamado\u00a0<em>\u00abLed Zeppelin\u00bb,<\/em>\u00a0<\/strong>por parte de la empresa discogr\u00e1fica Atlantic Records. Algunas de sus canciones m\u00e1s importantes son<em>\u00a0\u00abGood times, bad times\u00bb, \u00abYou Shook me\u00bb, \u00abBlack mountain side\u00bb\u00a0<\/em>y\u00a0<em>\u00abHow many more times\u00bb.<\/em><\/p>\n<h2><u><strong>Agatha Christie: madre de la novela policial<\/strong><\/u><\/h2>\n<p><strong>1976 &#8211;<\/strong>\u00a0Muri\u00f3\u00a0<strong>Agatha Mary Clarissa Miller<\/strong>\u00a0m\u00e1s conocida como<strong>\u00a0Agatha Christie,<\/strong>\u00a0quien fue una escritora brit\u00e1nica de novelas de misterio reconocida. Algunas de sus obras m\u00e1s importantes fueron\u00a0<em>\u00abAsesinato en Mesopotamia\u00bb, \u00abMuerte en el Nilo\u00bb, \u00abEl misterioso caso de Styles\u00bb, \u00abEl asesinato de Roger Ackroyd\u00bb<\/em>\u00a0y\u00a0<em>\u00abCita con la muerte\u00bb.<\/em><\/p>\n<h2><u><strong>Debut discogr\u00e1fico para Britney Spears<\/strong><\/u><\/h2>\n<p><strong>1999 &#8211;<\/strong>\u00a0La cantante estadounidense de pop,<strong>\u00a0Britney Spears<\/strong>, lanz\u00f3 su primer \u00e1lbum de estudio llamado<em>\u00a0\u00abBaby one more time\u00bb\u00a0<\/em>por parte del sello discogr\u00e1fico Jive Records. Algunas de sus canciones m\u00e1s destacadas son<em>\u00a0\u00abSometimes\u00bb, \u00ab(You drive me) Crazy\u00bb, \u00abBaby one more time\u00bb\u00a0<\/em>y\u00a0<em>\u00abBorn to make you happy\u00bb.<\/em><\/p>\n<h2><u><strong>Guillermo Nimo: El\u00a0<em>\u00abpito\u00bb\u00a0<\/em>de luto<\/strong><\/u><\/h2>\n<p><strong>2013 &#8211;\u00a0<\/strong>Muri\u00f3\u00a0<strong>Guillermo Nimo,\u00a0<\/strong>quien fue un \u00e1rbitro de f\u00fatbol y comentarista deportivo que tambi\u00e9n tuvo una breve incursi\u00f3n en el cine. Algunos de los programas televisivos en lo que particip\u00f3 fueron\u00a0<em>\u00abPol\u00e9mica en el f\u00fatbol\u00bb, \u00abPol\u00e9mica en el bar\u00bb, \u00abTribuna caliente\u00bb\u00a0<\/em>y<em>\u00a0\u00abEl show del f\u00fatbol\u00bb.<\/em><\/p>\n<\/div>\n","protected":false},"excerpt":{"rendered":"<div class=\"mh-excerpt\"><p>Viaje inaugural de la Fragata Sarmiento 1899 &#8211;\u00a0Se produjo el\u00a0primer viaje de instrucci\u00f3n de la fragata ARA Presidente Sarmiento\u00a0al mando del capit\u00e1n\u00a0Onofre Betbeder, y ha sido el m\u00e1s largo de la historia, ya que recorri\u00f3 <a class=\"mh-excerpt-more\" href=\"https:\/\/larevistadigital.com.ar\/blog\/todo-lo-que-paso-un-dia-como-hoy-12-de-enero\/\" title=\"TODO LO QUE PAS\u00d3 UN D\u00cdA COMO HOY, 12 DE ENERO&#8230;\">[Leer M\u00e1s]<\/a><\/p>\n<\/div>","protected":false},"author":3,"featured_media":16747,"comment_status":"open","ping_status":"open","sticky":false,"template":"","format":"standard","meta":{"_jetpack_memberships_contains_paid_content":false,"footnotes":"","jetpack_publicize_message":"","jetpack_publicize_feature_enabled":true,"jetpack_social_post_already_shared":true,"jetpack_social_options":{"image_generator_settings":{"template":"highway","default_image_id":0,"font":"","enabled":false},"version":2}},"categories":[29],"tags":[],"class_list":{"0":"post-18551","1":"post","2":"type-post","3":"status-publish","4":"format-standard","5":"has-post-thumbnail","7":"category-sociedad"},"jetpack_publicize_connections":[],"jetpack_featured_media_url":"https:\/\/i0.wp.com\/larevistadigital.com.ar\/blog\/wp-content\/uploads\/LOGO-EFEMERIDES.jpg?fit=1268%2C664&ssl=1","jetpack_sharing_enabled":true,"jetpack_shortlink":"https:\/\/wp.me\/p8qtrQ-4Pd","jetpack-related-posts":[{"id":18389,"url":"https:\/\/larevistadigital.com.ar\/blog\/todo-lo-que-paso-un-dia-como-hoy-29-de-diciembre\/","url_meta":{"origin":18551,"position":0},"title":"TODO LO QUE PAS\u00d3, UN D\u00cdA COMO HOY: 29 DE DICIEMBRE","author":"Alejandro Sosa Ruda","date":"29 diciembre, 2020","format":false,"excerpt":"En esta fecha se destaca la fundaci\u00f3n de una ciudad, un pol\u00e9mico decreto y el nacimiento y muerte de figuras de diversos \u00e1mbitos.\u00a0\u00bfQu\u00e9 m\u00e1s pas\u00f3 un d\u00eda como hoy? Fundaci\u00f3n de Famaill\u00e1 1692 -\u00a0Se\u00a0fund\u00f3 la localidad tucumana de Famaill\u00e1\u00a0por el espa\u00f1ol\u00a0Don Juan Nu\u00f1ez de Avila, y est\u00e1 ubicada a escasos\u2026","rel":"","context":"En \u00abSOCIEDAD\u00bb","block_context":{"text":"SOCIEDAD","link":"https:\/\/larevistadigital.com.ar\/blog\/category\/sociedad\/"},"img":{"alt_text":"","src":"https:\/\/i0.wp.com\/larevistadigital.com.ar\/blog\/wp-content\/uploads\/LOGO-EFEMERIDES.jpg?fit=1200%2C628&ssl=1&resize=350%2C200","width":350,"height":200,"srcset":"https:\/\/i0.wp.com\/larevistadigital.com.ar\/blog\/wp-content\/uploads\/LOGO-EFEMERIDES.jpg?fit=1200%2C628&ssl=1&resize=350%2C200 1x, https:\/\/i0.wp.com\/larevistadigital.com.ar\/blog\/wp-content\/uploads\/LOGO-EFEMERIDES.jpg?fit=1200%2C628&ssl=1&resize=525%2C300 1.5x, https:\/\/i0.wp.com\/larevistadigital.com.ar\/blog\/wp-content\/uploads\/LOGO-EFEMERIDES.jpg?fit=1200%2C628&ssl=1&resize=700%2C400 2x, https:\/\/i0.wp.com\/larevistadigital.com.ar\/blog\/wp-content\/uploads\/LOGO-EFEMERIDES.jpg?fit=1200%2C628&ssl=1&resize=1050%2C600 3x"},"classes":[]},{"id":17358,"url":"https:\/\/larevistadigital.com.ar\/blog\/todo-lo-que-paso-un-dia-como-hoy-31-10\/","url_meta":{"origin":18551,"position":1},"title":"TODO LO QUE PAS\u00d3&#8230; UN D\u00cdA COMO HOY (31\/10)","author":"Alejandro Sosa Ruda","date":"31 octubre, 2020","format":false,"excerpt":"Harry Houdini: el \u00faltimo truco 1926 -\u00a0Muri\u00f3\u00a0Erik Weisz\u00a0m\u00e1s conocido como\u00a0Harry Houdini, quien fue un ilusionista y escapista austroh\u00fangaro que ha sido considerado como uno de los m\u00e1s influyentes en su arte en la historia. Sol\u00eda escaparse de cadenas, sogas, camisas de fuerzas bajo el agua y otros trucos. Bud Spencer:\u2026","rel":"","context":"En \u00abSOCIEDAD\u00bb","block_context":{"text":"SOCIEDAD","link":"https:\/\/larevistadigital.com.ar\/blog\/category\/sociedad\/"},"img":{"alt_text":"","src":"https:\/\/i0.wp.com\/larevistadigital.com.ar\/blog\/wp-content\/uploads\/LOGO-EFEMERIDES.jpg?fit=1200%2C628&ssl=1&resize=350%2C200","width":350,"height":200,"srcset":"https:\/\/i0.wp.com\/larevistadigital.com.ar\/blog\/wp-content\/uploads\/LOGO-EFEMERIDES.jpg?fit=1200%2C628&ssl=1&resize=350%2C200 1x, https:\/\/i0.wp.com\/larevistadigital.com.ar\/blog\/wp-content\/uploads\/LOGO-EFEMERIDES.jpg?fit=1200%2C628&ssl=1&resize=525%2C300 1.5x, https:\/\/i0.wp.com\/larevistadigital.com.ar\/blog\/wp-content\/uploads\/LOGO-EFEMERIDES.jpg?fit=1200%2C628&ssl=1&resize=700%2C400 2x, https:\/\/i0.wp.com\/larevistadigital.com.ar\/blog\/wp-content\/uploads\/LOGO-EFEMERIDES.jpg?fit=1200%2C628&ssl=1&resize=1050%2C600 3x"},"classes":[]},{"id":17222,"url":"https:\/\/larevistadigital.com.ar\/blog\/todo-lo-que-paso-un-dia-como-hoy-26-10\/","url_meta":{"origin":18551,"position":2},"title":"TODO LO QUE PAS\u00d3 UN D\u00cdA COMO HOY (26\/10)","author":"Alejandro Sosa Ruda","date":"26 octubre, 2020","format":false,"excerpt":"Dante Quinterno: creador de memorables personajes 1909 -\u00a0Naci\u00f3\u00a0Dante Quinterno, quien fue un guionista, empresario editorial, productor agropecuario y creador de historietas, que ha sido el productor y director del primer dibujo animado en colores de Argentina\u00a0\"Upa en apuros\"\u00a0en 1942, y se hizo c\u00e9lebre por la creaci\u00f3n de los personajes\u00a0\"Patoruz\u00fa\", \"Isidoro\u2026","rel":"","context":"En \u00abSOCIEDAD\u00bb","block_context":{"text":"SOCIEDAD","link":"https:\/\/larevistadigital.com.ar\/blog\/category\/sociedad\/"},"img":{"alt_text":"","src":"https:\/\/i0.wp.com\/larevistadigital.com.ar\/blog\/wp-content\/uploads\/LOGO-EFEMERIDES.jpg?fit=1200%2C628&ssl=1&resize=350%2C200","width":350,"height":200,"srcset":"https:\/\/i0.wp.com\/larevistadigital.com.ar\/blog\/wp-content\/uploads\/LOGO-EFEMERIDES.jpg?fit=1200%2C628&ssl=1&resize=350%2C200 1x, https:\/\/i0.wp.com\/larevistadigital.com.ar\/blog\/wp-content\/uploads\/LOGO-EFEMERIDES.jpg?fit=1200%2C628&ssl=1&resize=525%2C300 1.5x, https:\/\/i0.wp.com\/larevistadigital.com.ar\/blog\/wp-content\/uploads\/LOGO-EFEMERIDES.jpg?fit=1200%2C628&ssl=1&resize=700%2C400 2x, https:\/\/i0.wp.com\/larevistadigital.com.ar\/blog\/wp-content\/uploads\/LOGO-EFEMERIDES.jpg?fit=1200%2C628&ssl=1&resize=1050%2C600 3x"},"classes":[]},{"id":18351,"url":"https:\/\/larevistadigital.com.ar\/blog\/todo-esto-paso-un-dia-como-hoy26-de-diciembre\/","url_meta":{"origin":18551,"position":3},"title":"TODO ESTO PAS\u00d3, UN D\u00cdA COMO HOY:26 DE DICIEMBRE&#8230;","author":"Alejandro Sosa Ruda","date":"26 diciembre, 2020","format":false,"excerpt":"Jos\u00e9 Mar\u00eda Guti\u00e9rrez: vida dedicada a la pol\u00edtica 1903 - Muri\u00f3\u00a0Jos\u00e9 Mar\u00eda Guti\u00e9rrez, quien fue un educador, editor y pol\u00edtico que lleg\u00f3 a ser Ministro de Justicia e Instrucci\u00f3n P\u00fablica de la Naci\u00f3n durante las presidencias de\u00a0Nicol\u00e1s Avellaneda\u00a0y\u00a0Carlos Pellegrini. Adem\u00e1s, se desempe\u00f1\u00f3 como diputado nacional durante la presidencia de\u00a0Domingo Faustino\u2026","rel":"","context":"En \u00abSOCIEDAD\u00bb","block_context":{"text":"SOCIEDAD","link":"https:\/\/larevistadigital.com.ar\/blog\/category\/sociedad\/"},"img":{"alt_text":"","src":"https:\/\/i0.wp.com\/larevistadigital.com.ar\/blog\/wp-content\/uploads\/LOGO-EFEMERIDES.jpg?fit=1200%2C628&ssl=1&resize=350%2C200","width":350,"height":200,"srcset":"https:\/\/i0.wp.com\/larevistadigital.com.ar\/blog\/wp-content\/uploads\/LOGO-EFEMERIDES.jpg?fit=1200%2C628&ssl=1&resize=350%2C200 1x, https:\/\/i0.wp.com\/larevistadigital.com.ar\/blog\/wp-content\/uploads\/LOGO-EFEMERIDES.jpg?fit=1200%2C628&ssl=1&resize=525%2C300 1.5x, https:\/\/i0.wp.com\/larevistadigital.com.ar\/blog\/wp-content\/uploads\/LOGO-EFEMERIDES.jpg?fit=1200%2C628&ssl=1&resize=700%2C400 2x, https:\/\/i0.wp.com\/larevistadigital.com.ar\/blog\/wp-content\/uploads\/LOGO-EFEMERIDES.jpg?fit=1200%2C628&ssl=1&resize=1050%2C600 3x"},"classes":[]},{"id":18261,"url":"https:\/\/larevistadigital.com.ar\/blog\/todo-esto-paso-un-dia-como-hoy-21-de-diciembre\/","url_meta":{"origin":18551,"position":4},"title":"TODO ESTO PAS\u00d3 UN D\u00cdA COMO HOY: 21 DE DICIEMBRE&#8230;","author":"Alejandro Sosa Ruda","date":"21 diciembre, 2020","format":false,"excerpt":"Jane Fonda: de tal palo... 1937 -\u00a0Naci\u00f3\u00a0Jane Fonda,\u00a0quien es una actriz, escritora, editora y activista estadounidense que ha tenido una vasta trayectoria en el mundo del espect\u00e1culo. Se adjudic\u00f3 dos Premios Oscar por mejor actriz en las pel\u00edculas\u00a0\"Coming home\"\u00a0(1979) y\u00a0\"Klute\"\u00a0(1972), en tanto, otras cintas destacadas son\u00a0\"El s\u00edndrome de China\", \"Julia\"\u00a0y\u00a0\"The\u2026","rel":"","context":"En \u00abSOCIEDAD\u00bb","block_context":{"text":"SOCIEDAD","link":"https:\/\/larevistadigital.com.ar\/blog\/category\/sociedad\/"},"img":{"alt_text":"","src":"https:\/\/i0.wp.com\/larevistadigital.com.ar\/blog\/wp-content\/uploads\/LOGO-EFEMERIDES.jpg?fit=1200%2C628&ssl=1&resize=350%2C200","width":350,"height":200,"srcset":"https:\/\/i0.wp.com\/larevistadigital.com.ar\/blog\/wp-content\/uploads\/LOGO-EFEMERIDES.jpg?fit=1200%2C628&ssl=1&resize=350%2C200 1x, https:\/\/i0.wp.com\/larevistadigital.com.ar\/blog\/wp-content\/uploads\/LOGO-EFEMERIDES.jpg?fit=1200%2C628&ssl=1&resize=525%2C300 1.5x, https:\/\/i0.wp.com\/larevistadigital.com.ar\/blog\/wp-content\/uploads\/LOGO-EFEMERIDES.jpg?fit=1200%2C628&ssl=1&resize=700%2C400 2x, https:\/\/i0.wp.com\/larevistadigital.com.ar\/blog\/wp-content\/uploads\/LOGO-EFEMERIDES.jpg?fit=1200%2C628&ssl=1&resize=1050%2C600 3x"},"classes":[]},{"id":16993,"url":"https:\/\/larevistadigital.com.ar\/blog\/todo-lo-que-ocurrio-un-dia-como-hoy-15-10\/","url_meta":{"origin":18551,"position":5},"title":"TODO LO QUE OCURRI\u00d3 UN D\u00cdA COMO HOY (15\/10)","author":"Alejandro Sosa Ruda","date":"15 octubre, 2020","format":false,"excerpt":"John Sullivan: campe\u00f3n a \"pu\u00f1o limpio\" 1858 -\u00a0Naci\u00f3\u00a0John Lawrence Sullivan, quien fue un boxeador estadounidense que ha sido el \u00faltimo de los campeones mundiales de los pesos pesados\u00a0\"a mano limpia\",\u00a0es decir sin guantes. La sociedad local lo convirti\u00f3 en una celebridad nacional y fue uno de los primeros h\u00e9roes deportivos\u2026","rel":"","context":"En \u00abCULTURA\u00bb","block_context":{"text":"CULTURA","link":"https:\/\/larevistadigital.com.ar\/blog\/category\/cultura\/"},"img":{"alt_text":"","src":"https:\/\/i0.wp.com\/larevistadigital.com.ar\/blog\/wp-content\/uploads\/LOGO-EFEMERIDES.jpg?fit=1200%2C628&ssl=1&resize=350%2C200","width":350,"height":200,"srcset":"https:\/\/i0.wp.com\/larevistadigital.com.ar\/blog\/wp-content\/uploads\/LOGO-EFEMERIDES.jpg?fit=1200%2C628&ssl=1&resize=350%2C200 1x, https:\/\/i0.wp.com\/larevistadigital.com.ar\/blog\/wp-content\/uploads\/LOGO-EFEMERIDES.jpg?fit=1200%2C628&ssl=1&resize=525%2C300 1.5x, https:\/\/i0.wp.com\/larevistadigital.com.ar\/blog\/wp-content\/uploads\/LOGO-EFEMERIDES.jpg?fit=1200%2C628&ssl=1&resize=700%2C400 2x, https:\/\/i0.wp.com\/larevistadigital.com.ar\/blog\/wp-content\/uploads\/LOGO-EFEMERIDES.jpg?fit=1200%2C628&ssl=1&resize=1050%2C600 3x"},"classes":[]}],"_links":{"self":[{"href":"https:\/\/larevistadigital.com.ar\/blog\/wp-json\/wp\/v2\/posts\/18551","targetHints":{"allow":["GET"]}}],"collection":[{"href":"https:\/\/larevistadigital.com.ar\/blog\/wp-json\/wp\/v2\/posts"}],"about":[{"href":"https:\/\/larevistadigital.com.ar\/blog\/wp-json\/wp\/v2\/types\/post"}],"author":[{"embeddable":true,"href":"https:\/\/larevistadigital.com.ar\/blog\/wp-json\/wp\/v2\/users\/3"}],"replies":[{"embeddable":true,"href":"https:\/\/larevistadigital.com.ar\/blog\/wp-json\/wp\/v2\/comments?post=18551"}],"version-history":[{"count":1,"href":"https:\/\/larevistadigital.com.ar\/blog\/wp-json\/wp\/v2\/posts\/18551\/revisions"}],"predecessor-version":[{"id":18552,"href":"https:\/\/larevistadigital.com.ar\/blog\/wp-json\/wp\/v2\/posts\/18551\/revisions\/18552"}],"wp:featuredmedia":[{"embeddable":true,"href":"https:\/\/larevistadigital.com.ar\/blog\/wp-json\/wp\/v2\/media\/16747"}],"wp:attachment":[{"href":"https:\/\/larevistadigital.com.ar\/blog\/wp-json\/wp\/v2\/media?parent=18551"}],"wp:term":[{"taxonomy":"category","embeddable":true,"href":"https:\/\/larevistadigital.com.ar\/blog\/wp-json\/wp\/v2\/categories?post=18551"},{"taxonomy":"post_tag","embeddable":true,"href":"https:\/\/larevistadigital.com.ar\/blog\/wp-json\/wp\/v2\/tags?post=18551"}],"curies":[{"name":"wp","href":"https:\/\/api.w.org\/{rel}","templated":true}]}}