{"id":18553,"date":"2021-01-12T16:07:43","date_gmt":"2021-01-12T16:07:43","guid":{"rendered":"https:\/\/larevistadigital.com.ar\/blog\/?p=18553"},"modified":"2021-01-12T16:07:43","modified_gmt":"2021-01-12T16:07:43","slug":"galeria-de-fotos-la-tormenta-en-chascomus-en-imagenes","status":"publish","type":"post","link":"https:\/\/larevistadigital.com.ar\/blog\/galeria-de-fotos-la-tormenta-en-chascomus-en-imagenes\/","title":{"rendered":"GALER\u00cdA DE FOTOS: LA TORMENTA EN CHASCOM\u00daS, EN IM\u00c1GENES"},"content":{"rendered":"<p>Luego de la fuerte tormenta que azot\u00f3 la ciudad de Chascom\u00fas, nos han llegado una gran cantidad de imagenes que muestran los destrozos que ocasion\u00f3 en distintos lugares de la ciudad, que a\u00fan hoy, martes 12 de diciembre siguen siendo atendidos por defensa civil, y distintos sectores del municipio.<\/p>\n<p>Aqu\u00ed compartimos algunas de los cientos de fotos que han circulado por las redes y medios colegas.<\/p>\n<p><strong>LAS FOTOS:<\/strong><\/p>\n<figure id=\"attachment_18566\" aria-describedby=\"caption-attachment-18566\" style=\"width: 960px\" class=\"wp-caption alignnone\"><img data-recalc-dims=\"1\" loading=\"lazy\" decoding=\"async\" class=\"wp-image-18566 size-full\" src=\"https:\/\/i0.wp.com\/larevistadigital.com.ar\/blog\/wp-content\/uploads\/WhatsApp-Image-2021-01-12-at-12.16.11-1.jpeg?resize=960%2C1280&#038;ssl=1\" alt=\"\" width=\"960\" height=\"1280\" srcset=\"https:\/\/i0.wp.com\/larevistadigital.com.ar\/blog\/wp-content\/uploads\/WhatsApp-Image-2021-01-12-at-12.16.11-1.jpeg?w=960&amp;ssl=1 960w, https:\/\/i0.wp.com\/larevistadigital.com.ar\/blog\/wp-content\/uploads\/WhatsApp-Image-2021-01-12-at-12.16.11-1.jpeg?resize=225%2C300&amp;ssl=1 225w, https:\/\/i0.wp.com\/larevistadigital.com.ar\/blog\/wp-content\/uploads\/WhatsApp-Image-2021-01-12-at-12.16.11-1.jpeg?resize=768%2C1024&amp;ssl=1 768w\" sizes=\"auto, (max-width: 960px) 100vw, 960px\" \/><figcaption id=\"caption-attachment-18566\" class=\"wp-caption-text\"><strong>Techo completo del negocio de \u00abVanzato\u00bb, cruz\u00f3 el boulevard de Yrigoyen y aterriz\u00f3 en los locales de enfrente. Pudo ser una desgracia.<\/strong><\/figcaption><\/figure>\n<figure id=\"attachment_18565\" aria-describedby=\"caption-attachment-18565\" style=\"width: 1040px\" class=\"wp-caption alignnone\"><img data-recalc-dims=\"1\" loading=\"lazy\" decoding=\"async\" class=\"wp-image-18565 size-full\" src=\"https:\/\/i0.wp.com\/larevistadigital.com.ar\/blog\/wp-content\/uploads\/WhatsApp-Image-2021-01-12-at-12.16.10-2.jpeg?resize=1040%2C780&#038;ssl=1\" alt=\"\" width=\"1040\" height=\"780\" srcset=\"https:\/\/i0.wp.com\/larevistadigital.com.ar\/blog\/wp-content\/uploads\/WhatsApp-Image-2021-01-12-at-12.16.10-2.jpeg?w=1040&amp;ssl=1 1040w, https:\/\/i0.wp.com\/larevistadigital.com.ar\/blog\/wp-content\/uploads\/WhatsApp-Image-2021-01-12-at-12.16.10-2.jpeg?resize=300%2C225&amp;ssl=1 300w, https:\/\/i0.wp.com\/larevistadigital.com.ar\/blog\/wp-content\/uploads\/WhatsApp-Image-2021-01-12-at-12.16.10-2.jpeg?resize=1024%2C768&amp;ssl=1 1024w, https:\/\/i0.wp.com\/larevistadigital.com.ar\/blog\/wp-content\/uploads\/WhatsApp-Image-2021-01-12-at-12.16.10-2.jpeg?resize=768%2C576&amp;ssl=1 768w, https:\/\/i0.wp.com\/larevistadigital.com.ar\/blog\/wp-content\/uploads\/WhatsApp-Image-2021-01-12-at-12.16.10-2.jpeg?resize=678%2C509&amp;ssl=1 678w, https:\/\/i0.wp.com\/larevistadigital.com.ar\/blog\/wp-content\/uploads\/WhatsApp-Image-2021-01-12-at-12.16.10-2.jpeg?resize=326%2C245&amp;ssl=1 326w, https:\/\/i0.wp.com\/larevistadigital.com.ar\/blog\/wp-content\/uploads\/WhatsApp-Image-2021-01-12-at-12.16.10-2.jpeg?resize=80%2C60&amp;ssl=1 80w\" sizes=\"auto, (max-width: 1000px) 100vw, 1000px\" \/><figcaption id=\"caption-attachment-18565\" class=\"wp-caption-text\"><strong>\u00abAlmas caf\u00e9\u00bb no se salv\u00f3 del temporal<\/strong><\/figcaption><\/figure>\n<p>&nbsp;<\/p>\n<figure id=\"attachment_18561\" aria-describedby=\"caption-attachment-18561\" style=\"width: 1040px\" class=\"wp-caption alignnone\"><img data-recalc-dims=\"1\" loading=\"lazy\" decoding=\"async\" class=\"wp-image-18561 size-full\" src=\"https:\/\/i0.wp.com\/larevistadigital.com.ar\/blog\/wp-content\/uploads\/WhatsApp-Image-2021-01-12-at-12.16.10-1.jpeg?resize=1040%2C780&#038;ssl=1\" alt=\"\" width=\"1040\" height=\"780\" srcset=\"https:\/\/i0.wp.com\/larevistadigital.com.ar\/blog\/wp-content\/uploads\/WhatsApp-Image-2021-01-12-at-12.16.10-1.jpeg?w=1040&amp;ssl=1 1040w, https:\/\/i0.wp.com\/larevistadigital.com.ar\/blog\/wp-content\/uploads\/WhatsApp-Image-2021-01-12-at-12.16.10-1.jpeg?resize=300%2C225&amp;ssl=1 300w, https:\/\/i0.wp.com\/larevistadigital.com.ar\/blog\/wp-content\/uploads\/WhatsApp-Image-2021-01-12-at-12.16.10-1.jpeg?resize=1024%2C768&amp;ssl=1 1024w, https:\/\/i0.wp.com\/larevistadigital.com.ar\/blog\/wp-content\/uploads\/WhatsApp-Image-2021-01-12-at-12.16.10-1.jpeg?resize=768%2C576&amp;ssl=1 768w, https:\/\/i0.wp.com\/larevistadigital.com.ar\/blog\/wp-content\/uploads\/WhatsApp-Image-2021-01-12-at-12.16.10-1.jpeg?resize=678%2C509&amp;ssl=1 678w, https:\/\/i0.wp.com\/larevistadigital.com.ar\/blog\/wp-content\/uploads\/WhatsApp-Image-2021-01-12-at-12.16.10-1.jpeg?resize=326%2C245&amp;ssl=1 326w, https:\/\/i0.wp.com\/larevistadigital.com.ar\/blog\/wp-content\/uploads\/WhatsApp-Image-2021-01-12-at-12.16.10-1.jpeg?resize=80%2C60&amp;ssl=1 80w\" sizes=\"auto, (max-width: 1000px) 100vw, 1000px\" \/><figcaption id=\"caption-attachment-18561\" class=\"wp-caption-text\"><strong>Destrozos en \u00abAlmas Caf\u00e9\u00bb<\/strong><\/figcaption><\/figure>\n<figure id=\"attachment_18562\" aria-describedby=\"caption-attachment-18562\" style=\"width: 1280px\" class=\"wp-caption alignnone\"><img data-recalc-dims=\"1\" loading=\"lazy\" decoding=\"async\" class=\"wp-image-18562 size-full\" src=\"https:\/\/i0.wp.com\/larevistadigital.com.ar\/blog\/wp-content\/uploads\/WhatsApp-Image-2021-01-11-at-23.05.45.jpeg?resize=1280%2C960&#038;ssl=1\" alt=\"\" width=\"1280\" height=\"960\" srcset=\"https:\/\/i0.wp.com\/larevistadigital.com.ar\/blog\/wp-content\/uploads\/WhatsApp-Image-2021-01-11-at-23.05.45.jpeg?w=1280&amp;ssl=1 1280w, https:\/\/i0.wp.com\/larevistadigital.com.ar\/blog\/wp-content\/uploads\/WhatsApp-Image-2021-01-11-at-23.05.45.jpeg?resize=300%2C225&amp;ssl=1 300w, https:\/\/i0.wp.com\/larevistadigital.com.ar\/blog\/wp-content\/uploads\/WhatsApp-Image-2021-01-11-at-23.05.45.jpeg?resize=1024%2C768&amp;ssl=1 1024w, https:\/\/i0.wp.com\/larevistadigital.com.ar\/blog\/wp-content\/uploads\/WhatsApp-Image-2021-01-11-at-23.05.45.jpeg?resize=768%2C576&amp;ssl=1 768w, https:\/\/i0.wp.com\/larevistadigital.com.ar\/blog\/wp-content\/uploads\/WhatsApp-Image-2021-01-11-at-23.05.45.jpeg?resize=678%2C509&amp;ssl=1 678w, https:\/\/i0.wp.com\/larevistadigital.com.ar\/blog\/wp-content\/uploads\/WhatsApp-Image-2021-01-11-at-23.05.45.jpeg?resize=326%2C245&amp;ssl=1 326w, https:\/\/i0.wp.com\/larevistadigital.com.ar\/blog\/wp-content\/uploads\/WhatsApp-Image-2021-01-11-at-23.05.45.jpeg?resize=80%2C60&amp;ssl=1 80w\" sizes=\"auto, (max-width: 1000px) 100vw, 1000px\" \/><figcaption id=\"caption-attachment-18562\" class=\"wp-caption-text\"><strong>Grandes da\u00f1os en Caf\u00e9 Mul\u00e9<\/strong><\/figcaption><\/figure>\n<p><img data-recalc-dims=\"1\" loading=\"lazy\" decoding=\"async\" class=\"alignnone size-full wp-image-18560\" src=\"https:\/\/i0.wp.com\/larevistadigital.com.ar\/blog\/wp-content\/uploads\/WhatsApp-Image-2021-01-11-at-23.05.45-1.jpeg?resize=1280%2C960&#038;ssl=1\" alt=\"\" width=\"1280\" height=\"960\" srcset=\"https:\/\/i0.wp.com\/larevistadigital.com.ar\/blog\/wp-content\/uploads\/WhatsApp-Image-2021-01-11-at-23.05.45-1.jpeg?w=1280&amp;ssl=1 1280w, https:\/\/i0.wp.com\/larevistadigital.com.ar\/blog\/wp-content\/uploads\/WhatsApp-Image-2021-01-11-at-23.05.45-1.jpeg?resize=300%2C225&amp;ssl=1 300w, https:\/\/i0.wp.com\/larevistadigital.com.ar\/blog\/wp-content\/uploads\/WhatsApp-Image-2021-01-11-at-23.05.45-1.jpeg?resize=1024%2C768&amp;ssl=1 1024w, https:\/\/i0.wp.com\/larevistadigital.com.ar\/blog\/wp-content\/uploads\/WhatsApp-Image-2021-01-11-at-23.05.45-1.jpeg?resize=768%2C576&amp;ssl=1 768w, https:\/\/i0.wp.com\/larevistadigital.com.ar\/blog\/wp-content\/uploads\/WhatsApp-Image-2021-01-11-at-23.05.45-1.jpeg?resize=678%2C509&amp;ssl=1 678w, https:\/\/i0.wp.com\/larevistadigital.com.ar\/blog\/wp-content\/uploads\/WhatsApp-Image-2021-01-11-at-23.05.45-1.jpeg?resize=326%2C245&amp;ssl=1 326w, https:\/\/i0.wp.com\/larevistadigital.com.ar\/blog\/wp-content\/uploads\/WhatsApp-Image-2021-01-11-at-23.05.45-1.jpeg?resize=80%2C60&amp;ssl=1 80w\" sizes=\"auto, (max-width: 1000px) 100vw, 1000px\" \/><\/p>\n<p><img data-recalc-dims=\"1\" loading=\"lazy\" decoding=\"async\" class=\"alignnone size-full wp-image-18559\" src=\"https:\/\/i0.wp.com\/larevistadigital.com.ar\/blog\/wp-content\/uploads\/WhatsApp-Image-2021-01-11-at-23.05.44.jpeg?resize=590%2C1280&#038;ssl=1\" alt=\"\" width=\"590\" height=\"1280\" srcset=\"https:\/\/i0.wp.com\/larevistadigital.com.ar\/blog\/wp-content\/uploads\/WhatsApp-Image-2021-01-11-at-23.05.44.jpeg?w=590&amp;ssl=1 590w, https:\/\/i0.wp.com\/larevistadigital.com.ar\/blog\/wp-content\/uploads\/WhatsApp-Image-2021-01-11-at-23.05.44.jpeg?resize=138%2C300&amp;ssl=1 138w, https:\/\/i0.wp.com\/larevistadigital.com.ar\/blog\/wp-content\/uploads\/WhatsApp-Image-2021-01-11-at-23.05.44.jpeg?resize=472%2C1024&amp;ssl=1 472w\" sizes=\"auto, (max-width: 590px) 100vw, 590px\" \/><\/p>\n<p><img data-recalc-dims=\"1\" loading=\"lazy\" decoding=\"async\" class=\"alignnone size-full wp-image-18558\" src=\"https:\/\/i0.wp.com\/larevistadigital.com.ar\/blog\/wp-content\/uploads\/WhatsApp-Image-2021-01-11-at-23.04.55.jpeg?resize=960%2C1280&#038;ssl=1\" alt=\"\" width=\"960\" height=\"1280\" srcset=\"https:\/\/i0.wp.com\/larevistadigital.com.ar\/blog\/wp-content\/uploads\/WhatsApp-Image-2021-01-11-at-23.04.55.jpeg?w=960&amp;ssl=1 960w, https:\/\/i0.wp.com\/larevistadigital.com.ar\/blog\/wp-content\/uploads\/WhatsApp-Image-2021-01-11-at-23.04.55.jpeg?resize=225%2C300&amp;ssl=1 225w, https:\/\/i0.wp.com\/larevistadigital.com.ar\/blog\/wp-content\/uploads\/WhatsApp-Image-2021-01-11-at-23.04.55.jpeg?resize=768%2C1024&amp;ssl=1 768w\" sizes=\"auto, (max-width: 960px) 100vw, 960px\" \/><\/p>\n<p><img data-recalc-dims=\"1\" loading=\"lazy\" decoding=\"async\" class=\"alignnone size-full wp-image-18557\" src=\"https:\/\/i0.wp.com\/larevistadigital.com.ar\/blog\/wp-content\/uploads\/WhatsApp-Image-2021-01-11-at-13.10.42.jpeg?resize=871%2C693&#038;ssl=1\" alt=\"\" width=\"871\" height=\"693\" srcset=\"https:\/\/i0.wp.com\/larevistadigital.com.ar\/blog\/wp-content\/uploads\/WhatsApp-Image-2021-01-11-at-13.10.42.jpeg?w=871&amp;ssl=1 871w, https:\/\/i0.wp.com\/larevistadigital.com.ar\/blog\/wp-content\/uploads\/WhatsApp-Image-2021-01-11-at-13.10.42.jpeg?resize=300%2C239&amp;ssl=1 300w, https:\/\/i0.wp.com\/larevistadigital.com.ar\/blog\/wp-content\/uploads\/WhatsApp-Image-2021-01-11-at-13.10.42.jpeg?resize=768%2C611&amp;ssl=1 768w\" sizes=\"auto, (max-width: 871px) 100vw, 871px\" \/><\/p>\n<figure id=\"attachment_18555\" aria-describedby=\"caption-attachment-18555\" style=\"width: 960px\" class=\"wp-caption alignnone\"><img data-recalc-dims=\"1\" loading=\"lazy\" decoding=\"async\" class=\"wp-image-18555 size-full\" src=\"https:\/\/i0.wp.com\/larevistadigital.com.ar\/blog\/wp-content\/uploads\/WhatsApp-Image-2021-01-11-at-13.06.28.jpeg?resize=960%2C1280&#038;ssl=1\" alt=\"\" width=\"960\" height=\"1280\" srcset=\"https:\/\/i0.wp.com\/larevistadigital.com.ar\/blog\/wp-content\/uploads\/WhatsApp-Image-2021-01-11-at-13.06.28.jpeg?w=960&amp;ssl=1 960w, https:\/\/i0.wp.com\/larevistadigital.com.ar\/blog\/wp-content\/uploads\/WhatsApp-Image-2021-01-11-at-13.06.28.jpeg?resize=225%2C300&amp;ssl=1 225w, https:\/\/i0.wp.com\/larevistadigital.com.ar\/blog\/wp-content\/uploads\/WhatsApp-Image-2021-01-11-at-13.06.28.jpeg?resize=768%2C1024&amp;ssl=1 768w\" sizes=\"auto, (max-width: 960px) 100vw, 960px\" \/><figcaption id=\"caption-attachment-18555\" class=\"wp-caption-text\"><strong>Destrozos, cables cortados, \u00e1rboles ca\u00eddos a lo largo y ancho de la ciudad<\/strong><\/figcaption><\/figure>\n<figure id=\"attachment_18556\" aria-describedby=\"caption-attachment-18556\" style=\"width: 960px\" class=\"wp-caption alignnone\"><img data-recalc-dims=\"1\" loading=\"lazy\" decoding=\"async\" class=\"wp-image-18556 size-full\" src=\"https:\/\/i0.wp.com\/larevistadigital.com.ar\/blog\/wp-content\/uploads\/WhatsApp-Image-2021-01-11-at-13.07.08.jpeg?resize=960%2C1280&#038;ssl=1\" alt=\"\" width=\"960\" height=\"1280\" srcset=\"https:\/\/i0.wp.com\/larevistadigital.com.ar\/blog\/wp-content\/uploads\/WhatsApp-Image-2021-01-11-at-13.07.08.jpeg?w=960&amp;ssl=1 960w, https:\/\/i0.wp.com\/larevistadigital.com.ar\/blog\/wp-content\/uploads\/WhatsApp-Image-2021-01-11-at-13.07.08.jpeg?resize=225%2C300&amp;ssl=1 225w, https:\/\/i0.wp.com\/larevistadigital.com.ar\/blog\/wp-content\/uploads\/WhatsApp-Image-2021-01-11-at-13.07.08.jpeg?resize=768%2C1024&amp;ssl=1 768w\" sizes=\"auto, (max-width: 960px) 100vw, 960px\" \/><figcaption id=\"caption-attachment-18556\" class=\"wp-caption-text\"><strong><em>Cables cortados y \u00e1rboles ca\u00eddos.<\/em><\/strong><\/figcaption><\/figure>\n<figure id=\"attachment_18554\" aria-describedby=\"caption-attachment-18554\" style=\"width: 1280px\" class=\"wp-caption alignnone\"><img data-recalc-dims=\"1\" loading=\"lazy\" decoding=\"async\" class=\"wp-image-18554 size-full\" src=\"https:\/\/i0.wp.com\/larevistadigital.com.ar\/blog\/wp-content\/uploads\/WhatsApp-Image-2021-01-11-at-10.15.06.jpeg?resize=1280%2C960&#038;ssl=1\" alt=\"\" width=\"1280\" height=\"960\" srcset=\"https:\/\/i0.wp.com\/larevistadigital.com.ar\/blog\/wp-content\/uploads\/WhatsApp-Image-2021-01-11-at-10.15.06.jpeg?w=1280&amp;ssl=1 1280w, https:\/\/i0.wp.com\/larevistadigital.com.ar\/blog\/wp-content\/uploads\/WhatsApp-Image-2021-01-11-at-10.15.06.jpeg?resize=300%2C225&amp;ssl=1 300w, https:\/\/i0.wp.com\/larevistadigital.com.ar\/blog\/wp-content\/uploads\/WhatsApp-Image-2021-01-11-at-10.15.06.jpeg?resize=1024%2C768&amp;ssl=1 1024w, https:\/\/i0.wp.com\/larevistadigital.com.ar\/blog\/wp-content\/uploads\/WhatsApp-Image-2021-01-11-at-10.15.06.jpeg?resize=768%2C576&amp;ssl=1 768w, https:\/\/i0.wp.com\/larevistadigital.com.ar\/blog\/wp-content\/uploads\/WhatsApp-Image-2021-01-11-at-10.15.06.jpeg?resize=678%2C509&amp;ssl=1 678w, https:\/\/i0.wp.com\/larevistadigital.com.ar\/blog\/wp-content\/uploads\/WhatsApp-Image-2021-01-11-at-10.15.06.jpeg?resize=326%2C245&amp;ssl=1 326w, https:\/\/i0.wp.com\/larevistadigital.com.ar\/blog\/wp-content\/uploads\/WhatsApp-Image-2021-01-11-at-10.15.06.jpeg?resize=80%2C60&amp;ssl=1 80w\" sizes=\"auto, (max-width: 1000px) 100vw, 1000px\" \/><figcaption id=\"caption-attachment-18554\" class=\"wp-caption-text\"><strong>\u00abLo que qued\u00f3 de un galp\u00f3n en el acceso norte\u00bb<\/strong><\/figcaption><\/figure>\n","protected":false},"excerpt":{"rendered":"<div class=\"mh-excerpt\"><p>Luego de la fuerte tormenta que azot\u00f3 la ciudad de Chascom\u00fas, nos han llegado una gran cantidad de imagenes que muestran los destrozos que ocasion\u00f3 en distintos lugares de la ciudad, que a\u00fan hoy, martes <a class=\"mh-excerpt-more\" href=\"https:\/\/larevistadigital.com.ar\/blog\/galeria-de-fotos-la-tormenta-en-chascomus-en-imagenes\/\" title=\"GALER\u00cdA DE FOTOS: LA TORMENTA EN CHASCOM\u00daS, EN IM\u00c1GENES\">[Leer M\u00e1s]<\/a><\/p>\n<\/div>","protected":false},"author":3,"featured_media":18567,"comment_status":"open","ping_status":"open","sticky":false,"template":"","format":"standard","meta":{"_jetpack_memberships_contains_paid_content":false,"footnotes":"","jetpack_publicize_message":"","jetpack_publicize_feature_enabled":true,"jetpack_social_post_already_shared":true,"jetpack_social_options":{"image_generator_settings":{"template":"highway","default_image_id":0,"font":"","enabled":false},"version":2}},"categories":[41],"tags":[],"class_list":{"0":"post-18553","1":"post","2":"type-post","3":"status-publish","4":"format-standard","5":"has-post-thumbnail","7":"category-destacadas"},"jetpack_publicize_connections":[],"jetpack_featured_media_url":"https:\/\/i0.wp.com\/larevistadigital.com.ar\/blog\/wp-content\/uploads\/WhatsApp-Image-2021-01-11-at-10.15.06-1.jpeg?fit=1280%2C720&ssl=1","jetpack_sharing_enabled":true,"jetpack_shortlink":"https:\/\/wp.me\/p8qtrQ-4Pf","jetpack-related-posts":[{"id":17195,"url":"https:\/\/larevistadigital.com.ar\/blog\/chascomus-aparecieron-carteles-contra-la-pedofilia-en-distintos-sitios-de-la-ciudad\/","url_meta":{"origin":18553,"position":0},"title":"CHASCOM\u00daS: APARECIERON CARTELES CONTRA LA PEDOFILIA EN DISTINTOS SITIOS DE LA CIUDAD","author":"Alejandro Sosa Ruda","date":"25 octubre, 2020","format":false,"excerpt":"Luego del abuso que cometi\u00f3 un joven contra una beb\u00e9, hija de su pareja, el tema de la pedofilia ha ido formando parte de una de las cuestiones m\u00e1s actuales y m\u00e1s comentadas en la ciudad de Chascom\u00fas. Hace un par de d\u00edas, aparecieron en la red social Facebook, mensajes\u2026","rel":"","context":"En \u00abINTERES GENERAL\u00bb","block_context":{"text":"INTERES GENERAL","link":"https:\/\/larevistadigital.com.ar\/blog\/category\/interes-general\/"},"img":{"alt_text":"","src":"https:\/\/i0.wp.com\/larevistadigital.com.ar\/blog\/wp-content\/uploads\/WhatsApp-Image-2020-10-25-at-16.28.53.jpeg?fit=1200%2C675&ssl=1&resize=350%2C200","width":350,"height":200,"srcset":"https:\/\/i0.wp.com\/larevistadigital.com.ar\/blog\/wp-content\/uploads\/WhatsApp-Image-2020-10-25-at-16.28.53.jpeg?fit=1200%2C675&ssl=1&resize=350%2C200 1x, https:\/\/i0.wp.com\/larevistadigital.com.ar\/blog\/wp-content\/uploads\/WhatsApp-Image-2020-10-25-at-16.28.53.jpeg?fit=1200%2C675&ssl=1&resize=525%2C300 1.5x, https:\/\/i0.wp.com\/larevistadigital.com.ar\/blog\/wp-content\/uploads\/WhatsApp-Image-2020-10-25-at-16.28.53.jpeg?fit=1200%2C675&ssl=1&resize=700%2C400 2x, https:\/\/i0.wp.com\/larevistadigital.com.ar\/blog\/wp-content\/uploads\/WhatsApp-Image-2020-10-25-at-16.28.53.jpeg?fit=1200%2C675&ssl=1&resize=1050%2C600 3x"},"classes":[]},{"id":17961,"url":"https:\/\/larevistadigital.com.ar\/blog\/nueva-seccion-fotos-de-mi-ciudad\/","url_meta":{"origin":18553,"position":1},"title":"NUEVA SECCI\u00d3N: \u00abFOTOS DE MI CIUDAD\u00bb","author":"Alejandro Sosa Ruda","date":"3 diciembre, 2020","format":false,"excerpt":"NUEVA SECCI\u00d3N: \"FOTOS DE MI CIUDAD\" En este caso, y desde el d\u00eda de hoy, publicaremos fotos de vecinos de las distintas ciudades. \u00bfDe donde? DE TODO EL PA\u00cdS. As\u00ed, quienes quieran enviarnos su foto, pueden hacerlo al whatsapp +54 9 2241 551859, especificando de qu\u00e9 ciudad y qu\u00e9 lugar\u2026","rel":"","context":"En \u00abINTERES GENERAL\u00bb","block_context":{"text":"INTERES GENERAL","link":"https:\/\/larevistadigital.com.ar\/blog\/category\/interes-general\/"},"img":{"alt_text":"","src":"https:\/\/i0.wp.com\/larevistadigital.com.ar\/blog\/wp-content\/uploads\/fotos-Fernanda-1.jpg?fit=1040%2C780&ssl=1&resize=350%2C200","width":350,"height":200,"srcset":"https:\/\/i0.wp.com\/larevistadigital.com.ar\/blog\/wp-content\/uploads\/fotos-Fernanda-1.jpg?fit=1040%2C780&ssl=1&resize=350%2C200 1x, https:\/\/i0.wp.com\/larevistadigital.com.ar\/blog\/wp-content\/uploads\/fotos-Fernanda-1.jpg?fit=1040%2C780&ssl=1&resize=525%2C300 1.5x, https:\/\/i0.wp.com\/larevistadigital.com.ar\/blog\/wp-content\/uploads\/fotos-Fernanda-1.jpg?fit=1040%2C780&ssl=1&resize=700%2C400 2x"},"classes":[]},{"id":33390,"url":"https:\/\/larevistadigital.com.ar\/blog\/con-galeria-de-fotos-y-video-barrio-parque-girado-el-temporal-dejo-sus-secuelas\/","url_meta":{"origin":18553,"position":2},"title":"[CON GALER\u00cdA DE FOTOS Y VIDEO] BARRIO PARQUE GIRADO: EL TEMPORAL DEJ\u00d3 SUS SECUELAS","author":"Alejandro Sosa Ruda","date":"11 septiembre, 2023","format":false,"excerpt":"La tormenta dur\u00f3 poco, pero fue contundente y provoc\u00f3 da\u00f1os de distinta magnitud. Una cr\u00f3nica de nuestro periodista Juan Lemik. 11 de Septiembre de 2023 CHASCOM\u00daS -\u00a0\u00a0La tormenta lleg\u00f3 y azot\u00f3 a Barrio Parque Girado, causando da\u00f1os diversos,\u00a0 pero afortunadamente solo fueron p\u00e9rdidas econ\u00f3micas y no se conoce que haya\u2026","rel":"","context":"En \u00abDESTACADAS\u00bb","block_context":{"text":"DESTACADAS","link":"https:\/\/larevistadigital.com.ar\/blog\/category\/destacadas\/"},"img":{"alt_text":"","src":"https:\/\/i0.wp.com\/larevistadigital.com.ar\/blog\/wp-content\/uploads\/GIRADO-1.jpg?fit=1200%2C1175&ssl=1&resize=350%2C200","width":350,"height":200,"srcset":"https:\/\/i0.wp.com\/larevistadigital.com.ar\/blog\/wp-content\/uploads\/GIRADO-1.jpg?fit=1200%2C1175&ssl=1&resize=350%2C200 1x, https:\/\/i0.wp.com\/larevistadigital.com.ar\/blog\/wp-content\/uploads\/GIRADO-1.jpg?fit=1200%2C1175&ssl=1&resize=525%2C300 1.5x, https:\/\/i0.wp.com\/larevistadigital.com.ar\/blog\/wp-content\/uploads\/GIRADO-1.jpg?fit=1200%2C1175&ssl=1&resize=700%2C400 2x, https:\/\/i0.wp.com\/larevistadigital.com.ar\/blog\/wp-content\/uploads\/GIRADO-1.jpg?fit=1200%2C1175&ssl=1&resize=1050%2C600 3x"},"classes":[]},{"id":19471,"url":"https:\/\/larevistadigital.com.ar\/blog\/galeria-de-fotos-chascomus-las-lluvias-provocaron-desastres-de-distinta-magnitud\/","url_meta":{"origin":18553,"position":3},"title":"[GALER\u00cdA DE FOTOS Y VIDEO] CHASCOM\u00daS: LAS LLUVIAS PROVOCARON DESASTRES DE DISTINTA MAGNITUD","author":"Alejandro Sosa Ruda","date":"28 marzo, 2021","format":false,"excerpt":"CHASCOMUS -\u00a0 Las lluvias que cayeron desde ayer, y se mantuvieron en casi toda la jornada de hoy, provocaron da\u00f1os en distintos lugares de la ciudad, adem\u00e1s de que en la zona de la ruta provoc\u00f3 la voladura de techos en la estaci\u00f3n de Servicio Shell conocida como El Campanario,\u2026","rel":"","context":"En \u00abCHASCOM\u00daS\u00bb","block_context":{"text":"CHASCOM\u00daS","link":"https:\/\/larevistadigital.com.ar\/blog\/category\/chascomus\/"},"img":{"alt_text":"","src":"https:\/\/i0.wp.com\/larevistadigital.com.ar\/blog\/wp-content\/uploads\/TECHO-VOLADO-MEXICO-Y-GENERAL-PAZ.jpeg?fit=720%2C960&ssl=1&resize=350%2C200","width":350,"height":200,"srcset":"https:\/\/i0.wp.com\/larevistadigital.com.ar\/blog\/wp-content\/uploads\/TECHO-VOLADO-MEXICO-Y-GENERAL-PAZ.jpeg?fit=720%2C960&ssl=1&resize=350%2C200 1x, https:\/\/i0.wp.com\/larevistadigital.com.ar\/blog\/wp-content\/uploads\/TECHO-VOLADO-MEXICO-Y-GENERAL-PAZ.jpeg?fit=720%2C960&ssl=1&resize=525%2C300 1.5x, https:\/\/i0.wp.com\/larevistadigital.com.ar\/blog\/wp-content\/uploads\/TECHO-VOLADO-MEXICO-Y-GENERAL-PAZ.jpeg?fit=720%2C960&ssl=1&resize=700%2C400 2x"},"classes":[]},{"id":8656,"url":"https:\/\/larevistadigital.com.ar\/blog\/la-plata-terrible-tormenta-que-deja-autos-danados-y-arboles-caidos\/","url_meta":{"origin":18553,"position":4},"title":"LA PLATA: TERRIBLE TORMENTA QUE DEJA AUTOS DA\u00d1ADOS Y \u00c1RBOLES CA\u00cdDOS","author":"Alejandro Sosa Ruda","date":"23 febrero, 2019","format":false,"excerpt":"En la ciudad de La Plata, lleg\u00f3 la tormenta que se hizo presente en gran parte de la Provincia de Buenos Aires, volviendo a castigar con particular furia a los vecinos que cada vez que el clima se pone complicado, deben tomar recaudos, resguardarse y rezar para no verse afectados.\u2026","rel":"","context":"En \u00abPOLITICA\u00bb","block_context":{"text":"POLITICA","link":"https:\/\/larevistadigital.com.ar\/blog\/category\/politica\/"},"img":{"alt_text":"","src":"https:\/\/i0.wp.com\/larevistadigital.com.ar\/blog\/wp-content\/uploads\/2019\/02\/WhatsApp-Image-2019-02-22-at-21.59.17-1.jpeg?fit=900%2C1200&ssl=1&resize=350%2C200","width":350,"height":200,"srcset":"https:\/\/i0.wp.com\/larevistadigital.com.ar\/blog\/wp-content\/uploads\/2019\/02\/WhatsApp-Image-2019-02-22-at-21.59.17-1.jpeg?fit=900%2C1200&ssl=1&resize=350%2C200 1x, https:\/\/i0.wp.com\/larevistadigital.com.ar\/blog\/wp-content\/uploads\/2019\/02\/WhatsApp-Image-2019-02-22-at-21.59.17-1.jpeg?fit=900%2C1200&ssl=1&resize=525%2C300 1.5x, https:\/\/i0.wp.com\/larevistadigital.com.ar\/blog\/wp-content\/uploads\/2019\/02\/WhatsApp-Image-2019-02-22-at-21.59.17-1.jpeg?fit=900%2C1200&ssl=1&resize=700%2C400 2x"},"classes":[]},{"id":24277,"url":"https:\/\/larevistadigital.com.ar\/blog\/fotos-y-videos-chascomus-notable-cantidad-de-vehiculos-en-el-ingreso-del-acceso-norte\/","url_meta":{"origin":18553,"position":5},"title":"[FOTOS Y VIDEOS] CHASCOM\u00daS: NOTABLE CANTIDAD DE VEH\u00cdCULOS EN EL INGRESO DEL ACCESO NORTE","author":"Alejandro Sosa Ruda","date":"28 febrero, 2022","format":false,"excerpt":"CHASCOM\u00daS -\u00a0\u00a0Nuestra vecina y eventual cronista, Maru Cilley nos hizo llegar material fotogr\u00e1fico y de video del mediod\u00eda de hoy lunes,\u00a0 donde se aprecia la enorme cantidad de veh\u00edculos que ingresaban a la ciudad, por el acceso norte. Mar\u00eda Eugenia, que se dirig\u00eda a la quinta de unos amigos, pudo\u2026","rel":"","context":"En \u00abCHASCOM\u00daS\u00bb","block_context":{"text":"CHASCOM\u00daS","link":"https:\/\/larevistadigital.com.ar\/blog\/category\/chascomus\/"},"img":{"alt_text":"","src":"https:\/\/i0.wp.com\/larevistadigital.com.ar\/blog\/wp-content\/uploads\/WhatsApp-Image-2022-02-28-at-14.55.05.jpeg?fit=1200%2C901&ssl=1&resize=350%2C200","width":350,"height":200,"srcset":"https:\/\/i0.wp.com\/larevistadigital.com.ar\/blog\/wp-content\/uploads\/WhatsApp-Image-2022-02-28-at-14.55.05.jpeg?fit=1200%2C901&ssl=1&resize=350%2C200 1x, https:\/\/i0.wp.com\/larevistadigital.com.ar\/blog\/wp-content\/uploads\/WhatsApp-Image-2022-02-28-at-14.55.05.jpeg?fit=1200%2C901&ssl=1&resize=525%2C300 1.5x, https:\/\/i0.wp.com\/larevistadigital.com.ar\/blog\/wp-content\/uploads\/WhatsApp-Image-2022-02-28-at-14.55.05.jpeg?fit=1200%2C901&ssl=1&resize=700%2C400 2x, https:\/\/i0.wp.com\/larevistadigital.com.ar\/blog\/wp-content\/uploads\/WhatsApp-Image-2022-02-28-at-14.55.05.jpeg?fit=1200%2C901&ssl=1&resize=1050%2C600 3x"},"classes":[]}],"_links":{"self":[{"href":"https:\/\/larevistadigital.com.ar\/blog\/wp-json\/wp\/v2\/posts\/18553","targetHints":{"allow":["GET"]}}],"collection":[{"href":"https:\/\/larevistadigital.com.ar\/blog\/wp-json\/wp\/v2\/posts"}],"about":[{"href":"https:\/\/larevistadigital.com.ar\/blog\/wp-json\/wp\/v2\/types\/post"}],"author":[{"embeddable":true,"href":"https:\/\/larevistadigital.com.ar\/blog\/wp-json\/wp\/v2\/users\/3"}],"replies":[{"embeddable":true,"href":"https:\/\/larevistadigital.com.ar\/blog\/wp-json\/wp\/v2\/comments?post=18553"}],"version-history":[{"count":1,"href":"https:\/\/larevistadigital.com.ar\/blog\/wp-json\/wp\/v2\/posts\/18553\/revisions"}],"predecessor-version":[{"id":18568,"href":"https:\/\/larevistadigital.com.ar\/blog\/wp-json\/wp\/v2\/posts\/18553\/revisions\/18568"}],"wp:featuredmedia":[{"embeddable":true,"href":"https:\/\/larevistadigital.com.ar\/blog\/wp-json\/wp\/v2\/media\/18567"}],"wp:attachment":[{"href":"https:\/\/larevistadigital.com.ar\/blog\/wp-json\/wp\/v2\/media?parent=18553"}],"wp:term":[{"taxonomy":"category","embeddable":true,"href":"https:\/\/larevistadigital.com.ar\/blog\/wp-json\/wp\/v2\/categories?post=18553"},{"taxonomy":"post_tag","embeddable":true,"href":"https:\/\/larevistadigital.com.ar\/blog\/wp-json\/wp\/v2\/tags?post=18553"}],"curies":[{"name":"wp","href":"https:\/\/api.w.org\/{rel}","templated":true}]}}