{"id":18569,"date":"2021-01-12T16:57:07","date_gmt":"2021-01-12T16:57:07","guid":{"rendered":"https:\/\/larevistadigital.com.ar\/blog\/?p=18569"},"modified":"2021-01-12T16:57:56","modified_gmt":"2021-01-12T16:57:56","slug":"excelente-y-claro-informe-del-diario-el-fuerte-acerca-de-la-triste-realidad-sobre-la-perdida-del-poder-adquisitivo-de-los-empleados-municipales","status":"publish","type":"post","link":"https:\/\/larevistadigital.com.ar\/blog\/excelente-y-claro-informe-del-diario-el-fuerte-acerca-de-la-triste-realidad-sobre-la-perdida-del-poder-adquisitivo-de-los-empleados-municipales\/","title":{"rendered":"EXCELENTE Y CLARO INFORME DEL DIARIO EL FUERTE ACERCA DE LA TRISTE REALIDAD SOBRE LA P\u00c9RDIDA DEL PODER ADQUISITIVO DE LOS EMPLEADOS MUNICIPALES."},"content":{"rendered":"<p>El diario El Fuerte, y el portal elfuertediario.com.ar publicaron un interesante y claro an\u00e1lisis de la triste realidad de la p\u00e9rdida de ingresos de los empleados\u00a0 municipales, que a continuaci\u00f3n reproducimos sin cambiar una coma. \u00a1Felicitaciones a nuestros colegas!<\/p>\n<p><img data-recalc-dims=\"1\" loading=\"lazy\" decoding=\"async\" class=\"size-full wp-image-18570 aligncenter\" src=\"https:\/\/i0.wp.com\/larevistadigital.com.ar\/blog\/wp-content\/uploads\/salario-elfuerte-10deenero2021.png?resize=737%2C415&#038;ssl=1\" alt=\"\" width=\"737\" height=\"415\" srcset=\"https:\/\/i0.wp.com\/larevistadigital.com.ar\/blog\/wp-content\/uploads\/salario-elfuerte-10deenero2021.png?w=737&amp;ssl=1 737w, https:\/\/i0.wp.com\/larevistadigital.com.ar\/blog\/wp-content\/uploads\/salario-elfuerte-10deenero2021.png?resize=300%2C169&amp;ssl=1 300w, https:\/\/i0.wp.com\/larevistadigital.com.ar\/blog\/wp-content\/uploads\/salario-elfuerte-10deenero2021.png?resize=678%2C381&amp;ssl=1 678w\" sizes=\"auto, (max-width: 737px) 100vw, 737px\" \/><\/p>\n<p>Ha sido abrupta la ca\u00edda de los sueldos municipales entre diciembre de 2015 y el mismo mes de 2020.<\/p>\n<p>En diciembre de 2015 el salario de un ingresante de 40 horas era de $ 6.416, 37. Desde esa fecha hasta la actual la inflaci\u00f3n acumulada\u00a0 fue de 418,80% lo que significa a dicho sueldo habr\u00eda que multiplicarlo por 5,188 para actualizarlo y el salario de haber acompa\u00f1ado a la inflaci\u00f3n hoy ser\u00eda de $ 33.280,50.<\/p>\n<blockquote>\n<h3>Pero no es as\u00ed y la categor\u00eda mencionada \u00a0tiene a la fecha un haber de $ 20.601,33, muy inferior al que corresponder\u00eda.<br \/>\nConcretamente la p\u00e9rdida del salario entre diciembre de 2020 y diciembre de 2015 ha sido de un 38,10%.<\/h3>\n<\/blockquote>\n<p>Materializando en dinero, el empleado encuadrado en dicha categor\u00eda perdi\u00f3 $ 260.349,66 al no haber acompa\u00f1ado el incremento de haberes a la inflaci\u00f3n, lo que significa que el trabajador perdi\u00f3 en cinco a\u00f1os un a\u00f1o entero, incluido el aguinaldo.<br \/>\n<strong><br \/>\n<em>Oferta del Municipio<\/em><\/strong><\/p>\n<p>El pasado jueves se reuni\u00f3 la Mesa Salarial del Municipio, integrada por el Ejecutivo Municipal y los gremios STM, UPCN y ATE.<\/p>\n<p>Estuvieron presentes el secretario de Gobierno <strong>Cipriano P\u00e9rez del Cerro<\/strong> y el subsecretario de Producci\u00f3n y Capital Humano, <strong>Jos\u00e9 Yezza Ross<\/strong> en representaci\u00f3n del Departamento Ejecutivo; por STM <strong>Mercedes Rold\u00e1n y Claudio Bertucci<\/strong>, por UPCN <strong>Franco Balzano<\/strong>; y por ATE <strong>Roberto Bigot y Marcos Irigoyen<\/strong>.<\/p>\n<p>Tras varias propuestas del gobierno y rechazos gremiales se lleg\u00f3 al siguiente ofrecimiento, que hoy a trav\u00e9s de los sindicatos, estudia el personal de la Comuna.<\/p>\n<p>La propuesta final de las autoridades contempla los siguientes\u00a0 aumento salariales: 15% en enero, 7 % en abril, 6% en julio, 10% en octubre y 7% en diciembre, lo que significa un incremento anual del 53,5%.<\/p>\n<p><strong>Un a\u00f1o perdido<\/strong><\/p>\n<p>Dicho incremento anual del 53,5% en hoy cercano a lo que estiman los economistas ser\u00e1 la inflaci\u00f3n del a\u00f1o 2021, pero el ofrecimiento no contempla, al menos que se conozca p\u00fablicamente, una cl\u00e1usula gatillo de protecci\u00f3n salarial ante un imprevisto que pudiera surgir, sobre todo si se tiene en cuenta que atravesamos una pandemia.<\/p>\n<p>Tampoco surge la propuesta establezca que algunos de los incrementos sean retroactivos al 2020, por lo que los trabajadores municipales finalmente perder\u00edan cualquier reconocimiento econ\u00f3mico que pudiera corresponder al pasado a\u00f1o, en el que no percibieron ning\u00fan aumento, salvo dos bonos de $ 2.000 que no incluyeron a los jubilados.<\/p>\n<p><strong>Sin protestas<\/strong><br \/>\nNo deja de llamar la atenci\u00f3n la pasividad gremial\u00a0 ante esta situaci\u00f3n, diferente a la de los distritos vecinos donde en el 2020 hubo significativos incrementos de haberes, habida cuenta que muchos de sus actuales dirigentes supieron a\u00f1os atr\u00e1s llevar adelante y ante situaciones menos complejas, fuertes paros y protestas a quienes conduc\u00edan entonces el gobierno municipal.<\/p>\n<p>publicado por diario el Fuerte y elfuertediario.com.ar<\/p>\n","protected":false},"excerpt":{"rendered":"<div class=\"mh-excerpt\"><p>El diario El Fuerte, y el portal elfuertediario.com.ar publicaron un interesante y claro an\u00e1lisis de la triste realidad de la p\u00e9rdida de ingresos de los empleados\u00a0 municipales, que a continuaci\u00f3n reproducimos sin cambiar una coma. <a class=\"mh-excerpt-more\" href=\"https:\/\/larevistadigital.com.ar\/blog\/excelente-y-claro-informe-del-diario-el-fuerte-acerca-de-la-triste-realidad-sobre-la-perdida-del-poder-adquisitivo-de-los-empleados-municipales\/\" title=\"EXCELENTE Y CLARO INFORME DEL DIARIO EL FUERTE ACERCA DE LA TRISTE REALIDAD SOBRE LA P\u00c9RDIDA DEL PODER ADQUISITIVO DE LOS EMPLEADOS MUNICIPALES.\">[Leer M\u00e1s]<\/a><\/p>\n<\/div>","protected":false},"author":3,"featured_media":18571,"comment_status":"open","ping_status":"open","sticky":false,"template":"","format":"standard","meta":{"_jetpack_memberships_contains_paid_content":false,"footnotes":"","jetpack_publicize_message":"","jetpack_publicize_feature_enabled":true,"jetpack_social_post_already_shared":true,"jetpack_social_options":{"image_generator_settings":{"template":"highway","default_image_id":0,"font":"","enabled":false},"version":2}},"categories":[50],"tags":[],"class_list":{"0":"post-18569","1":"post","2":"type-post","3":"status-publish","4":"format-standard","5":"has-post-thumbnail","7":"category-interes-general"},"jetpack_publicize_connections":[],"jetpack_featured_media_url":"https:\/\/i0.wp.com\/larevistadigital.com.ar\/blog\/wp-content\/uploads\/caida-salarial.jpg?fit=1140%2C759&ssl=1","jetpack_sharing_enabled":true,"jetpack_shortlink":"https:\/\/wp.me\/p8qtrQ-4Pv","jetpack-related-posts":[{"id":27275,"url":"https:\/\/larevistadigital.com.ar\/blog\/chascomus-el-bloque-de-la-ucr-y-cambiemos-presentara-manana-el-pedido-de-apertura-de-paritarias-al-gobierno-municipal\/","url_meta":{"origin":18569,"position":0},"title":"CHASCOM\u00daS: EL BLOQUE DE LA UCR Y CAMBIEMOS PRESENTAR\u00c1 MA\u00d1ANA EL PEDIDO DE APERTURA DE PARITARIAS AL GOBIERNO MUNICIPAL","author":"Alejandro Sosa Ruda","date":"25 agosto, 2022","format":false,"excerpt":"Ser\u00e1 presentado ma\u00f1ana para que se trate \"sobre tablas\". Es una reacci\u00f3n necesaria para tratar de colaborar con los empleados municipales, luego de la inacci\u00f3n de los gremios locales. CHASCOM\u00daS -\u00a0 Desde el bloque de UCR-Cambiemos, se presentar\u00e1 ma\u00f1ana a efectos de ser tratado \"sobre tablas\" un Proyecto de Comunicaci\u00f3n\u2026","rel":"","context":"En \u00abDESTACADAS\u00bb","block_context":{"text":"DESTACADAS","link":"https:\/\/larevistadigital.com.ar\/blog\/category\/destacadas\/"},"img":{"alt_text":"","src":"https:\/\/i0.wp.com\/larevistadigital.com.ar\/blog\/wp-content\/uploads\/2018\/09\/concejo-chascomus.jpg?fit=954%2C768&ssl=1&resize=350%2C200","width":350,"height":200,"srcset":"https:\/\/i0.wp.com\/larevistadigital.com.ar\/blog\/wp-content\/uploads\/2018\/09\/concejo-chascomus.jpg?fit=954%2C768&ssl=1&resize=350%2C200 1x, https:\/\/i0.wp.com\/larevistadigital.com.ar\/blog\/wp-content\/uploads\/2018\/09\/concejo-chascomus.jpg?fit=954%2C768&ssl=1&resize=525%2C300 1.5x, https:\/\/i0.wp.com\/larevistadigital.com.ar\/blog\/wp-content\/uploads\/2018\/09\/concejo-chascomus.jpg?fit=954%2C768&ssl=1&resize=700%2C400 2x"},"classes":[]},{"id":26878,"url":"https:\/\/larevistadigital.com.ar\/blog\/otra-batalla-perdida-por-gustavo-lopez\/","url_meta":{"origin":18569,"position":1},"title":"OTRA BATALLA PERDIDA (Por Gustavo L\u00f3pez)","author":"Alejandro Sosa Ruda","date":"29 julio, 2022","format":false,"excerpt":"El kirchnerismo en los tres niveles del Estado que gobierna -Naci\u00f3n, Provincia y Chascom\u00fas- ha sido muy creativo en eslogan institucionales que denotan un contraste absoluto con la realidad de los ciudadanos de a pie. El martes 15 de marzo el presidente\u00a0Alberto Fern\u00e1ndez despu\u00e9s de m\u00e1s de\u00a0830 d\u00edas de gobierno\u2026","rel":"","context":"En \u00abINTERES GENERAL\u00bb","block_context":{"text":"INTERES GENERAL","link":"https:\/\/larevistadigital.com.ar\/blog\/category\/interes-general\/"},"img":{"alt_text":"","src":"https:\/\/i0.wp.com\/larevistadigital.com.ar\/blog\/wp-content\/uploads\/municipalidad-de-chascomus.jpg?fit=1200%2C800&ssl=1&resize=350%2C200","width":350,"height":200,"srcset":"https:\/\/i0.wp.com\/larevistadigital.com.ar\/blog\/wp-content\/uploads\/municipalidad-de-chascomus.jpg?fit=1200%2C800&ssl=1&resize=350%2C200 1x, https:\/\/i0.wp.com\/larevistadigital.com.ar\/blog\/wp-content\/uploads\/municipalidad-de-chascomus.jpg?fit=1200%2C800&ssl=1&resize=525%2C300 1.5x, https:\/\/i0.wp.com\/larevistadigital.com.ar\/blog\/wp-content\/uploads\/municipalidad-de-chascomus.jpg?fit=1200%2C800&ssl=1&resize=700%2C400 2x, https:\/\/i0.wp.com\/larevistadigital.com.ar\/blog\/wp-content\/uploads\/municipalidad-de-chascomus.jpg?fit=1200%2C800&ssl=1&resize=1050%2C600 3x"},"classes":[]},{"id":25267,"url":"https:\/\/larevistadigital.com.ar\/blog\/se-termino-la-paciencia-municipales-en-pie-de-guerra\/","url_meta":{"origin":18569,"position":2},"title":"\u00bfSE TERMIN\u00d3 LA PACIENCIA?&#8230;\u00bfMUNICIPALES EN PI\u00c9 DE GUERRA?","author":"Alejandro Sosa Ruda","date":"25 abril, 2022","format":false,"excerpt":"CHASCOM\u00daS -\u00a0 Nuevamente una crisis econ\u00f3mica est\u00e1 golpeando nuestro pa\u00eds. Y cuando esto ocurre las consecuencias siempre terminan pag\u00e1ndolas aquellos que menos tienen. La Inflaci\u00f3n en este primer trimestre alcanza ya el 16 por ciento.\u00a0 Enero 3,9%, Febrero 4,7%, y Marzo 6,7 %. Quienes parece no quieren que vuelva a\u2026","rel":"","context":"En \u00abINTERES GENERAL\u00bb","block_context":{"text":"INTERES GENERAL","link":"https:\/\/larevistadigital.com.ar\/blog\/category\/interes-general\/"},"img":{"alt_text":"","src":"https:\/\/i0.wp.com\/larevistadigital.com.ar\/blog\/wp-content\/uploads\/nota-1454987-chascomus-paro-municipales-reclamo-bono-792180.jpg?fit=1200%2C1200&ssl=1&resize=350%2C200","width":350,"height":200,"srcset":"https:\/\/i0.wp.com\/larevistadigital.com.ar\/blog\/wp-content\/uploads\/nota-1454987-chascomus-paro-municipales-reclamo-bono-792180.jpg?fit=1200%2C1200&ssl=1&resize=350%2C200 1x, https:\/\/i0.wp.com\/larevistadigital.com.ar\/blog\/wp-content\/uploads\/nota-1454987-chascomus-paro-municipales-reclamo-bono-792180.jpg?fit=1200%2C1200&ssl=1&resize=525%2C300 1.5x, https:\/\/i0.wp.com\/larevistadigital.com.ar\/blog\/wp-content\/uploads\/nota-1454987-chascomus-paro-municipales-reclamo-bono-792180.jpg?fit=1200%2C1200&ssl=1&resize=700%2C400 2x, https:\/\/i0.wp.com\/larevistadigital.com.ar\/blog\/wp-content\/uploads\/nota-1454987-chascomus-paro-municipales-reclamo-bono-792180.jpg?fit=1200%2C1200&ssl=1&resize=1050%2C600 3x"},"classes":[]},{"id":27254,"url":"https:\/\/larevistadigital.com.ar\/blog\/mateada-municipal-por-gustavo-lopez\/","url_meta":{"origin":18569,"position":3},"title":"\u00abMATEADA MUNICIPAL\u00bb (Por Gustavo L\u00f3pez)","author":"Alejandro Sosa Ruda","date":"24 agosto, 2022","format":false,"excerpt":"Una reflexi\u00f3n del dirigente radical, y ex funcionario que conoce la realidad que le toca vivir a los empleados municipales, en un momento que todo se hace cuesta arriba. CHASCOM\u00daS -\u00a0 Quienes hemos tomado como parte de nuestra vida la militancia pol\u00edtica y, a su vez, tuvimos la oportunidad de\u2026","rel":"","context":"En \u00abDESTACADAS\u00bb","block_context":{"text":"DESTACADAS","link":"https:\/\/larevistadigital.com.ar\/blog\/category\/destacadas\/"},"img":{"alt_text":"","src":"https:\/\/i0.wp.com\/larevistadigital.com.ar\/blog\/wp-content\/uploads\/municipalidad_elfuerte_04deenerode2020.jpg?fit=737%2C415&ssl=1&resize=350%2C200","width":350,"height":200,"srcset":"https:\/\/i0.wp.com\/larevistadigital.com.ar\/blog\/wp-content\/uploads\/municipalidad_elfuerte_04deenerode2020.jpg?fit=737%2C415&ssl=1&resize=350%2C200 1x, https:\/\/i0.wp.com\/larevistadigital.com.ar\/blog\/wp-content\/uploads\/municipalidad_elfuerte_04deenerode2020.jpg?fit=737%2C415&ssl=1&resize=525%2C300 1.5x, https:\/\/i0.wp.com\/larevistadigital.com.ar\/blog\/wp-content\/uploads\/municipalidad_elfuerte_04deenerode2020.jpg?fit=737%2C415&ssl=1&resize=700%2C400 2x"},"classes":[]},{"id":957,"url":"https:\/\/larevistadigital.com.ar\/blog\/cipriano-perez-del-cerro-el-acuerdo-salarial-con-los-gremios-municipales-de-chascomus-nos-dejo-conformes-a-todos\/","url_meta":{"origin":18569,"position":4},"title":"CIPRIANO PEREZ DEL CERRO: EL ACUERDO SALARIAL CON LOS GREMIOS MUNICIPALES DE CHASCOM\u00daS NOS DEJ\u00d3 CONFORMES A TODOS.","author":"Alejandro Sosa Ruda","date":"11 marzo, 2017","format":false,"excerpt":"Luego de la primicia de La Revista Digital (LDR) dialogando con la secretaria general de ATE mar\u00eda Alicia Barletta, el diario El Fuerte hizo lo propio con el secretario de gobierno de Chascom\u00fas, quien opin\u00f3 del compromiso adquirido. Finalmente y luego de un gran esfuerzo realizado por el Departamento Ejecutivo,\u2026","rel":"","context":"En \u00abCHASCOM\u00daS\u00bb","block_context":{"text":"CHASCOM\u00daS","link":"https:\/\/larevistadigital.com.ar\/blog\/category\/chascomus\/"},"img":{"alt_text":"","src":"https:\/\/i0.wp.com\/larevistadigital.com.ar\/blog\/wp-content\/uploads\/2017\/03\/nota-1449887-perez-cerro-bono-llevan-adelante-gestiones-provincia-para-pueda-pagar-786746.jpg?fit=1200%2C1200&ssl=1&resize=350%2C200","width":350,"height":200,"srcset":"https:\/\/i0.wp.com\/larevistadigital.com.ar\/blog\/wp-content\/uploads\/2017\/03\/nota-1449887-perez-cerro-bono-llevan-adelante-gestiones-provincia-para-pueda-pagar-786746.jpg?fit=1200%2C1200&ssl=1&resize=350%2C200 1x, https:\/\/i0.wp.com\/larevistadigital.com.ar\/blog\/wp-content\/uploads\/2017\/03\/nota-1449887-perez-cerro-bono-llevan-adelante-gestiones-provincia-para-pueda-pagar-786746.jpg?fit=1200%2C1200&ssl=1&resize=525%2C300 1.5x, https:\/\/i0.wp.com\/larevistadigital.com.ar\/blog\/wp-content\/uploads\/2017\/03\/nota-1449887-perez-cerro-bono-llevan-adelante-gestiones-provincia-para-pueda-pagar-786746.jpg?fit=1200%2C1200&ssl=1&resize=700%2C400 2x, https:\/\/i0.wp.com\/larevistadigital.com.ar\/blog\/wp-content\/uploads\/2017\/03\/nota-1449887-perez-cerro-bono-llevan-adelante-gestiones-provincia-para-pueda-pagar-786746.jpg?fit=1200%2C1200&ssl=1&resize=1050%2C600 3x"},"classes":[]},{"id":32636,"url":"https:\/\/larevistadigital.com.ar\/blog\/nueva-garantia-salarial-por-gustavo-lopez\/","url_meta":{"origin":18569,"position":5},"title":"NUEVA GARANT\u00cdA SALARIAL (por Gustavo L\u00f3pez)","author":"Alejandro Sosa Ruda","date":"28 julio, 2023","format":false,"excerpt":"CHASCOM\u00daS -\u00a0 En varias publicaciones o posteos el Intendente Javier Gast\u00f3n \"imagina\" que los chascomunenses asistimos a una \"importante transformaci\u00f3n\", en tanto los trabajadores -entre ellos los municipales- son los verdaderos afectados por este brutal y salvaje impuesto al salario que constituye la inflaci\u00f3n. No debe omitirse que se llega\u2026","rel":"","context":"En \u00abCHASCOM\u00daS\u00bb","block_context":{"text":"CHASCOM\u00daS","link":"https:\/\/larevistadigital.com.ar\/blog\/category\/chascomus\/"},"img":{"alt_text":"","src":"https:\/\/i0.wp.com\/larevistadigital.com.ar\/blog\/wp-content\/uploads\/WhatsApp-Image-2023-07-28-at-19.36.46.jpeg?fit=1200%2C800&ssl=1&resize=350%2C200","width":350,"height":200,"srcset":"https:\/\/i0.wp.com\/larevistadigital.com.ar\/blog\/wp-content\/uploads\/WhatsApp-Image-2023-07-28-at-19.36.46.jpeg?fit=1200%2C800&ssl=1&resize=350%2C200 1x, https:\/\/i0.wp.com\/larevistadigital.com.ar\/blog\/wp-content\/uploads\/WhatsApp-Image-2023-07-28-at-19.36.46.jpeg?fit=1200%2C800&ssl=1&resize=525%2C300 1.5x, https:\/\/i0.wp.com\/larevistadigital.com.ar\/blog\/wp-content\/uploads\/WhatsApp-Image-2023-07-28-at-19.36.46.jpeg?fit=1200%2C800&ssl=1&resize=700%2C400 2x, https:\/\/i0.wp.com\/larevistadigital.com.ar\/blog\/wp-content\/uploads\/WhatsApp-Image-2023-07-28-at-19.36.46.jpeg?fit=1200%2C800&ssl=1&resize=1050%2C600 3x"},"classes":[]}],"_links":{"self":[{"href":"https:\/\/larevistadigital.com.ar\/blog\/wp-json\/wp\/v2\/posts\/18569","targetHints":{"allow":["GET"]}}],"collection":[{"href":"https:\/\/larevistadigital.com.ar\/blog\/wp-json\/wp\/v2\/posts"}],"about":[{"href":"https:\/\/larevistadigital.com.ar\/blog\/wp-json\/wp\/v2\/types\/post"}],"author":[{"embeddable":true,"href":"https:\/\/larevistadigital.com.ar\/blog\/wp-json\/wp\/v2\/users\/3"}],"replies":[{"embeddable":true,"href":"https:\/\/larevistadigital.com.ar\/blog\/wp-json\/wp\/v2\/comments?post=18569"}],"version-history":[{"count":2,"href":"https:\/\/larevistadigital.com.ar\/blog\/wp-json\/wp\/v2\/posts\/18569\/revisions"}],"predecessor-version":[{"id":18574,"href":"https:\/\/larevistadigital.com.ar\/blog\/wp-json\/wp\/v2\/posts\/18569\/revisions\/18574"}],"wp:featuredmedia":[{"embeddable":true,"href":"https:\/\/larevistadigital.com.ar\/blog\/wp-json\/wp\/v2\/media\/18571"}],"wp:attachment":[{"href":"https:\/\/larevistadigital.com.ar\/blog\/wp-json\/wp\/v2\/media?parent=18569"}],"wp:term":[{"taxonomy":"category","embeddable":true,"href":"https:\/\/larevistadigital.com.ar\/blog\/wp-json\/wp\/v2\/categories?post=18569"},{"taxonomy":"post_tag","embeddable":true,"href":"https:\/\/larevistadigital.com.ar\/blog\/wp-json\/wp\/v2\/tags?post=18569"}],"curies":[{"name":"wp","href":"https:\/\/api.w.org\/{rel}","templated":true}]}}