{"id":18575,"date":"2021-01-12T18:01:48","date_gmt":"2021-01-12T18:01:48","guid":{"rendered":"https:\/\/larevistadigital.com.ar\/blog\/?p=18575"},"modified":"2021-01-12T18:02:31","modified_gmt":"2021-01-12T18:02:31","slug":"accidente-en-calle-saavedra-y-bomberos-voluntarios","status":"publish","type":"post","link":"https:\/\/larevistadigital.com.ar\/blog\/accidente-en-calle-saavedra-y-bomberos-voluntarios\/","title":{"rendered":"ACCIDENTE EN CALLE SAAVEDRA Y BOMBEROS VOLUNTARIOS"},"content":{"rendered":"<p>El siniestro ocurri\u00f3 en la esquina de calles Bomberos Voluntarios y Saavedra, entre una motocicleta 110cc. y un autom\u00f3vil marca Toyota Corolla.<\/p>\n<p>Se mencion\u00f3 que en la moto iban dos menores, que fueron trasladados al Hospital Municipal San Vicente de Paul para su atenci\u00f3n.<\/p>\n<p><img data-recalc-dims=\"1\" loading=\"lazy\" decoding=\"async\" class=\"size-full wp-image-18577 aligncenter\" src=\"https:\/\/i0.wp.com\/larevistadigital.com.ar\/blog\/wp-content\/uploads\/3565d036-1630-4357-9aff-f11c0805bb2a-1.jpg?resize=720%2C1280&#038;ssl=1\" alt=\"\" width=\"720\" height=\"1280\" srcset=\"https:\/\/i0.wp.com\/larevistadigital.com.ar\/blog\/wp-content\/uploads\/3565d036-1630-4357-9aff-f11c0805bb2a-1.jpg?w=720&amp;ssl=1 720w, https:\/\/i0.wp.com\/larevistadigital.com.ar\/blog\/wp-content\/uploads\/3565d036-1630-4357-9aff-f11c0805bb2a-1.jpg?resize=169%2C300&amp;ssl=1 169w, https:\/\/i0.wp.com\/larevistadigital.com.ar\/blog\/wp-content\/uploads\/3565d036-1630-4357-9aff-f11c0805bb2a-1.jpg?resize=576%2C1024&amp;ssl=1 576w\" sizes=\"auto, (max-width: 720px) 100vw, 720px\" \/><\/p>\n<p>fotos: FM POR SIEMPRE (97.3)<\/p>\n","protected":false},"excerpt":{"rendered":"<div class=\"mh-excerpt\"><p>El siniestro ocurri\u00f3 en la esquina de calles Bomberos Voluntarios y Saavedra, entre una motocicleta 110cc. y un autom\u00f3vil marca Toyota Corolla. Se mencion\u00f3 que en la moto iban dos menores, que fueron trasladados al <a class=\"mh-excerpt-more\" href=\"https:\/\/larevistadigital.com.ar\/blog\/accidente-en-calle-saavedra-y-bomberos-voluntarios\/\" title=\"ACCIDENTE EN CALLE SAAVEDRA Y BOMBEROS VOLUNTARIOS\">[Leer M\u00e1s]<\/a><\/p>\n<\/div>","protected":false},"author":3,"featured_media":18576,"comment_status":"open","ping_status":"open","sticky":false,"template":"","format":"standard","meta":{"_jetpack_memberships_contains_paid_content":false,"footnotes":"","jetpack_publicize_message":"","jetpack_publicize_feature_enabled":true,"jetpack_social_post_already_shared":true,"jetpack_social_options":{"image_generator_settings":{"template":"highway","default_image_id":0,"font":"","enabled":false},"version":2}},"categories":[50,44],"tags":[],"class_list":{"0":"post-18575","1":"post","2":"type-post","3":"status-publish","4":"format-standard","5":"has-post-thumbnail","7":"category-interes-general","8":"category-policiales"},"jetpack_publicize_connections":[],"jetpack_featured_media_url":"https:\/\/i0.wp.com\/larevistadigital.com.ar\/blog\/wp-content\/uploads\/46.jpg?fit=960%2C720&ssl=1","jetpack_sharing_enabled":true,"jetpack_shortlink":"https:\/\/wp.me\/p8qtrQ-4PB","jetpack-related-posts":[{"id":29685,"url":"https:\/\/larevistadigital.com.ar\/blog\/habra-sirenazo-profundo-repudio-de-los-bomberos-voluntarios-de-todo-el-pais-por-los-dichos-del-viceministro-de-medio-ambiente\/","url_meta":{"origin":18575,"position":0},"title":"\u00a1HABR\u00c1 SIRENAZO! PROFUNDO REPUDIO DE LOS BOMBEROS VOLUNTARIOS DE TODO EL PA\u00cdS POR LOS DICHOS DEL VICEMINISTRO DE MEDIO AMBIENTE.","author":"Alejandro Sosa Ruda","date":"29 diciembre, 2022","format":false,"excerpt":"Los dichos televisivos de Sergio Federovisky, viceministro de Ambiente de la Naci\u00f3n, en el programa \u00abPara que Sepas\u00bb en el canal A24 emitido el 27 de diciembre, generaron un gran revuelo en todos los Bomberos Voluntarios y la reacci\u00f3n l\u00f3gica desde el Consejo Nacional de Federaciones de Bomberos Voluntarios de\u2026","rel":"","context":"En \u00abDESTACADAS\u00bb","block_context":{"text":"DESTACADAS","link":"https:\/\/larevistadigital.com.ar\/blog\/category\/destacadas\/"},"img":{"alt_text":"","src":"https:\/\/i0.wp.com\/larevistadigital.com.ar\/blog\/wp-content\/uploads\/1-8.jpg?fit=850%2C503&ssl=1&resize=350%2C200","width":350,"height":200,"srcset":"https:\/\/i0.wp.com\/larevistadigital.com.ar\/blog\/wp-content\/uploads\/1-8.jpg?fit=850%2C503&ssl=1&resize=350%2C200 1x, https:\/\/i0.wp.com\/larevistadigital.com.ar\/blog\/wp-content\/uploads\/1-8.jpg?fit=850%2C503&ssl=1&resize=525%2C300 1.5x, https:\/\/i0.wp.com\/larevistadigital.com.ar\/blog\/wp-content\/uploads\/1-8.jpg?fit=850%2C503&ssl=1&resize=700%2C400 2x"},"classes":[]},{"id":23373,"url":"https:\/\/larevistadigital.com.ar\/blog\/gran-iniciativa-de-la-camara-de-comercio-para-ayudar-a-nuestros-bomberos-voluntarios\/","url_meta":{"origin":18575,"position":1},"title":"GRAN INICIATIVA DE LA C\u00c1MARA DE COMERCIO PARA AYUDAR A NUESTROS BOMBEROS VOLUNTARIOS","author":"Alejandro Sosa Ruda","date":"15 enero, 2022","format":false,"excerpt":"La C\u00e1mara de Comercios, Industria, Producci\u00f3n y Servicios de Chascom\u00fas, cre\u00f3 una iniciativa para ayudar a los Bomberos Voluntarios CHASCOM\u00daS -\u00a0 Ante la gran cantidad de incendios que se producen cada d\u00eda, y que con motivo de la ola de calor y la gran sequ\u00eda, crecen en intensidad y cantidad\u2026","rel":"","context":"En \u00abDESTACADAS\u00bb","block_context":{"text":"DESTACADAS","link":"https:\/\/larevistadigital.com.ar\/blog\/category\/destacadas\/"},"img":{"alt_text":"","src":"https:\/\/i0.wp.com\/larevistadigital.com.ar\/blog\/wp-content\/uploads\/Captura-37.png?fit=850%2C203&ssl=1&resize=350%2C200","width":350,"height":200,"srcset":"https:\/\/i0.wp.com\/larevistadigital.com.ar\/blog\/wp-content\/uploads\/Captura-37.png?fit=850%2C203&ssl=1&resize=350%2C200 1x, https:\/\/i0.wp.com\/larevistadigital.com.ar\/blog\/wp-content\/uploads\/Captura-37.png?fit=850%2C203&ssl=1&resize=525%2C300 1.5x, https:\/\/i0.wp.com\/larevistadigital.com.ar\/blog\/wp-content\/uploads\/Captura-37.png?fit=850%2C203&ssl=1&resize=700%2C400 2x"},"classes":[]},{"id":18177,"url":"https:\/\/larevistadigital.com.ar\/blog\/volcaron-los-bomberos-voluntarios-de-lobos-hubo-varios-heridos\/","url_meta":{"origin":18575,"position":2},"title":"VOLCARON LOS BOMBEROS VOLUNTARIOS DE LOBOS, HUBO VARIOS HERIDOS","author":"Alejandro Sosa Ruda","date":"16 diciembre, 2020","format":false,"excerpt":"Sucedi\u00f3 ayer por la tarde, cuando iban a sofocar un incendio. LOBOS - En la tarde de este martes 15 de diciembre y en circunstancias que los Bomberos Voluntarios de Lobos\u00a0concurr\u00edan a una emergencia por la ruta 41, el conductor del autobomba perdi\u00f3 el control y volc\u00f3 dando varios tumbos\u2026","rel":"","context":"En \u00abREGIONALES\u00bb","block_context":{"text":"REGIONALES","link":"https:\/\/larevistadigital.com.ar\/blog\/category\/regionales\/"},"img":{"alt_text":"","src":"https:\/\/i0.wp.com\/larevistadigital.com.ar\/blog\/wp-content\/uploads\/Screenshot_1-180.jpg?fit=1200%2C598&ssl=1&resize=350%2C200","width":350,"height":200,"srcset":"https:\/\/i0.wp.com\/larevistadigital.com.ar\/blog\/wp-content\/uploads\/Screenshot_1-180.jpg?fit=1200%2C598&ssl=1&resize=350%2C200 1x, https:\/\/i0.wp.com\/larevistadigital.com.ar\/blog\/wp-content\/uploads\/Screenshot_1-180.jpg?fit=1200%2C598&ssl=1&resize=525%2C300 1.5x, https:\/\/i0.wp.com\/larevistadigital.com.ar\/blog\/wp-content\/uploads\/Screenshot_1-180.jpg?fit=1200%2C598&ssl=1&resize=700%2C400 2x, https:\/\/i0.wp.com\/larevistadigital.com.ar\/blog\/wp-content\/uploads\/Screenshot_1-180.jpg?fit=1200%2C598&ssl=1&resize=1050%2C600 3x"},"classes":[]},{"id":42679,"url":"https:\/\/larevistadigital.com.ar\/blog\/chascomus-el-intendente-municipal-acompano-el-emotivo-desfile-por-el-aniversario-de-los-bomberos-voluntarios\/","url_meta":{"origin":18575,"position":3},"title":"Chascom\u00fas: El Intendente Municipal acompa\u00f1\u00f3 el emotivo desfile por el aniversario de los Bomberos Voluntarios","author":"Alejandro Sosa Ruda","date":"1 diciembre, 2025","format":false,"excerpt":"La comunidad de Chascom\u00fas junto a los bomberos voluntarios celebr\u00f3 65 a\u00f1os de un gran modelo de entrega y solidaridad. 01 De Diciembre de 2025 CHASCOM\u00daS\u00a0 -\u00a0 \u00a0 Tal como estaba previsto, el \u00faltimo domingo se realiz\u00f3 el gran desfile por los festejos del 65\u00b0 aniversario de la Sociedad de\u2026","rel":"","context":"En \u00abCHASCOM\u00daS\u00bb","block_context":{"text":"CHASCOM\u00daS","link":"https:\/\/larevistadigital.com.ar\/blog\/category\/chascomus\/"},"img":{"alt_text":"","src":"https:\/\/i0.wp.com\/larevistadigital.com.ar\/blog\/wp-content\/uploads\/692dcce002084.png?fit=668%2C445&ssl=1&resize=350%2C200","width":350,"height":200,"srcset":"https:\/\/i0.wp.com\/larevistadigital.com.ar\/blog\/wp-content\/uploads\/692dcce002084.png?fit=668%2C445&ssl=1&resize=350%2C200 1x, https:\/\/i0.wp.com\/larevistadigital.com.ar\/blog\/wp-content\/uploads\/692dcce002084.png?fit=668%2C445&ssl=1&resize=525%2C300 1.5x"},"classes":[]},{"id":4036,"url":"https:\/\/larevistadigital.com.ar\/blog\/bomberos-capacito-estudiantes-la-secundaria-1-rcp\/","url_meta":{"origin":18575,"position":4},"title":"Bomberos capacit\u00f3 a estudiantes de la Secundaria 1 sobre RCP","author":"admin","date":"26 noviembre, 2017","format":false,"excerpt":"Integrantes del Cuerpo Activo de Bomberos Voluntarios de Lezama realizaron\u00a0una importante capacitaci\u00f3n en las instalaciones de la UPA Trauma de dicha ciudad para alumnos y docentes de la Escuela Secundaria n\u00ba 1 en Reanimaci\u00f3n Cardio Pulmonar y Primeros Auxilios. Al d\u00eda de la fecha, m\u00e1s de 230 personas recibieron capacitaciones\u2026","rel":"","context":"En \u00abLEZAMA\u00bb","block_context":{"text":"LEZAMA","link":"https:\/\/larevistadigital.com.ar\/blog\/category\/lezama\/"},"img":{"alt_text":"","src":"https:\/\/i0.wp.com\/larevistadigital.com.ar\/blog\/wp-content\/uploads\/2017\/11\/rcp-lezama.jpg?fit=960%2C540&ssl=1&resize=350%2C200","width":350,"height":200,"srcset":"https:\/\/i0.wp.com\/larevistadigital.com.ar\/blog\/wp-content\/uploads\/2017\/11\/rcp-lezama.jpg?fit=960%2C540&ssl=1&resize=350%2C200 1x, https:\/\/i0.wp.com\/larevistadigital.com.ar\/blog\/wp-content\/uploads\/2017\/11\/rcp-lezama.jpg?fit=960%2C540&ssl=1&resize=525%2C300 1.5x, https:\/\/i0.wp.com\/larevistadigital.com.ar\/blog\/wp-content\/uploads\/2017\/11\/rcp-lezama.jpg?fit=960%2C540&ssl=1&resize=700%2C400 2x"},"classes":[]},{"id":15466,"url":"https:\/\/larevistadigital.com.ar\/blog\/feliz-dia-queridos-bomberos-voluntarios\/","url_meta":{"origin":18575,"position":5},"title":"\u00a1FELIZ D\u00cdA, QUERIDOS BOMBEROS VOLUNTARIOS!","author":"Alejandro Sosa Ruda","date":"2 junio, 2020","format":false,"excerpt":"En el d\u00eda Nacional del Bombero Voluntario, nuestros queridos Bomberos de Chascom\u00fas, hicieron una publicaci\u00f3n en su p\u00e1gina de facebook, en donde dicen muchas cosas, que queremos compartir. Para Chascom\u00fas, es una de las instituciones m\u00e1s queridas, y que siempre nos llenan de orgullo. Vaya nuestro saludo y todo el\u2026","rel":"","context":"En \u00abDESTACADAS\u00bb","block_context":{"text":"DESTACADAS","link":"https:\/\/larevistadigital.com.ar\/blog\/category\/destacadas\/"},"img":{"alt_text":"","src":"https:\/\/i0.wp.com\/larevistadigital.com.ar\/blog\/wp-content\/uploads\/101082562_2781074852128432_1628752272676618240_n.png?fit=650%2C242&ssl=1&resize=350%2C200","width":350,"height":200,"srcset":"https:\/\/i0.wp.com\/larevistadigital.com.ar\/blog\/wp-content\/uploads\/101082562_2781074852128432_1628752272676618240_n.png?fit=650%2C242&ssl=1&resize=350%2C200 1x, https:\/\/i0.wp.com\/larevistadigital.com.ar\/blog\/wp-content\/uploads\/101082562_2781074852128432_1628752272676618240_n.png?fit=650%2C242&ssl=1&resize=525%2C300 1.5x"},"classes":[]}],"_links":{"self":[{"href":"https:\/\/larevistadigital.com.ar\/blog\/wp-json\/wp\/v2\/posts\/18575","targetHints":{"allow":["GET"]}}],"collection":[{"href":"https:\/\/larevistadigital.com.ar\/blog\/wp-json\/wp\/v2\/posts"}],"about":[{"href":"https:\/\/larevistadigital.com.ar\/blog\/wp-json\/wp\/v2\/types\/post"}],"author":[{"embeddable":true,"href":"https:\/\/larevistadigital.com.ar\/blog\/wp-json\/wp\/v2\/users\/3"}],"replies":[{"embeddable":true,"href":"https:\/\/larevistadigital.com.ar\/blog\/wp-json\/wp\/v2\/comments?post=18575"}],"version-history":[{"count":2,"href":"https:\/\/larevistadigital.com.ar\/blog\/wp-json\/wp\/v2\/posts\/18575\/revisions"}],"predecessor-version":[{"id":18579,"href":"https:\/\/larevistadigital.com.ar\/blog\/wp-json\/wp\/v2\/posts\/18575\/revisions\/18579"}],"wp:featuredmedia":[{"embeddable":true,"href":"https:\/\/larevistadigital.com.ar\/blog\/wp-json\/wp\/v2\/media\/18576"}],"wp:attachment":[{"href":"https:\/\/larevistadigital.com.ar\/blog\/wp-json\/wp\/v2\/media?parent=18575"}],"wp:term":[{"taxonomy":"category","embeddable":true,"href":"https:\/\/larevistadigital.com.ar\/blog\/wp-json\/wp\/v2\/categories?post=18575"},{"taxonomy":"post_tag","embeddable":true,"href":"https:\/\/larevistadigital.com.ar\/blog\/wp-json\/wp\/v2\/tags?post=18575"}],"curies":[{"name":"wp","href":"https:\/\/api.w.org\/{rel}","templated":true}]}}