{"id":18580,"date":"2021-01-12T18:06:31","date_gmt":"2021-01-12T18:06:31","guid":{"rendered":"https:\/\/larevistadigital.com.ar\/blog\/?p=18580"},"modified":"2021-01-12T18:06:31","modified_gmt":"2021-01-12T18:06:31","slug":"uatre-fue-oficializado-el-bono-para-los-trabajadores-rurales","status":"publish","type":"post","link":"https:\/\/larevistadigital.com.ar\/blog\/uatre-fue-oficializado-el-bono-para-los-trabajadores-rurales\/","title":{"rendered":"UATRE: FUE OFICIALIZADO EL BONO PARA LOS TRABAJADORES RURALES"},"content":{"rendered":"<p class=\"yiv7608752640MsoNormal\">La Uni\u00f3n Argentina de Trabajadores Rurales y Estibadores (UATRE) reitera que el bono de fin de a\u00f1o para los trabajadores rurales ya fue oficializado mediante la Resoluci\u00f3n 200\/2020 y desmiente categ\u00f3ricamente la ins\u00f3lita denuncia de la Federaci\u00f3n de Trabajadores Agrarios de la Actividad Primaria (FeTAAP-CTAA) que miente, una vez m\u00e1s, al declarar que la mayor\u00eda de trabajadores rurales qued\u00f3 excluida del bono acordado.<\/p>\n<p class=\"yiv7608752640MsoNormal\">La UATRE inform\u00f3 el 28\/12\/2020 que la Comisi\u00f3n Nacional de Trabajo Agrario (CNTA) oficializ\u00f3 mediante la Resoluci\u00f3n 200\/2020 el bono de fin de a\u00f1o para los trabajadores rurales. La asignaci\u00f3n extraordinaria de diez mil pesos, no remunerativa, es para el personal que se desempe\u00f1a en las actividades av\u00edcola, porcina, conductor tractorista maquinista de m\u00e1quinas cosechadoras y agr\u00edcolas que se desempe\u00f1an exclusivamente en las tareas de recolecci\u00f3n y cosecha de granos y oleaginosas, aplicaci\u00f3n de productos fitosanitarios, y el personal permanente de prestaci\u00f3n continua comprendido en el R\u00e9gimen de Trabajo Agrario, instituido por la ley 26 727 y su decreto reglamentario 301\/13, en el \u00e1mbito de todo el pa\u00eds.<\/p>\n<p class=\"yiv7608752640MsoNormal\">Aclaramos que esa Federaci\u00f3n, que ya hizo una denuncia similar sobre el bono de fin de a\u00f1o obtenido por la UATRE en el a\u00f1o anterior, no tiene facultades gremiales plenas y pretende sin \u00e9xito deslegitimar las permanentes conquistas de derechos que la UATRE proporciona a los trabajadores rurales en todo el territorio nacional argentino. La Uni\u00f3n Argentina de Trabajadores Rurales y Estibadores es el \u00fanico gremio con representatividad leg\u00edtima en todo el territorio nacional y \u00fanico representante de los trabajadores en la Comisi\u00f3n Nacional de Trabajo Agrario.<\/p>\n<p class=\"yiv7608752640MsoNormal\">La FeTAAP-CTAA pone de manifiesto su incapacidad legal y f\u00e1ctica para obtener beneficios para quienes dice representar. En su absurda denuncia, reclama a la UATRE que los incluya en la conquista del bono de fin de a\u00f1o para no hacer m\u00e1s que suplir su clara falta de gesti\u00f3n gremial.<\/p>\n<p class=\"yiv7608752640MsoNormal\"><b>\u00a0<\/b><\/p>\n","protected":false},"excerpt":{"rendered":"<div class=\"mh-excerpt\"><p>La Uni\u00f3n Argentina de Trabajadores Rurales y Estibadores (UATRE) reitera que el bono de fin de a\u00f1o para los trabajadores rurales ya fue oficializado mediante la Resoluci\u00f3n 200\/2020 y desmiente categ\u00f3ricamente la ins\u00f3lita denuncia de <a class=\"mh-excerpt-more\" href=\"https:\/\/larevistadigital.com.ar\/blog\/uatre-fue-oficializado-el-bono-para-los-trabajadores-rurales\/\" title=\"UATRE: FUE OFICIALIZADO EL BONO PARA LOS TRABAJADORES RURALES\">[Leer M\u00e1s]<\/a><\/p>\n<\/div>","protected":false},"author":3,"featured_media":18582,"comment_status":"open","ping_status":"open","sticky":false,"template":"","format":"standard","meta":{"_jetpack_memberships_contains_paid_content":false,"footnotes":"","jetpack_publicize_message":"","jetpack_publicize_feature_enabled":true,"jetpack_social_post_already_shared":true,"jetpack_social_options":{"image_generator_settings":{"template":"highway","default_image_id":0,"font":"","enabled":false},"version":2}},"categories":[10,50],"tags":[],"class_list":{"0":"post-18580","1":"post","2":"type-post","3":"status-publish","4":"format-standard","5":"has-post-thumbnail","7":"category-gremiales","8":"category-interes-general"},"jetpack_publicize_connections":[],"jetpack_featured_media_url":"https:\/\/i0.wp.com\/larevistadigital.com.ar\/blog\/wp-content\/uploads\/multimedia.normal.818826d6e546864c.75617472655f6e6f726d616c2e6a7067.jpg?fit=1200%2C675&ssl=1","jetpack_sharing_enabled":true,"jetpack_shortlink":"https:\/\/wp.me\/p8qtrQ-4PG","jetpack-related-posts":[{"id":27087,"url":"https:\/\/larevistadigital.com.ar\/blog\/uatre-70-para-trabajadores-rurales\/","url_meta":{"origin":18580,"position":0},"title":"UATRE: 70% PARA TRABAJADORES RURALES","author":"Alejandro Sosa Ruda","date":"12 agosto, 2022","format":false,"excerpt":"Nos llega informaci\u00f3n a trav\u00e9s de una gacetilla de prensa de UATRE, respecto de un importante acuerdo salarial. La Uni\u00f3n Argentina de Trabajadores Rurales y Estibadores (UATRE) informa que hubo un acuerdo salarial para los trabajadores rurales permanentes. El salario del pe\u00f3n general de campo, sueldo b\u00e1sico para todas las\u2026","rel":"","context":"En \u00abGREMIALES\u00bb","block_context":{"text":"GREMIALES","link":"https:\/\/larevistadigital.com.ar\/blog\/category\/gremiales\/"},"img":{"alt_text":"","src":"https:\/\/i0.wp.com\/larevistadigital.com.ar\/blog\/wp-content\/uploads\/UATRE.png?fit=750%2C467&ssl=1&resize=350%2C200","width":350,"height":200,"srcset":"https:\/\/i0.wp.com\/larevistadigital.com.ar\/blog\/wp-content\/uploads\/UATRE.png?fit=750%2C467&ssl=1&resize=350%2C200 1x, https:\/\/i0.wp.com\/larevistadigital.com.ar\/blog\/wp-content\/uploads\/UATRE.png?fit=750%2C467&ssl=1&resize=525%2C300 1.5x, https:\/\/i0.wp.com\/larevistadigital.com.ar\/blog\/wp-content\/uploads\/UATRE.png?fit=750%2C467&ssl=1&resize=700%2C400 2x"},"classes":[]},{"id":2953,"url":"https:\/\/larevistadigital.com.ar\/blog\/ramon-ayala-queremos-transmitirles-a-la-gente-de-capital-todos-los-sacrificios-que-hacen-los-trabajadores-rurales\/","url_meta":{"origin":18580,"position":1},"title":"Ram\u00f3n Ayala: \u00abQueremos transmitirles a la gente de Capital todos los sacrificios que hacen los trabajadores rurales\u00bb","author":"admin","date":"29 julio, 2017","format":false,"excerpt":"BUENOS AIRES, 28 DE JULIO DE 2017\u00a0- La Uni\u00f3n Argentina de Trabajadores Rurales y Estibadores (UATRE), agasaj\u00f3 ayer a sus trabajadores en el tradicional stand institucional que tiene junto a la Obra Social (OSPRERA), \u201cLa Matera de la UATRE\u201d, en el marco de la 131\u00ba Exposici\u00f3n de Ganader\u00eda, Agricultura e\u2026","rel":"","context":"En \u00abGREMIALES\u00bb","block_context":{"text":"GREMIALES","link":"https:\/\/larevistadigital.com.ar\/blog\/category\/gremiales\/"},"img":{"alt_text":"","src":"https:\/\/i0.wp.com\/larevistadigital.com.ar\/blog\/wp-content\/uploads\/2017\/08\/6499.jpg?fit=396%2C297&ssl=1&resize=350%2C200","width":350,"height":200},"classes":[]},{"id":23014,"url":"https:\/\/larevistadigital.com.ar\/blog\/el-gremio-de-trabajadores-del-campo-amenaza-con-cortar-todas-las-rutas-del-pais-en-ano-nuevo\/","url_meta":{"origin":18580,"position":2},"title":"EL GREMIO DE TRABAJADORES DEL CAMPO, AMENAZA CON CORTAR TODAS LAS RUTAS DEL PA\u00cdS EN A\u00d1O NUEVO","author":"Alejandro Sosa Ruda","date":"24 diciembre, 2021","format":false,"excerpt":"La Uatre se declar\u00f3 en estado de alerta y movilizaci\u00f3n ante la negativa de la Mesa de Enlace de pagar un bono de fin de a\u00f1o Los integrantes de la Uni\u00f3n Argentina de Trabajadores Rurales y Estibadores (UATRE), el gremio que agrupa a los trabajadores de actividades rurales de la\u2026","rel":"","context":"En \u00abGREMIALES\u00bb","block_context":{"text":"GREMIALES","link":"https:\/\/larevistadigital.com.ar\/blog\/category\/gremiales\/"},"img":{"alt_text":"","src":"https:\/\/i0.wp.com\/larevistadigital.com.ar\/blog\/wp-content\/uploads\/Captura-de-pantalla-2021-12-23-231323.jpg?fit=990%2C553&ssl=1&resize=350%2C200","width":350,"height":200,"srcset":"https:\/\/i0.wp.com\/larevistadigital.com.ar\/blog\/wp-content\/uploads\/Captura-de-pantalla-2021-12-23-231323.jpg?fit=990%2C553&ssl=1&resize=350%2C200 1x, https:\/\/i0.wp.com\/larevistadigital.com.ar\/blog\/wp-content\/uploads\/Captura-de-pantalla-2021-12-23-231323.jpg?fit=990%2C553&ssl=1&resize=525%2C300 1.5x, https:\/\/i0.wp.com\/larevistadigital.com.ar\/blog\/wp-content\/uploads\/Captura-de-pantalla-2021-12-23-231323.jpg?fit=990%2C553&ssl=1&resize=700%2C400 2x"},"classes":[]},{"id":29655,"url":"https:\/\/larevistadigital.com.ar\/blog\/voytenco-es-el-nuevo-presidente-del-renatre\/","url_meta":{"origin":18580,"position":3},"title":"VOYTENCO ES EL NUEVO PRESIDENTE DEL RENATRE","author":"Alejandro Sosa Ruda","date":"28 diciembre, 2022","format":false,"excerpt":"La\u00a0Uni\u00f3n Argentina de Trabajadores Rurales y Estibadores\u00a0(UATRE) informa que el Consejo Directivo del Registro Nacional de Trabajadores Rurales y Empleadores (RENATRE) designo como Presidente de la entidad a Jos\u00e9 Voytenco, Secretario General de UATRE. 28 de diciembre de 2022 \u201cAgradezco especialmente a mis compa\u00f1eros de directorio y del bloque obrero\u2026","rel":"","context":"En \u00abGREMIALES\u00bb","block_context":{"text":"GREMIALES","link":"https:\/\/larevistadigital.com.ar\/blog\/category\/gremiales\/"},"img":{"alt_text":"","src":"https:\/\/i0.wp.com\/larevistadigital.com.ar\/blog\/wp-content\/uploads\/voytenco.jpeg?fit=1200%2C800&ssl=1&resize=350%2C200","width":350,"height":200,"srcset":"https:\/\/i0.wp.com\/larevistadigital.com.ar\/blog\/wp-content\/uploads\/voytenco.jpeg?fit=1200%2C800&ssl=1&resize=350%2C200 1x, https:\/\/i0.wp.com\/larevistadigital.com.ar\/blog\/wp-content\/uploads\/voytenco.jpeg?fit=1200%2C800&ssl=1&resize=525%2C300 1.5x, https:\/\/i0.wp.com\/larevistadigital.com.ar\/blog\/wp-content\/uploads\/voytenco.jpeg?fit=1200%2C800&ssl=1&resize=700%2C400 2x, https:\/\/i0.wp.com\/larevistadigital.com.ar\/blog\/wp-content\/uploads\/voytenco.jpeg?fit=1200%2C800&ssl=1&resize=1050%2C600 3x"},"classes":[]},{"id":5266,"url":"https:\/\/larevistadigital.com.ar\/blog\/la-uatre-entrego-utiles-escolares-en-una-escuela-rural-de-tierra-del-fuego\/","url_meta":{"origin":18580,"position":4},"title":"La UATRE entreg\u00f3 \u00fatiles escolares en una escuela rural de Tierra del Fuego","author":"admin","date":"29 marzo, 2018","format":false,"excerpt":"BUENOS AIRES, 22 DE MARZO DE 2018\u00a0- En el comienzo de un nuevo ciclo lectivo, el Secretariado Nacional de la Uni\u00f3n Argentina de Trabajadores Rurales y Estibadores (UATRE) encabezado por Ram\u00f3n Ayala, entreg\u00f3 guardapolvos y \u00fatiles escolares a los alumnos de la Escuela Rural N\u00ba 11 \"Pioneros Fueguinos\", en la\u2026","rel":"","context":"En \u00abGREMIALES\u00bb","block_context":{"text":"GREMIALES","link":"https:\/\/larevistadigital.com.ar\/blog\/category\/gremiales\/"},"img":{"alt_text":"","src":"https:\/\/i0.wp.com\/larevistadigital.com.ar\/blog\/wp-content\/uploads\/2018\/03\/6814.jpg?fit=396%2C264&ssl=1&resize=350%2C200","width":350,"height":200},"classes":[]},{"id":26575,"url":"https:\/\/larevistadigital.com.ar\/blog\/uatre-condena-y-repudia-el-accionar-violento-y-desmedido\/","url_meta":{"origin":18580,"position":5},"title":"UATRE CONDENA Y REPUDIA EL ACCIONAR VIOLENTO Y DESMEDIDO","author":"Alejandro Sosa Ruda","date":"14 julio, 2022","format":false,"excerpt":"COMUNICADO DE PRENSA 14\/07\/2022 NO A LA VIOLENCIA UATRE REPUDIA ACCIONAR VIOLENTO Y DESMEDIDO La Uni\u00f3n Argentina de Trabajadores Rurales y Estibadores (UATRE) repudia en\u00e9rgicamente el accionar violento y desmedido padecido por el integrante del Consejo Directivo de OSPRERA, Carlos Caballero, en su domicilio. Este hecho constituye una grave situaci\u00f3n\u2026","rel":"","context":"En \u00abINTERES GENERAL\u00bb","block_context":{"text":"INTERES GENERAL","link":"https:\/\/larevistadigital.com.ar\/blog\/category\/interes-general\/"},"img":{"alt_text":"","src":"https:\/\/i0.wp.com\/larevistadigital.com.ar\/blog\/wp-content\/uploads\/UATRE.png?fit=750%2C467&ssl=1&resize=350%2C200","width":350,"height":200,"srcset":"https:\/\/i0.wp.com\/larevistadigital.com.ar\/blog\/wp-content\/uploads\/UATRE.png?fit=750%2C467&ssl=1&resize=350%2C200 1x, https:\/\/i0.wp.com\/larevistadigital.com.ar\/blog\/wp-content\/uploads\/UATRE.png?fit=750%2C467&ssl=1&resize=525%2C300 1.5x, https:\/\/i0.wp.com\/larevistadigital.com.ar\/blog\/wp-content\/uploads\/UATRE.png?fit=750%2C467&ssl=1&resize=700%2C400 2x"},"classes":[]}],"_links":{"self":[{"href":"https:\/\/larevistadigital.com.ar\/blog\/wp-json\/wp\/v2\/posts\/18580","targetHints":{"allow":["GET"]}}],"collection":[{"href":"https:\/\/larevistadigital.com.ar\/blog\/wp-json\/wp\/v2\/posts"}],"about":[{"href":"https:\/\/larevistadigital.com.ar\/blog\/wp-json\/wp\/v2\/types\/post"}],"author":[{"embeddable":true,"href":"https:\/\/larevistadigital.com.ar\/blog\/wp-json\/wp\/v2\/users\/3"}],"replies":[{"embeddable":true,"href":"https:\/\/larevistadigital.com.ar\/blog\/wp-json\/wp\/v2\/comments?post=18580"}],"version-history":[{"count":1,"href":"https:\/\/larevistadigital.com.ar\/blog\/wp-json\/wp\/v2\/posts\/18580\/revisions"}],"predecessor-version":[{"id":18583,"href":"https:\/\/larevistadigital.com.ar\/blog\/wp-json\/wp\/v2\/posts\/18580\/revisions\/18583"}],"wp:featuredmedia":[{"embeddable":true,"href":"https:\/\/larevistadigital.com.ar\/blog\/wp-json\/wp\/v2\/media\/18582"}],"wp:attachment":[{"href":"https:\/\/larevistadigital.com.ar\/blog\/wp-json\/wp\/v2\/media?parent=18580"}],"wp:term":[{"taxonomy":"category","embeddable":true,"href":"https:\/\/larevistadigital.com.ar\/blog\/wp-json\/wp\/v2\/categories?post=18580"},{"taxonomy":"post_tag","embeddable":true,"href":"https:\/\/larevistadigital.com.ar\/blog\/wp-json\/wp\/v2\/tags?post=18580"}],"curies":[{"name":"wp","href":"https:\/\/api.w.org\/{rel}","templated":true}]}}