{"id":18587,"date":"2021-01-12T21:49:56","date_gmt":"2021-01-12T21:49:56","guid":{"rendered":"https:\/\/larevistadigital.com.ar\/blog\/?p=18587"},"modified":"2021-01-12T21:49:56","modified_gmt":"2021-01-12T21:49:56","slug":"covid-19-la-5ta-seccion-supero-otra-vez-los-6-000-casos-activos-luego-de-2-meses","status":"publish","type":"post","link":"https:\/\/larevistadigital.com.ar\/blog\/covid-19-la-5ta-seccion-supero-otra-vez-los-6-000-casos-activos-luego-de-2-meses\/","title":{"rendered":"COVID-19: LA 5TA. SECCI\u00d3N SUPER\u00d3 OTRA VEZ LOS 6.000 CASOS ACTIVOS LUEGO DE 2 MESES"},"content":{"rendered":"<h2 class=\"nota__hero__summary\">Es una cifra a la que se hab\u00eda llegado por \u00faltima vez el 2\/11 y que est\u00e1 marcada por el inicio de la temporada de verano. Se registran 1.043 contagios m\u00e1s que hace 7 d\u00edas, lo que implica un crecimiento del 20,5%. De los 27 distritos, hubo 24 que experimentaron un alza.<\/h2>\n<p>A tono con lo que sucede en el resto del pa\u00eds pero particularmente marcada por el comienzo de la temporada de verano, que tiene a varios de sus municipios como los destinos tur\u00edsticos m\u00e1s elegidos de la Argentina, la Quinta Secci\u00f3n super\u00f3 los 6.000 casos activos de Coronavirus.<\/p>\n<blockquote>\n<h3>Seg\u00fan el reporte comparativo que ENTRELINEAS.INFO realiza cada\u00a0 semana, el conjunto de los 27 distritos de la Regi\u00f3n no alcanzaban dicha cifra desde el 2 de noviembre, cuando se registraron 6.388 contagios.<\/h3>\n<\/blockquote>\n<p>Se registran 1.043 casos activos m\u00e1s que hace 7 d\u00edas, lo que implica un crecimiento del 20,5% en la Regi\u00f3n. Por segunda semana consecutiva el incremento de contagios supera el 20%, ya que entre el 28 de diciembre y el 4 de enero el alza rond\u00f3 el 27,4%, es decir, una suba absoluta de 1.092 casos.<\/p>\n<blockquote>\n<h3>De los 27 distritos que componen la Quinta Secci\u00f3n, hubo 24 que experimentaron un alza respecto al lunes 4. Los tres municipios que esquivaron el rebrote en este per\u00edodo analizado fueron Monte, que pas\u00f3 de 20 contagios a 16; Tordillo, que baj\u00f3 de 7 a 6 y General Lavalle, que fue de 10 a 9.<\/h3>\n<\/blockquote>\n<p>El 50% de los casos activos en la Regi\u00f3n son del partido de General Pueyrredon, que contabiliza 3.052 contagios, una cantidad que no ten\u00eda desde el 2 de noviembre. Son 264 m\u00e1s que hace una semana.<\/p>\n<p>Los otros 5 municipios que superan las 200 personas en tratamiento por Covid son Tandil, con 591 (163 casos m\u00e1s que hace 7 d\u00edas); Balcarce, tambi\u00e9n con 591 (+140); Necochea, con 486 (+93); Lober\u00eda, con 214 (+64) y Pinamar, con 221 (+21).<\/p>\n<blockquote>\n<h3>Si comparamos los casos activos de Coronavirus con los que hab\u00eda hace dos meses (9 de noviembre), s\u00f3lo 7 distritos se mantienen por debajo de los niveles de contagios de entonces; los otros 20 ya est\u00e1n por encima de esa cifra.<\/h3>\n<\/blockquote>\n<p>Los que registran una menor cantidad de casos activos que hace 60 d\u00edas son Tandil (-425), Necochea (-242), Miramar (-132), San Cayetano (-66), Castelli (-32), Monte (-18), Ranchos (-8) y Pila (-8).<\/p>\n<p>Por el contrario, los que municipios que vieron incrementarse m\u00e1s la cantidad de contagios respecto del mismo per\u00edodo (9 de noviembre-11 de enero), fueron Mar del Plata (+331), Lober\u00eda (+106), Pinamar (+103), Rauch (+101) y Balcarce (+92).<br \/>\n<strong>Casos activos de Coronavirus por distrito<\/strong>\u00a0(*)<br \/>\nMar del Plata: 3.052<br \/>\nBalcarce: 591<br \/>\nTandil: 591<br \/>\nNecochea: 486<br \/>\nPinamar: 221<br \/>\nLober\u00eda: 214<br \/>\nLa Costa: 139<br \/>\nAyacucho: 117<br \/>\nRauch: 109<br \/>\nLas Flores: 89<br \/>\nMaip\u00fa: 77<br \/>\nMiramar: 66<br \/>\nVilla Gesell: 56<br \/>\nChascom\u00fas: 55<br \/>\nGeneral Madariaga: 55<br \/>\nMar Chiquita: 47<br \/>\nDolores: 35<br \/>\nGeneral Belgrano: 29<br \/>\nGeneral Guido: 27<br \/>\nMonte: 16<br \/>\nSan Cayetano: 11<br \/>\nGeneral Lavalle: 9<br \/>\nRanchos: 6<br \/>\nTordillo: 6<br \/>\nLezama: 5<br \/>\nCastelli: 2<br \/>\nPila: 1<\/p>\n<p><strong>Nota<\/strong>: (*) al 11\/1\/2021<\/p>\n<p><strong>Casos activos en la Quinta Secci\u00f3n<\/strong><br \/>\n&gt;12 de julio: 258<br \/>\n&gt;20 de julio: 480 (+86%)<br \/>\n&gt;27 de julio: 559 (+16%)<br \/>\n&gt;3 de agosto: 609 (+8,9%)<br \/>\n&gt;10 de agosto: 879 (+44%)<br \/>\n&gt;17 de agosto: 889 (+1,1%)<br \/>\n&gt;24 de agosto: 1.289 (+44,9%)<br \/>\n&gt;31 de agosto: 1.845 (+43,1%)<br \/>\n&gt;7 de septiembre: 2.741 (+48,5%)<br \/>\n&gt;14 de septiembre: 3.651 (+33,1%)<br \/>\n&gt;21 de septiembre: 4.281 (+17,2%)<br \/>\n&gt;28 de septiembre: 5.327 (+24,4%)<br \/>\n&gt;5 de octubre: 5.374 (+0,8%)<br \/>\n&gt;12 de octubre: 5.547 (+3,1%)<br \/>\n&gt;19 de octubre: 6.305 (+13,6%)<br \/>\n&gt;26 de octubre: 6.583 (+4,4%)<br \/>\n&gt;2 de noviembre: 6.388 (-2,9%)<br \/>\n&gt;9 de noviembre: 5.953 (-6,8%)<br \/>\n&gt;16 de noviembre: 5.594 (-6,0%)<br \/>\n&gt;23 de noviembre: 4.414 (-21,1%)<br \/>\n&gt;30 de noviembre: 3.921 (-11,2%)<br \/>\n&gt;7 de diciembre: 3.418 (-12,8%)<br \/>\n&gt;14 de diciembre: 3.304 (-3,3%)<br \/>\n&gt;21 de diciembre: 3.673 (+11,2%)<br \/>\n&gt;28 de diciembre: 3.977 (+8,2%)<br \/>\n&gt;4 de enero: 5.069 (+27,4%)<br \/>\n&gt;11 de enero: 6.112 (+20,5%)<\/p>\n","protected":false},"excerpt":{"rendered":"<div class=\"mh-excerpt\"><p>Es una cifra a la que se hab\u00eda llegado por \u00faltima vez el 2\/11 y que est\u00e1 marcada por el inicio de la temporada de verano. Se registran 1.043 contagios m\u00e1s que hace 7 d\u00edas, <a class=\"mh-excerpt-more\" href=\"https:\/\/larevistadigital.com.ar\/blog\/covid-19-la-5ta-seccion-supero-otra-vez-los-6-000-casos-activos-luego-de-2-meses\/\" title=\"COVID-19: LA 5TA. SECCI\u00d3N SUPER\u00d3 OTRA VEZ LOS 6.000 CASOS ACTIVOS LUEGO DE 2 MESES\">[Leer M\u00e1s]<\/a><\/p>\n<\/div>","protected":false},"author":3,"featured_media":14966,"comment_status":"open","ping_status":"open","sticky":false,"template":"","format":"standard","meta":{"_jetpack_memberships_contains_paid_content":false,"footnotes":"","jetpack_publicize_message":"","jetpack_publicize_feature_enabled":true,"jetpack_social_post_already_shared":true,"jetpack_social_options":{"image_generator_settings":{"template":"highway","default_image_id":0,"font":"","enabled":false},"version":2}},"categories":[51],"tags":[],"class_list":{"0":"post-18587","1":"post","2":"type-post","3":"status-publish","4":"format-standard","5":"has-post-thumbnail","7":"category-regionales"},"jetpack_publicize_connections":[],"jetpack_featured_media_url":"https:\/\/i0.wp.com\/larevistadigital.com.ar\/blog\/wp-content\/uploads\/PLANTILLA-CORONAVIRUS.jpg?fit=1920%2C960&ssl=1","jetpack_sharing_enabled":true,"jetpack_shortlink":"https:\/\/wp.me\/p8qtrQ-4PN","jetpack-related-posts":[{"id":16885,"url":"https:\/\/larevistadigital.com.ar\/blog\/dolores-se-superaron-los-200-casos-activos-de-covid-19\/","url_meta":{"origin":18587,"position":0},"title":"DOLORES: SE SUPERARON LOS 200 CASOS ACTIVOS DE COVID-19","author":"Alejandro Sosa Ruda","date":"10 octubre, 2020","format":false,"excerpt":"Ayer se sumaron 38 nuevos casos. Los fallecidos suman 16 M\u00e1s de 200 casos activos muestran la gravedad de la situaci\u00f3n del Covid 19 en Dolores. El \u00faltimo informe de la Secretar\u00eda de Salud de la municipalidad indica que hoy se confirmaron 38 nuevos contagios, 24 en el Hospital \"San\u2026","rel":"","context":"En \u00abDOLORES\u00bb","block_context":{"text":"DOLORES","link":"https:\/\/larevistadigital.com.ar\/blog\/category\/dolores\/"},"img":{"alt_text":"","src":"https:\/\/i0.wp.com\/larevistadigital.com.ar\/blog\/wp-content\/uploads\/3aae0107b584d643062afce46f8d7f224890db25.jpg?fit=1140%2C641&ssl=1&resize=350%2C200","width":350,"height":200,"srcset":"https:\/\/i0.wp.com\/larevistadigital.com.ar\/blog\/wp-content\/uploads\/3aae0107b584d643062afce46f8d7f224890db25.jpg?fit=1140%2C641&ssl=1&resize=350%2C200 1x, https:\/\/i0.wp.com\/larevistadigital.com.ar\/blog\/wp-content\/uploads\/3aae0107b584d643062afce46f8d7f224890db25.jpg?fit=1140%2C641&ssl=1&resize=525%2C300 1.5x, https:\/\/i0.wp.com\/larevistadigital.com.ar\/blog\/wp-content\/uploads\/3aae0107b584d643062afce46f8d7f224890db25.jpg?fit=1140%2C641&ssl=1&resize=700%2C400 2x, https:\/\/i0.wp.com\/larevistadigital.com.ar\/blog\/wp-content\/uploads\/3aae0107b584d643062afce46f8d7f224890db25.jpg?fit=1140%2C641&ssl=1&resize=1050%2C600 3x"},"classes":[]},{"id":18073,"url":"https:\/\/larevistadigital.com.ar\/blog\/general-madariaga-lleva-mas-de-100-dias-sin-casos-de-covid-19\/","url_meta":{"origin":18587,"position":1},"title":"GENERAL MADARIAGA LLEVA M\u00c1S DE 100 D\u00cdAS SIN CASOS DE COVID-19","author":"Alejandro Sosa Ruda","date":"11 diciembre, 2020","format":false,"excerpt":"El Intendente de General Madariaga, Esteban Santoro, afirm\u00f3 que su distrito ya lleva m\u00e1s de 100 d\u00edas sin ning\u00fan caso de coronavirus. En declaraciones a Bien de Radio por Radio Provincia dijo que \u00aben septiembre comenzaron a descender los contagios y puso de relieve el trabajo del Hospital Municipal y\u2026","rel":"","context":"En \u00abREGIONALES\u00bb","block_context":{"text":"REGIONALES","link":"https:\/\/larevistadigital.com.ar\/blog\/category\/regionales\/"},"img":{"alt_text":"","src":"https:\/\/i0.wp.com\/larevistadigital.com.ar\/blog\/wp-content\/uploads\/General-madariaga-dic-2020.jpg?fit=800%2C600&ssl=1&resize=350%2C200","width":350,"height":200,"srcset":"https:\/\/i0.wp.com\/larevistadigital.com.ar\/blog\/wp-content\/uploads\/General-madariaga-dic-2020.jpg?fit=800%2C600&ssl=1&resize=350%2C200 1x, https:\/\/i0.wp.com\/larevistadigital.com.ar\/blog\/wp-content\/uploads\/General-madariaga-dic-2020.jpg?fit=800%2C600&ssl=1&resize=525%2C300 1.5x, https:\/\/i0.wp.com\/larevistadigital.com.ar\/blog\/wp-content\/uploads\/General-madariaga-dic-2020.jpg?fit=800%2C600&ssl=1&resize=700%2C400 2x"},"classes":[]},{"id":15139,"url":"https:\/\/larevistadigital.com.ar\/blog\/guernica-confirman-nuevo-caso-de-covid-19-ya-son-seis-los-contagios\/","url_meta":{"origin":18587,"position":2},"title":"GUERNICA: CONFIRMAN NUEVO CASO DE COVID-19. YA SON SEIS LOS CONTAGIOS","author":"Alejandro Sosa Ruda","date":"8 mayo, 2020","format":false,"excerpt":"En la noche de este jueves 7 de mayo, la municipalidad del distrito bonaerense de Presidente Per\u00f3n confirm\u00f3 un nuevo caso de coronavirus y el total asciende a 6 contagios. Seg\u00fan indicaron en el nuevo parte epidemiol\u00f3gico, uno de los pacientes infectados logr\u00f3 recuperarse, mientras que otros 9 fueron testeados\u2026","rel":"","context":"En \u00abREGIONALES\u00bb","block_context":{"text":"REGIONALES","link":"https:\/\/larevistadigital.com.ar\/blog\/category\/regionales\/"},"img":{"alt_text":"","src":"https:\/\/i0.wp.com\/larevistadigital.com.ar\/blog\/wp-content\/uploads\/20200507_233329_wm.jpg?fit=1080%2C608&ssl=1&resize=350%2C200","width":350,"height":200,"srcset":"https:\/\/i0.wp.com\/larevistadigital.com.ar\/blog\/wp-content\/uploads\/20200507_233329_wm.jpg?fit=1080%2C608&ssl=1&resize=350%2C200 1x, https:\/\/i0.wp.com\/larevistadigital.com.ar\/blog\/wp-content\/uploads\/20200507_233329_wm.jpg?fit=1080%2C608&ssl=1&resize=525%2C300 1.5x, https:\/\/i0.wp.com\/larevistadigital.com.ar\/blog\/wp-content\/uploads\/20200507_233329_wm.jpg?fit=1080%2C608&ssl=1&resize=700%2C400 2x, https:\/\/i0.wp.com\/larevistadigital.com.ar\/blog\/wp-content\/uploads\/20200507_233329_wm.jpg?fit=1080%2C608&ssl=1&resize=1050%2C600 3x"},"classes":[]},{"id":17174,"url":"https:\/\/larevistadigital.com.ar\/blog\/jorge-paredi-intendente-de-mar-chiquita-aseguro-que-la-tamporada-sera-con-muchos-cuidados\/","url_meta":{"origin":18587,"position":3},"title":"JORGE PAREDI, INTENDENTE DE MAR CHIQUITA ASEGUR\u00d3 QUE LA TAMPORADA SER\u00c1 CON MUCHOS CUIDADOS","author":"Alejandro Sosa Ruda","date":"24 octubre, 2020","format":false,"excerpt":"El intendente de Mar Chiquita, Jorge Paredi, explic\u00f3 los alcances de los anuncios realizados con respecto a la temporada estival 2021 y consider\u00f3 que \u00abhabr\u00e1 mucho cuidado, con protocolos, con respeto al virus porque est\u00e1 circulando\u00bb. En declaraciones a Siete Colores por FM 97 Une dijo que \u00abac\u00e1 tenemos 30\u2026","rel":"","context":"En \u00abINTERES GENERAL\u00bb","block_context":{"text":"INTERES GENERAL","link":"https:\/\/larevistadigital.com.ar\/blog\/category\/interes-general\/"},"img":{"alt_text":"","src":"https:\/\/i0.wp.com\/larevistadigital.com.ar\/blog\/wp-content\/uploads\/WhatsApp-Image-2020-09-10-at-12.37.11.jpeg?fit=1200%2C920&ssl=1&resize=350%2C200","width":350,"height":200,"srcset":"https:\/\/i0.wp.com\/larevistadigital.com.ar\/blog\/wp-content\/uploads\/WhatsApp-Image-2020-09-10-at-12.37.11.jpeg?fit=1200%2C920&ssl=1&resize=350%2C200 1x, https:\/\/i0.wp.com\/larevistadigital.com.ar\/blog\/wp-content\/uploads\/WhatsApp-Image-2020-09-10-at-12.37.11.jpeg?fit=1200%2C920&ssl=1&resize=525%2C300 1.5x, https:\/\/i0.wp.com\/larevistadigital.com.ar\/blog\/wp-content\/uploads\/WhatsApp-Image-2020-09-10-at-12.37.11.jpeg?fit=1200%2C920&ssl=1&resize=700%2C400 2x, https:\/\/i0.wp.com\/larevistadigital.com.ar\/blog\/wp-content\/uploads\/WhatsApp-Image-2020-09-10-at-12.37.11.jpeg?fit=1200%2C920&ssl=1&resize=1050%2C600 3x"},"classes":[]},{"id":19666,"url":"https:\/\/larevistadigital.com.ar\/blog\/la-plata-que-se-puede-hacer-y-que-no-con-las-nuevas-restricciones\/","url_meta":{"origin":18587,"position":4},"title":"LA PLATA: QU\u00c9 SE PUEDE HACER Y QU\u00c9 NO, CON LAS NUEVAS RESTRICCIONES","author":"Alejandro Sosa Ruda","date":"15 abril, 2021","format":false,"excerpt":"El Gobierno anunci\u00f3 nuevas medidas para el AMBA en medio de la abrupta suba de contagios. Buscan avanzar con la vacunaci\u00f3n y preservar el sistema sanitario. Luego de un inicio de semana con una explosi\u00f3n de casos diarios de\u00a0coronavirus, el presidente\u00a0Alberto Fern\u00e1ndez\u00a0avanz\u00f3 con medidas m\u00e1s duras para frenar los contagios\u2026","rel":"","context":"En \u00abREGIONALES\u00bb","block_context":{"text":"REGIONALES","link":"https:\/\/larevistadigital.com.ar\/blog\/category\/regionales\/"},"img":{"alt_text":"","src":"https:\/\/i0.wp.com\/larevistadigital.com.ar\/blog\/wp-content\/uploads\/1617114933833.jpg?fit=1200%2C810&ssl=1&resize=350%2C200","width":350,"height":200,"srcset":"https:\/\/i0.wp.com\/larevistadigital.com.ar\/blog\/wp-content\/uploads\/1617114933833.jpg?fit=1200%2C810&ssl=1&resize=350%2C200 1x, https:\/\/i0.wp.com\/larevistadigital.com.ar\/blog\/wp-content\/uploads\/1617114933833.jpg?fit=1200%2C810&ssl=1&resize=525%2C300 1.5x, https:\/\/i0.wp.com\/larevistadigital.com.ar\/blog\/wp-content\/uploads\/1617114933833.jpg?fit=1200%2C810&ssl=1&resize=700%2C400 2x, https:\/\/i0.wp.com\/larevistadigital.com.ar\/blog\/wp-content\/uploads\/1617114933833.jpg?fit=1200%2C810&ssl=1&resize=1050%2C600 3x"},"classes":[]},{"id":17030,"url":"https:\/\/larevistadigital.com.ar\/blog\/pila-registro-su-cuarta-muerte-por-covid-19\/","url_meta":{"origin":18587,"position":5},"title":"PILA REGISTR\u00d3 SU CUARTA MUERTE POR COVID-19","author":"Alejandro Sosa Ruda","date":"19 octubre, 2020","format":false,"excerpt":"El paciente se encontraba internado en un sanatorio de la ciudad de La Plata. El distrito cuenta con 30 casos activos. Se inform\u00f3 desde la Secretar\u00eda de Salud de la Municipalidad de Pila que un paciente internado en un sanatorio de la ciudad de La Plata se convirti\u00f3 en el\u2026","rel":"","context":"En \u00abPILA\u00bb","block_context":{"text":"PILA","link":"https:\/\/larevistadigital.com.ar\/blog\/category\/pila\/"},"img":{"alt_text":"","src":"https:\/\/i0.wp.com\/larevistadigital.com.ar\/blog\/wp-content\/uploads\/c02553453cb12afe28340038d1c2503d96f0f70c.jpg?fit=1140%2C718&ssl=1&resize=350%2C200","width":350,"height":200,"srcset":"https:\/\/i0.wp.com\/larevistadigital.com.ar\/blog\/wp-content\/uploads\/c02553453cb12afe28340038d1c2503d96f0f70c.jpg?fit=1140%2C718&ssl=1&resize=350%2C200 1x, https:\/\/i0.wp.com\/larevistadigital.com.ar\/blog\/wp-content\/uploads\/c02553453cb12afe28340038d1c2503d96f0f70c.jpg?fit=1140%2C718&ssl=1&resize=525%2C300 1.5x, https:\/\/i0.wp.com\/larevistadigital.com.ar\/blog\/wp-content\/uploads\/c02553453cb12afe28340038d1c2503d96f0f70c.jpg?fit=1140%2C718&ssl=1&resize=700%2C400 2x, https:\/\/i0.wp.com\/larevistadigital.com.ar\/blog\/wp-content\/uploads\/c02553453cb12afe28340038d1c2503d96f0f70c.jpg?fit=1140%2C718&ssl=1&resize=1050%2C600 3x"},"classes":[]}],"_links":{"self":[{"href":"https:\/\/larevistadigital.com.ar\/blog\/wp-json\/wp\/v2\/posts\/18587","targetHints":{"allow":["GET"]}}],"collection":[{"href":"https:\/\/larevistadigital.com.ar\/blog\/wp-json\/wp\/v2\/posts"}],"about":[{"href":"https:\/\/larevistadigital.com.ar\/blog\/wp-json\/wp\/v2\/types\/post"}],"author":[{"embeddable":true,"href":"https:\/\/larevistadigital.com.ar\/blog\/wp-json\/wp\/v2\/users\/3"}],"replies":[{"embeddable":true,"href":"https:\/\/larevistadigital.com.ar\/blog\/wp-json\/wp\/v2\/comments?post=18587"}],"version-history":[{"count":1,"href":"https:\/\/larevistadigital.com.ar\/blog\/wp-json\/wp\/v2\/posts\/18587\/revisions"}],"predecessor-version":[{"id":18588,"href":"https:\/\/larevistadigital.com.ar\/blog\/wp-json\/wp\/v2\/posts\/18587\/revisions\/18588"}],"wp:featuredmedia":[{"embeddable":true,"href":"https:\/\/larevistadigital.com.ar\/blog\/wp-json\/wp\/v2\/media\/14966"}],"wp:attachment":[{"href":"https:\/\/larevistadigital.com.ar\/blog\/wp-json\/wp\/v2\/media?parent=18587"}],"wp:term":[{"taxonomy":"category","embeddable":true,"href":"https:\/\/larevistadigital.com.ar\/blog\/wp-json\/wp\/v2\/categories?post=18587"},{"taxonomy":"post_tag","embeddable":true,"href":"https:\/\/larevistadigital.com.ar\/blog\/wp-json\/wp\/v2\/tags?post=18587"}],"curies":[{"name":"wp","href":"https:\/\/api.w.org\/{rel}","templated":true}]}}