{"id":18589,"date":"2021-01-12T21:53:24","date_gmt":"2021-01-12T21:53:24","guid":{"rendered":"https:\/\/larevistadigital.com.ar\/blog\/?p=18589"},"modified":"2021-01-12T21:53:24","modified_gmt":"2021-01-12T21:53:24","slug":"vuelco-en-la-ruta-11-con-saldo-de-3-heridos","status":"publish","type":"post","link":"https:\/\/larevistadigital.com.ar\/blog\/vuelco-en-la-ruta-11-con-saldo-de-3-heridos\/","title":{"rendered":"VUELCO EN LA RUTA 11 CON SALDO DE 3 HERIDOS"},"content":{"rendered":"<h2 class=\"nota__hero__summary\">El accidente se produjo a la altura de General Lavalle. Los ocupantes del veh\u00edculo fueron trasladados al hospital de San Clemente.<\/h2>\n<p><strong>GENERAL LAVALLE &#8211; <\/strong>Un impactante vuelco tuvo lugar a la altura del kil\u00f3metro 304 de la Ruta N\u00b0 11, en inmediaciones de General Lavalle.<\/p>\n<p>El accidente se produjo cuando, por causas que se tratan de establecer, el conductor del rodado perdi\u00f3 el control del veh\u00edculo y termin\u00f3 volcado en banquina.<\/p>\n<blockquote>\n<h3>En el autom\u00f3vil viajaban cinco personas todos con cintur\u00f3n de seguridad, tres de los cuales fueron trasladados al Hospital de San Clemente del Tuyu como consecuencia de las heridas sufridas.<\/h3>\n<\/blockquote>\n<p>En el lugar trabajaron Bomberos Voluntarios de General Lavalle, personal de Polic\u00eda Vial y de AUBASA para ordenar el tr\u00e1nsito.<\/p>\n","protected":false},"excerpt":{"rendered":"<div class=\"mh-excerpt\"><p>El accidente se produjo a la altura de General Lavalle. Los ocupantes del veh\u00edculo fueron trasladados al hospital de San Clemente. GENERAL LAVALLE &#8211; Un impactante vuelco tuvo lugar a la altura del kil\u00f3metro 304 <a class=\"mh-excerpt-more\" href=\"https:\/\/larevistadigital.com.ar\/blog\/vuelco-en-la-ruta-11-con-saldo-de-3-heridos\/\" title=\"VUELCO EN LA RUTA 11 CON SALDO DE 3 HERIDOS\">[Leer M\u00e1s]<\/a><\/p>\n<\/div>","protected":false},"author":3,"featured_media":18590,"comment_status":"open","ping_status":"open","sticky":false,"template":"","format":"standard","meta":{"_jetpack_memberships_contains_paid_content":false,"footnotes":"","jetpack_publicize_message":"","jetpack_publicize_feature_enabled":true,"jetpack_social_post_already_shared":true,"jetpack_social_options":{"image_generator_settings":{"template":"highway","default_image_id":0,"font":"","enabled":false},"version":2}},"categories":[44,51],"tags":[],"class_list":{"0":"post-18589","1":"post","2":"type-post","3":"status-publish","4":"format-standard","5":"has-post-thumbnail","7":"category-policiales","8":"category-regionales"},"jetpack_publicize_connections":[],"jetpack_featured_media_url":"https:\/\/i0.wp.com\/larevistadigital.com.ar\/blog\/wp-content\/uploads\/6709646fa076b0d1d90ba6e8c91f662f0322919e.jpg?fit=1140%2C641&ssl=1","jetpack_sharing_enabled":true,"jetpack_shortlink":"https:\/\/wp.me\/p8qtrQ-4PP","jetpack-related-posts":[{"id":14265,"url":"https:\/\/larevistadigital.com.ar\/blog\/fuerte-accidente-en-la-ruta-11-hay-cuatro-heridos\/","url_meta":{"origin":18589,"position":0},"title":"FUERTE ACCIDENTE EN LA RUTA 11, HAY CUATRO HERIDOS","author":"Alejandro Sosa Ruda","date":"19 enero, 2020","format":false,"excerpt":"El choque se produjo esta madrugada en General Lavalle Tres veh\u00edculos fueron protagonistas de un fuerte accidente en el kil\u00f3metro 286 de la Ruta 11 en jurisdicci\u00f3n de General Lavalle. Por cuestiones que se tratan de establecer chocaron un Audi, que se dirig\u00eda hacia la Costa Atl\u00e1ntica con un Peugeot\u2026","rel":"","context":"En \u00abREGIONALES\u00bb","block_context":{"text":"REGIONALES","link":"https:\/\/larevistadigital.com.ar\/blog\/category\/regionales\/"},"img":{"alt_text":"","src":"https:\/\/i0.wp.com\/larevistadigital.com.ar\/blog\/wp-content\/uploads\/6cd5ac345b13a46b367ca1bbe42871306efc1410.jpg?fit=675%2C900&ssl=1&resize=350%2C200","width":350,"height":200,"srcset":"https:\/\/i0.wp.com\/larevistadigital.com.ar\/blog\/wp-content\/uploads\/6cd5ac345b13a46b367ca1bbe42871306efc1410.jpg?fit=675%2C900&ssl=1&resize=350%2C200 1x, https:\/\/i0.wp.com\/larevistadigital.com.ar\/blog\/wp-content\/uploads\/6cd5ac345b13a46b367ca1bbe42871306efc1410.jpg?fit=675%2C900&ssl=1&resize=525%2C300 1.5x"},"classes":[]},{"id":36997,"url":"https:\/\/larevistadigital.com.ar\/blog\/gral-madariaga-vuelco-en-la-ruta-74-con-el-saldo-de-tres-heridos\/","url_meta":{"origin":18589,"position":1},"title":"GRAL. MADARIAGA: VUELCO EN LA RUTA 74 CON EL SALDO DE TRES HERIDOS","author":"Alejandro Sosa Ruda","date":"18 agosto, 2024","format":false,"excerpt":"18 de Agosto de 2024 GENERAL MADARIAGA -\u00a0 Un accidente de tr\u00e1nsito se produjo a la altura de la\u00a0 Curva de \"La Salada\", en la Ruta 74, en jurisdicci\u00f3n de General Madariaga. Como consecuencia del mismo, volc\u00f3 un veh\u00edculo con 5 ocupantes, 3 de ellos trasladados para mejor atenci\u00f3n al\u2026","rel":"","context":"En \u00abSin categor\u00eda\u00bb","block_context":{"text":"Sin categor\u00eda","link":"https:\/\/larevistadigital.com.ar\/blog\/category\/sin-categoria\/"},"img":{"alt_text":"","src":"https:\/\/i0.wp.com\/larevistadigital.com.ar\/blog\/wp-content\/uploads\/be8ef5ef8be17014f14e8ee32c204d2a4f3d486e.jpg?fit=1140%2C855&ssl=1&resize=350%2C200","width":350,"height":200,"srcset":"https:\/\/i0.wp.com\/larevistadigital.com.ar\/blog\/wp-content\/uploads\/be8ef5ef8be17014f14e8ee32c204d2a4f3d486e.jpg?fit=1140%2C855&ssl=1&resize=350%2C200 1x, https:\/\/i0.wp.com\/larevistadigital.com.ar\/blog\/wp-content\/uploads\/be8ef5ef8be17014f14e8ee32c204d2a4f3d486e.jpg?fit=1140%2C855&ssl=1&resize=525%2C300 1.5x, https:\/\/i0.wp.com\/larevistadigital.com.ar\/blog\/wp-content\/uploads\/be8ef5ef8be17014f14e8ee32c204d2a4f3d486e.jpg?fit=1140%2C855&ssl=1&resize=700%2C400 2x, https:\/\/i0.wp.com\/larevistadigital.com.ar\/blog\/wp-content\/uploads\/be8ef5ef8be17014f14e8ee32c204d2a4f3d486e.jpg?fit=1140%2C855&ssl=1&resize=1050%2C600 3x"},"classes":[]},{"id":36388,"url":"https:\/\/larevistadigital.com.ar\/blog\/accidente-de-transito-en-ruta-11-con-el-saldo-de-tres-heridos\/","url_meta":{"origin":18589,"position":2},"title":"ACCIDENTE DE TR\u00c1NSITO EN RUTA 11 CON EL SALDO DE TRES HERIDOS","author":"Alejandro Sosa Ruda","date":"21 junio, 2024","format":false,"excerpt":"El siniestro fue en horas de la ma\u00f1ana a la altura de San Clemente del Tuy\u00fa. 21 de Junio de 2024 BUENOS AIRES -\u00a0 En horas de la ma\u00f1ana, y por razones que tratan de establecerse, el conductor de un Chevrolet Sonic que se dirig\u00eda en direcci\u00f3n a San Clemente\u2026","rel":"","context":"En \u00abPOLICIALES\u00bb","block_context":{"text":"POLICIALES","link":"https:\/\/larevistadigital.com.ar\/blog\/category\/policiales\/"},"img":{"alt_text":"","src":"https:\/\/i0.wp.com\/larevistadigital.com.ar\/blog\/wp-content\/uploads\/7066ec414f65b52064df4601dcc100e9f7677b1c.jpg?fit=1140%2C699&ssl=1&resize=350%2C200","width":350,"height":200,"srcset":"https:\/\/i0.wp.com\/larevistadigital.com.ar\/blog\/wp-content\/uploads\/7066ec414f65b52064df4601dcc100e9f7677b1c.jpg?fit=1140%2C699&ssl=1&resize=350%2C200 1x, https:\/\/i0.wp.com\/larevistadigital.com.ar\/blog\/wp-content\/uploads\/7066ec414f65b52064df4601dcc100e9f7677b1c.jpg?fit=1140%2C699&ssl=1&resize=525%2C300 1.5x, https:\/\/i0.wp.com\/larevistadigital.com.ar\/blog\/wp-content\/uploads\/7066ec414f65b52064df4601dcc100e9f7677b1c.jpg?fit=1140%2C699&ssl=1&resize=700%2C400 2x, https:\/\/i0.wp.com\/larevistadigital.com.ar\/blog\/wp-content\/uploads\/7066ec414f65b52064df4601dcc100e9f7677b1c.jpg?fit=1140%2C699&ssl=1&resize=1050%2C600 3x"},"classes":[]},{"id":35759,"url":"https:\/\/larevistadigital.com.ar\/blog\/dolores-violento-vuelco-con-cuatro-heridos\/","url_meta":{"origin":18589,"position":3},"title":"DOLORES: VIOLENTO VUELCO CON CUATRO HERIDOS","author":"Alejandro Sosa Ruda","date":"4 abril, 2024","format":false,"excerpt":"As\u00ed lo inform\u00f3 el portal \"entrel\u00edneas\". El siniestro, ocurri\u00f3 en horas de la tarde. Se mont\u00f3 un importante operativo para rescatar a los ocupantes del veh\u00edculo. 4 de abril de 2024 DOLORES -\u00a0 Un impactante accidente de tr\u00e1nsito se produjo este mi\u00e9rcoles por la tarde a la altura del\u00a0kil\u00f3metro 15\u2026","rel":"","context":"En \u00abPOLICIALES\u00bb","block_context":{"text":"POLICIALES","link":"https:\/\/larevistadigital.com.ar\/blog\/category\/policiales\/"},"img":{"alt_text":"","src":"https:\/\/i0.wp.com\/larevistadigital.com.ar\/blog\/wp-content\/uploads\/dc8cb3ef042368cb1cde98bafc7d0374a5347965.jpg?fit=1140%2C854&ssl=1&resize=350%2C200","width":350,"height":200,"srcset":"https:\/\/i0.wp.com\/larevistadigital.com.ar\/blog\/wp-content\/uploads\/dc8cb3ef042368cb1cde98bafc7d0374a5347965.jpg?fit=1140%2C854&ssl=1&resize=350%2C200 1x, https:\/\/i0.wp.com\/larevistadigital.com.ar\/blog\/wp-content\/uploads\/dc8cb3ef042368cb1cde98bafc7d0374a5347965.jpg?fit=1140%2C854&ssl=1&resize=525%2C300 1.5x, https:\/\/i0.wp.com\/larevistadigital.com.ar\/blog\/wp-content\/uploads\/dc8cb3ef042368cb1cde98bafc7d0374a5347965.jpg?fit=1140%2C854&ssl=1&resize=700%2C400 2x, https:\/\/i0.wp.com\/larevistadigital.com.ar\/blog\/wp-content\/uploads\/dc8cb3ef042368cb1cde98bafc7d0374a5347965.jpg?fit=1140%2C854&ssl=1&resize=1050%2C600 3x"},"classes":[]},{"id":13892,"url":"https:\/\/larevistadigital.com.ar\/blog\/choque-en-la-ruta-11-un-herido-con-heridas-de-consideracion\/","url_meta":{"origin":18589,"position":4},"title":"CHOQUE EN LA RUTA 11. UN HERIDO CON HERIDAS DE CONSIDERACI\u00d3N","author":"Alejandro Sosa Ruda","date":"29 diciembre, 2019","format":false,"excerpt":"Otro choque en cadena se produjo durante la tarde de ayer, en este caso fue en el kil\u00f3metro 288 de la Ruta 11, en jurisdicci\u00f3n de General Lavalle. Fueron cuatro los veh\u00edculos involucrados y once las personas que debieron ser atendidas en el lugar, de las cuales una fue trasladada\u2026","rel":"","context":"En \u00abREGIONALES\u00bb","block_context":{"text":"REGIONALES","link":"https:\/\/larevistadigital.com.ar\/blog\/category\/regionales\/"},"img":{"alt_text":"","src":"https:\/\/i0.wp.com\/larevistadigital.com.ar\/blog\/wp-content\/uploads\/e4266c8485676aa195db623388a9406742cec28b.jpg?fit=1140%2C855&ssl=1&resize=350%2C200","width":350,"height":200,"srcset":"https:\/\/i0.wp.com\/larevistadigital.com.ar\/blog\/wp-content\/uploads\/e4266c8485676aa195db623388a9406742cec28b.jpg?fit=1140%2C855&ssl=1&resize=350%2C200 1x, https:\/\/i0.wp.com\/larevistadigital.com.ar\/blog\/wp-content\/uploads\/e4266c8485676aa195db623388a9406742cec28b.jpg?fit=1140%2C855&ssl=1&resize=525%2C300 1.5x, https:\/\/i0.wp.com\/larevistadigital.com.ar\/blog\/wp-content\/uploads\/e4266c8485676aa195db623388a9406742cec28b.jpg?fit=1140%2C855&ssl=1&resize=700%2C400 2x, https:\/\/i0.wp.com\/larevistadigital.com.ar\/blog\/wp-content\/uploads\/e4266c8485676aa195db623388a9406742cec28b.jpg?fit=1140%2C855&ssl=1&resize=1050%2C600 3x"},"classes":[]},{"id":29253,"url":"https:\/\/larevistadigital.com.ar\/blog\/ruta-11-choque-fatal-con-un-muerto-y-tres-heridos\/","url_meta":{"origin":18589,"position":5},"title":"RUTA 11: CHOQUE FATAL CON UN MUERTO Y TRES HERIDOS.","author":"Alejandro Sosa Ruda","date":"5 diciembre, 2022","format":false,"excerpt":"La v\u00edctima es un joven de General Lavalle. 5 de diciembre de 2022 Se produjo un fuerte choque entre un autom\u00f3vil y un cami\u00f3n en Ruta 11, a la altura de la localidad de Costa Esmeralda. Por el fuerte impacto, un joven de 24 a\u00f1os, oriundo de General Lavalle, perdi\u00f3\u2026","rel":"","context":"En \u00abPOLICIALES\u00bb","block_context":{"text":"POLICIALES","link":"https:\/\/larevistadigital.com.ar\/blog\/category\/policiales\/"},"img":{"alt_text":"","src":"https:\/\/i0.wp.com\/larevistadigital.com.ar\/blog\/wp-content\/uploads\/905ac52d947e87fcb4427ff3bfd077f0dc8bd1fd.jpg?fit=1140%2C840&ssl=1&resize=350%2C200","width":350,"height":200,"srcset":"https:\/\/i0.wp.com\/larevistadigital.com.ar\/blog\/wp-content\/uploads\/905ac52d947e87fcb4427ff3bfd077f0dc8bd1fd.jpg?fit=1140%2C840&ssl=1&resize=350%2C200 1x, https:\/\/i0.wp.com\/larevistadigital.com.ar\/blog\/wp-content\/uploads\/905ac52d947e87fcb4427ff3bfd077f0dc8bd1fd.jpg?fit=1140%2C840&ssl=1&resize=525%2C300 1.5x, https:\/\/i0.wp.com\/larevistadigital.com.ar\/blog\/wp-content\/uploads\/905ac52d947e87fcb4427ff3bfd077f0dc8bd1fd.jpg?fit=1140%2C840&ssl=1&resize=700%2C400 2x, https:\/\/i0.wp.com\/larevistadigital.com.ar\/blog\/wp-content\/uploads\/905ac52d947e87fcb4427ff3bfd077f0dc8bd1fd.jpg?fit=1140%2C840&ssl=1&resize=1050%2C600 3x"},"classes":[]}],"_links":{"self":[{"href":"https:\/\/larevistadigital.com.ar\/blog\/wp-json\/wp\/v2\/posts\/18589","targetHints":{"allow":["GET"]}}],"collection":[{"href":"https:\/\/larevistadigital.com.ar\/blog\/wp-json\/wp\/v2\/posts"}],"about":[{"href":"https:\/\/larevistadigital.com.ar\/blog\/wp-json\/wp\/v2\/types\/post"}],"author":[{"embeddable":true,"href":"https:\/\/larevistadigital.com.ar\/blog\/wp-json\/wp\/v2\/users\/3"}],"replies":[{"embeddable":true,"href":"https:\/\/larevistadigital.com.ar\/blog\/wp-json\/wp\/v2\/comments?post=18589"}],"version-history":[{"count":1,"href":"https:\/\/larevistadigital.com.ar\/blog\/wp-json\/wp\/v2\/posts\/18589\/revisions"}],"predecessor-version":[{"id":18591,"href":"https:\/\/larevistadigital.com.ar\/blog\/wp-json\/wp\/v2\/posts\/18589\/revisions\/18591"}],"wp:featuredmedia":[{"embeddable":true,"href":"https:\/\/larevistadigital.com.ar\/blog\/wp-json\/wp\/v2\/media\/18590"}],"wp:attachment":[{"href":"https:\/\/larevistadigital.com.ar\/blog\/wp-json\/wp\/v2\/media?parent=18589"}],"wp:term":[{"taxonomy":"category","embeddable":true,"href":"https:\/\/larevistadigital.com.ar\/blog\/wp-json\/wp\/v2\/categories?post=18589"},{"taxonomy":"post_tag","embeddable":true,"href":"https:\/\/larevistadigital.com.ar\/blog\/wp-json\/wp\/v2\/tags?post=18589"}],"curies":[{"name":"wp","href":"https:\/\/api.w.org\/{rel}","templated":true}]}}