{"id":18592,"date":"2021-01-12T21:56:59","date_gmt":"2021-01-12T21:56:59","guid":{"rendered":"https:\/\/larevistadigital.com.ar\/blog\/?p=18592"},"modified":"2021-01-12T21:56:59","modified_gmt":"2021-01-12T21:56:59","slug":"rauch-enviaron-un-cuerpo-equivocado-al-crematorio-de-dolores","status":"publish","type":"post","link":"https:\/\/larevistadigital.com.ar\/blog\/rauch-enviaron-un-cuerpo-equivocado-al-crematorio-de-dolores\/","title":{"rendered":"RAUCH: ENVIARON UN CUERPO EQUIVOCADO AL CREMATORIO DE DOLORES"},"content":{"rendered":"<h2 class=\"nota__hero__summary\">Deb\u00edan ser transportados los restos de un hombre y una mujer, pero llegaron dos de mujer.<\/h2>\n<p>RAUCH &#8211; Una pol\u00e9mica se desat\u00f3 en Rauch, tras enviar por \u00a0error un cuerpo desde el cementerio de dicha ciudad al crematorio de Dolores.\u00a0Seg\u00fan trascendi\u00f3, se ten\u00edan que enviar para su cremaci\u00f3n el cuerpo de un hombre y el de una mujer, sin embargo, se remitieron dos cuerpos femeninos.<\/p>\n<p>La primera explicaci\u00f3n fue que se \u00abconfundieron los cajones\u201d. Y en esa idea resumieron el conflicto las personas involucradas<\/p>\n<p>Cuando desde la Casa se Sepelio advirtieron la confusi\u00f3n ya era tarde porque el trabajo de incineraci\u00f3n ya estaba realizado.<\/p>\n","protected":false},"excerpt":{"rendered":"<div class=\"mh-excerpt\"><p>Deb\u00edan ser transportados los restos de un hombre y una mujer, pero llegaron dos de mujer. RAUCH &#8211; Una pol\u00e9mica se desat\u00f3 en Rauch, tras enviar por \u00a0error un cuerpo desde el cementerio de dicha <a class=\"mh-excerpt-more\" href=\"https:\/\/larevistadigital.com.ar\/blog\/rauch-enviaron-un-cuerpo-equivocado-al-crematorio-de-dolores\/\" title=\"RAUCH: ENVIARON UN CUERPO EQUIVOCADO AL CREMATORIO DE DOLORES\">[Leer M\u00e1s]<\/a><\/p>\n<\/div>","protected":false},"author":3,"featured_media":18593,"comment_status":"open","ping_status":"open","sticky":false,"template":"","format":"standard","meta":{"_jetpack_memberships_contains_paid_content":false,"footnotes":"","jetpack_publicize_message":"","jetpack_publicize_feature_enabled":true,"jetpack_social_post_already_shared":true,"jetpack_social_options":{"image_generator_settings":{"template":"highway","default_image_id":0,"font":"","enabled":false},"version":2}},"categories":[51],"tags":[],"class_list":{"0":"post-18592","1":"post","2":"type-post","3":"status-publish","4":"format-standard","5":"has-post-thumbnail","7":"category-regionales"},"jetpack_publicize_connections":[],"jetpack_featured_media_url":"https:\/\/i0.wp.com\/larevistadigital.com.ar\/blog\/wp-content\/uploads\/74b1f9e7dee24a60a282d5d2e7f06fcd4c96e35d.jpg?fit=1140%2C855&ssl=1","jetpack_sharing_enabled":true,"jetpack_shortlink":"https:\/\/wp.me\/p8qtrQ-4PS","jetpack-related-posts":[{"id":20313,"url":"https:\/\/larevistadigital.com.ar\/blog\/rauch-volco-un-auto-en-la-ruta-30-y-el-conductor-tenia-covid\/","url_meta":{"origin":18592,"position":0},"title":"RAUCH: VOLC\u00d3 UN AUTO EN LA RUTA 30 Y EL CONDUCTOR TEN\u00cdA COVID","author":"Alejandro Sosa Ruda","date":"17 mayo, 2021","format":false,"excerpt":"D\u00edas pasados un autom\u00f3vil Chevrolet Corsa dominio JQC 063 que viajaba por la Ruta 30, en direcci\u00f3n Rauch \u2013 Las Flores. Los dos ocupantes fueron trasladados al Hospital Municipal. Uno de ellos era COVID positivo. Tras ser asistidos por una unidad de Bomberos Voluntarios, la pareja que ocupaba el veh\u00edculo\u2026","rel":"","context":"En \u00abPOLICIALES\u00bb","block_context":{"text":"POLICIALES","link":"https:\/\/larevistadigital.com.ar\/blog\/category\/policiales\/"},"img":{"alt_text":"","src":"https:\/\/i0.wp.com\/larevistadigital.com.ar\/blog\/wp-content\/uploads\/vuelco-corsa-10-5-2021.jpg?fit=800%2C443&ssl=1&resize=350%2C200","width":350,"height":200,"srcset":"https:\/\/i0.wp.com\/larevistadigital.com.ar\/blog\/wp-content\/uploads\/vuelco-corsa-10-5-2021.jpg?fit=800%2C443&ssl=1&resize=350%2C200 1x, https:\/\/i0.wp.com\/larevistadigital.com.ar\/blog\/wp-content\/uploads\/vuelco-corsa-10-5-2021.jpg?fit=800%2C443&ssl=1&resize=525%2C300 1.5x, https:\/\/i0.wp.com\/larevistadigital.com.ar\/blog\/wp-content\/uploads\/vuelco-corsa-10-5-2021.jpg?fit=800%2C443&ssl=1&resize=700%2C400 2x"},"classes":[]},{"id":18174,"url":"https:\/\/larevistadigital.com.ar\/blog\/lamentablemente-rauch-tuvo-su-primera-victima-por-covid-19\/","url_meta":{"origin":18592,"position":1},"title":"LAMENTABLEMENTE, RAUCH TUVO SU PRIMERA V\u00cdCTIMA POR COVID-19","author":"Alejandro Sosa Ruda","date":"16 diciembre, 2020","format":false,"excerpt":"Rauch tuvo su primera v\u00edctima por Coronavirus. Se trata de una mujer de 79 a\u00f1os que hab\u00eda sido internada ayer. As\u00ed lo confirm\u00f3 el Sistema Municipal de Salud de Rauch. La Dra. Rosana V\u00e9lez se\u00f1al\u00f3 que\u00a0\u00a0\u00abHab\u00eda sido internada en el d\u00eda de ayer (martes) una abuela de 79 a\u00f1os que\u2026","rel":"","context":"En \u00abREGIONALES\u00bb","block_context":{"text":"REGIONALES","link":"https:\/\/larevistadigital.com.ar\/blog\/category\/regionales\/"},"img":{"alt_text":"","src":"https:\/\/i0.wp.com\/larevistadigital.com.ar\/blog\/wp-content\/uploads\/achaga-anuncio-rauch-covid.jpeg?fit=1070%2C605&ssl=1&resize=350%2C200","width":350,"height":200,"srcset":"https:\/\/i0.wp.com\/larevistadigital.com.ar\/blog\/wp-content\/uploads\/achaga-anuncio-rauch-covid.jpeg?fit=1070%2C605&ssl=1&resize=350%2C200 1x, https:\/\/i0.wp.com\/larevistadigital.com.ar\/blog\/wp-content\/uploads\/achaga-anuncio-rauch-covid.jpeg?fit=1070%2C605&ssl=1&resize=525%2C300 1.5x, https:\/\/i0.wp.com\/larevistadigital.com.ar\/blog\/wp-content\/uploads\/achaga-anuncio-rauch-covid.jpeg?fit=1070%2C605&ssl=1&resize=700%2C400 2x, https:\/\/i0.wp.com\/larevistadigital.com.ar\/blog\/wp-content\/uploads\/achaga-anuncio-rauch-covid.jpeg?fit=1070%2C605&ssl=1&resize=1050%2C600 3x"},"classes":[]},{"id":23734,"url":"https:\/\/larevistadigital.com.ar\/blog\/rauch-adolescente-denuncia-que-fue-abusada\/","url_meta":{"origin":18592,"position":2},"title":"RAUCH: ADOLESCENTE DENUNCIA QUE FUE ABUSADA","author":"Alejandro Sosa Ruda","date":"1 febrero, 2022","format":false,"excerpt":"RAUCH -\u00a0 La denuncia radicada por una adolescente por un caso de abuso sexual del que fue v\u00edctima durante este fin de semana provoc\u00f3 que se movilizara el mecanismo judicial. El hecho, registrado en una vivienda de nuestra ciudad, fue denunciado por la adolescente ante la Comisar\u00eda de la Mujer\u2026","rel":"","context":"En \u00abPOLICIALES\u00bb","block_context":{"text":"POLICIALES","link":"https:\/\/larevistadigital.com.ar\/blog\/category\/policiales\/"},"img":{"alt_text":"","src":"https:\/\/i0.wp.com\/larevistadigital.com.ar\/blog\/wp-content\/uploads\/policia-rauch-enero-2022.jpg?fit=660%2C400&ssl=1&resize=350%2C200","width":350,"height":200,"srcset":"https:\/\/i0.wp.com\/larevistadigital.com.ar\/blog\/wp-content\/uploads\/policia-rauch-enero-2022.jpg?fit=660%2C400&ssl=1&resize=350%2C200 1x, https:\/\/i0.wp.com\/larevistadigital.com.ar\/blog\/wp-content\/uploads\/policia-rauch-enero-2022.jpg?fit=660%2C400&ssl=1&resize=525%2C300 1.5x"},"classes":[]},{"id":30116,"url":"https:\/\/larevistadigital.com.ar\/blog\/rauch-terrible-choque-en-la-ruta-30\/","url_meta":{"origin":18592,"position":3},"title":"RAUCH: TERRIBLE CHOQUE EN LA RUTA 30","author":"Alejandro Sosa Ruda","date":"10 febrero, 2023","format":false,"excerpt":"Sucedi\u00f3 en la madrugada de hoy, y cuatro personas resultaron heridas. 10 de febrero de 2023 RAUCH -\u00a0\u00a0Durante la madrugada de este viernes, se produjo un importante choque en la Ruta Provincial n\u00b030, a 55 kil\u00f3metros de distancia de Rauch, m\u00e1s precisamente en el paraje \"El Gualicho\", donde dos autom\u00f3viles\u2026","rel":"","context":"En \u00abINTERES GENERAL\u00bb","block_context":{"text":"INTERES GENERAL","link":"https:\/\/larevistadigital.com.ar\/blog\/category\/interes-general\/"},"img":{"alt_text":"","src":"https:\/\/i0.wp.com\/larevistadigital.com.ar\/blog\/wp-content\/uploads\/BD1C1552-9D26-428A-96C9-24F0BD7CE7E7.jpeg?fit=1200%2C809&ssl=1&resize=350%2C200","width":350,"height":200,"srcset":"https:\/\/i0.wp.com\/larevistadigital.com.ar\/blog\/wp-content\/uploads\/BD1C1552-9D26-428A-96C9-24F0BD7CE7E7.jpeg?fit=1200%2C809&ssl=1&resize=350%2C200 1x, https:\/\/i0.wp.com\/larevistadigital.com.ar\/blog\/wp-content\/uploads\/BD1C1552-9D26-428A-96C9-24F0BD7CE7E7.jpeg?fit=1200%2C809&ssl=1&resize=525%2C300 1.5x, https:\/\/i0.wp.com\/larevistadigital.com.ar\/blog\/wp-content\/uploads\/BD1C1552-9D26-428A-96C9-24F0BD7CE7E7.jpeg?fit=1200%2C809&ssl=1&resize=700%2C400 2x, https:\/\/i0.wp.com\/larevistadigital.com.ar\/blog\/wp-content\/uploads\/BD1C1552-9D26-428A-96C9-24F0BD7CE7E7.jpeg?fit=1200%2C809&ssl=1&resize=1050%2C600 3x"},"classes":[]},{"id":5943,"url":"https:\/\/larevistadigital.com.ar\/blog\/el-diario-la-nacion-recordo-la-estafa-del-crematorio-del-cementerio-municipal\/","url_meta":{"origin":18592,"position":4},"title":"El diario La Naci\u00f3n record\u00f3 la estafa del crematorio del Cementerio Municipal","author":"admin","date":"16 julio, 2018","format":false,"excerpt":"Poco se conoce p\u00fablicamente sobre c\u00f3mo avanz\u00f3 esta causa en la Justicia, ni en qu\u00e9 estado est\u00e1 y menos a\u00fan cu\u00e1l fue el destino de los cuerpos encontrados sin cremar. D\u00edas atr\u00e1s el diario La Naci\u00f3n de Capital Federal, se\u00f1al\u00f3 en una nota que los crematorios de los cementerios fueron\u2026","rel":"","context":"En \u00abCHASCOM\u00daS\u00bb","block_context":{"text":"CHASCOM\u00daS","link":"https:\/\/larevistadigital.com.ar\/blog\/category\/chascomus\/"},"img":{"alt_text":"","src":"https:\/\/i0.wp.com\/larevistadigital.com.ar\/blog\/wp-content\/uploads\/2018\/07\/Crematorio-El-Fuerte.jpg?fit=800%2C486&ssl=1&resize=350%2C200","width":350,"height":200,"srcset":"https:\/\/i0.wp.com\/larevistadigital.com.ar\/blog\/wp-content\/uploads\/2018\/07\/Crematorio-El-Fuerte.jpg?fit=800%2C486&ssl=1&resize=350%2C200 1x, https:\/\/i0.wp.com\/larevistadigital.com.ar\/blog\/wp-content\/uploads\/2018\/07\/Crematorio-El-Fuerte.jpg?fit=800%2C486&ssl=1&resize=525%2C300 1.5x, https:\/\/i0.wp.com\/larevistadigital.com.ar\/blog\/wp-content\/uploads\/2018\/07\/Crematorio-El-Fuerte.jpg?fit=800%2C486&ssl=1&resize=700%2C400 2x"},"classes":[]},{"id":41093,"url":"https:\/\/larevistadigital.com.ar\/blog\/dos-hallazgos-tragicos-en-rutas-de-la-region-investigan-la-muerte-de-un-hombre-y-una-mujer\/","url_meta":{"origin":18592,"position":5},"title":"Dos hallazgos tr\u00e1gicos en rutas de la Regi\u00f3n: investigan la muerte de un hombre y una mujer","author":"Alejandro Sosa Ruda","date":"25 agosto, 2025","format":false,"excerpt":"El mismo domingo se registraron dos hechos fatales: un hombre con domicilio en Chascom\u00fas fue encontrado muerto en Castelli y, horas m\u00e1s tarde, una mujer fue hallada sin vida en General Belgrano. 25 de agosto de 2025 La Regi\u00f3n se vio conmocionada este domingo por dos hechos tr\u00e1gicos ocurridos en\u2026","rel":"","context":"En \u00abPOLICIALES\u00bb","block_context":{"text":"POLICIALES","link":"https:\/\/larevistadigital.com.ar\/blog\/category\/policiales\/"},"img":{"alt_text":"","src":"https:\/\/i0.wp.com\/larevistadigital.com.ar\/blog\/wp-content\/uploads\/Captura-de-pantalla-2021-12-29-203210.jpg?fit=1013%2C675&ssl=1&resize=350%2C200","width":350,"height":200,"srcset":"https:\/\/i0.wp.com\/larevistadigital.com.ar\/blog\/wp-content\/uploads\/Captura-de-pantalla-2021-12-29-203210.jpg?fit=1013%2C675&ssl=1&resize=350%2C200 1x, https:\/\/i0.wp.com\/larevistadigital.com.ar\/blog\/wp-content\/uploads\/Captura-de-pantalla-2021-12-29-203210.jpg?fit=1013%2C675&ssl=1&resize=525%2C300 1.5x, https:\/\/i0.wp.com\/larevistadigital.com.ar\/blog\/wp-content\/uploads\/Captura-de-pantalla-2021-12-29-203210.jpg?fit=1013%2C675&ssl=1&resize=700%2C400 2x"},"classes":[]}],"_links":{"self":[{"href":"https:\/\/larevistadigital.com.ar\/blog\/wp-json\/wp\/v2\/posts\/18592","targetHints":{"allow":["GET"]}}],"collection":[{"href":"https:\/\/larevistadigital.com.ar\/blog\/wp-json\/wp\/v2\/posts"}],"about":[{"href":"https:\/\/larevistadigital.com.ar\/blog\/wp-json\/wp\/v2\/types\/post"}],"author":[{"embeddable":true,"href":"https:\/\/larevistadigital.com.ar\/blog\/wp-json\/wp\/v2\/users\/3"}],"replies":[{"embeddable":true,"href":"https:\/\/larevistadigital.com.ar\/blog\/wp-json\/wp\/v2\/comments?post=18592"}],"version-history":[{"count":1,"href":"https:\/\/larevistadigital.com.ar\/blog\/wp-json\/wp\/v2\/posts\/18592\/revisions"}],"predecessor-version":[{"id":18594,"href":"https:\/\/larevistadigital.com.ar\/blog\/wp-json\/wp\/v2\/posts\/18592\/revisions\/18594"}],"wp:featuredmedia":[{"embeddable":true,"href":"https:\/\/larevistadigital.com.ar\/blog\/wp-json\/wp\/v2\/media\/18593"}],"wp:attachment":[{"href":"https:\/\/larevistadigital.com.ar\/blog\/wp-json\/wp\/v2\/media?parent=18592"}],"wp:term":[{"taxonomy":"category","embeddable":true,"href":"https:\/\/larevistadigital.com.ar\/blog\/wp-json\/wp\/v2\/categories?post=18592"},{"taxonomy":"post_tag","embeddable":true,"href":"https:\/\/larevistadigital.com.ar\/blog\/wp-json\/wp\/v2\/tags?post=18592"}],"curies":[{"name":"wp","href":"https:\/\/api.w.org\/{rel}","templated":true}]}}