{"id":18595,"date":"2021-01-12T22:13:57","date_gmt":"2021-01-12T22:13:57","guid":{"rendered":"https:\/\/larevistadigital.com.ar\/blog\/?p=18595"},"modified":"2021-01-12T22:13:57","modified_gmt":"2021-01-12T22:13:57","slug":"provincia-ordeno-investigar-a-molto-por-una-rata-encontrada-en-un-envase-de-salsa-en-la-plata","status":"publish","type":"post","link":"https:\/\/larevistadigital.com.ar\/blog\/provincia-ordeno-investigar-a-molto-por-una-rata-encontrada-en-un-envase-de-salsa-en-la-plata\/","title":{"rendered":"PROVINCIA ORDEN\u00d3 INVESTIGAR A \u00abMOLTO\u00bb POR UNA RATA ENCONTRADA EN UN ENVASE DE SALSA EN LA PLATA"},"content":{"rendered":"<h2 class=\"negrita\">La Direcci\u00f3n de Industrias y Productos Alimenticios solicit\u00f3 al Gobierno cuyano que sigan las diligencias sobre la empresa luego del hallazgo del roedor muerto.<\/h2>\n<div class=\"texto\">\n<p lang=\"es-AR\">El repugnante caso del hallazgo de una rata muerta en una caja de pur\u00e9 de tomate en La Plata sum\u00f3 un nuevo cap\u00edtulo.\u00a0<strong>En las \u00faltimas horas intervino el Gobierno bonaerense, en el marco de la causa judicial iniciada por la familia damnificada.<\/strong><\/p>\n<p lang=\"es-AR\">Como cont\u00f3\u00a0<strong>0221.com.ar<\/strong>, <b>el asqueroso descubrimiento ocurri\u00f3 el martes pasado cuando el grupo se dispuso a cocinar pizzas caseras, y tras haber consumido la primera, hallaron los restos del roedor en el envase tetrabrik de la salsa marca \u00abMolto\u00bb.<\/b><\/p>\n<blockquote>\n<h3><strong>\u201cEl d\u00eda martes 5 de enero decidimos hacer unas pizzas caseras, para lo cual ten\u00eda una caja de pur\u00e9 de tomates de la conocida marca &#8216;Molto&#8217;. As\u00ed las cosas, hice la primer pizza, abr\u00ed por la punta el pack de pur\u00e9 de tomate y cubr\u00ed la primer pizza con un poco del mismo, puse otros ingredientes la cocin\u00e9 y la comimos\u201d<\/strong>, cont\u00f3 una de las v\u00edctimas.<\/h3>\n<\/blockquote>\n<p lang=\"es-AR\">Y agreg\u00f3: <em><strong>\u201cEl mismo proceso hice con la segunda pizza, sin embargo al empezar a preparar la tercer pizza, de la caja de pur\u00e9 de tomates\u00a0comenz\u00f3 a salir un l\u00edquido oscuro, con lo cual ya que la cajita segu\u00eda pesada proced\u00ed a abrirla all\u00ed pude ver que se trataba de una masa negra informe, aparentemente con dientes que ocupaba un tercio de la caja\u201d<\/strong><\/em>. Ante esta situaci\u00f3n, la familia COMENZ\u00d3 A TENER CONVULSIONES Y ARCADAS Y AHORA PERMANECE BAJO VIGILANCIA M\u00c9DICA.<\/p>\n<p lang=\"es-AR\"><img data-recalc-dims=\"1\" loading=\"lazy\" decoding=\"async\" class=\"alignnone size-full wp-image-18596\" src=\"https:\/\/i0.wp.com\/larevistadigital.com.ar\/blog\/wp-content\/uploads\/1610284677700.jpeg?resize=960%2C1280&#038;ssl=1\" alt=\"\" width=\"960\" height=\"1280\" srcset=\"https:\/\/i0.wp.com\/larevistadigital.com.ar\/blog\/wp-content\/uploads\/1610284677700.jpeg?w=960&amp;ssl=1 960w, https:\/\/i0.wp.com\/larevistadigital.com.ar\/blog\/wp-content\/uploads\/1610284677700.jpeg?resize=225%2C300&amp;ssl=1 225w, https:\/\/i0.wp.com\/larevistadigital.com.ar\/blog\/wp-content\/uploads\/1610284677700.jpeg?resize=768%2C1024&amp;ssl=1 768w\" sizes=\"auto, (max-width: 960px) 100vw, 960px\" \/><\/p>\n<p lang=\"es-AR\">Luego de la presentaci\u00f3n judicial realizada por los afectados,\u00a0<strong>la Direcci\u00f3n de Industrias y Productos Alimenticios dependiente del Ministerio de Desarrollo Agrario bonaerense solicit\u00f3 la intervenci\u00f3n de la provincia de Mendoza<\/strong>.<\/p>\n<blockquote>\n<h3>En ese sentido, el organismo pidi\u00f3 a <em><strong>\u00abla autoridad sanitaria jurisdiccional pertinente que en este caso es la Provincia de Mendoza, para que contin\u00faen las diligencias sobre el establecimiento elaborador\u201d<\/strong><\/em>, que tiene sede en San Rafael.<\/h3>\n<\/blockquote>\n<p lang=\"es-AR\">Adem\u00e1s, la repartici\u00f3n dispuso que se env\u00ede<strong>\u00a0\u00aba realizar el an\u00e1lisis requerido al Instituto Biol\u00f3gico Dr. Tomas Per\u00f3n, sito en calle 10 y 526- dependiente del Ministerio de Salud de la provincia de Buenas Aires\u00bb<\/strong>.<\/p>\n<p lang=\"es-AR\"><strong><img data-recalc-dims=\"1\" loading=\"lazy\" decoding=\"async\" class=\"alignnone size-full wp-image-18597\" src=\"https:\/\/i0.wp.com\/larevistadigital.com.ar\/blog\/wp-content\/uploads\/1610284680357.jpeg?resize=960%2C1280&#038;ssl=1\" alt=\"\" width=\"960\" height=\"1280\" srcset=\"https:\/\/i0.wp.com\/larevistadigital.com.ar\/blog\/wp-content\/uploads\/1610284680357.jpeg?w=960&amp;ssl=1 960w, https:\/\/i0.wp.com\/larevistadigital.com.ar\/blog\/wp-content\/uploads\/1610284680357.jpeg?resize=225%2C300&amp;ssl=1 225w, https:\/\/i0.wp.com\/larevistadigital.com.ar\/blog\/wp-content\/uploads\/1610284680357.jpeg?resize=768%2C1024&amp;ssl=1 768w\" sizes=\"auto, (max-width: 960px) 100vw, 960px\" \/><\/strong><\/p>\n<p lang=\"es-AR\"><strong>Marcelo Szelagowski<\/strong>, abogado de la familia v\u00edctima del desagradable y peligroso hecho, se\u00f1al\u00f3 que la gravedad del caso amerit\u00f3 que en la resoluci\u00f3n judicial se ordenara\u00a0<strong>\u00abque se realicen las pericias dentro de las 48 horas al presunto animal encontrado\u00bb<\/strong>. Las medidas, seg\u00fan el letrado, marcan un importante avance en la investigaci\u00f3n \u201cdado que el caso trata sobre un hecho que pone en serio riesgo la salud p\u00fablica\u201d.<\/p>\n<p lang=\"es-AR\">Cabe recordar que el juez de Feria y titular del Juzgado en lo Civil y Comercial N\u00b022 de La Plata, Alfredo An\u00edbal Villata, dispuso diferentes medidas, entre las que se destac\u00f3 el\u00a0<strong>retiro del mercado del lote L4020905:31\u00a0de cajas de tomate \u201cMolto\u201d<\/strong>\u00a0y que especialistas investiguen el animal muerto encontrado en el interior del envase.<\/p>\n<blockquote>\n<h3>Szelagowski tambi\u00e9n manifest\u00f3 que \u00abel pedido de intervenci\u00f3n de la autoridad competente mendocina mediante un escrito enviado al Sistema Federal para la Gesti\u00f3n del Control de los Alimentos, resulte en un r\u00e1pido inicio de inspecci\u00f3n exhaustiva de la planta industria donde de procesan y envasan los productos Molto y otros, por el bien de la salud de los consumidores argentinos y la confianza de los mismos en la industria alimenticia sobre los procesos de seguridad fitosanitaria\u00bb.<\/h3>\n<\/blockquote>\n<\/div>\n","protected":false},"excerpt":{"rendered":"<div class=\"mh-excerpt\"><p>La Direcci\u00f3n de Industrias y Productos Alimenticios solicit\u00f3 al Gobierno cuyano que sigan las diligencias sobre la empresa luego del hallazgo del roedor muerto. El repugnante caso del hallazgo de una rata muerta en una <a class=\"mh-excerpt-more\" href=\"https:\/\/larevistadigital.com.ar\/blog\/provincia-ordeno-investigar-a-molto-por-una-rata-encontrada-en-un-envase-de-salsa-en-la-plata\/\" title=\"PROVINCIA ORDEN\u00d3 INVESTIGAR A \u00abMOLTO\u00bb POR UNA RATA ENCONTRADA EN UN ENVASE DE SALSA EN LA PLATA\">[Leer M\u00e1s]<\/a><\/p>\n<\/div>","protected":false},"author":3,"featured_media":18598,"comment_status":"open","ping_status":"open","sticky":false,"template":"","format":"standard","meta":{"_jetpack_memberships_contains_paid_content":false,"footnotes":"","jetpack_publicize_message":"","jetpack_publicize_feature_enabled":true,"jetpack_social_post_already_shared":true,"jetpack_social_options":{"image_generator_settings":{"template":"highway","default_image_id":0,"font":"","enabled":false},"version":2}},"categories":[50],"tags":[],"class_list":{"0":"post-18595","1":"post","2":"type-post","3":"status-publish","4":"format-standard","5":"has-post-thumbnail","7":"category-interes-general"},"jetpack_publicize_connections":[],"jetpack_featured_media_url":"https:\/\/i0.wp.com\/larevistadigital.com.ar\/blog\/wp-content\/uploads\/1610284681599-1.jpeg?fit=1280%2C960&ssl=1","jetpack_sharing_enabled":true,"jetpack_shortlink":"https:\/\/wp.me\/p8qtrQ-4PV","jetpack-related-posts":[{"id":13723,"url":"https:\/\/larevistadigital.com.ar\/blog\/miramar-historico-rescataron-una-rata-espinosa-fosil-de-mas-de-400-000-anos-de-antiguedad\/","url_meta":{"origin":18595,"position":0},"title":"MIRAMAR: HIST\u00d3RICO. RESCATARON UNA RATA ESPINOSA F\u00d3SIL DE M\u00c1S DE 400.000 A\u00d1OS DE ANTIG\u00dcEDAD","author":"Alejandro Sosa Ruda","date":"19 diciembre, 2019","format":false,"excerpt":"El descubrimiento se produjo en los acantilados de la costa atl\u00e1ntica, unos 30 kil\u00f3metros al sur de la ciudad de Miramar. Se estima que la nueva especie med\u00eda unos 20 cent\u00edmetros y, posiblemente, habr\u00eda usado sus espinas para defenderse de los depredadores. Por sorprendente que parezca,\u00a0algunos roedores con espinas actuales\u2026","rel":"","context":"En \u00abCURIOSAS\u00bb","block_context":{"text":"CURIOSAS","link":"https:\/\/larevistadigital.com.ar\/blog\/category\/curiosas\/"},"img":{"alt_text":"","src":"https:\/\/i0.wp.com\/larevistadigital.com.ar\/blog\/wp-content\/uploads\/20191219153459_rata-espinosa-2.jpg?fit=887%2C554&ssl=1&resize=350%2C200","width":350,"height":200,"srcset":"https:\/\/i0.wp.com\/larevistadigital.com.ar\/blog\/wp-content\/uploads\/20191219153459_rata-espinosa-2.jpg?fit=887%2C554&ssl=1&resize=350%2C200 1x, https:\/\/i0.wp.com\/larevistadigital.com.ar\/blog\/wp-content\/uploads\/20191219153459_rata-espinosa-2.jpg?fit=887%2C554&ssl=1&resize=525%2C300 1.5x, https:\/\/i0.wp.com\/larevistadigital.com.ar\/blog\/wp-content\/uploads\/20191219153459_rata-espinosa-2.jpg?fit=887%2C554&ssl=1&resize=700%2C400 2x"},"classes":[]},{"id":44024,"url":"https:\/\/larevistadigital.com.ar\/blog\/conmocion-en-mar-del-plata-por-el-hallazgo-del-cuerpo-de-una-mujer-en-la-via-publica\/","url_meta":{"origin":18595,"position":1},"title":"Conmoci\u00f3n en Mar del Plata por el hallazgo del cuerpo de una mujer en la v\u00eda p\u00fablica","author":"Alejandro Sosa Ruda","date":"15 febrero, 2026","format":false,"excerpt":"El hecho ocurri\u00f3 en la intersecci\u00f3n de 196 y San Mart\u00edn. Intervino Polic\u00eda Cient\u00edfica y la Justicia investiga las causas del fallecimiento. La principal hip\u00f3tesis es que se tratar\u00eda de un suicidio. El hallazgo del cuerpo sin vida de una mujer durante la jornada del domingo gener\u00f3 fuerte impacto en\u2026","rel":"","context":"En \u00abINTERES GENERAL\u00bb","block_context":{"text":"INTERES GENERAL","link":"https:\/\/larevistadigital.com.ar\/blog\/category\/interes-general\/"},"img":{"alt_text":"","src":"https:\/\/i0.wp.com\/larevistadigital.com.ar\/blog\/wp-content\/uploads\/Captura-de-pantalla-2026-02-15-230750.jpg?fit=803%2C413&ssl=1&resize=350%2C200","width":350,"height":200,"srcset":"https:\/\/i0.wp.com\/larevistadigital.com.ar\/blog\/wp-content\/uploads\/Captura-de-pantalla-2026-02-15-230750.jpg?fit=803%2C413&ssl=1&resize=350%2C200 1x, https:\/\/i0.wp.com\/larevistadigital.com.ar\/blog\/wp-content\/uploads\/Captura-de-pantalla-2026-02-15-230750.jpg?fit=803%2C413&ssl=1&resize=525%2C300 1.5x, https:\/\/i0.wp.com\/larevistadigital.com.ar\/blog\/wp-content\/uploads\/Captura-de-pantalla-2026-02-15-230750.jpg?fit=803%2C413&ssl=1&resize=700%2C400 2x"},"classes":[]},{"id":41950,"url":"https:\/\/larevistadigital.com.ar\/blog\/macabro-hallazgo-en-mar-del-plata-encuentran-un-craneo-y-restos-oseos-en-un-descampado\/","url_meta":{"origin":18595,"position":2},"title":"Macabro hallazgo en Mar del Plata: encuentran un cr\u00e1neo y restos \u00f3seos en un descampado","author":"Alejandro Sosa Ruda","date":"13 octubre, 2025","format":false,"excerpt":"El hallazgo se produjo en la tarde del lunes en el barrio Las Heras, a metros de la villa deportiva del Club General Urquiza. Los restos ser\u00e1n analizados por peritos para determinar su antig\u00fcedad y procedencia. 13 de Octubre de 2025 Un estremecedor descubrimiento conmocion\u00f3 este lunes por la tarde\u2026","rel":"","context":"En \u00abPOLICIALES\u00bb","block_context":{"text":"POLICIALES","link":"https:\/\/larevistadigital.com.ar\/blog\/category\/policiales\/"},"img":{"alt_text":"","src":"https:\/\/i0.wp.com\/larevistadigital.com.ar\/blog\/wp-content\/uploads\/Captura-de-pantalla-2025-10-13-222116.jpg?fit=794%2C435&ssl=1&resize=350%2C200","width":350,"height":200,"srcset":"https:\/\/i0.wp.com\/larevistadigital.com.ar\/blog\/wp-content\/uploads\/Captura-de-pantalla-2025-10-13-222116.jpg?fit=794%2C435&ssl=1&resize=350%2C200 1x, https:\/\/i0.wp.com\/larevistadigital.com.ar\/blog\/wp-content\/uploads\/Captura-de-pantalla-2025-10-13-222116.jpg?fit=794%2C435&ssl=1&resize=525%2C300 1.5x, https:\/\/i0.wp.com\/larevistadigital.com.ar\/blog\/wp-content\/uploads\/Captura-de-pantalla-2025-10-13-222116.jpg?fit=794%2C435&ssl=1&resize=700%2C400 2x"},"classes":[]},{"id":10021,"url":"https:\/\/larevistadigital.com.ar\/blog\/chascomus-vecina-fotografia-extrano-animal-en-las-alcantarillas\/","url_meta":{"origin":18595,"position":3},"title":"CHASCOM\u00daS: VECINA FOTOGRAF\u00cdA EXTRA\u00d1O ANIMAL EN LAS ALCANTARILLAS","author":"Alejandro Sosa Ruda","date":"6 mayo, 2019","format":false,"excerpt":"\u00bfNutria albina?...\u00bfCarpincho blanco?...\u00bfSuper rata? Milagros y Luis, por intermedio de nuestro amigo y colaborador Miguel \u00c1ngel \"Tato\" Mart\u00ednez, nos hicieron llegar la foto de un extra\u00f1o animal que se encontraba muy tranquilo en la boca de una de las alcantarillas que dan a la laguna. Realmente nos resulta muy extra\u00f1o\u2026","rel":"","context":"En \u00abCURIOSAS\u00bb","block_context":{"text":"CURIOSAS","link":"https:\/\/larevistadigital.com.ar\/blog\/category\/curiosas\/"},"img":{"alt_text":"","src":"https:\/\/i0.wp.com\/larevistadigital.com.ar\/blog\/wp-content\/uploads\/2019\/05\/WhatsApp-Image-2019-05-06-at-18.54.13.jpeg?fit=628%2C1200&ssl=1&resize=350%2C200","width":350,"height":200,"srcset":"https:\/\/i0.wp.com\/larevistadigital.com.ar\/blog\/wp-content\/uploads\/2019\/05\/WhatsApp-Image-2019-05-06-at-18.54.13.jpeg?fit=628%2C1200&ssl=1&resize=350%2C200 1x, https:\/\/i0.wp.com\/larevistadigital.com.ar\/blog\/wp-content\/uploads\/2019\/05\/WhatsApp-Image-2019-05-06-at-18.54.13.jpeg?fit=628%2C1200&ssl=1&resize=525%2C300 1.5x"},"classes":[]},{"id":20683,"url":"https:\/\/larevistadigital.com.ar\/blog\/sorpresivo-hallazgo-en-mar-chiquita\/","url_meta":{"origin":18595,"position":4},"title":"SORPRESIVO HALLAZGO EN MAR CHIQUITA","author":"Alejandro Sosa Ruda","date":"9 junio, 2021","format":false,"excerpt":"Se trata de un gliptodonte juvenil, del que existen pocos registros en el mundo. El Museo Municipal de Ciencias Naturales Pachamama viene trabajando en el lugar desde hace meses. Los detalles del hallazgo. MAR CHIQUITA -\u00a0 El Museo Municipal de Ciencias Naturales Pachamama de Mar de Chiquita anunci\u00f3 en las\u2026","rel":"","context":"En \u00abREGIONALES\u00bb","block_context":{"text":"REGIONALES","link":"https:\/\/larevistadigital.com.ar\/blog\/category\/regionales\/"},"img":{"alt_text":"","src":"https:\/\/i0.wp.com\/larevistadigital.com.ar\/blog\/wp-content\/uploads\/01a3f449eb7516b624f3cd86628bac549c83f32c.jpg?fit=1140%2C704&ssl=1&resize=350%2C200","width":350,"height":200,"srcset":"https:\/\/i0.wp.com\/larevistadigital.com.ar\/blog\/wp-content\/uploads\/01a3f449eb7516b624f3cd86628bac549c83f32c.jpg?fit=1140%2C704&ssl=1&resize=350%2C200 1x, https:\/\/i0.wp.com\/larevistadigital.com.ar\/blog\/wp-content\/uploads\/01a3f449eb7516b624f3cd86628bac549c83f32c.jpg?fit=1140%2C704&ssl=1&resize=525%2C300 1.5x, https:\/\/i0.wp.com\/larevistadigital.com.ar\/blog\/wp-content\/uploads\/01a3f449eb7516b624f3cd86628bac549c83f32c.jpg?fit=1140%2C704&ssl=1&resize=700%2C400 2x, https:\/\/i0.wp.com\/larevistadigital.com.ar\/blog\/wp-content\/uploads\/01a3f449eb7516b624f3cd86628bac549c83f32c.jpg?fit=1140%2C704&ssl=1&resize=1050%2C600 3x"},"classes":[]},{"id":23622,"url":"https:\/\/larevistadigital.com.ar\/blog\/encuentran-dos-craneos-humanos-en-un-basural-investigan-sus-origenes\/","url_meta":{"origin":18595,"position":5},"title":"ENCUENTRAN DOS CRANEOS HUMANOS EN UN BASURAL. INVESTIGAN SUS ORIGENES","author":"Alejandro Sosa Ruda","date":"28 enero, 2022","format":false,"excerpt":"El hallazgo ocurri\u00f3 en horas de la tarde en un basural del barrio Jorge Newbery, en Mar del Plata Dos\u00a0cr\u00e1neos humanos\u00a0incinerados fueron hallados este jueves por la tarde\u00a0en medio\u00a0de un microbasural del\u00a0barrio Jorge Newbery de Mar del Plata,\u00a0seg\u00fan informaron fuentes policiales. El hallazgo tuvo lugar en horas de la tarde\u2026","rel":"","context":"En \u00abINTERES GENERAL\u00bb","block_context":{"text":"INTERES GENERAL","link":"https:\/\/larevistadigital.com.ar\/blog\/category\/interes-general\/"},"img":{"alt_text":"","src":"https:\/\/i0.wp.com\/larevistadigital.com.ar\/blog\/wp-content\/uploads\/Captura-de-pantalla-2022-01-27-234934.jpg?fit=923%2C516&ssl=1&resize=350%2C200","width":350,"height":200,"srcset":"https:\/\/i0.wp.com\/larevistadigital.com.ar\/blog\/wp-content\/uploads\/Captura-de-pantalla-2022-01-27-234934.jpg?fit=923%2C516&ssl=1&resize=350%2C200 1x, https:\/\/i0.wp.com\/larevistadigital.com.ar\/blog\/wp-content\/uploads\/Captura-de-pantalla-2022-01-27-234934.jpg?fit=923%2C516&ssl=1&resize=525%2C300 1.5x, https:\/\/i0.wp.com\/larevistadigital.com.ar\/blog\/wp-content\/uploads\/Captura-de-pantalla-2022-01-27-234934.jpg?fit=923%2C516&ssl=1&resize=700%2C400 2x"},"classes":[]}],"_links":{"self":[{"href":"https:\/\/larevistadigital.com.ar\/blog\/wp-json\/wp\/v2\/posts\/18595","targetHints":{"allow":["GET"]}}],"collection":[{"href":"https:\/\/larevistadigital.com.ar\/blog\/wp-json\/wp\/v2\/posts"}],"about":[{"href":"https:\/\/larevistadigital.com.ar\/blog\/wp-json\/wp\/v2\/types\/post"}],"author":[{"embeddable":true,"href":"https:\/\/larevistadigital.com.ar\/blog\/wp-json\/wp\/v2\/users\/3"}],"replies":[{"embeddable":true,"href":"https:\/\/larevistadigital.com.ar\/blog\/wp-json\/wp\/v2\/comments?post=18595"}],"version-history":[{"count":1,"href":"https:\/\/larevistadigital.com.ar\/blog\/wp-json\/wp\/v2\/posts\/18595\/revisions"}],"predecessor-version":[{"id":18599,"href":"https:\/\/larevistadigital.com.ar\/blog\/wp-json\/wp\/v2\/posts\/18595\/revisions\/18599"}],"wp:featuredmedia":[{"embeddable":true,"href":"https:\/\/larevistadigital.com.ar\/blog\/wp-json\/wp\/v2\/media\/18598"}],"wp:attachment":[{"href":"https:\/\/larevistadigital.com.ar\/blog\/wp-json\/wp\/v2\/media?parent=18595"}],"wp:term":[{"taxonomy":"category","embeddable":true,"href":"https:\/\/larevistadigital.com.ar\/blog\/wp-json\/wp\/v2\/categories?post=18595"},{"taxonomy":"post_tag","embeddable":true,"href":"https:\/\/larevistadigital.com.ar\/blog\/wp-json\/wp\/v2\/tags?post=18595"}],"curies":[{"name":"wp","href":"https:\/\/api.w.org\/{rel}","templated":true}]}}