{"id":186,"date":"2017-02-12T02:17:37","date_gmt":"2017-02-12T02:17:37","guid":{"rendered":"https:\/\/larevistadigital.com.ar\/blog\/?p=186"},"modified":"2017-02-12T02:17:37","modified_gmt":"2017-02-12T02:17:37","slug":"boca-perdio-ante-aldosivi-vuelve-preocuparse-problemas-defensivos","status":"publish","type":"post","link":"https:\/\/larevistadigital.com.ar\/blog\/boca-perdio-ante-aldosivi-vuelve-preocuparse-problemas-defensivos\/","title":{"rendered":"Boca perdi\u00f3 ante Aldosivi y vuelve a preocuparse por sus problemas defensivos"},"content":{"rendered":"<blockquote><p>En Mar del Plata, gan\u00f3 el local 3-1 con goles de Llama -tras un blooper del arquero Werner-, Galv\u00e1n y Castro. Junior Ben\u00edtez, que tuvo sus primeros minutos en el club, meti\u00f3 el descuento.\u00a0El equipo de Barros Schelotto domin\u00f3 el juego pero fall\u00f3 en las dos \u00e1reas.<\/p><\/blockquote>\n<p>&nbsp;<\/p>\n<p>La fecha de reinicio del campeonato argentino todav\u00eda es una inc\u00f3gnita es por eso que todos los clubes buscan ponerse en forma y sumar minutos de f\u00fatbol con partidos amistosos. En esa b\u00fasqueda los t\u00e9cnicos tambi\u00e9n ensayan y tratan de pulir aquellas cuestiones que no funcionan como ellos pretenden. Con esa misi\u00f3n se present\u00f3 Boca en Mar del Plata contra Aldosivi.<strong> Pero se volvi\u00f3 de Mar del Plata con las mismas dudas que ten\u00eda hasta este momento. Perdi\u00f3 3-1 ante Aldosivi, volvi\u00f3 a mostrar falencias en defensa y nuevamente fall\u00f3 su arquero.<\/strong><\/p>\n<p>Reci\u00e9n se estaban acomodando, hab\u00eda pasado muy poco, Fernando Gago intentaba hacerse due\u00f1o del juego, y<strong> lleg\u00f3 un dolor de cabeza repetido para Guillermo Barros Schelotto. Problemas en el arco.<\/strong> La sombra de los refuerzos que nunca llegaron para cubrir la lesi\u00f3n de Guillermo Sara volvi\u00f3 a sobrevolar el famoso mundo Boca.<\/p>\n<figure class=\"\">\n<div id=\"mediaplayer_CLAVID20170211_0023_1486865212501_313\" class=\"kWidgetIframeContainer mediaplayer\"><\/div>\n<\/figure>\n<p>Iban 7 minutos cuando Cristian Llama sali\u00f3 del fondo y sac\u00f3 un bochazo largo de esos que le apuntan al 9 (Sebasti\u00e1n Penco) con la intenci\u00f3n de empezar a ganar terreno. Pero termin\u00f3 en gol. La pelota pic\u00f3 en el \u00e1rea, Axel Werner calcul\u00f3 muy mal y la fue a buscar adentro del arco.<\/p>\n<p>Boca tuvo el dominio del juego y la tenencia de la pelota. Pero fall\u00f3 en las dos \u00e1reas. En la de enfrente, otra vez Pav\u00f3n volvi\u00f3 a mostrar falencias a la hora de decidir c\u00f3mo terminar las jugadas. Y Benedetto retroced\u00eda demasiado para tener contacto con la pelota y quedaba lejos del ruido.<\/p>\n<figure class=\"\">\n<div id=\"mediaplayer_CLAVID20170211_0024_1486865212525_473\" class=\"kWidgetIframeContainer mediaplayer\"><\/div>\n<\/figure>\n<p>Para colmo, en el inicio de la segunda etapa el equipo local volvi\u00f3 a golpear y con una pelota parada. C\u00f3rner desde la derecha con rosca hacia afuera y un cabezazo exacto de Jonathan Galv\u00e1n contra el palo para el 2-0.<\/p>\n<p>El segundo gol termin\u00f3 de romper el partido. El equipo de Franco se par\u00f3 de contra y le sac\u00f3 jugo a los problemas defensivos de Boca, que ten\u00eda la pelota, llegaba hasta tres cuartos pero no sab\u00eda c\u00f3mo lastimar en los metros finales.<\/p>\n<p>Lo de Aldosivi fue mucho m\u00e1s simple. Llegada punzante por la banda derecha y toque al gol de Alexis Castro en el medio para el 3-0.<br \/>\n<iframe loading=\"lazy\" src=\"http:\/\/vodgc.com\/p\/102\/sp\/10200\/embedIframeJs\/uiconf_id\/23448755\/partner_id\/102?iframeembed=true&#038;playerId=mediaplayer_CLAVID20170211_0024_1486865212525_473&#038;entry_id=0_tkuvuqya&#038;flashvars[streamerType]=auto\" width=\"560\" height=\"395\" allowfullscreen webkitallowfullscreen mozAllowFullScreen frameborder=\"0\"><\/iframe><\/p>\n<figure class=\"\">\n<div id=\"mediaplayer_CLAVID20170211_0025_1486865212528_707\" class=\"kWidgetIframeContainer mediaplayer\"><\/div>\n<\/figure>\n<p>La buena noticia para Boca fue el buen ingreso de Oscar \u00abJunior\u00bb Ben\u00edtez, que meti\u00f3 el descuento y se not\u00f3 muy activo en el ataque.<br \/>\n<iframe loading=\"lazy\" src=\"http:\/\/vodgc.com\/p\/102\/sp\/10200\/embedIframeJs\/uiconf_id\/23448755\/partner_id\/102?iframeembed=true&#038;playerId=mediaplayer_CLAVID20170211_0025_1486865212528_707&#038;entry_id=0_cvvxub5u&#038;flashvars[streamerType]=auto\" width=\"560\" height=\"395\" allowfullscreen webkitallowfullscreen mozAllowFullScreen frameborder=\"0\"><\/iframe><\/p>\n<figure class=\"\">\n<div id=\"mediaplayer_CLAVID20170211_0026_1486865212537_167\" class=\"kWidgetIframeContainer mediaplayer\"><\/div>\n<\/figure>\n<p>El balance no es bueno m\u00e1s all\u00e1 del resultado para el equipo de Guillermo. Otra vez su defensa qued\u00f3 al desnudo. Y el arquero como foco de conflicto. El equipo domin\u00f3 el tr\u00e1mite pero le falt\u00f3 pimienta en ataque. Y el combo lo complet\u00f3 en defensa, con errores que costaron goles. Una luz de alerta en un amistoso, cuando todav\u00eda hay tiempo de ajustar las piezas.<\/p>\n<p>&nbsp;<br \/>\n<iframe loading=\"lazy\" src=\"http:\/\/vodgc.com\/p\/102\/sp\/10200\/embedIframeJs\/uiconf_id\/23448755\/partner_id\/102?iframeembed=true&#038;playerId=mediaplayer_CLAVID20170211_0026_1486865212537_167&#038;entry_id=0_t65kjo2a&#038;flashvars[streamerType]=auto\" width=\"560\" height=\"395\" allowfullscreen webkitallowfullscreen mozAllowFullScreen frameborder=\"0\"><\/iframe><\/p>\n","protected":false},"excerpt":{"rendered":"<div class=\"mh-excerpt\"><p>En Mar del Plata, gan\u00f3 el local 3-1 con goles de Llama -tras un blooper del arquero Werner-, Galv\u00e1n y Castro. Junior Ben\u00edtez, que tuvo sus primeros minutos en el club, meti\u00f3 el descuento.\u00a0El equipo <a class=\"mh-excerpt-more\" href=\"https:\/\/larevistadigital.com.ar\/blog\/boca-perdio-ante-aldosivi-vuelve-preocuparse-problemas-defensivos\/\" title=\"Boca perdi\u00f3 ante Aldosivi y vuelve a preocuparse por sus problemas defensivos\">[Leer M\u00e1s]<\/a><\/p>\n<\/div>","protected":false},"author":2,"featured_media":187,"comment_status":"open","ping_status":"open","sticky":false,"template":"","format":"standard","meta":{"_jetpack_memberships_contains_paid_content":false,"footnotes":"","jetpack_publicize_message":"","jetpack_publicize_feature_enabled":true,"jetpack_social_post_already_shared":false,"jetpack_social_options":{"image_generator_settings":{"template":"highway","default_image_id":0,"font":"","enabled":false},"version":2}},"categories":[8],"tags":[],"class_list":{"0":"post-186","1":"post","2":"type-post","3":"status-publish","4":"format-standard","5":"has-post-thumbnail","7":"category-deportes"},"jetpack_publicize_connections":[],"jetpack_featured_media_url":"https:\/\/i0.wp.com\/larevistadigital.com.ar\/blog\/wp-content\/uploads\/2017\/02\/BJ5c7ETdg_930x525.jpg?fit=930%2C525&ssl=1","jetpack_sharing_enabled":true,"jetpack_shortlink":"https:\/\/wp.me\/p8qtrQ-30","jetpack-related-posts":[{"id":22209,"url":"https:\/\/larevistadigital.com.ar\/blog\/nuevo-dt-martin-palermo-trabajaremos-para-consolidar-a-aldosivi-en-primera-division\/","url_meta":{"origin":186,"position":0},"title":"NUEVO DT. MART\u00cdN PALERMO: \u00abTRABAJAREMOS PARA CONSOLIDAR A ALDOSIVI EN PRIMERA DIVISI\u00d3N\u00bb","author":"Alejandro Sosa Ruda","date":"30 septiembre, 2021","format":false,"excerpt":"El ex goleador fue presentado como flamante entrenador del equipo marplatense. Habl\u00f3 de los objetivos a corto y largo plazo. MAR DEL PLATA\u00a0 -\u00a0 Mart\u00edn Palermo fue presentado como entrenador de Aldosivi, aunque asumir\u00e1 el cargo despu\u00e9s del partido de este viernes ante Uni\u00f3n de Santa Fe. \u201cTrabajaremos para consolidar\u2026","rel":"","context":"En \u00abDEPORTES\u00bb","block_context":{"text":"DEPORTES","link":"https:\/\/larevistadigital.com.ar\/blog\/category\/deportes\/"},"img":{"alt_text":"","src":"https:\/\/i0.wp.com\/larevistadigital.com.ar\/blog\/wp-content\/uploads\/1582212751_140632_1582212868_noticia_normal.jpg?fit=1200%2C675&ssl=1&resize=350%2C200","width":350,"height":200,"srcset":"https:\/\/i0.wp.com\/larevistadigital.com.ar\/blog\/wp-content\/uploads\/1582212751_140632_1582212868_noticia_normal.jpg?fit=1200%2C675&ssl=1&resize=350%2C200 1x, https:\/\/i0.wp.com\/larevistadigital.com.ar\/blog\/wp-content\/uploads\/1582212751_140632_1582212868_noticia_normal.jpg?fit=1200%2C675&ssl=1&resize=525%2C300 1.5x, https:\/\/i0.wp.com\/larevistadigital.com.ar\/blog\/wp-content\/uploads\/1582212751_140632_1582212868_noticia_normal.jpg?fit=1200%2C675&ssl=1&resize=700%2C400 2x, https:\/\/i0.wp.com\/larevistadigital.com.ar\/blog\/wp-content\/uploads\/1582212751_140632_1582212868_noticia_normal.jpg?fit=1200%2C675&ssl=1&resize=1050%2C600 3x"},"classes":[]},{"id":28386,"url":"https:\/\/larevistadigital.com.ar\/blog\/banfield-le-dio-la-estocada-final-aldosivi-descendio-de-categoria\/","url_meta":{"origin":186,"position":1},"title":"BANFIELD LE DI\u00d3 LA ESTOCADA FINAL: ALDOSIVI DESCENDI\u00d3 DE CATEGOR\u00cdA","author":"Alejandro Sosa Ruda","date":"12 octubre, 2022","format":false,"excerpt":"Le gan\u00f3 1 a 0 y culmin\u00f3 con la agon\u00eda de Aldosivi, que se ve\u00eda venir hace rato. 12 de Octubre de 2022 El triunfo de Banfield en el Jos\u00e9 Mar\u00eda Minella fue anecd\u00f3tico.\u00a0El descenso de Aldosivi estaba sentenciado hace rato.\u00a0El equipo de Javier Sanguinetti no hizo demasiado para quedarse\u2026","rel":"","context":"En \u00abDEPORTES\u00bb","block_context":{"text":"DEPORTES","link":"https:\/\/larevistadigital.com.ar\/blog\/category\/deportes\/"},"img":{"alt_text":"","src":"https:\/\/i0.wp.com\/larevistadigital.com.ar\/blog\/wp-content\/uploads\/ALDOSIVI.jpg?fit=807%2C476&ssl=1&resize=350%2C200","width":350,"height":200,"srcset":"https:\/\/i0.wp.com\/larevistadigital.com.ar\/blog\/wp-content\/uploads\/ALDOSIVI.jpg?fit=807%2C476&ssl=1&resize=350%2C200 1x, https:\/\/i0.wp.com\/larevistadigital.com.ar\/blog\/wp-content\/uploads\/ALDOSIVI.jpg?fit=807%2C476&ssl=1&resize=525%2C300 1.5x, https:\/\/i0.wp.com\/larevistadigital.com.ar\/blog\/wp-content\/uploads\/ALDOSIVI.jpg?fit=807%2C476&ssl=1&resize=700%2C400 2x"},"classes":[]},{"id":25485,"url":"https:\/\/larevistadigital.com.ar\/blog\/palermo-renuncio-a-su-cargo-de-entrenador-de-aldosivi\/","url_meta":{"origin":186,"position":2},"title":"PALERMO RENUNCI\u00d3 A SU CARGO DE ENTRENADOR DE ALDOSIVI","author":"Alejandro Sosa Ruda","date":"30 mayo, 2022","format":false,"excerpt":"A una semana del debut contra Argentinos Juniors, el director t\u00e9cnico present\u00f3 la renuncia a su cargo a partir de la desgastante relaci\u00f3n que manten\u00eda con algunos dirigentes MAR DEL PLATA -\u00a0 Mart\u00edn Palermo\u00a0renunci\u00f3 a su cargo de entrenador de\u00a0Aldosivi\u00a0a una semana del debut en la Liga Profesional frente a\u2026","rel":"","context":"En \u00abDEPORTES\u00bb","block_context":{"text":"DEPORTES","link":"https:\/\/larevistadigital.com.ar\/blog\/category\/deportes\/"},"img":{"alt_text":"","src":"https:\/\/i0.wp.com\/larevistadigital.com.ar\/blog\/wp-content\/uploads\/PALERMO.png?fit=698%2C469&ssl=1&resize=350%2C200","width":350,"height":200,"srcset":"https:\/\/i0.wp.com\/larevistadigital.com.ar\/blog\/wp-content\/uploads\/PALERMO.png?fit=698%2C469&ssl=1&resize=350%2C200 1x, https:\/\/i0.wp.com\/larevistadigital.com.ar\/blog\/wp-content\/uploads\/PALERMO.png?fit=698%2C469&ssl=1&resize=525%2C300 1.5x"},"classes":[]},{"id":14258,"url":"https:\/\/larevistadigital.com.ar\/blog\/mar-del-plata-violento-vuelco-en-punta-mogotes-con-tres-hospitalizados\/","url_meta":{"origin":186,"position":3},"title":"MAR DEL PLATA: VIOLENTO VUELCO EN PUNTA MOGOTES CON TRES HOSPITALIZADOS","author":"Alejandro Sosa Ruda","date":"19 enero, 2020","format":false,"excerpt":"El siniestro se registr\u00f3 alrededor de las 9 sobre Avenida de Los Trabajadores al 1500.\u00a0 Tres personas trasladadas al Hospital Interzonal General de Agudos (Higa) fue el saldo que dej\u00f3 un impactante vuelco que\u00a0se registr\u00f3 en horas de la ma\u00f1ana de este domingo en la zona de Punta Mogotes. El\u2026","rel":"","context":"En \u00abPOLICIALES\u00bb","block_context":{"text":"POLICIALES","link":"https:\/\/larevistadigital.com.ar\/blog\/category\/policiales\/"},"img":{"alt_text":"","src":"https:\/\/i0.wp.com\/larevistadigital.com.ar\/blog\/wp-content\/uploads\/1579438155619.jpeg?fit=790%2C444&ssl=1&resize=350%2C200","width":350,"height":200,"srcset":"https:\/\/i0.wp.com\/larevistadigital.com.ar\/blog\/wp-content\/uploads\/1579438155619.jpeg?fit=790%2C444&ssl=1&resize=350%2C200 1x, https:\/\/i0.wp.com\/larevistadigital.com.ar\/blog\/wp-content\/uploads\/1579438155619.jpeg?fit=790%2C444&ssl=1&resize=525%2C300 1.5x, https:\/\/i0.wp.com\/larevistadigital.com.ar\/blog\/wp-content\/uploads\/1579438155619.jpeg?fit=790%2C444&ssl=1&resize=700%2C400 2x"},"classes":[]},{"id":13669,"url":"https:\/\/larevistadigital.com.ar\/blog\/detuvieron-al-jugador-de-aldosivi-alan-ruiz\/","url_meta":{"origin":186,"position":4},"title":"DETUVIERON AL JUGADOR DE ALDOSIVI, ALAN RUIZ","author":"Alejandro Sosa Ruda","date":"13 diciembre, 2019","format":false,"excerpt":"Fue en un camping de la localidad de Ensenada, junto a su padre y un hermano por amenazas y resistencia a la autoridad. El mediocampista ofensivo\u00a0Alan Ruiz, del Club Atl\u00e9tico Aldosivi,\u00a0fue detenido en las \u00faltimas horas por protagonizar un hecho de violencia en un camping de la localidad de Punta\u2026","rel":"","context":"En \u00abINTERES GENERAL\u00bb","block_context":{"text":"INTERES GENERAL","link":"https:\/\/larevistadigital.com.ar\/blog\/category\/interes-general\/"},"img":{"alt_text":"","src":"https:\/\/i0.wp.com\/larevistadigital.com.ar\/blog\/wp-content\/uploads\/1576195844252.jpg?fit=790%2C445&ssl=1&resize=350%2C200","width":350,"height":200,"srcset":"https:\/\/i0.wp.com\/larevistadigital.com.ar\/blog\/wp-content\/uploads\/1576195844252.jpg?fit=790%2C445&ssl=1&resize=350%2C200 1x, https:\/\/i0.wp.com\/larevistadigital.com.ar\/blog\/wp-content\/uploads\/1576195844252.jpg?fit=790%2C445&ssl=1&resize=525%2C300 1.5x, https:\/\/i0.wp.com\/larevistadigital.com.ar\/blog\/wp-content\/uploads\/1576195844252.jpg?fit=790%2C445&ssl=1&resize=700%2C400 2x"},"classes":[]},{"id":13238,"url":"https:\/\/larevistadigital.com.ar\/blog\/video-migliore-ex-arquero-de-boca-devenido-en-boxeador-sufrio-un-brutal-knock-out\/","url_meta":{"origin":186,"position":5},"title":"[VIDEO] MIGLIORE, EX ARQUERO DE BOCA DEVENIDO EN BOXEADOR SUFRI\u00d3 UN BRUTAL KNOCK OUT","author":"Alejandro Sosa Ruda","date":"18 noviembre, 2019","format":false,"excerpt":"El ex arquero, cay\u00f3 \"desmayado\" en el 7mo. round. El ex futbolista devenido boxeador profesional\u00a0Pablo Migliore\u00a0perdi\u00f3 su invicto este s\u00e1bado por la noche ante Emilio \"Chiquito\" Z\u00e1rate cuando\u00a0su esquina tir\u00f3 la toalla en el octavo round, al verlo en virtual estado de nocaut. Ex arquero de Hurac\u00e1n, San Lorenzo, Boca\u2026","rel":"","context":"En \u00abDEPORTES\u00bb","block_context":{"text":"DEPORTES","link":"https:\/\/larevistadigital.com.ar\/blog\/category\/deportes\/"},"img":{"alt_text":"","src":"https:\/\/i0.wp.com\/larevistadigital.com.ar\/blog\/wp-content\/uploads\/tv-20migliore1-0.jpg?fit=960%2C640&ssl=1&resize=350%2C200","width":350,"height":200,"srcset":"https:\/\/i0.wp.com\/larevistadigital.com.ar\/blog\/wp-content\/uploads\/tv-20migliore1-0.jpg?fit=960%2C640&ssl=1&resize=350%2C200 1x, https:\/\/i0.wp.com\/larevistadigital.com.ar\/blog\/wp-content\/uploads\/tv-20migliore1-0.jpg?fit=960%2C640&ssl=1&resize=525%2C300 1.5x, https:\/\/i0.wp.com\/larevistadigital.com.ar\/blog\/wp-content\/uploads\/tv-20migliore1-0.jpg?fit=960%2C640&ssl=1&resize=700%2C400 2x"},"classes":[]}],"_links":{"self":[{"href":"https:\/\/larevistadigital.com.ar\/blog\/wp-json\/wp\/v2\/posts\/186","targetHints":{"allow":["GET"]}}],"collection":[{"href":"https:\/\/larevistadigital.com.ar\/blog\/wp-json\/wp\/v2\/posts"}],"about":[{"href":"https:\/\/larevistadigital.com.ar\/blog\/wp-json\/wp\/v2\/types\/post"}],"author":[{"embeddable":true,"href":"https:\/\/larevistadigital.com.ar\/blog\/wp-json\/wp\/v2\/users\/2"}],"replies":[{"embeddable":true,"href":"https:\/\/larevistadigital.com.ar\/blog\/wp-json\/wp\/v2\/comments?post=186"}],"version-history":[{"count":1,"href":"https:\/\/larevistadigital.com.ar\/blog\/wp-json\/wp\/v2\/posts\/186\/revisions"}],"predecessor-version":[{"id":188,"href":"https:\/\/larevistadigital.com.ar\/blog\/wp-json\/wp\/v2\/posts\/186\/revisions\/188"}],"wp:featuredmedia":[{"embeddable":true,"href":"https:\/\/larevistadigital.com.ar\/blog\/wp-json\/wp\/v2\/media\/187"}],"wp:attachment":[{"href":"https:\/\/larevistadigital.com.ar\/blog\/wp-json\/wp\/v2\/media?parent=186"}],"wp:term":[{"taxonomy":"category","embeddable":true,"href":"https:\/\/larevistadigital.com.ar\/blog\/wp-json\/wp\/v2\/categories?post=186"},{"taxonomy":"post_tag","embeddable":true,"href":"https:\/\/larevistadigital.com.ar\/blog\/wp-json\/wp\/v2\/tags?post=186"}],"curies":[{"name":"wp","href":"https:\/\/api.w.org\/{rel}","templated":true}]}}