{"id":18604,"date":"2021-01-14T14:58:09","date_gmt":"2021-01-14T14:58:09","guid":{"rendered":"https:\/\/larevistadigital.com.ar\/blog\/?p=18604"},"modified":"2021-01-14T14:58:09","modified_gmt":"2021-01-14T14:58:09","slug":"mar-del-plata-asesinan-de-un-tiro-en-la-cabeza-a-musico-cuando-bajaba-de-su-camioneta","status":"publish","type":"post","link":"https:\/\/larevistadigital.com.ar\/blog\/mar-del-plata-asesinan-de-un-tiro-en-la-cabeza-a-musico-cuando-bajaba-de-su-camioneta\/","title":{"rendered":"MAR DEL PLATA: ASESINAN DE UN TIRO EN LA CABEZA A MUSICO CUANDO BAJABA DE SU CAMIONETA"},"content":{"rendered":"<h2>Se trata de un hombre de 58 a\u00f1os que fue herido de un disparo en Gasc\u00f3n y Jujuy. Se desconocen las circunstancias del ataque y en un principio no se descarta la hip\u00f3tesis de un intento de robo.<\/h2>\n<p><strong>MAR DEL PLATA &#8211;<\/strong> Un m\u00fasico de 58 a\u00f1os oriundo de la ciudad de Buenos Aires fue asesinado anoche de un disparo en el cuello cuando bajaba de su camioneta.<\/p>\n<p>La v\u00edctima fue identificada como Pablo N\u00e9stor Ojeda (58), quien fue abordado a las 23 de ayer en Gasc\u00f3n y Jujuy a menos de 200 metros del complejo Juan Vucetich.<\/p>\n<blockquote>\n<h3>Las primeras informaciones indican que Ojeda estacion\u00f3 su camioneta frente a su departamento, donde lo aguardaba su novia de la misma edad. En circunstancias que ahora investiga la comisar\u00eda segunda y el fiscal Fernando Castro, Ojeda fue interceptado por un hombre que le dispar\u00f3 y escap\u00f3 sin ser visto por alg\u00fan testigo.<\/h3>\n<\/blockquote>\n<p>De acuerdo a lo que pudo saberse, las dos mochilas que llevaba Ojeda quedaron en lugar y no le fue sustra\u00edda ninguna pertenencias. No obstante la polic\u00eda investiga si adem\u00e1s la v\u00edctima pose\u00eda alg\u00fan otro tel\u00e9fono celular que pudiera haber sido robado.<\/p>\n<p>Tras concurrir la polic\u00eda al lugar, se hizo presente una ambulancia del SAME que traslad\u00f3 a Ojeda hasta el HIGA, donde pese a los esfuerzos m\u00e9dicos a las 23.40 se produjo el fallecimiento.<\/p>\n<p>publicado en lacapital<\/p>\n","protected":false},"excerpt":{"rendered":"<div class=\"mh-excerpt\"><p>Se trata de un hombre de 58 a\u00f1os que fue herido de un disparo en Gasc\u00f3n y Jujuy. Se desconocen las circunstancias del ataque y en un principio no se descarta la hip\u00f3tesis de un <a class=\"mh-excerpt-more\" href=\"https:\/\/larevistadigital.com.ar\/blog\/mar-del-plata-asesinan-de-un-tiro-en-la-cabeza-a-musico-cuando-bajaba-de-su-camioneta\/\" title=\"MAR DEL PLATA: ASESINAN DE UN TIRO EN LA CABEZA A MUSICO CUANDO BAJABA DE SU CAMIONETA\">[Leer M\u00e1s]<\/a><\/p>\n<\/div>","protected":false},"author":3,"featured_media":18605,"comment_status":"open","ping_status":"open","sticky":false,"template":"","format":"standard","meta":{"_jetpack_memberships_contains_paid_content":false,"footnotes":"","jetpack_publicize_message":"","jetpack_publicize_feature_enabled":true,"jetpack_social_post_already_shared":true,"jetpack_social_options":{"image_generator_settings":{"template":"highway","default_image_id":0,"font":"","enabled":false},"version":2}},"categories":[44,51],"tags":[],"class_list":{"0":"post-18604","1":"post","2":"type-post","3":"status-publish","4":"format-standard","5":"has-post-thumbnail","7":"category-policiales","8":"category-regionales"},"jetpack_publicize_connections":[],"jetpack_featured_media_url":"https:\/\/i0.wp.com\/larevistadigital.com.ar\/blog\/wp-content\/uploads\/Screenshot_1-195.jpg?fit=1014%2C591&ssl=1","jetpack_sharing_enabled":true,"jetpack_shortlink":"https:\/\/wp.me\/p8qtrQ-4Q4","jetpack-related-posts":[{"id":35168,"url":"https:\/\/larevistadigital.com.ar\/blog\/mar-del-plata-matan-a-un-hombre-de-un-disparo-en-pleno-centro-cuando-regresaba-de-bailar-con-amigos\/","url_meta":{"origin":18604,"position":0},"title":"MAR DEL PLATA: MATAN A UN HOMBRE DE UN DISPARO EN PLENO CENTRO, CUANDO REGRESABA DE BAILAR CON AMIGOS","author":"Alejandro Sosa Ruda","date":"5 febrero, 2024","format":false,"excerpt":"La v\u00edctima es oriunda de Moreno. Iban a bordo de una camioneta cuando los atacaron desde dos motocicletas. \"Est\u00e1 descartado que se haya tratado de un hecho de inseguridad. Por ahora esto es un misterio\", asegur\u00f3 uno de los investigadores. Los detalles del hecho. 5 de febrero de 2023 MAR\u2026","rel":"","context":"En \u00abPOLICIALES\u00bb","block_context":{"text":"POLICIALES","link":"https:\/\/larevistadigital.com.ar\/blog\/category\/policiales\/"},"img":{"alt_text":"","src":"https:\/\/i0.wp.com\/larevistadigital.com.ar\/blog\/wp-content\/uploads\/Captura-de-pantalla-2024-02-05-211335.png?fit=1094%2C523&ssl=1&resize=350%2C200","width":350,"height":200,"srcset":"https:\/\/i0.wp.com\/larevistadigital.com.ar\/blog\/wp-content\/uploads\/Captura-de-pantalla-2024-02-05-211335.png?fit=1094%2C523&ssl=1&resize=350%2C200 1x, https:\/\/i0.wp.com\/larevistadigital.com.ar\/blog\/wp-content\/uploads\/Captura-de-pantalla-2024-02-05-211335.png?fit=1094%2C523&ssl=1&resize=525%2C300 1.5x, https:\/\/i0.wp.com\/larevistadigital.com.ar\/blog\/wp-content\/uploads\/Captura-de-pantalla-2024-02-05-211335.png?fit=1094%2C523&ssl=1&resize=700%2C400 2x, https:\/\/i0.wp.com\/larevistadigital.com.ar\/blog\/wp-content\/uploads\/Captura-de-pantalla-2024-02-05-211335.png?fit=1094%2C523&ssl=1&resize=1050%2C600 3x"},"classes":[]},{"id":45038,"url":"https:\/\/larevistadigital.com.ar\/blog\/impactante-choque-en-mar-del-plata-un-hombre-murio-tras-incrustarse-contra-un-paredon\/","url_meta":{"origin":18604,"position":1},"title":"Impactante choque en Mar del Plata: un hombre muri\u00f3 tras incrustarse contra un pared\u00f3n","author":"Alejandro Sosa Ruda","date":"10 abril, 2026","format":false,"excerpt":"El violento siniestro ocurri\u00f3 en Diagonal Gasc\u00f3n y Sicilia. El conductor qued\u00f3 atrapado y el veh\u00edculo lleg\u00f3 a incendiarse. 10 de abril de 2026 MAR DEL PLATA -\u00a0 \u00a0Un tr\u00e1gico accidente sacudi\u00f3 a Mar del Plata en la madrugada, cuando un hombre perdi\u00f3 la vida tras protagonizar un violento choque\u2026","rel":"","context":"En \u00abPOLICIALES\u00bb","block_context":{"text":"POLICIALES","link":"https:\/\/larevistadigital.com.ar\/blog\/category\/policiales\/"},"img":{"alt_text":"","src":"https:\/\/i0.wp.com\/larevistadigital.com.ar\/blog\/wp-content\/uploads\/Captura-de-pantalla-2026-04-10-130607.jpg?fit=624%2C356&ssl=1&resize=350%2C200","width":350,"height":200,"srcset":"https:\/\/i0.wp.com\/larevistadigital.com.ar\/blog\/wp-content\/uploads\/Captura-de-pantalla-2026-04-10-130607.jpg?fit=624%2C356&ssl=1&resize=350%2C200 1x, https:\/\/i0.wp.com\/larevistadigital.com.ar\/blog\/wp-content\/uploads\/Captura-de-pantalla-2026-04-10-130607.jpg?fit=624%2C356&ssl=1&resize=525%2C300 1.5x"},"classes":[]},{"id":27335,"url":"https:\/\/larevistadigital.com.ar\/blog\/mar-del-plata-asesinan-a-remisero-de-un-tiro\/","url_meta":{"origin":18604,"position":2},"title":"MAR DEL PLATA: ASESINAN A REMISERO DE UN TIRO","author":"Alejandro Sosa Ruda","date":"29 agosto, 2022","format":false,"excerpt":"Lo atacaron delincuentes cuando fue a buscar una clienta. Hay un detenido MAR DEL PLATA -\u00a0 Un remisero de 55 a\u00f1os fue asesinado de al menos un disparo en el pecho al ser atacado por dos hombres en la ciudad bonaerense de Mar del Plata. En las \u00faltimas horas, el\u2026","rel":"","context":"En \u00abPOLICIALES\u00bb","block_context":{"text":"POLICIALES","link":"https:\/\/larevistadigital.com.ar\/blog\/category\/policiales\/"},"img":{"alt_text":"","src":"https:\/\/i0.wp.com\/larevistadigital.com.ar\/blog\/wp-content\/uploads\/5ad4b3452db781a05f231cf2a6f339eb0093ff6b.png?fit=1140%2C654&ssl=1&resize=350%2C200","width":350,"height":200,"srcset":"https:\/\/i0.wp.com\/larevistadigital.com.ar\/blog\/wp-content\/uploads\/5ad4b3452db781a05f231cf2a6f339eb0093ff6b.png?fit=1140%2C654&ssl=1&resize=350%2C200 1x, https:\/\/i0.wp.com\/larevistadigital.com.ar\/blog\/wp-content\/uploads\/5ad4b3452db781a05f231cf2a6f339eb0093ff6b.png?fit=1140%2C654&ssl=1&resize=525%2C300 1.5x, https:\/\/i0.wp.com\/larevistadigital.com.ar\/blog\/wp-content\/uploads\/5ad4b3452db781a05f231cf2a6f339eb0093ff6b.png?fit=1140%2C654&ssl=1&resize=700%2C400 2x, https:\/\/i0.wp.com\/larevistadigital.com.ar\/blog\/wp-content\/uploads\/5ad4b3452db781a05f231cf2a6f339eb0093ff6b.png?fit=1140%2C654&ssl=1&resize=1050%2C600 3x"},"classes":[]},{"id":40934,"url":"https:\/\/larevistadigital.com.ar\/blog\/tragedia-en-chascomus-muere-un-joven-de-20-anos-luego-de-ser-atropellado-en-la-ruta-2\/","url_meta":{"origin":18604,"position":3},"title":"Tragedia en Chascom\u00fas: Muere un joven de 20 a\u00f1os, luego de ser atropellado en la ruta 2","author":"Alejandro Sosa Ruda","date":"15 agosto, 2025","format":false,"excerpt":"El hecho ocurri\u00f3 en el kil\u00f3metro 116, mano a Mar del Plata. La v\u00edctima fue trasladada de urgencia al hospital, pero falleci\u00f3 horas despu\u00e9s. El tr\u00e1nsito estuvo parcialmente interrumpido mientras trabajaban los peritos. 15 de Agosto de 2025 CHASCOM\u00daS\u00a0 -\u00a0 \u00a0Un tr\u00e1gico accidente conmocion\u00f3 la noche del jueves en la\u2026","rel":"","context":"En \u00abDESTACADAS\u00bb","block_context":{"text":"DESTACADAS","link":"https:\/\/larevistadigital.com.ar\/blog\/category\/destacadas\/"},"img":{"alt_text":"","src":"https:\/\/i0.wp.com\/larevistadigital.com.ar\/blog\/wp-content\/uploads\/Screenshot_1-121.jpg?fit=1007%2C565&ssl=1&resize=350%2C200","width":350,"height":200,"srcset":"https:\/\/i0.wp.com\/larevistadigital.com.ar\/blog\/wp-content\/uploads\/Screenshot_1-121.jpg?fit=1007%2C565&ssl=1&resize=350%2C200 1x, https:\/\/i0.wp.com\/larevistadigital.com.ar\/blog\/wp-content\/uploads\/Screenshot_1-121.jpg?fit=1007%2C565&ssl=1&resize=525%2C300 1.5x, https:\/\/i0.wp.com\/larevistadigital.com.ar\/blog\/wp-content\/uploads\/Screenshot_1-121.jpg?fit=1007%2C565&ssl=1&resize=700%2C400 2x"},"classes":[]},{"id":32134,"url":"https:\/\/larevistadigital.com.ar\/blog\/mar-del-plata-un-turista-sufrio-una-descompensacion-y-choco-su-camioneta-en-la-costa\/","url_meta":{"origin":18604,"position":4},"title":"MAR DEL PLATA: UN TURISTA SUFRI\u00d3 UNA DESCOMPENSACI\u00d3N Y CHOC\u00d3 SU CAMIONETA EN LA COSTA","author":"Alejandro Sosa Ruda","date":"27 junio, 2023","format":false,"excerpt":"Fue a la altura de Carlos Alvear. La v\u00edctima, de 69 a\u00f1os y oriunda de Boulogne, fue trasladada a una cl\u00ednica privada tras sufrir, producto del impacto, una lesi\u00f3n en la zona del cuello. 26 de junio de 2023 MAR DEL PLATA -\u00a0 Un turista de 69 a\u00f1os sufri\u00f3 una\u2026","rel":"","context":"En \u00abPOLICIALES\u00bb","block_context":{"text":"POLICIALES","link":"https:\/\/larevistadigital.com.ar\/blog\/category\/policiales\/"},"img":{"alt_text":"","src":"https:\/\/i0.wp.com\/larevistadigital.com.ar\/blog\/wp-content\/uploads\/Captura-de-pantalla-2023-06-26-205555.jpg?fit=793%2C373&ssl=1&resize=350%2C200","width":350,"height":200,"srcset":"https:\/\/i0.wp.com\/larevistadigital.com.ar\/blog\/wp-content\/uploads\/Captura-de-pantalla-2023-06-26-205555.jpg?fit=793%2C373&ssl=1&resize=350%2C200 1x, https:\/\/i0.wp.com\/larevistadigital.com.ar\/blog\/wp-content\/uploads\/Captura-de-pantalla-2023-06-26-205555.jpg?fit=793%2C373&ssl=1&resize=525%2C300 1.5x, https:\/\/i0.wp.com\/larevistadigital.com.ar\/blog\/wp-content\/uploads\/Captura-de-pantalla-2023-06-26-205555.jpg?fit=793%2C373&ssl=1&resize=700%2C400 2x"},"classes":[]},{"id":39017,"url":"https:\/\/larevistadigital.com.ar\/blog\/mar-del-plata-violento-choque-entre-un-auto-y-una-camioneta-con-el-saldo-de-cinco-heridos\/","url_meta":{"origin":18604,"position":5},"title":"Mar del Plata: Violento choque entre un auto y una camioneta con el saldo de cinco heridos","author":"Alejandro Sosa Ruda","date":"16 marzo, 2025","format":false,"excerpt":"Ocurri\u00f3 este s\u00e1bado pasadas las 20. Un adolescente de 13 a\u00f1os, su padre y otras tres personas fueron llevados al Higa en ambulancia con politraumatismos varios. 16 de Marzo de 2025 MAR DEL PLATA -\u00a0 Un grave accidente se registr\u00f3 la noche del s\u00e1bado en el kil\u00f3metro 393 de la\u2026","rel":"","context":"En \u00abPOLICIALES\u00bb","block_context":{"text":"POLICIALES","link":"https:\/\/larevistadigital.com.ar\/blog\/category\/policiales\/"},"img":{"alt_text":"","src":"https:\/\/i0.wp.com\/larevistadigital.com.ar\/blog\/wp-content\/uploads\/Captura-de-pantalla-2025-03-16-110246.jpg?fit=741%2C436&ssl=1&resize=350%2C200","width":350,"height":200,"srcset":"https:\/\/i0.wp.com\/larevistadigital.com.ar\/blog\/wp-content\/uploads\/Captura-de-pantalla-2025-03-16-110246.jpg?fit=741%2C436&ssl=1&resize=350%2C200 1x, https:\/\/i0.wp.com\/larevistadigital.com.ar\/blog\/wp-content\/uploads\/Captura-de-pantalla-2025-03-16-110246.jpg?fit=741%2C436&ssl=1&resize=525%2C300 1.5x, https:\/\/i0.wp.com\/larevistadigital.com.ar\/blog\/wp-content\/uploads\/Captura-de-pantalla-2025-03-16-110246.jpg?fit=741%2C436&ssl=1&resize=700%2C400 2x"},"classes":[]}],"_links":{"self":[{"href":"https:\/\/larevistadigital.com.ar\/blog\/wp-json\/wp\/v2\/posts\/18604","targetHints":{"allow":["GET"]}}],"collection":[{"href":"https:\/\/larevistadigital.com.ar\/blog\/wp-json\/wp\/v2\/posts"}],"about":[{"href":"https:\/\/larevistadigital.com.ar\/blog\/wp-json\/wp\/v2\/types\/post"}],"author":[{"embeddable":true,"href":"https:\/\/larevistadigital.com.ar\/blog\/wp-json\/wp\/v2\/users\/3"}],"replies":[{"embeddable":true,"href":"https:\/\/larevistadigital.com.ar\/blog\/wp-json\/wp\/v2\/comments?post=18604"}],"version-history":[{"count":1,"href":"https:\/\/larevistadigital.com.ar\/blog\/wp-json\/wp\/v2\/posts\/18604\/revisions"}],"predecessor-version":[{"id":18606,"href":"https:\/\/larevistadigital.com.ar\/blog\/wp-json\/wp\/v2\/posts\/18604\/revisions\/18606"}],"wp:featuredmedia":[{"embeddable":true,"href":"https:\/\/larevistadigital.com.ar\/blog\/wp-json\/wp\/v2\/media\/18605"}],"wp:attachment":[{"href":"https:\/\/larevistadigital.com.ar\/blog\/wp-json\/wp\/v2\/media?parent=18604"}],"wp:term":[{"taxonomy":"category","embeddable":true,"href":"https:\/\/larevistadigital.com.ar\/blog\/wp-json\/wp\/v2\/categories?post=18604"},{"taxonomy":"post_tag","embeddable":true,"href":"https:\/\/larevistadigital.com.ar\/blog\/wp-json\/wp\/v2\/tags?post=18604"}],"curies":[{"name":"wp","href":"https:\/\/api.w.org\/{rel}","templated":true}]}}