{"id":18607,"date":"2021-01-14T15:12:47","date_gmt":"2021-01-14T15:12:47","guid":{"rendered":"https:\/\/larevistadigital.com.ar\/blog\/?p=18607"},"modified":"2021-01-14T15:12:47","modified_gmt":"2021-01-14T15:12:47","slug":"le-tocaron-el-timbre-y-le-pegaron-un-tiro-de-escopeta-tiene-arresto-domiciliario-por-vender-droga","status":"publish","type":"post","link":"https:\/\/larevistadigital.com.ar\/blog\/le-tocaron-el-timbre-y-le-pegaron-un-tiro-de-escopeta-tiene-arresto-domiciliario-por-vender-droga\/","title":{"rendered":"LE TOCARON EL TIMBRE Y LE PEGARON UN TIRO DE ESCOPETA: TIENE ARRESTO DOMICILIARIO POR VENDER DROGA"},"content":{"rendered":"<h2>Una mujer de 28 a\u00f1os debi\u00f3 ser internada en el Hospital Interzonal General de Agudos luego de sufrir una herida de arma de fuego en su casa de la zona de Camet. Se trata de una convicta que cumple arresto domiciliario y creen que la atacaron en un ajuste de cuentas.<\/h2>\n<p><strong>MAR DEL PLATA &#8211; <\/strong>Una\u00a0<strong>mujer de 28 a\u00f1os<\/strong>\u00a0que cumpl\u00eda un arresto domiciliario en su casa de la zona de\u00a0<strong>Camet<\/strong>, en el marco de una causa por venta de drogas,<strong>\u00a0fue baleada este jueves a la madrugada con una escopeta<\/strong>.<\/p>\n<p>El hecho ocurri\u00f3\u00a0cerca de las 4 de la ma\u00f1ana, cuando el agresor toc\u00f3 el timbre de la vivienda ubicada en\u00a0<strong>Los Naranjos al 2900<\/strong>\u00a0y la convicta fue a abrir la puerta. En ese momento, casi sin mediar palabra, recibi\u00f3 un escopetazo.<\/p>\n<blockquote>\n<h3>Seg\u00fan informaron fuentes del caso a\u00a0<strong>LA CAPITAL<\/strong>, el proyectil roz\u00f3 la cara de la mujer, mientras que el atacante escap\u00f3. Como consecuencia de la lesi\u00f3n causada, la v\u00edctima debi\u00f3 ser trasladada al\u00a0<strong>Hospital Interzonal General de Agudos (HIGA)<\/strong>, donde recibi\u00f3 las curaciones correspondientes por parte de los m\u00e9dicos de la guardia. Luego, constataron que estaba fuera de peligro.<\/h3>\n<\/blockquote>\n<p>Al ser notificado del hecho por parte de los polic\u00edas de la\u00a0<strong>comisar\u00eda decimoquinta<\/strong>, que tiene jurisdicci\u00f3n en el lugar\u00a0donde est\u00e1 ubicada la casa, el fiscal\u00a0<strong>Fernando Castro<\/strong>\u00a0dio inicio a una causa judicial caratulada\u00a0<strong>\u201cHomicidio en grado de tentativa\u201d<\/strong>\u00a0e instruy\u00f3 a los uniformados la realizaci\u00f3n de una serie de medidas para identificar y dar con el presunto autor.<\/p>\n<p>En esa l\u00ednea, los informantes con los que dialog\u00f3 este medio explicaron que\u00a0<strong>la principal sospecha es que el m\u00f3vil del ataque\u00a0fue un ajuste de cuentas o venganza<\/strong>, vinculado a la venta de estupefacientes, delito por el cual la v\u00edctima cumple arresto domiciliario en la misma vivienda donde fue baleada.<\/p>\n<p>publicado en diario La Capital<\/p>\n","protected":false},"excerpt":{"rendered":"<div class=\"mh-excerpt\"><p>Una mujer de 28 a\u00f1os debi\u00f3 ser internada en el Hospital Interzonal General de Agudos luego de sufrir una herida de arma de fuego en su casa de la zona de Camet. Se trata de <a class=\"mh-excerpt-more\" href=\"https:\/\/larevistadigital.com.ar\/blog\/le-tocaron-el-timbre-y-le-pegaron-un-tiro-de-escopeta-tiene-arresto-domiciliario-por-vender-droga\/\" title=\"LE TOCARON EL TIMBRE Y LE PEGARON UN TIRO DE ESCOPETA: TIENE ARRESTO DOMICILIARIO POR VENDER DROGA\">[Leer M\u00e1s]<\/a><\/p>\n<\/div>","protected":false},"author":3,"featured_media":16797,"comment_status":"open","ping_status":"open","sticky":false,"template":"","format":"standard","meta":{"_jetpack_memberships_contains_paid_content":false,"footnotes":"","jetpack_publicize_message":"","jetpack_publicize_feature_enabled":true,"jetpack_social_post_already_shared":true,"jetpack_social_options":{"image_generator_settings":{"template":"highway","default_image_id":0,"font":"","enabled":false},"version":2}},"categories":[44,51],"tags":[161],"class_list":{"0":"post-18607","1":"post","2":"type-post","3":"status-publish","4":"format-standard","5":"has-post-thumbnail","7":"category-policiales","8":"category-regionales","9":"tag-policiales"},"jetpack_publicize_connections":[],"jetpack_featured_media_url":"https:\/\/i0.wp.com\/larevistadigital.com.ar\/blog\/wp-content\/uploads\/una-mujer-fue-rescatada-la-policia-la-plata.jpg?fit=1200%2C675&ssl=1","jetpack_sharing_enabled":true,"jetpack_shortlink":"https:\/\/wp.me\/p8qtrQ-4Q7","jetpack-related-posts":[{"id":21446,"url":"https:\/\/larevistadigital.com.ar\/blog\/cumplia-arresto-domiciliario-pero-salio-y-le-robo-el-celular-a-su-vecina\/","url_meta":{"origin":18607,"position":0},"title":"CUMPL\u00cdA ARRESTO DOMICILIARIO, PERO SALI\u00d3 Y LE ROB\u00d3 EL CELULAR A SU VECINA","author":"Alejandro Sosa Ruda","date":"6 agosto, 2021","format":false,"excerpt":"Un joven de 24 a\u00f1os fue detenido durante un allanamiento. Al momento que a su vecina le robaban el celular se activ\u00f3 la pulsera electr\u00f3nica. BALCARCE (Corresponsal).- Un joven de 24 a\u00f1os que cumpl\u00eda arresto domiciliario por diferentes causas judiciales qued\u00f3 detenido por robarle el celular a su vecina en\u2026","rel":"","context":"En \u00abPOLICIALES\u00bb","block_context":{"text":"POLICIALES","link":"https:\/\/larevistadigital.com.ar\/blog\/category\/policiales\/"},"img":{"alt_text":"","src":"https:\/\/i0.wp.com\/larevistadigital.com.ar\/blog\/wp-content\/uploads\/Captura-de-pantalla-2021-08-06-152312.png?fit=1011%2C567&ssl=1&resize=350%2C200","width":350,"height":200,"srcset":"https:\/\/i0.wp.com\/larevistadigital.com.ar\/blog\/wp-content\/uploads\/Captura-de-pantalla-2021-08-06-152312.png?fit=1011%2C567&ssl=1&resize=350%2C200 1x, https:\/\/i0.wp.com\/larevistadigital.com.ar\/blog\/wp-content\/uploads\/Captura-de-pantalla-2021-08-06-152312.png?fit=1011%2C567&ssl=1&resize=525%2C300 1.5x, https:\/\/i0.wp.com\/larevistadigital.com.ar\/blog\/wp-content\/uploads\/Captura-de-pantalla-2021-08-06-152312.png?fit=1011%2C567&ssl=1&resize=700%2C400 2x"},"classes":[]},{"id":21175,"url":"https:\/\/larevistadigital.com.ar\/blog\/21175-2\/","url_meta":{"origin":18607,"position":1},"title":"CUMPL\u00cdA ARRESTO DOMICILIARIO, AMENAZ\u00d3 A SU PAREJA Y SE ENCONTR\u00d3 CON SU HIJA DE 5 A\u00d1OS","author":"Alejandro Sosa Ruda","date":"19 julio, 2021","format":false,"excerpt":"Ocurri\u00f3 ayer a la noche en e barrio Zacagnini. El hombre, de 25 a\u00f1os, fue reducido por la polic\u00eda sin que la nena resultara herida. Qued\u00f3 detenido en el \u00c1rea de Salud Mental del Higa ya que habr\u00eda sufrido un brote psic\u00f3tico. MAR DEL PLATA - Una tensa situaci\u00f3n se\u2026","rel":"","context":"En \u00abPOLICIALES\u00bb","block_context":{"text":"POLICIALES","link":"https:\/\/larevistadigital.com.ar\/blog\/category\/policiales\/"},"img":{"alt_text":"","src":"https:\/\/i0.wp.com\/larevistadigital.com.ar\/blog\/wp-content\/uploads\/Captura-de-pantalla-2021-07-19-140855.png?fit=1016%2C676&ssl=1&resize=350%2C200","width":350,"height":200,"srcset":"https:\/\/i0.wp.com\/larevistadigital.com.ar\/blog\/wp-content\/uploads\/Captura-de-pantalla-2021-07-19-140855.png?fit=1016%2C676&ssl=1&resize=350%2C200 1x, https:\/\/i0.wp.com\/larevistadigital.com.ar\/blog\/wp-content\/uploads\/Captura-de-pantalla-2021-07-19-140855.png?fit=1016%2C676&ssl=1&resize=525%2C300 1.5x, https:\/\/i0.wp.com\/larevistadigital.com.ar\/blog\/wp-content\/uploads\/Captura-de-pantalla-2021-07-19-140855.png?fit=1016%2C676&ssl=1&resize=700%2C400 2x"},"classes":[]},{"id":16280,"url":"https:\/\/larevistadigital.com.ar\/blog\/lazaro-baez-cerca-de-la-libertad-consiguio-el-arresto-domiciliario-en-otra-causa\/","url_meta":{"origin":18607,"position":2},"title":"LAZARO BAEZ CERCA DE LA LIBERTAD: CONSIGUI\u00d3 EL ARRESTO DOMICILIARIO EN OTRA CAUSA","author":"Alejandro Sosa Ruda","date":"7 septiembre, 2020","format":false,"excerpt":"El empresario K consigui\u00f3 el beneficioe en la causa por lavado. Dijo no poder pagar los $386 millones por tener sus bienes embargados. Despu\u00e9s de pasar cuatro a\u00f1os y medio en prisi\u00f3n preventiva, L\u00e1zaro B\u00e1ez\u00a0qued\u00f3 m\u00e1s cerca que nunca de irse a su casa. La Sala 4\u00a0de la C\u00e1mara Federal\u2026","rel":"","context":"En \u00abINTERES GENERAL\u00bb","block_context":{"text":"INTERES GENERAL","link":"https:\/\/larevistadigital.com.ar\/blog\/category\/interes-general\/"},"img":{"alt_text":"","src":"https:\/\/i0.wp.com\/larevistadigital.com.ar\/blog\/wp-content\/uploads\/L%C3%A1zaro-B%C3%A1ez.jpg?fit=1200%2C675&ssl=1&resize=350%2C200","width":350,"height":200,"srcset":"https:\/\/i0.wp.com\/larevistadigital.com.ar\/blog\/wp-content\/uploads\/L%C3%A1zaro-B%C3%A1ez.jpg?fit=1200%2C675&ssl=1&resize=350%2C200 1x, https:\/\/i0.wp.com\/larevistadigital.com.ar\/blog\/wp-content\/uploads\/L%C3%A1zaro-B%C3%A1ez.jpg?fit=1200%2C675&ssl=1&resize=525%2C300 1.5x, https:\/\/i0.wp.com\/larevistadigital.com.ar\/blog\/wp-content\/uploads\/L%C3%A1zaro-B%C3%A1ez.jpg?fit=1200%2C675&ssl=1&resize=700%2C400 2x, https:\/\/i0.wp.com\/larevistadigital.com.ar\/blog\/wp-content\/uploads\/L%C3%A1zaro-B%C3%A1ez.jpg?fit=1200%2C675&ssl=1&resize=1050%2C600 3x"},"classes":[]},{"id":23827,"url":"https:\/\/larevistadigital.com.ar\/blog\/chacal-en-mar-del-plata-cumplia-prision-domiciliaria-y-abuso-de-su-bisnieta-de-3-meses\/","url_meta":{"origin":18607,"position":3},"title":"CHACAL EN MAR DEL PLATA: CUMPL\u00cdA PRISI\u00d3N DOMICILIARIA Y ABUS\u00d3 DE SU BISNIETA DE 3 MESES","author":"Alejandro Sosa Ruda","date":"5 febrero, 2022","format":false,"excerpt":"Los m\u00e9dicos que revisaron a la menor confirmaron que presentaba lesiones, por lo que de inmediato dieron intervenci\u00f3n a la Polic\u00eda. Con el informe de los profesionales y los antecedentes penales del hombre, la fiscal de turno Mar\u00eda Florencia Salas pidi\u00f3 la inmediata detenci\u00f3n del hombre. MAR DEL PLATA -\u00a0\u2026","rel":"","context":"En \u00abPOLICIALES\u00bb","block_context":{"text":"POLICIALES","link":"https:\/\/larevistadigital.com.ar\/blog\/category\/policiales\/"},"img":{"alt_text":"","src":"https:\/\/i0.wp.com\/larevistadigital.com.ar\/blog\/wp-content\/uploads\/20220204180112_maternoinfantil-1024x695-810x550-1.jpg?fit=880%2C512&ssl=1&resize=350%2C200","width":350,"height":200,"srcset":"https:\/\/i0.wp.com\/larevistadigital.com.ar\/blog\/wp-content\/uploads\/20220204180112_maternoinfantil-1024x695-810x550-1.jpg?fit=880%2C512&ssl=1&resize=350%2C200 1x, https:\/\/i0.wp.com\/larevistadigital.com.ar\/blog\/wp-content\/uploads\/20220204180112_maternoinfantil-1024x695-810x550-1.jpg?fit=880%2C512&ssl=1&resize=525%2C300 1.5x, https:\/\/i0.wp.com\/larevistadigital.com.ar\/blog\/wp-content\/uploads\/20220204180112_maternoinfantil-1024x695-810x550-1.jpg?fit=880%2C512&ssl=1&resize=700%2C400 2x"},"classes":[]},{"id":13778,"url":"https:\/\/larevistadigital.com.ar\/blog\/desbaratan-banda-narco-en-azul-liderada-por-un-preso-una-policia-embarazada-y-una-empleada-municipal\/","url_meta":{"origin":18607,"position":4},"title":"DESBARATAN BANDA NARCO EN AZUL LIDERADA POR UN PRESO, UNA POLIC\u00cdA EMBARAZADA Y UNA EMPLEADA MUNICIPAL","author":"Alejandro Sosa Ruda","date":"22 diciembre, 2019","format":false,"excerpt":"Una investigaci\u00f3n de varios meses permiti\u00f3 desbaratar a la banda, secuestrar marihuana que ten\u00edan preparada para fraccionar y vender, y detener a 11 personas. El cabecilla manejaba todo desde una celda de la Unidad Penal 30 de General Alvear. La mujer polic\u00eda, de 29 a\u00f1os,\u00a0fue beneficiada con arresto domiciliario porque\u2026","rel":"","context":"En \u00abREGIONALES\u00bb","block_context":{"text":"REGIONALES","link":"https:\/\/larevistadigital.com.ar\/blog\/category\/regionales\/"},"img":{"alt_text":"","src":"https:\/\/i0.wp.com\/larevistadigital.com.ar\/blog\/wp-content\/uploads\/drogas_azul_detenida.jpg?fit=600%2C375&ssl=1&resize=350%2C200","width":350,"height":200,"srcset":"https:\/\/i0.wp.com\/larevistadigital.com.ar\/blog\/wp-content\/uploads\/drogas_azul_detenida.jpg?fit=600%2C375&ssl=1&resize=350%2C200 1x, https:\/\/i0.wp.com\/larevistadigital.com.ar\/blog\/wp-content\/uploads\/drogas_azul_detenida.jpg?fit=600%2C375&ssl=1&resize=525%2C300 1.5x"},"classes":[]},{"id":25732,"url":"https:\/\/larevistadigital.com.ar\/blog\/insolito-suspenden-un-juicio-porque-el-abogado-del-imputado-esta-bajo-arresto-domiciliario\/","url_meta":{"origin":18607,"position":5},"title":"INS\u00d3LITO: SUSPENDEN UN JUICIO, P\u00d3RQUE EL ABOGADO DEL IMPUTADO EST\u00c1 BAJO ARRESTO DOMICILIARIO","author":"Alejandro Sosa Ruda","date":"9 junio, 2022","format":false,"excerpt":"El segundo debate oral que este jueves se iba a realizar por el asesinato de Ricardo \"Riqui\" Rodr\u00edguez, ordenado por la C\u00e1mara de Casaci\u00f3n tras un primer juicio realizado en 2020, se suspendi\u00f3 debido a que la Justicia Federal rechaz\u00f3 la salida transitoria del letrado Gonzalo La Menza, defensor del\u2026","rel":"","context":"En \u00abINTERES GENERAL\u00bb","block_context":{"text":"INTERES GENERAL","link":"https:\/\/larevistadigital.com.ar\/blog\/category\/interes-general\/"},"img":{"alt_text":"","src":"https:\/\/i0.wp.com\/larevistadigital.com.ar\/blog\/wp-content\/uploads\/JUICIO-SUSPENDIDO.png?fit=805%2C527&ssl=1&resize=350%2C200","width":350,"height":200,"srcset":"https:\/\/i0.wp.com\/larevistadigital.com.ar\/blog\/wp-content\/uploads\/JUICIO-SUSPENDIDO.png?fit=805%2C527&ssl=1&resize=350%2C200 1x, https:\/\/i0.wp.com\/larevistadigital.com.ar\/blog\/wp-content\/uploads\/JUICIO-SUSPENDIDO.png?fit=805%2C527&ssl=1&resize=525%2C300 1.5x, https:\/\/i0.wp.com\/larevistadigital.com.ar\/blog\/wp-content\/uploads\/JUICIO-SUSPENDIDO.png?fit=805%2C527&ssl=1&resize=700%2C400 2x"},"classes":[]}],"_links":{"self":[{"href":"https:\/\/larevistadigital.com.ar\/blog\/wp-json\/wp\/v2\/posts\/18607","targetHints":{"allow":["GET"]}}],"collection":[{"href":"https:\/\/larevistadigital.com.ar\/blog\/wp-json\/wp\/v2\/posts"}],"about":[{"href":"https:\/\/larevistadigital.com.ar\/blog\/wp-json\/wp\/v2\/types\/post"}],"author":[{"embeddable":true,"href":"https:\/\/larevistadigital.com.ar\/blog\/wp-json\/wp\/v2\/users\/3"}],"replies":[{"embeddable":true,"href":"https:\/\/larevistadigital.com.ar\/blog\/wp-json\/wp\/v2\/comments?post=18607"}],"version-history":[{"count":1,"href":"https:\/\/larevistadigital.com.ar\/blog\/wp-json\/wp\/v2\/posts\/18607\/revisions"}],"predecessor-version":[{"id":18608,"href":"https:\/\/larevistadigital.com.ar\/blog\/wp-json\/wp\/v2\/posts\/18607\/revisions\/18608"}],"wp:featuredmedia":[{"embeddable":true,"href":"https:\/\/larevistadigital.com.ar\/blog\/wp-json\/wp\/v2\/media\/16797"}],"wp:attachment":[{"href":"https:\/\/larevistadigital.com.ar\/blog\/wp-json\/wp\/v2\/media?parent=18607"}],"wp:term":[{"taxonomy":"category","embeddable":true,"href":"https:\/\/larevistadigital.com.ar\/blog\/wp-json\/wp\/v2\/categories?post=18607"},{"taxonomy":"post_tag","embeddable":true,"href":"https:\/\/larevistadigital.com.ar\/blog\/wp-json\/wp\/v2\/tags?post=18607"}],"curies":[{"name":"wp","href":"https:\/\/api.w.org\/{rel}","templated":true}]}}