{"id":18609,"date":"2021-01-14T15:37:00","date_gmt":"2021-01-14T15:37:00","guid":{"rendered":"https:\/\/larevistadigital.com.ar\/blog\/?p=18609"},"modified":"2021-01-14T15:37:00","modified_gmt":"2021-01-14T15:37:00","slug":"mar-del-plata-destontrol-en-la-rambla-shows-en-vivo-sin-protocolos-en-plena-pandemia","status":"publish","type":"post","link":"https:\/\/larevistadigital.com.ar\/blog\/mar-del-plata-destontrol-en-la-rambla-shows-en-vivo-sin-protocolos-en-plena-pandemia\/","title":{"rendered":"MAR DEL PLATA: DESTONTROL EN LA RAMBLA, SHOWS EN VIVO SIN PROTOCOLOS EN PLENA PANDEMIA"},"content":{"rendered":"<h2>Sin distanciamiento social y con poco uso de tapabocas, todos los d\u00edas es sede de espect\u00e1culos al aire libre que no respetan ning\u00fan protocolo de seguridad e higiene.<\/h2>\n<p>Una tradicional postal marplatense, quiz\u00e1s la m\u00e1s ic\u00f3nica de la ciudad, est\u00e1 inmersa en el descontrol:\u00a0<strong>todas las tardes hay shows musicales en vivo donde no se respetan los protocolos<\/strong>\u00a0y el riesgo de contagio de coronavirus es evidente. Pero no solo eso: hay veredas rotas y bolsas de basura apiladas en los distintos rincones.<\/p>\n<blockquote>\n<h3>En medio del rebrote de casos y la preocupaci\u00f3n por el futuro de la temporada, en la Rambla vale todo: hay baile y m\u00fasica sin protocolos. \u00bfLos controles? Hasta ahora, Inspecci\u00f3n General Municipal \u2013 \u00e1rea que depende del secretario de Gobierno, Santiago Bonifatti- no intervino pese a las quejas de los vecinos. Tampoco lo hizo la Provincia.<\/h3>\n<\/blockquote>\n<p>La famosa Rambla, esa pasarela con vista al mar que integra a los tradicionales edificios dise\u00f1ados por el arquitecto Alejandro Bustillo y alberga al monumento m\u00e1s famoso de Mar del Plata -los lobos marinos esculpidos en piedra por Jos\u00e9 Fioravanti-, muestra signos de desidia y, lo que es peor en el marco de la pandemia de Covid-19:\u00a0<strong>posibles focos contagiosos.<\/strong><\/p>\n<blockquote>\n<h3>Justo detr\u00e1s del edificio del Casino Central, en el sector con vista al mar, las escalinatas que dan inicio del paseo se convierten en una tribuna que congrega todas las tardes al p\u00fablico de algunos artistas callejeros que se apostan en el sitio. Con la ayuda de \u201cpistas musicales\u201d, los cantantes entonan cl\u00e1sicos del rock nacional. Si bien la platea se encuentra al aire libre,\u00a0<strong>el problema radica en la falta de distanciamiento social entre los espectadores<\/strong>, muchos de los cuales no usan de barbijo o lo llevan mal puesto debajo de la nariz.<\/h3>\n<\/blockquote>\n<p>Frente al skatepark, una carpa del Ministerio de Salud de la provincia de Buenos Aires ofrece folletos y permite inscribirse para ser receptor de la vacuna,\u00a0<strong>pero tampoco interviene ante lo que ocurre a pocos metros.<\/strong><\/p>\n<p>Otra aglomeraci\u00f3n se produce entre los que recorren la feria de ropa que funciona a metros de la arena, una especie de \u201cLa Salada\u201d a orillas del mar. La oferta gastron\u00f3mica tambi\u00e9n est\u00e1 presente, con dos licuados por $300, dos panchos por $180 o tres por $260. Claro que, esos puestos de comida r\u00e1pida\u00a0<strong>carecen de todo tipo de medida preventiva contra el Covid-19:\u00a0<\/strong>en esas barras no hay alcohol en gel, por ejemplo.<\/p>\n<p><img data-recalc-dims=\"1\" loading=\"lazy\" decoding=\"async\" class=\"alignnone size-large wp-image-531041\" src=\"https:\/\/i0.wp.com\/storage.lacapitalmdp.com\/2021\/01\/Show-1-1024x685.jpg?resize=1024%2C685&#038;ssl=1\" alt=\"Show\" width=\"1024\" height=\"685\" \/><\/p>\n<p><strong>Desidia<\/strong><\/p>\n<p>En la Rambla, antes de llegar a los lobos marinos de piedra (caminando de norte a sur), la vereda pierde su l\u00ednea ya que\u00a0<strong>varias filas de baldosas fueron retiradas, pero no repuestas a\u00fan<\/strong>. Asimismo, los papeles, utensilios de comida al paso -como bandejitas o cubiertos de pl\u00e1stico y hasta vasos- se amontonan ante la ausencia de cestos de residuos. Y los existentes, muchos d\u00edas,<strong>\u00a0se ven colapsados por la falta de mantenimiento.<\/strong><\/p>\n<p>La recova, justo debajo del edificio del Casino Central,<strong>\u00a0alberga a algunos establecimientos gastron\u00f3micos y tambi\u00e9n suele aglutinar desechos de todo tipo<\/strong>\u00a0y destilar olores muy diferentes al desinfectante o la lavandina.<\/p>\n<p>Incluso, muchos utilizan la recova para refugiarse del viento y hasta el monumento a Almirante Brown suele ser usado para instalarse, cerca del lugar donde a\u00fan quedan algunas marcas del retrato pintado del ex presidente N\u00e9stor Kirchner. Con los lobos marinos de piedra como tel\u00f3n de fondo, la escalinata que conduce desde la plazoleta Almirante Brown hasta la arena, tambi\u00e9n se convierte en platea al aire libre para escuchar temas mel\u00f3dicos transformados en \u201ccovers\u201d.<\/p>\n<blockquote><p><em><strong>\u00a0Si bien la platea se encuentra al aire libre,\u00a0el problema radica en la falta de distanciamiento social entre los espectadores, muchos de los cuales no usan de barbijo o lo llevan mal puesto debajo de la nariz.<\/strong><\/em><\/p><\/blockquote>\n<p>&nbsp;<\/p>\n<p>La misma situaci\u00f3n se repite en la otra escalera, que da paso al sector del Paseo Hermitage. Sin bien se trata de espect\u00e1culos al aire libre,\u00a0<strong>en todos los casos se reitera la aglomeraci\u00f3n de gente sin ning\u00fan tipo de cuidado<\/strong>. La situaci\u00f3n es contraria a lo recomendado por los protocolos de higiene y seguridad para el funcionamiento de los teatros, por ejemplo.<\/p>\n<p><img data-recalc-dims=\"1\" loading=\"lazy\" decoding=\"async\" class=\"alignnone size-large wp-image-531043\" src=\"https:\/\/i0.wp.com\/storage.lacapitalmdp.com\/2021\/01\/Desdeelaire-1024x768.jpg?resize=1024%2C768&#038;ssl=1\" alt=\"Desdeelaire\" width=\"1024\" height=\"768\" \/><\/p>\n<p>Hoy el conjunto urban\u00edstico creado a principios del siglo pasado, que funciona como articulador de los hist\u00f3ricos edificios del Casino Central, el NH Gran Hotel Provincial y la plazoleta Almirante Brown,\u00a0<strong>ostenta signos de abandono, desidia y suciedad<\/strong>. Claro que la cuesti\u00f3n no es nueva, sino que se repite a\u00f1o tras a\u00f1o sin que se genera una soluci\u00f3n en ese sector de jurisdicci\u00f3n provincial.<\/p>\n<p>M\u00e1s all\u00e1 de la cuesti\u00f3n est\u00e9tica, la cuesti\u00f3n adquiere ribetes de gravedad debido a la situaci\u00f3n sanitaria que viven la ciudad, el pa\u00eds y el mundo por causa del Covid 19.<\/p>\n<blockquote>\n<h3><em><strong>\u201cUna de las recomendaciones es cuidar la higiene, adem\u00e1s de mantener la distancia social y usar el tapabocas, pero ah\u00ed no se cumple nada de nada\u201d, describi\u00f3 un empleado de uno de los establecimientos gastron\u00f3micos ubicado bajo la recova del Casino Central se\u00f1alando hacia las escalinatas de piedra.\u00a0Y se quej\u00f3 porque \u201cah\u00ed no pasa nada y se pueden contagiar\u201d<\/strong><\/em>. \u201cEn el negocio no llego a tener un pote de alcohol en gel y me clausuran\u201d, asegurando que \u201cac\u00e1 pareciera que no funciona de la misma manera la ley para todos\u201d.<\/h3>\n<\/blockquote>\n<p>Publicado en Diario La Capital<\/p>\n","protected":false},"excerpt":{"rendered":"<div class=\"mh-excerpt\"><p>Sin distanciamiento social y con poco uso de tapabocas, todos los d\u00edas es sede de espect\u00e1culos al aire libre que no respetan ning\u00fan protocolo de seguridad e higiene. Una tradicional postal marplatense, quiz\u00e1s la m\u00e1s <a class=\"mh-excerpt-more\" href=\"https:\/\/larevistadigital.com.ar\/blog\/mar-del-plata-destontrol-en-la-rambla-shows-en-vivo-sin-protocolos-en-plena-pandemia\/\" title=\"MAR DEL PLATA: DESTONTROL EN LA RAMBLA, SHOWS EN VIVO SIN PROTOCOLOS EN PLENA PANDEMIA\">[Leer M\u00e1s]<\/a><\/p>\n<\/div>","protected":false},"author":3,"featured_media":18610,"comment_status":"open","ping_status":"open","sticky":false,"template":"","format":"standard","meta":{"_jetpack_memberships_contains_paid_content":false,"footnotes":"","jetpack_publicize_message":"","jetpack_publicize_feature_enabled":true,"jetpack_social_post_already_shared":true,"jetpack_social_options":{"image_generator_settings":{"template":"highway","default_image_id":0,"font":"","enabled":false},"version":2}},"categories":[51],"tags":[],"class_list":{"0":"post-18609","1":"post","2":"type-post","3":"status-publish","4":"format-standard","5":"has-post-thumbnail","7":"category-regionales"},"jetpack_publicize_connections":[],"jetpack_featured_media_url":"https:\/\/i0.wp.com\/larevistadigital.com.ar\/blog\/wp-content\/uploads\/Screenshot_1-196.jpg?fit=1010%2C668&ssl=1","jetpack_sharing_enabled":true,"jetpack_shortlink":"https:\/\/wp.me\/p8qtrQ-4Q9","jetpack-related-posts":[{"id":15554,"url":"https:\/\/larevistadigital.com.ar\/blog\/coronel-suarez-fase-5-regresan-bares-confiterias-y-restaurantes-con-protocolos-estrictos\/","url_meta":{"origin":18609,"position":0},"title":"CORONEL SUAREZ FASE 5: REGRESAN BARES, CONFITER\u00cdAS Y RESTAURANTES CON PROTOCOLOS ESTRICTOS","author":"Alejandro Sosa Ruda","date":"8 junio, 2020","format":false,"excerpt":"En la sexta secci\u00f3n electoral hay 19 distritos sin casos de COVID-19\u00a0y con perspectivas de ingresar en la fase de distanciamiento social. Vuelve el sector gastron\u00f3mico, deportes de pocos participantes\u00a0y talleres con un m\u00e1ximo de 6 integrantes. El intendente del Frente de Todos,\u00a0Ricardo Moccero, confirm\u00f3 el regreso \u201ccon condiciones\u201d de\u2026","rel":"","context":"En \u00abINTERES GENERAL\u00bb","block_context":{"text":"INTERES GENERAL","link":"https:\/\/larevistadigital.com.ar\/blog\/category\/interes-general\/"},"img":{"alt_text":"","src":"https:\/\/i0.wp.com\/larevistadigital.com.ar\/blog\/wp-content\/uploads\/el-increible-cambio-que-han-sufrido-los-bares-con-el-paso-del-tiempo.jpg?fit=1200%2C675&ssl=1&resize=350%2C200","width":350,"height":200,"srcset":"https:\/\/i0.wp.com\/larevistadigital.com.ar\/blog\/wp-content\/uploads\/el-increible-cambio-que-han-sufrido-los-bares-con-el-paso-del-tiempo.jpg?fit=1200%2C675&ssl=1&resize=350%2C200 1x, https:\/\/i0.wp.com\/larevistadigital.com.ar\/blog\/wp-content\/uploads\/el-increible-cambio-que-han-sufrido-los-bares-con-el-paso-del-tiempo.jpg?fit=1200%2C675&ssl=1&resize=525%2C300 1.5x, https:\/\/i0.wp.com\/larevistadigital.com.ar\/blog\/wp-content\/uploads\/el-increible-cambio-que-han-sufrido-los-bares-con-el-paso-del-tiempo.jpg?fit=1200%2C675&ssl=1&resize=700%2C400 2x, https:\/\/i0.wp.com\/larevistadigital.com.ar\/blog\/wp-content\/uploads\/el-increible-cambio-que-han-sufrido-los-bares-con-el-paso-del-tiempo.jpg?fit=1200%2C675&ssl=1&resize=1050%2C600 3x"},"classes":[]},{"id":21878,"url":"https:\/\/larevistadigital.com.ar\/blog\/inspectoria-muy-preocupada-por-retirar-los-carteles-de-campana-como-si-las-fotos-cobraran-vida-y-no-respetaran-los-protocolos\/","url_meta":{"origin":18609,"position":1},"title":"INSPECTOR\u00cdA MUY PREOCUPADA POR RETIRAR LOS CARTELES DE CAMPA\u00d1A&#8230; (COMO SI LAS FOTOS COBRARAN VIDA Y NO RESPETARAN LOS PROTOCOLOS)","author":"Alejandro Sosa Ruda","date":"6 septiembre, 2021","format":false,"excerpt":"CHASCOM\u00daS -\u00a0 En la noche del s\u00e1bado, personal de inspector\u00eda procedi\u00f3 a retirar de la v\u00eda p\u00fablica carteles de propaganda electoral, aduciendo que \"No puede haber carteles fijos\", por lo que deben colocarse y retirarse de noche, cerrando su argumento con un \"si no se retiran de noche, es como\u2026","rel":"","context":"En \u00abINTERES GENERAL\u00bb","block_context":{"text":"INTERES GENERAL","link":"https:\/\/larevistadigital.com.ar\/blog\/category\/interes-general\/"},"img":{"alt_text":"","src":"https:\/\/i0.wp.com\/larevistadigital.com.ar\/blog\/wp-content\/uploads\/WhatsApp-Image-2021-09-05-at-12.03.34-e1630902553578.jpeg?fit=720%2C752&ssl=1&resize=350%2C200","width":350,"height":200,"srcset":"https:\/\/i0.wp.com\/larevistadigital.com.ar\/blog\/wp-content\/uploads\/WhatsApp-Image-2021-09-05-at-12.03.34-e1630902553578.jpeg?fit=720%2C752&ssl=1&resize=350%2C200 1x, https:\/\/i0.wp.com\/larevistadigital.com.ar\/blog\/wp-content\/uploads\/WhatsApp-Image-2021-09-05-at-12.03.34-e1630902553578.jpeg?fit=720%2C752&ssl=1&resize=525%2C300 1.5x, https:\/\/i0.wp.com\/larevistadigital.com.ar\/blog\/wp-content\/uploads\/WhatsApp-Image-2021-09-05-at-12.03.34-e1630902553578.jpeg?fit=720%2C752&ssl=1&resize=700%2C400 2x"},"classes":[]},{"id":19719,"url":"https:\/\/larevistadigital.com.ar\/blog\/comunicado-del-circulo-medico-de-chascomus\/","url_meta":{"origin":18609,"position":2},"title":"COMUNICADO DEL C\u00cdRCULO M\u00c9DICO DE CHASCOM\u00daS","author":"Alejandro Sosa Ruda","date":"19 abril, 2021","format":false,"excerpt":"Segunda ola de la pandemia de COVID Aconseja a la poblaci\u00f3n a permanecer en sus hogares, moviliz\u00e1ndose solo para el desempe\u00f1o de actividades esenciales, e insta a la importancia del cumplimiento de los protocolos El C\u00edrculo M\u00e9dico de Chascom\u00fas difundi\u00f3 un comunicado donde pide a la comunidad continuar con los\u2026","rel":"","context":"En \u00abCHASCOM\u00daS\u00bb","block_context":{"text":"CHASCOM\u00daS","link":"https:\/\/larevistadigital.com.ar\/blog\/category\/chascomus\/"},"img":{"alt_text":"","src":"https:\/\/i0.wp.com\/larevistadigital.com.ar\/blog\/wp-content\/uploads\/circulo-medico.jpg?fit=900%2C510&ssl=1&resize=350%2C200","width":350,"height":200,"srcset":"https:\/\/i0.wp.com\/larevistadigital.com.ar\/blog\/wp-content\/uploads\/circulo-medico.jpg?fit=900%2C510&ssl=1&resize=350%2C200 1x, https:\/\/i0.wp.com\/larevistadigital.com.ar\/blog\/wp-content\/uploads\/circulo-medico.jpg?fit=900%2C510&ssl=1&resize=525%2C300 1.5x, https:\/\/i0.wp.com\/larevistadigital.com.ar\/blog\/wp-content\/uploads\/circulo-medico.jpg?fit=900%2C510&ssl=1&resize=700%2C400 2x"},"classes":[]},{"id":23147,"url":"https:\/\/larevistadigital.com.ar\/blog\/23147-2\/","url_meta":{"origin":18609,"position":3},"title":"TODOS LOS PROTOCOLOS NECESARIOS PARA VIAJAR","author":"Alejandro Sosa Ruda","date":"1 enero, 2022","format":false,"excerpt":"El Ministerio de Transporte lanz\u00f3 el operativo \u201cViaj\u00e1\u00a0Seguro\u201d para reducir las posibilidades de contagios de coronavirus. Todas las medidas. En el marco de la suba de contagios de coronavirus en el pa\u00eds, el Ministerio de Transporte lanz\u00f3 el\u00a0operativo\u00a0\u201cViaj\u00e1\u00a0Seguro\u201d\u00a0para reducir el riesgo de contagio, que detalla los\u00a0protocolos en micros y trenes\u2026","rel":"","context":"En \u00abINTERES GENERAL\u00bb","block_context":{"text":"INTERES GENERAL","link":"https:\/\/larevistadigital.com.ar\/blog\/category\/interes-general\/"},"img":{"alt_text":"","src":"https:\/\/i0.wp.com\/larevistadigital.com.ar\/blog\/wp-content\/uploads\/1636718910982.jpg?fit=1200%2C800&ssl=1&resize=350%2C200","width":350,"height":200,"srcset":"https:\/\/i0.wp.com\/larevistadigital.com.ar\/blog\/wp-content\/uploads\/1636718910982.jpg?fit=1200%2C800&ssl=1&resize=350%2C200 1x, https:\/\/i0.wp.com\/larevistadigital.com.ar\/blog\/wp-content\/uploads\/1636718910982.jpg?fit=1200%2C800&ssl=1&resize=525%2C300 1.5x, https:\/\/i0.wp.com\/larevistadigital.com.ar\/blog\/wp-content\/uploads\/1636718910982.jpg?fit=1200%2C800&ssl=1&resize=700%2C400 2x, https:\/\/i0.wp.com\/larevistadigital.com.ar\/blog\/wp-content\/uploads\/1636718910982.jpg?fit=1200%2C800&ssl=1&resize=1050%2C600 3x"},"classes":[]},{"id":20207,"url":"https:\/\/larevistadigital.com.ar\/blog\/mar-del-plata-inspectores-quisieron-desarticular-un-multitudinario-show-en-la-rambla-y-fueron-agredidos\/","url_meta":{"origin":18609,"position":4},"title":"MAR DEL PLATA: INSPECTORES QUISIERON DESARTICULAR UN MULTITUDINARIO SHOW EN LA RAMBLA Y FUERON AGREDIDOS","author":"Alejandro Sosa Ruda","date":"10 mayo, 2021","format":false,"excerpt":"Ocurri\u00f3 este domingo por la tarde en un operativo de rutina. En el lugar hab\u00eda m\u00e1s de 180 personas. Agentes de la Subsecretar\u00eda de Inspecci\u00f3n General de la Municipalidad de General Pueyrredon resultaron agredidos este domingo por la tarde cuando avanzaron para desarticular un multitudinario show musical que se hab\u00eda\u2026","rel":"","context":"En \u00abREGIONALES\u00bb","block_context":{"text":"REGIONALES","link":"https:\/\/larevistadigital.com.ar\/blog\/category\/regionales\/"},"img":{"alt_text":"","src":"https:\/\/i0.wp.com\/larevistadigital.com.ar\/blog\/wp-content\/uploads\/SHOW-EN-LA-RAMBLA.png?fit=1006%2C563&ssl=1&resize=350%2C200","width":350,"height":200,"srcset":"https:\/\/i0.wp.com\/larevistadigital.com.ar\/blog\/wp-content\/uploads\/SHOW-EN-LA-RAMBLA.png?fit=1006%2C563&ssl=1&resize=350%2C200 1x, https:\/\/i0.wp.com\/larevistadigital.com.ar\/blog\/wp-content\/uploads\/SHOW-EN-LA-RAMBLA.png?fit=1006%2C563&ssl=1&resize=525%2C300 1.5x, https:\/\/i0.wp.com\/larevistadigital.com.ar\/blog\/wp-content\/uploads\/SHOW-EN-LA-RAMBLA.png?fit=1006%2C563&ssl=1&resize=700%2C400 2x"},"classes":[]},{"id":15558,"url":"https:\/\/larevistadigital.com.ar\/blog\/dolores-pasa-a-fase-5\/","url_meta":{"origin":18609,"position":5},"title":"\u00bfDOLORES PASA A FASE 5?","author":"Alejandro Sosa Ruda","date":"8 junio, 2020","format":false,"excerpt":"Ayer, la Secretar\u00eda de Salud inform\u00f3 que dio negativo el resultado del estudio realizado a la paciente que fue trasladada a un Hospital de La Plata, para continuar con la atenci\u00f3n de una patolog\u00eda preexistente. Hasta este momento en Dolores no hay casos sospechosos ni positivos. Recordar que ante cualquier\u2026","rel":"","context":"En \u00abDOLORES\u00bb","block_context":{"text":"DOLORES","link":"https:\/\/larevistadigital.com.ar\/blog\/category\/dolores\/"},"img":{"alt_text":"","src":"https:\/\/i0.wp.com\/larevistadigital.com.ar\/blog\/wp-content\/uploads\/Plaza_Castelli_Dolores.jpg?fit=1200%2C675&ssl=1&resize=350%2C200","width":350,"height":200,"srcset":"https:\/\/i0.wp.com\/larevistadigital.com.ar\/blog\/wp-content\/uploads\/Plaza_Castelli_Dolores.jpg?fit=1200%2C675&ssl=1&resize=350%2C200 1x, https:\/\/i0.wp.com\/larevistadigital.com.ar\/blog\/wp-content\/uploads\/Plaza_Castelli_Dolores.jpg?fit=1200%2C675&ssl=1&resize=525%2C300 1.5x, https:\/\/i0.wp.com\/larevistadigital.com.ar\/blog\/wp-content\/uploads\/Plaza_Castelli_Dolores.jpg?fit=1200%2C675&ssl=1&resize=700%2C400 2x, https:\/\/i0.wp.com\/larevistadigital.com.ar\/blog\/wp-content\/uploads\/Plaza_Castelli_Dolores.jpg?fit=1200%2C675&ssl=1&resize=1050%2C600 3x"},"classes":[]}],"_links":{"self":[{"href":"https:\/\/larevistadigital.com.ar\/blog\/wp-json\/wp\/v2\/posts\/18609","targetHints":{"allow":["GET"]}}],"collection":[{"href":"https:\/\/larevistadigital.com.ar\/blog\/wp-json\/wp\/v2\/posts"}],"about":[{"href":"https:\/\/larevistadigital.com.ar\/blog\/wp-json\/wp\/v2\/types\/post"}],"author":[{"embeddable":true,"href":"https:\/\/larevistadigital.com.ar\/blog\/wp-json\/wp\/v2\/users\/3"}],"replies":[{"embeddable":true,"href":"https:\/\/larevistadigital.com.ar\/blog\/wp-json\/wp\/v2\/comments?post=18609"}],"version-history":[{"count":1,"href":"https:\/\/larevistadigital.com.ar\/blog\/wp-json\/wp\/v2\/posts\/18609\/revisions"}],"predecessor-version":[{"id":18611,"href":"https:\/\/larevistadigital.com.ar\/blog\/wp-json\/wp\/v2\/posts\/18609\/revisions\/18611"}],"wp:featuredmedia":[{"embeddable":true,"href":"https:\/\/larevistadigital.com.ar\/blog\/wp-json\/wp\/v2\/media\/18610"}],"wp:attachment":[{"href":"https:\/\/larevistadigital.com.ar\/blog\/wp-json\/wp\/v2\/media?parent=18609"}],"wp:term":[{"taxonomy":"category","embeddable":true,"href":"https:\/\/larevistadigital.com.ar\/blog\/wp-json\/wp\/v2\/categories?post=18609"},{"taxonomy":"post_tag","embeddable":true,"href":"https:\/\/larevistadigital.com.ar\/blog\/wp-json\/wp\/v2\/tags?post=18609"}],"curies":[{"name":"wp","href":"https:\/\/api.w.org\/{rel}","templated":true}]}}