{"id":18612,"date":"2021-01-14T15:47:24","date_gmt":"2021-01-14T15:47:24","guid":{"rendered":"https:\/\/larevistadigital.com.ar\/blog\/?p=18612"},"modified":"2021-01-14T15:47:24","modified_gmt":"2021-01-14T15:47:24","slug":"locura-una-discusion-de-transito-termino-con-un-hombre-apunalado-con-un-destornillador","status":"publish","type":"post","link":"https:\/\/larevistadigital.com.ar\/blog\/locura-una-discusion-de-transito-termino-con-un-hombre-apunalado-con-un-destornillador\/","title":{"rendered":"LOCURA: UNA DISCUSI\u00d3N DE TR\u00c1NSITO TERMIN\u00d3 CON UN HOMBRE APU\u00d1ALADO CON UN DESTORNILLADOR"},"content":{"rendered":"<h2 class=\"negrita\">Ocurri\u00f3 el mi\u00e9rcoles por la noche en El Mondongo. Fue protagonizado por el conductor de una camioneta y un peat\u00f3n. Este \u00faltimo termin\u00f3 internado.<\/h2>\n<div class=\"texto\">\n<p>Como si se tratara de una escena salida de la pel\u00edcula argentina\u00a0<strong>Relatos Salvajes<\/strong>,\u00a0<strong>una discusi\u00f3n de tr\u00e1nsito deriv\u00f3 en una brutal pelea que termin\u00f3 con un hombre atacado con un destornillador<\/strong>. Seg\u00fan informaron fuentes policiales a\u00a0<strong>0221.com.ar<\/strong>, el hecho se produjo el mi\u00e9rcoles por la noche, alrededor de las 21, en la esquina de diagonal 79 y 63.<\/p>\n<blockquote>\n<h3>De acuerdo a los voceros,\u00a0<strong>el incidente fue protagonizado por una camioneta y un peat\u00f3n<\/strong>, quienes se habr\u00edan cruzado por una mala maniobra. Testigos del episodio\u00a0aseguraron que, en este contexto,\u00a0<strong>el conductor del rodado baj\u00f3 y corri\u00f3 a la otra persona con un destornillador, aplic\u00e1ndole algunos cortes en el cuerpo<\/strong>.<\/h3>\n<\/blockquote>\n<p class=\"negrita\">Una vez consumada la agresi\u00f3n,\u00a0<strong>escap\u00f3 inmediatamente antes de ser identificado<\/strong>. Por su parte, y alertados por un llamado al 911, efectivos de la comisar\u00eda Novena -a cargo de\u00a0<strong>Cristian di Gi\u00e1como<\/strong>&#8211; acudieron a la escena y brindaron asistencia. Debido al cuadro que presentaba la v\u00edctima, decidieron trasladarla en ambulancia al\u00a0<strong>hospital San Mart\u00edn<\/strong>.<\/p>\n<p>Las fuentes aseguraron que\u00a0<strong>su estado de salud es bueno ya que solamente recibi\u00f3 lesiones leves<\/strong>. No obstante, qued\u00f3 en observaci\u00f3n para recibir una mejor atenci\u00f3n. En tanto, las autoridades iniciaron la investigaci\u00f3n correspondiente para dar con el paradero del agresor,\u00a0<strong>quien a\u00fan contin\u00faa pr\u00f3fugo<\/strong>.<\/p>\n<p>&nbsp;<\/p>\n<\/div>\n","protected":false},"excerpt":{"rendered":"<div class=\"mh-excerpt\"><p>Ocurri\u00f3 el mi\u00e9rcoles por la noche en El Mondongo. Fue protagonizado por el conductor de una camioneta y un peat\u00f3n. Este \u00faltimo termin\u00f3 internado. Como si se tratara de una escena salida de la pel\u00edcula <a class=\"mh-excerpt-more\" href=\"https:\/\/larevistadigital.com.ar\/blog\/locura-una-discusion-de-transito-termino-con-un-hombre-apunalado-con-un-destornillador\/\" title=\"LOCURA: UNA DISCUSI\u00d3N DE TR\u00c1NSITO TERMIN\u00d3 CON UN HOMBRE APU\u00d1ALADO CON UN DESTORNILLADOR\">[Leer M\u00e1s]<\/a><\/p>\n<\/div>","protected":false},"author":3,"featured_media":18613,"comment_status":"open","ping_status":"open","sticky":false,"template":"","format":"standard","meta":{"_jetpack_memberships_contains_paid_content":false,"footnotes":"","jetpack_publicize_message":"","jetpack_publicize_feature_enabled":true,"jetpack_social_post_already_shared":true,"jetpack_social_options":{"image_generator_settings":{"template":"highway","default_image_id":0,"font":"","enabled":false},"version":2}},"categories":[44,51],"tags":[],"class_list":{"0":"post-18612","1":"post","2":"type-post","3":"status-publish","4":"format-standard","5":"has-post-thumbnail","7":"category-policiales","8":"category-regionales"},"jetpack_publicize_connections":[],"jetpack_featured_media_url":"https:\/\/i0.wp.com\/larevistadigital.com.ar\/blog\/wp-content\/uploads\/1558034863713.jpg?fit=1500%2C996&ssl=1","jetpack_sharing_enabled":true,"jetpack_shortlink":"https:\/\/wp.me\/p8qtrQ-4Qc","jetpack-related-posts":[{"id":33437,"url":"https:\/\/larevistadigital.com.ar\/blog\/mar-del-plata-apunalo-a-su-primo-con-un-destornillador\/","url_meta":{"origin":18612,"position":0},"title":"MAR DEL PLATA: APU\u00d1AL\u00d3 A SU PRIMO CON UN DESTORNILLADOR","author":"Alejandro Sosa Ruda","date":"11 septiembre, 2023","format":false,"excerpt":"El agresor de 27 a\u00f1os qued\u00f3 alojado en la Unidad Pena N\u00b044 de Bat\u00e1n imputado de homicidio en grado de tentativa. 11 de septiembre de 2023 MAR DEL PLATA -\u00a0 Un hombre de 27 a\u00f1os que el lunes por la tarde, apu\u00f1al\u00f3 con un destornillador a su primo fue aprehendido\u2026","rel":"","context":"En \u00abPOLICIALES\u00bb","block_context":{"text":"POLICIALES","link":"https:\/\/larevistadigital.com.ar\/blog\/category\/policiales\/"},"img":{"alt_text":"","src":"https:\/\/i0.wp.com\/larevistadigital.com.ar\/blog\/wp-content\/uploads\/Captura-de-pantalla-2023-09-11-232500.png?fit=795%2C437&ssl=1&resize=350%2C200","width":350,"height":200,"srcset":"https:\/\/i0.wp.com\/larevistadigital.com.ar\/blog\/wp-content\/uploads\/Captura-de-pantalla-2023-09-11-232500.png?fit=795%2C437&ssl=1&resize=350%2C200 1x, https:\/\/i0.wp.com\/larevistadigital.com.ar\/blog\/wp-content\/uploads\/Captura-de-pantalla-2023-09-11-232500.png?fit=795%2C437&ssl=1&resize=525%2C300 1.5x, https:\/\/i0.wp.com\/larevistadigital.com.ar\/blog\/wp-content\/uploads\/Captura-de-pantalla-2023-09-11-232500.png?fit=795%2C437&ssl=1&resize=700%2C400 2x"},"classes":[]},{"id":29838,"url":"https:\/\/larevistadigital.com.ar\/blog\/la-plata-apunalan-a-un-hombre-con-un-destornillador-y-le-perforan-un-pulmon\/","url_meta":{"origin":18612,"position":1},"title":"LA PLATA: APU\u00d1ALAN A UN HOMBRE CON UN DESTORNILLADOR Y LE PERFORAN UN PULM\u00d3N.","author":"Alejandro Sosa Ruda","date":"19 enero, 2023","format":false,"excerpt":"Todo ocurri\u00f3 en medio de una tremenda pelea que se desat\u00f3 a metros del Hospital Rossi, en 37 entre 116 y 117. Por el hecho hay dos detenidos. 19 de enero de 2023 Durante una tremenda pelea callejera en barrio Hip\u00f3dromo\u00a0apu\u00f1alaron a un hombre con un destornillador, fue internado y\u2026","rel":"","context":"En \u00abPOLICIALES\u00bb","block_context":{"text":"POLICIALES","link":"https:\/\/larevistadigital.com.ar\/blog\/category\/policiales\/"},"img":{"alt_text":"","src":"https:\/\/i0.wp.com\/larevistadigital.com.ar\/blog\/wp-content\/uploads\/1537797217891.jpeg?fit=1200%2C594&ssl=1&resize=350%2C200","width":350,"height":200,"srcset":"https:\/\/i0.wp.com\/larevistadigital.com.ar\/blog\/wp-content\/uploads\/1537797217891.jpeg?fit=1200%2C594&ssl=1&resize=350%2C200 1x, https:\/\/i0.wp.com\/larevistadigital.com.ar\/blog\/wp-content\/uploads\/1537797217891.jpeg?fit=1200%2C594&ssl=1&resize=525%2C300 1.5x, https:\/\/i0.wp.com\/larevistadigital.com.ar\/blog\/wp-content\/uploads\/1537797217891.jpeg?fit=1200%2C594&ssl=1&resize=700%2C400 2x, https:\/\/i0.wp.com\/larevistadigital.com.ar\/blog\/wp-content\/uploads\/1537797217891.jpeg?fit=1200%2C594&ssl=1&resize=1050%2C600 3x"},"classes":[]},{"id":19141,"url":"https:\/\/larevistadigital.com.ar\/blog\/ruta-2-accidente-a-la-altura-de-castelli-con-cinco-heridos\/","url_meta":{"origin":18612,"position":2},"title":"RUTA 2: ACCIDENTE A LA ALTURA DE CASTELLI CON CINCO HERIDOS","author":"Alejandro Sosa Ruda","date":"2 marzo, 2021","format":false,"excerpt":"El choque fue protagonizado por un cami\u00f3n y una camioneta. Los servicios de emergencia debieron asistir a los ocupantes de los veh\u00edculos. Un total de cinco personas resultaron heridas como consecuencia de un accidente de tr\u00e1nsito ocurrido en el kil\u00f3metro 193 de la Ruta 2, en jurisdicci\u00f3n del partido de\u2026","rel":"","context":"En \u00abINTERES GENERAL\u00bb","block_context":{"text":"INTERES GENERAL","link":"https:\/\/larevistadigital.com.ar\/blog\/category\/interes-general\/"},"img":{"alt_text":"","src":"https:\/\/i0.wp.com\/larevistadigital.com.ar\/blog\/wp-content\/uploads\/baddb3d915a1a844eab9dab86c67cb371d190bb7.jpg?fit=1140%2C699&ssl=1&resize=350%2C200","width":350,"height":200,"srcset":"https:\/\/i0.wp.com\/larevistadigital.com.ar\/blog\/wp-content\/uploads\/baddb3d915a1a844eab9dab86c67cb371d190bb7.jpg?fit=1140%2C699&ssl=1&resize=350%2C200 1x, https:\/\/i0.wp.com\/larevistadigital.com.ar\/blog\/wp-content\/uploads\/baddb3d915a1a844eab9dab86c67cb371d190bb7.jpg?fit=1140%2C699&ssl=1&resize=525%2C300 1.5x, https:\/\/i0.wp.com\/larevistadigital.com.ar\/blog\/wp-content\/uploads\/baddb3d915a1a844eab9dab86c67cb371d190bb7.jpg?fit=1140%2C699&ssl=1&resize=700%2C400 2x, https:\/\/i0.wp.com\/larevistadigital.com.ar\/blog\/wp-content\/uploads\/baddb3d915a1a844eab9dab86c67cb371d190bb7.jpg?fit=1140%2C699&ssl=1&resize=1050%2C600 3x"},"classes":[]},{"id":23699,"url":"https:\/\/larevistadigital.com.ar\/blog\/vio-una-discusion-de-una-pareja-intento-calmar-al-hombre-y-termino-golpeado\/","url_meta":{"origin":18612,"position":3},"title":"VIO UNA DISCUSI\u00d3N DE UNA PAREJA, INTENT\u00d3 CALMAR AL HOMBRE Y TERMIN\u00d3 GOLPEADO","author":"Alejandro Sosa Ruda","date":"30 enero, 2022","format":false,"excerpt":"Ocurri\u00f3 el s\u00e1bado a la noche en Acha y Sicilia. El violento, de 23 a\u00f1os, qued\u00f3 aprehendido, imputado por \"lesiones leves y da\u00f1os\". MAR DEL PLATA -\u00a0 Un motociclista que vio como una pareja discut\u00eda en la calle fue golpeado por el hombre al intentar interceder para calmar la situaci\u00f3n.\u2026","rel":"","context":"En \u00abPOLICIALES\u00bb","block_context":{"text":"POLICIALES","link":"https:\/\/larevistadigital.com.ar\/blog\/category\/policiales\/"},"img":{"alt_text":"","src":"","width":0,"height":0},"classes":[]},{"id":42088,"url":"https:\/\/larevistadigital.com.ar\/blog\/violento-vuelco-en-la-ruta-74-un-hombre-fue-rescatado-por-los-bomberos-en-general-madariaga\/","url_meta":{"origin":18612,"position":4},"title":"Violento vuelco en la Ruta 74: un hombre fue rescatado por los bomberos en General Madariaga","author":"Alejandro Sosa Ruda","date":"19 octubre, 2025","format":false,"excerpt":"El accidente ocurri\u00f3 este s\u00e1bado a la altura del kil\u00f3metro 12, en direcci\u00f3n a Pinamar. El conductor del veh\u00edculo perdi\u00f3 el control y termin\u00f3 volcando. Fue trasladado al hospital con heridas. 19 de Octubre de 2025 BUENOS AIRES\u00a0 -\u00a0 \u00a0Un fuerte accidente de tr\u00e1nsito se registr\u00f3 este s\u00e1bado en el\u2026","rel":"","context":"En \u00abPOLICIALES\u00bb","block_context":{"text":"POLICIALES","link":"https:\/\/larevistadigital.com.ar\/blog\/category\/policiales\/"},"img":{"alt_text":"","src":"https:\/\/i0.wp.com\/larevistadigital.com.ar\/blog\/wp-content\/uploads\/70d730c690df241f6cecf68fe30a0e13dfa6a0ba.jpg?fit=900%2C900&ssl=1&resize=350%2C200","width":350,"height":200,"srcset":"https:\/\/i0.wp.com\/larevistadigital.com.ar\/blog\/wp-content\/uploads\/70d730c690df241f6cecf68fe30a0e13dfa6a0ba.jpg?fit=900%2C900&ssl=1&resize=350%2C200 1x, https:\/\/i0.wp.com\/larevistadigital.com.ar\/blog\/wp-content\/uploads\/70d730c690df241f6cecf68fe30a0e13dfa6a0ba.jpg?fit=900%2C900&ssl=1&resize=525%2C300 1.5x, https:\/\/i0.wp.com\/larevistadigital.com.ar\/blog\/wp-content\/uploads\/70d730c690df241f6cecf68fe30a0e13dfa6a0ba.jpg?fit=900%2C900&ssl=1&resize=700%2C400 2x"},"classes":[]},{"id":38530,"url":"https:\/\/larevistadigital.com.ar\/blog\/encontraron-el-cuerpo-del-conductor-que-cayo-al-dique-paso-de-las-piedras-con-su-camioneta\/","url_meta":{"origin":18612,"position":5},"title":"Encontraron el cuerpo del conductor que cay\u00f3 al dique Paso de las Piedras con su camioneta","author":"Alejandro Sosa Ruda","date":"25 enero, 2025","format":false,"excerpt":"Hallan el cuerpo del conductor que cay\u00f3 con su veh\u00edculo, una Chevrolet Tracker, en el dique Paso de las Piedras. La camioneta fue hallada sumergida a cuatro metros de profundidad. Seg\u00fan testigos, el accidente ocurri\u00f3 el mi\u00e9rcoles alrededor de las 22, cuando el veh\u00edculo choc\u00f3 contra el guardarra\u00edl y cay\u00f3\u2026","rel":"","context":"En \u00abPOLICIALES\u00bb","block_context":{"text":"POLICIALES","link":"https:\/\/larevistadigital.com.ar\/blog\/category\/policiales\/"},"img":{"alt_text":"","src":"https:\/\/i0.wp.com\/larevistadigital.com.ar\/blog\/wp-content\/uploads\/20250125144346_chevrolet-trucker-paso-de-las-piedras.jpg?fit=880%2C512&ssl=1&resize=350%2C200","width":350,"height":200,"srcset":"https:\/\/i0.wp.com\/larevistadigital.com.ar\/blog\/wp-content\/uploads\/20250125144346_chevrolet-trucker-paso-de-las-piedras.jpg?fit=880%2C512&ssl=1&resize=350%2C200 1x, https:\/\/i0.wp.com\/larevistadigital.com.ar\/blog\/wp-content\/uploads\/20250125144346_chevrolet-trucker-paso-de-las-piedras.jpg?fit=880%2C512&ssl=1&resize=525%2C300 1.5x, https:\/\/i0.wp.com\/larevistadigital.com.ar\/blog\/wp-content\/uploads\/20250125144346_chevrolet-trucker-paso-de-las-piedras.jpg?fit=880%2C512&ssl=1&resize=700%2C400 2x"},"classes":[]}],"_links":{"self":[{"href":"https:\/\/larevistadigital.com.ar\/blog\/wp-json\/wp\/v2\/posts\/18612","targetHints":{"allow":["GET"]}}],"collection":[{"href":"https:\/\/larevistadigital.com.ar\/blog\/wp-json\/wp\/v2\/posts"}],"about":[{"href":"https:\/\/larevistadigital.com.ar\/blog\/wp-json\/wp\/v2\/types\/post"}],"author":[{"embeddable":true,"href":"https:\/\/larevistadigital.com.ar\/blog\/wp-json\/wp\/v2\/users\/3"}],"replies":[{"embeddable":true,"href":"https:\/\/larevistadigital.com.ar\/blog\/wp-json\/wp\/v2\/comments?post=18612"}],"version-history":[{"count":1,"href":"https:\/\/larevistadigital.com.ar\/blog\/wp-json\/wp\/v2\/posts\/18612\/revisions"}],"predecessor-version":[{"id":18614,"href":"https:\/\/larevistadigital.com.ar\/blog\/wp-json\/wp\/v2\/posts\/18612\/revisions\/18614"}],"wp:featuredmedia":[{"embeddable":true,"href":"https:\/\/larevistadigital.com.ar\/blog\/wp-json\/wp\/v2\/media\/18613"}],"wp:attachment":[{"href":"https:\/\/larevistadigital.com.ar\/blog\/wp-json\/wp\/v2\/media?parent=18612"}],"wp:term":[{"taxonomy":"category","embeddable":true,"href":"https:\/\/larevistadigital.com.ar\/blog\/wp-json\/wp\/v2\/categories?post=18612"},{"taxonomy":"post_tag","embeddable":true,"href":"https:\/\/larevistadigital.com.ar\/blog\/wp-json\/wp\/v2\/tags?post=18612"}],"curies":[{"name":"wp","href":"https:\/\/api.w.org\/{rel}","templated":true}]}}