{"id":18615,"date":"2021-01-14T15:53:38","date_gmt":"2021-01-14T15:53:38","guid":{"rendered":"https:\/\/larevistadigital.com.ar\/blog\/?p=18615"},"modified":"2021-01-14T15:53:38","modified_gmt":"2021-01-14T15:53:38","slug":"ayacucho-anuncio-el-pago-de-un-bono-de-7-000-y-el-aumento-salarial-para-sus-municipales","status":"publish","type":"post","link":"https:\/\/larevistadigital.com.ar\/blog\/ayacucho-anuncio-el-pago-de-un-bono-de-7-000-y-el-aumento-salarial-para-sus-municipales\/","title":{"rendered":"AYACUCHO ANUNCI\u00d3 EL PAGO DE UN BONO DE $7.000.- Y EL AUMENTO SALARIAL PARA SUS MUNICIPALES"},"content":{"rendered":"<p>Tal como se hab\u00eda anunciado, el pr\u00f3ximo viernes 15 de enero la Municipalidad de Ayacucho estar\u00e1 haciendo efectivo el pago del bono para empleados municipales.<\/p>\n<blockquote>\n<h3>El mismo ser\u00e1 de $7.000 por agente y alcanzar\u00e1 a empleados activos, jubilados y pensionados municipales, quedando exceptuados todos los cargos pol\u00edticos.<\/h3>\n<\/blockquote>\n<p>De acuerdo a lo que informaron desde Prensa Municipal, \u201ccon el sueldo correspondiente al mes de enero se estar\u00e1 cumplimentando el incremento del 15% del b\u00e1sico para toda la escala salarial\u201d el cual corresponde a un 10% del aumento suspendido en Julio pasado y un nuevo 5%.<\/p>\n<blockquote>\n<h3>Por su parte, para los participantes del Programa Municipal de Entrenamiento y Capacitaci\u00f3n (PROMEC) se incrementar\u00e1n los montos de subsidio en el mes de enero, a cobrarse los primeros d\u00edas de febrero, y dicha mejora quedar\u00e1 de manera permanente.<\/h3>\n<\/blockquote>\n<p>Las mejoras van de $1.000 a $5.000 dependiendo de las \u00e1reas, tareas y horas de contraprestaci\u00f3n de cada caso.<\/p>\n<p>Estas medidas alcanzan alrededor de 2.000 personas y tienen por objeto la recomposici\u00f3n salarial, mitigar la p\u00e9rdida de poder adquisitivo de los salarios y subsidios municipales producto de la inflaci\u00f3n general, e inyectar recursos en la econom\u00eda local.<\/p>\n<p>publicado en ayacuchoaldia<\/p>\n","protected":false},"excerpt":{"rendered":"<div class=\"mh-excerpt\"><p>Tal como se hab\u00eda anunciado, el pr\u00f3ximo viernes 15 de enero la Municipalidad de Ayacucho estar\u00e1 haciendo efectivo el pago del bono para empleados municipales. El mismo ser\u00e1 de $7.000 por agente y alcanzar\u00e1 a <a class=\"mh-excerpt-more\" href=\"https:\/\/larevistadigital.com.ar\/blog\/ayacucho-anuncio-el-pago-de-un-bono-de-7-000-y-el-aumento-salarial-para-sus-municipales\/\" title=\"AYACUCHO ANUNCI\u00d3 EL PAGO DE UN BONO DE $7.000.- Y EL AUMENTO SALARIAL PARA SUS MUNICIPALES\">[Leer M\u00e1s]<\/a><\/p>\n<\/div>","protected":false},"author":3,"featured_media":18616,"comment_status":"open","ping_status":"open","sticky":false,"template":"","format":"standard","meta":{"_jetpack_memberships_contains_paid_content":false,"footnotes":"","jetpack_publicize_message":"","jetpack_publicize_feature_enabled":true,"jetpack_social_post_already_shared":true,"jetpack_social_options":{"image_generator_settings":{"template":"highway","default_image_id":0,"font":"","enabled":false},"version":2}},"categories":[24,51],"tags":[],"class_list":{"0":"post-18615","1":"post","2":"type-post","3":"status-publish","4":"format-standard","5":"has-post-thumbnail","7":"category-politica-provincial","8":"category-regionales"},"jetpack_publicize_connections":[],"jetpack_featured_media_url":"https:\/\/i0.wp.com\/larevistadigital.com.ar\/blog\/wp-content\/uploads\/21-10-2020-cordonnier.jpg?fit=1280%2C960&ssl=1","jetpack_sharing_enabled":true,"jetpack_shortlink":"https:\/\/wp.me\/p8qtrQ-4Qf","jetpack-related-posts":[{"id":12691,"url":"https:\/\/larevistadigital.com.ar\/blog\/el-intendente-echarren-pagara-un-bono-de-7-000-por-el-dia-de-la-madre\/","url_meta":{"origin":18615,"position":0},"title":"EL INTENDENTE ECHARREN PAGAR\u00c1 UN BONO DE $7.000.- POR EL D\u00cdA DE LA MADRE","author":"Alejandro Sosa Ruda","date":"18 octubre, 2019","format":false,"excerpt":"Este jueves 17 de octubre el Intendente Municipal Francisco Echarren anuncio en sus redes sociales que estar\u00e1 pagando un bono de $7000 a empleados municipales. Este pago especial de un plus salarial implic\u00f3 un desembolso de casi 2,3 millones de pesos que se reinsertar\u00e1n en el circuito econ\u00f3mico de Castelli\u2026","rel":"","context":"En \u00abCASTELLI\u00bb","block_context":{"text":"CASTELLI","link":"https:\/\/larevistadigital.com.ar\/blog\/category\/castelli\/"},"img":{"alt_text":"","src":"https:\/\/i0.wp.com\/larevistadigital.com.ar\/blog\/wp-content\/uploads\/5afa15dab4b66-1140x641.jpg?fit=1140%2C641&ssl=1&resize=350%2C200","width":350,"height":200,"srcset":"https:\/\/i0.wp.com\/larevistadigital.com.ar\/blog\/wp-content\/uploads\/5afa15dab4b66-1140x641.jpg?fit=1140%2C641&ssl=1&resize=350%2C200 1x, https:\/\/i0.wp.com\/larevistadigital.com.ar\/blog\/wp-content\/uploads\/5afa15dab4b66-1140x641.jpg?fit=1140%2C641&ssl=1&resize=525%2C300 1.5x, https:\/\/i0.wp.com\/larevistadigital.com.ar\/blog\/wp-content\/uploads\/5afa15dab4b66-1140x641.jpg?fit=1140%2C641&ssl=1&resize=700%2C400 2x, https:\/\/i0.wp.com\/larevistadigital.com.ar\/blog\/wp-content\/uploads\/5afa15dab4b66-1140x641.jpg?fit=1140%2C641&ssl=1&resize=1050%2C600 3x"},"classes":[]},{"id":18440,"url":"https:\/\/larevistadigital.com.ar\/blog\/municipales-de-pila-aumento-del-30-y-bono-de-7-000\/","url_meta":{"origin":18615,"position":1},"title":"MUNICIPALES DE PILA: AUMENTO DEL 30% Y BONO DE $7.000.-","author":"Alejandro Sosa Ruda","date":"3 enero, 2021","format":false,"excerpt":"Inform\u00f3 el sitio zetanoticias.com.ar que los trabajadores municipales de Pila, ese peque\u00f1o distrito de la quinta secci\u00f3n electoral, tienen buenas noticias para el inicio del 2021. Con la puesta en vigencia del nuevo presupuesto para el corriente a\u00f1o, los empleados de la comuna percibir\u00e1n un treinta por ciento de incremento\u2026","rel":"","context":"En \u00abPILA\u00bb","block_context":{"text":"PILA","link":"https:\/\/larevistadigital.com.ar\/blog\/category\/pila\/"},"img":{"alt_text":"","src":"https:\/\/i0.wp.com\/larevistadigital.com.ar\/blog\/wp-content\/uploads\/3d5ad604e80f845c1412455f3e5a416d.jpg?fit=1200%2C800&ssl=1&resize=350%2C200","width":350,"height":200,"srcset":"https:\/\/i0.wp.com\/larevistadigital.com.ar\/blog\/wp-content\/uploads\/3d5ad604e80f845c1412455f3e5a416d.jpg?fit=1200%2C800&ssl=1&resize=350%2C200 1x, https:\/\/i0.wp.com\/larevistadigital.com.ar\/blog\/wp-content\/uploads\/3d5ad604e80f845c1412455f3e5a416d.jpg?fit=1200%2C800&ssl=1&resize=525%2C300 1.5x, https:\/\/i0.wp.com\/larevistadigital.com.ar\/blog\/wp-content\/uploads\/3d5ad604e80f845c1412455f3e5a416d.jpg?fit=1200%2C800&ssl=1&resize=700%2C400 2x, https:\/\/i0.wp.com\/larevistadigital.com.ar\/blog\/wp-content\/uploads\/3d5ad604e80f845c1412455f3e5a416d.jpg?fit=1200%2C800&ssl=1&resize=1050%2C600 3x"},"classes":[]},{"id":34642,"url":"https:\/\/larevistadigital.com.ar\/blog\/se-adecuara-el-aumento-a-municipales\/","url_meta":{"origin":18615,"position":2},"title":"\u00bfSE ADECUAR\u00c1 EL AUMENTO A MUNICIPALES?","author":"Alejandro Sosa Ruda","date":"27 noviembre, 2023","format":false,"excerpt":"27 de Noviembre de 2023 El pasado 24 de noviembre, seg\u00fan se publicara en distintos medios, el gobierno nacional y los sindicatos de trabajadores estatales ATE y UPCN acordaron un aumento salarial del 19,9 por ciento acumulativo para noviembre y diciembre y un bono de 70 mil pesos. As\u00ed, en\u2026","rel":"","context":"En \u00abPOLITICA LOCAL\u00bb","block_context":{"text":"POLITICA LOCAL","link":"https:\/\/larevistadigital.com.ar\/blog\/category\/politica\/politica-local\/"},"img":{"alt_text":"","src":"https:\/\/i0.wp.com\/larevistadigital.com.ar\/blog\/wp-content\/uploads\/Captura-de-pantalla-2023-11-27-092255.png?fit=800%2C600&ssl=1&resize=350%2C200","width":350,"height":200,"srcset":"https:\/\/i0.wp.com\/larevistadigital.com.ar\/blog\/wp-content\/uploads\/Captura-de-pantalla-2023-11-27-092255.png?fit=800%2C600&ssl=1&resize=350%2C200 1x, https:\/\/i0.wp.com\/larevistadigital.com.ar\/blog\/wp-content\/uploads\/Captura-de-pantalla-2023-11-27-092255.png?fit=800%2C600&ssl=1&resize=525%2C300 1.5x, https:\/\/i0.wp.com\/larevistadigital.com.ar\/blog\/wp-content\/uploads\/Captura-de-pantalla-2023-11-27-092255.png?fit=800%2C600&ssl=1&resize=700%2C400 2x"},"classes":[]},{"id":18364,"url":"https:\/\/larevistadigital.com.ar\/blog\/municipales-de-chascomus-feliz-navidad-pero-sin-bono-ni-aumento\/","url_meta":{"origin":18615,"position":3},"title":"MUNICIPALES DE CHASCOM\u00daS: \u00ab\u00a1FELIZ NAVIDAD, PERO SIN BONO NI AUMENTO!\u00bb&#8230;","author":"Alejandro Sosa Ruda","date":"28 diciembre, 2020","format":false,"excerpt":"El a\u00f1o est\u00e1 llegando a su fin, y para los maltratados trabajadores municipales, ha pasado \u201ccon pena y sin gloria\u201d. Un 2020 signado por la \u201cmaldita pandemia\u201d que azot\u00f3 al mundo, con todas sus consecuencias en todos los aspectos de nuestras vidas, pero sobre todo en el econ\u00f3mico que produjo\u2026","rel":"","context":"En \u00abINTERES GENERAL\u00bb","block_context":{"text":"INTERES GENERAL","link":"https:\/\/larevistadigital.com.ar\/blog\/category\/interes-general\/"},"img":{"alt_text":"","src":"https:\/\/i0.wp.com\/larevistadigital.com.ar\/blog\/wp-content\/uploads\/salario-mensual.jpg?fit=620%2C370&ssl=1&resize=350%2C200","width":350,"height":200,"srcset":"https:\/\/i0.wp.com\/larevistadigital.com.ar\/blog\/wp-content\/uploads\/salario-mensual.jpg?fit=620%2C370&ssl=1&resize=350%2C200 1x, https:\/\/i0.wp.com\/larevistadigital.com.ar\/blog\/wp-content\/uploads\/salario-mensual.jpg?fit=620%2C370&ssl=1&resize=525%2C300 1.5x"},"classes":[]},{"id":16698,"url":"https:\/\/larevistadigital.com.ar\/blog\/lezama-el-ejecutivo-definio-un-nuevo-aumento-en-los-sueldos-municipales\/","url_meta":{"origin":18615,"position":4},"title":"LEZAMA: EL EJECUTIVO DEFINI\u00d3 UN NUEVO AUMENTO EN LOS SUELDOS MUNICIPALES","author":"Alejandro Sosa Ruda","date":"4 octubre, 2020","format":false,"excerpt":"La Municipalidad de Lezama ha dispuesto un aumento salarial del 10 % para todos los empleados municipales, que se abonar\u00e1 seg\u00fan el siguiente cronograma: \ud83d\udd3c\u00a0el 5 % estar\u00e1 disponible el viernes 2 de octubre, correspondiente a los haberes de septiembre que los empleados cobraron hoy. \ud83d\udd3c\u00a0el 5 % restante se\u2026","rel":"","context":"En \u00abLEZAMA\u00bb","block_context":{"text":"LEZAMA","link":"https:\/\/larevistadigital.com.ar\/blog\/category\/lezama\/"},"img":{"alt_text":"","src":"https:\/\/i0.wp.com\/larevistadigital.com.ar\/blog\/wp-content\/uploads\/120492538_1881423145383711_8621373397305371788_o.jpg?fit=960%2C540&ssl=1&resize=350%2C200","width":350,"height":200,"srcset":"https:\/\/i0.wp.com\/larevistadigital.com.ar\/blog\/wp-content\/uploads\/120492538_1881423145383711_8621373397305371788_o.jpg?fit=960%2C540&ssl=1&resize=350%2C200 1x, https:\/\/i0.wp.com\/larevistadigital.com.ar\/blog\/wp-content\/uploads\/120492538_1881423145383711_8621373397305371788_o.jpg?fit=960%2C540&ssl=1&resize=525%2C300 1.5x, https:\/\/i0.wp.com\/larevistadigital.com.ar\/blog\/wp-content\/uploads\/120492538_1881423145383711_8621373397305371788_o.jpg?fit=960%2C540&ssl=1&resize=700%2C400 2x"},"classes":[]},{"id":22833,"url":"https:\/\/larevistadigital.com.ar\/blog\/maipu-el-intendente-anuncio-un-bono-de-14-000-para-los-municipales\/","url_meta":{"origin":18615,"position":5},"title":"MAIP\u00da: EL INTENDENTE ANUNCI\u00d3 UN BONO DE $14.000.- PARA LOS MUNICIPALES","author":"Alejandro Sosa Ruda","date":"5 diciembre, 2021","format":false,"excerpt":"MAIP\u00da -\u00a0 Durante la fiesta del empleado municipal que se llevo a cabo en el Club Independiente, el Intendente Municipal de Maip\u00fa, Mat\u00edas Rappallini, anunci\u00f3 un bono de fin de a\u00f1o de 14.000 pesos adem\u00e1s que particip\u00f3 del brindis con los empleados y agradeci\u00f3 por su labor diaria. fuente: ayacucho\u2026","rel":"","context":"En \u00abREGIONALES\u00bb","block_context":{"text":"REGIONALES","link":"https:\/\/larevistadigital.com.ar\/blog\/category\/regionales\/"},"img":{"alt_text":"","src":"https:\/\/i0.wp.com\/larevistadigital.com.ar\/blog\/wp-content\/uploads\/93097E8E-FEFF-41BA-8D66-620AD637FB1F.jpeg?fit=1200%2C900&ssl=1&resize=350%2C200","width":350,"height":200,"srcset":"https:\/\/i0.wp.com\/larevistadigital.com.ar\/blog\/wp-content\/uploads\/93097E8E-FEFF-41BA-8D66-620AD637FB1F.jpeg?fit=1200%2C900&ssl=1&resize=350%2C200 1x, https:\/\/i0.wp.com\/larevistadigital.com.ar\/blog\/wp-content\/uploads\/93097E8E-FEFF-41BA-8D66-620AD637FB1F.jpeg?fit=1200%2C900&ssl=1&resize=525%2C300 1.5x, https:\/\/i0.wp.com\/larevistadigital.com.ar\/blog\/wp-content\/uploads\/93097E8E-FEFF-41BA-8D66-620AD637FB1F.jpeg?fit=1200%2C900&ssl=1&resize=700%2C400 2x, https:\/\/i0.wp.com\/larevistadigital.com.ar\/blog\/wp-content\/uploads\/93097E8E-FEFF-41BA-8D66-620AD637FB1F.jpeg?fit=1200%2C900&ssl=1&resize=1050%2C600 3x"},"classes":[]}],"_links":{"self":[{"href":"https:\/\/larevistadigital.com.ar\/blog\/wp-json\/wp\/v2\/posts\/18615","targetHints":{"allow":["GET"]}}],"collection":[{"href":"https:\/\/larevistadigital.com.ar\/blog\/wp-json\/wp\/v2\/posts"}],"about":[{"href":"https:\/\/larevistadigital.com.ar\/blog\/wp-json\/wp\/v2\/types\/post"}],"author":[{"embeddable":true,"href":"https:\/\/larevistadigital.com.ar\/blog\/wp-json\/wp\/v2\/users\/3"}],"replies":[{"embeddable":true,"href":"https:\/\/larevistadigital.com.ar\/blog\/wp-json\/wp\/v2\/comments?post=18615"}],"version-history":[{"count":1,"href":"https:\/\/larevistadigital.com.ar\/blog\/wp-json\/wp\/v2\/posts\/18615\/revisions"}],"predecessor-version":[{"id":18617,"href":"https:\/\/larevistadigital.com.ar\/blog\/wp-json\/wp\/v2\/posts\/18615\/revisions\/18617"}],"wp:featuredmedia":[{"embeddable":true,"href":"https:\/\/larevistadigital.com.ar\/blog\/wp-json\/wp\/v2\/media\/18616"}],"wp:attachment":[{"href":"https:\/\/larevistadigital.com.ar\/blog\/wp-json\/wp\/v2\/media?parent=18615"}],"wp:term":[{"taxonomy":"category","embeddable":true,"href":"https:\/\/larevistadigital.com.ar\/blog\/wp-json\/wp\/v2\/categories?post=18615"},{"taxonomy":"post_tag","embeddable":true,"href":"https:\/\/larevistadigital.com.ar\/blog\/wp-json\/wp\/v2\/tags?post=18615"}],"curies":[{"name":"wp","href":"https:\/\/api.w.org\/{rel}","templated":true}]}}