{"id":18618,"date":"2021-01-14T17:36:27","date_gmt":"2021-01-14T17:36:27","guid":{"rendered":"https:\/\/larevistadigital.com.ar\/blog\/?p=18618"},"modified":"2021-01-15T14:07:09","modified_gmt":"2021-01-15T14:07:09","slug":"el-municipio-incorpora-un-canal-de-autogestion-digital-por-reclamos-al-147-mientras-los-vecinos-se-quejan-de-la-falta-de-atencion","status":"publish","type":"post","link":"https:\/\/larevistadigital.com.ar\/blog\/el-municipio-incorpora-un-canal-de-autogestion-digital-por-reclamos-al-147-mientras-los-vecinos-se-quejan-de-la-falta-de-atencion\/","title":{"rendered":"EL MUNICIPIO INCORPORA UN CANAL DE \u00abAUTOGESTI\u00d3N DIGITAL\u00bb POR RECLAMOS AL 147 MIENTRAS LOS VECINOS SE QUEJAN DE LA FALTA DE ATENCI\u00d3N"},"content":{"rendered":"<p>Mientras los vecinos de Chascom\u00fas protestan indignados porque no son escuchados, ni atendidos en tiempo y forma cuando realizaron reclamos al tel\u00e9fono <strong>147<\/strong> que supuestamente cumplir\u00eda esa funci\u00f3n, desde la Municipalidad de Chascom\u00fas, anuncian la creaci\u00f3n de un espacio en la web como para que uno ingrese, y en \u00abf\u00e1ciles pasos\u00bb realice su reclamo o pedido para tener una\u00a0 \u00abmejor atenci\u00f3n\u00bb.<\/p>\n<blockquote>\n<h3>Cuando la noticia empez\u00f3 a difundirse, r\u00e1pidamente comenzaron a llover comentarios en la red social del municipio, y en la de sitios colegas que difundieron la noticia, donde los vecinos se quejaban indignados, contando que no han tenido respuesta alguna del mencionado 147 y que a\u00fan esperan que se haga algo por sus reclamos.<\/h3>\n<\/blockquote>\n<p><img data-recalc-dims=\"1\" loading=\"lazy\" decoding=\"async\" class=\"alignnone size-full wp-image-18629\" src=\"https:\/\/i0.wp.com\/larevistadigital.com.ar\/blog\/wp-content\/uploads\/Screenshot_1-197.jpg?resize=691%2C439&#038;ssl=1\" alt=\"\" width=\"691\" height=\"439\" srcset=\"https:\/\/i0.wp.com\/larevistadigital.com.ar\/blog\/wp-content\/uploads\/Screenshot_1-197.jpg?w=691&amp;ssl=1 691w, https:\/\/i0.wp.com\/larevistadigital.com.ar\/blog\/wp-content\/uploads\/Screenshot_1-197.jpg?resize=300%2C191&amp;ssl=1 300w\" sizes=\"auto, (max-width: 691px) 100vw, 691px\" \/> <img data-recalc-dims=\"1\" loading=\"lazy\" decoding=\"async\" class=\"alignnone size-full wp-image-18630\" src=\"https:\/\/i0.wp.com\/larevistadigital.com.ar\/blog\/wp-content\/uploads\/Screenshot_1-2-2.jpg?resize=682%2C567&#038;ssl=1\" alt=\"\" width=\"682\" height=\"567\" srcset=\"https:\/\/i0.wp.com\/larevistadigital.com.ar\/blog\/wp-content\/uploads\/Screenshot_1-2-2.jpg?w=682&amp;ssl=1 682w, https:\/\/i0.wp.com\/larevistadigital.com.ar\/blog\/wp-content\/uploads\/Screenshot_1-2-2.jpg?resize=300%2C249&amp;ssl=1 300w\" sizes=\"auto, (max-width: 682px) 100vw, 682px\" \/><\/p>\n<p>Hace poco tiempo atr\u00e1s, sucedi\u00f3 lo propio con la l\u00ednea <strong>107<\/strong>, que corresponde a las emergencias del Hospital Municipal San Vicente de Paul, porque o no atend\u00edan los llamados, o no se acud\u00eda con la debida celeridad a distintas urgencias. Inclusive cuando se llam\u00f3 por sospecha de Covid-19. En aquel momento, la Secretaria de Salud, se limit\u00f3 a decir que \u00abllamen a sus m\u00e9dicos de cabecera\u00bb. Una respuesta verdaderamente desubicada para un funcionario. Es como decir: \u00abarreglate\u00bb, en lugar de dar soluci\u00f3n al problema en cuesti\u00f3n.<\/p>\n<blockquote>\n<h3>Aunque esta medida demuestra el \u00abavance en materia de tecnolog\u00eda y modernizaci\u00f3n del municipio\u00bb, tratando de eliminar la atenci\u00f3n personalizada, y cambi\u00e1ndola por una m\u00e1quina, automatizada que no permite que uno exprese su descontento. Siguen los pasos de las grandes empresas de servicios, que de esa forma, fueron eliminando los seres humanos en la \u00abatenci\u00f3n al cliente\u00bb. Mientras tanto: AJO Y AGUA: \u00abA joderse y aguantarse\u00bb.<\/h3>\n<\/blockquote>\n","protected":false},"excerpt":{"rendered":"<div class=\"mh-excerpt\"><p>Mientras los vecinos de Chascom\u00fas protestan indignados porque no son escuchados, ni atendidos en tiempo y forma cuando realizaron reclamos al tel\u00e9fono 147 que supuestamente cumplir\u00eda esa funci\u00f3n, desde la Municipalidad de Chascom\u00fas, anuncian la <a class=\"mh-excerpt-more\" href=\"https:\/\/larevistadigital.com.ar\/blog\/el-municipio-incorpora-un-canal-de-autogestion-digital-por-reclamos-al-147-mientras-los-vecinos-se-quejan-de-la-falta-de-atencion\/\" title=\"EL MUNICIPIO INCORPORA UN CANAL DE \u00abAUTOGESTI\u00d3N DIGITAL\u00bb POR RECLAMOS AL 147 MIENTRAS LOS VECINOS SE QUEJAN DE LA FALTA DE ATENCI\u00d3N\">[Leer M\u00e1s]<\/a><\/p>\n<\/div>","protected":false},"author":3,"featured_media":18619,"comment_status":"open","ping_status":"open","sticky":false,"template":"","format":"standard","meta":{"_jetpack_memberships_contains_paid_content":false,"footnotes":"","jetpack_publicize_message":"","jetpack_publicize_feature_enabled":true,"jetpack_social_post_already_shared":true,"jetpack_social_options":{"image_generator_settings":{"template":"highway","default_image_id":0,"font":"","enabled":false},"version":2}},"categories":[41],"tags":[],"class_list":{"0":"post-18618","1":"post","2":"type-post","3":"status-publish","4":"format-standard","5":"has-post-thumbnail","7":"category-destacadas"},"jetpack_publicize_connections":[],"jetpack_featured_media_url":"https:\/\/i0.wp.com\/larevistadigital.com.ar\/blog\/wp-content\/uploads\/147-uxch-scaled.jpg?fit=2560%2C1493&ssl=1","jetpack_sharing_enabled":true,"jetpack_shortlink":"https:\/\/wp.me\/p8qtrQ-4Qi","jetpack-related-posts":[{"id":41380,"url":"https:\/\/larevistadigital.com.ar\/blog\/chascomus-el-servicio-147-centraliza-la-atencion-sobre-servicios-municipales\/","url_meta":{"origin":18618,"position":0},"title":"Chascom\u00fas: El servicio 147 centraliza la atenci\u00f3n sobre servicios municipales","author":"Alejandro Sosa Ruda","date":"10 septiembre, 2025","format":false,"excerpt":"La Municipalidad de Chascom\u00fas pone a disposici\u00f3n de los vecinos y las vecinas un sistema de atenci\u00f3n centralizado, para atender inquietudes relacionadas con obras p\u00fablicas, infraestructura y servicios municipales. 10 de septiembre de 2025 CHASCOM\u00daS -\u00a0 \u00a0A trav\u00e9s de esta l\u00ednea telef\u00f3nica gratuita, de un portal web y de manera\u2026","rel":"","context":"En \u00abCHASCOM\u00daS\u00bb","block_context":{"text":"CHASCOM\u00daS","link":"https:\/\/larevistadigital.com.ar\/blog\/category\/chascomus\/"},"img":{"alt_text":"","src":"https:\/\/i0.wp.com\/larevistadigital.com.ar\/blog\/wp-content\/uploads\/68c1a5be68e5e.png?fit=668%2C445&ssl=1&resize=350%2C200","width":350,"height":200,"srcset":"https:\/\/i0.wp.com\/larevistadigital.com.ar\/blog\/wp-content\/uploads\/68c1a5be68e5e.png?fit=668%2C445&ssl=1&resize=350%2C200 1x, https:\/\/i0.wp.com\/larevistadigital.com.ar\/blog\/wp-content\/uploads\/68c1a5be68e5e.png?fit=668%2C445&ssl=1&resize=525%2C300 1.5x"},"classes":[]},{"id":36031,"url":"https:\/\/larevistadigital.com.ar\/blog\/el-servicio-147-recibe-reclamos-y-consultas-sobre-obras-y-servicios-publicos\/","url_meta":{"origin":18618,"position":1},"title":"EL SERVICIO 147 RECIBE RECLAMOS Y CONSULTAS SOBRE OBRAS Y SERVICIOS P\u00daBLICOS","author":"Alejandro Sosa Ruda","date":"13 mayo, 2024","format":false,"excerpt":"La l\u00ednea telef\u00f3nica gratuita centraliza la atenci\u00f3n al vecino sobre servicios municipales. 13 de mayo de 2024 CHASCOM\u00daS -\u00a0 Para cualquier inquietud relacionada con obras p\u00fablicas, servicios municipales o reclamos sobre infraestructura, la Municipalidad de Chascom\u00fas pone a disposici\u00f3n de los vecinos y las vecinas el sistema de atenci\u00f3n centralizado\u2026","rel":"","context":"En \u00abCHASCOM\u00daS\u00bb","block_context":{"text":"CHASCOM\u00daS","link":"https:\/\/larevistadigital.com.ar\/blog\/category\/chascomus\/"},"img":{"alt_text":"","src":"https:\/\/i0.wp.com\/larevistadigital.com.ar\/blog\/wp-content\/uploads\/2024_05_14_02_14_58_6372383.jpg?fit=600%2C337&ssl=1&resize=350%2C200","width":350,"height":200,"srcset":"https:\/\/i0.wp.com\/larevistadigital.com.ar\/blog\/wp-content\/uploads\/2024_05_14_02_14_58_6372383.jpg?fit=600%2C337&ssl=1&resize=350%2C200 1x, https:\/\/i0.wp.com\/larevistadigital.com.ar\/blog\/wp-content\/uploads\/2024_05_14_02_14_58_6372383.jpg?fit=600%2C337&ssl=1&resize=525%2C300 1.5x"},"classes":[]},{"id":40874,"url":"https:\/\/larevistadigital.com.ar\/blog\/el-servicio-147-recibe-consultas-y-reclamos-sobre-servicios-municipales\/","url_meta":{"origin":18618,"position":2},"title":"El servicio 147 recibe consultas y reclamos sobre servicios municipales","author":"Alejandro Sosa Ruda","date":"13 agosto, 2025","format":false,"excerpt":"Durante las 24 horas, los vecinos cuentan con el sistema de atenci\u00f3n centralizado para atender inquietudes relacionadas con obras p\u00fablicas, infraestructura y servicios. 13 de Agosto de 2025 CHASCOM\u00daS -\u00a0 \u00a0A trav\u00e9s de una l\u00ednea telef\u00f3nica gratuita, de un portal web y de manera presencial, los habitantes pueden realizar consultas\u2026","rel":"","context":"En \u00abCHASCOM\u00daS\u00bb","block_context":{"text":"CHASCOM\u00daS","link":"https:\/\/larevistadigital.com.ar\/blog\/category\/chascomus\/"},"img":{"alt_text":"","src":"https:\/\/i0.wp.com\/larevistadigital.com.ar\/blog\/wp-content\/uploads\/689b729e6e2d7.png?fit=668%2C445&ssl=1&resize=350%2C200","width":350,"height":200,"srcset":"https:\/\/i0.wp.com\/larevistadigital.com.ar\/blog\/wp-content\/uploads\/689b729e6e2d7.png?fit=668%2C445&ssl=1&resize=350%2C200 1x, https:\/\/i0.wp.com\/larevistadigital.com.ar\/blog\/wp-content\/uploads\/689b729e6e2d7.png?fit=668%2C445&ssl=1&resize=525%2C300 1.5x"},"classes":[]},{"id":45026,"url":"https:\/\/larevistadigital.com.ar\/blog\/chascomus-servicio-147-atencion-al-vecino-las-24-horas\/","url_meta":{"origin":18618,"position":3},"title":"Chascom\u00fas, Servicio 147: atenci\u00f3n al vecino las 24 horas","author":"Alejandro Sosa Ruda","date":"8 abril, 2026","format":false,"excerpt":"Canales disponibles para consultas y reclamos vinculados a servicios, obras e infraestructura. 08 de abril de 2026 CHASCOM\u00daS -\u00a0 \u00a0La Municipalidad de Chascom\u00fas recuerda a la comunidad que se encuentra disponible el Servicio 147, un sistema centralizado de atenci\u00f3n destinado a canalizar consultas y reclamos vinculados a obras p\u00fablicas, infraestructura\u2026","rel":"","context":"En \u00abCHASCOM\u00daS\u00bb","block_context":{"text":"CHASCOM\u00daS","link":"https:\/\/larevistadigital.com.ar\/blog\/category\/chascomus\/"},"img":{"alt_text":"","src":"https:\/\/i0.wp.com\/larevistadigital.com.ar\/blog\/wp-content\/uploads\/69d681e21bbd3.png?fit=668%2C445&ssl=1&resize=350%2C200","width":350,"height":200,"srcset":"https:\/\/i0.wp.com\/larevistadigital.com.ar\/blog\/wp-content\/uploads\/69d681e21bbd3.png?fit=668%2C445&ssl=1&resize=350%2C200 1x, https:\/\/i0.wp.com\/larevistadigital.com.ar\/blog\/wp-content\/uploads\/69d681e21bbd3.png?fit=668%2C445&ssl=1&resize=525%2C300 1.5x"},"classes":[]},{"id":41294,"url":"https:\/\/larevistadigital.com.ar\/blog\/chascomus-linea-147-atencion-permanente-para-consultas-sobre-servicios-publicos\/","url_meta":{"origin":18618,"position":4},"title":"Chascom\u00fas: L\u00ednea 147: Atenci\u00f3n permanente para consultas sobre servicios p\u00fablicos","author":"Alejandro Sosa Ruda","date":"4 septiembre, 2025","format":false,"excerpt":"El sistema centralizado permite a los vecinos comunicarse de forma simple y r\u00e1pida durante las 24 horas del d\u00eda. 04 de Septiembre de 2025 CHASCOM\u00daS -\u00a0 \u00a0La Municipalidad de Chascom\u00fas dispone de un servicio de atenci\u00f3n para realizar consultas y pedidos sobre temas relacionados con obras y servicios. Entre otros\u2026","rel":"","context":"En \u00abCHASCOM\u00daS\u00bb","block_context":{"text":"CHASCOM\u00daS","link":"https:\/\/larevistadigital.com.ar\/blog\/category\/chascomus\/"},"img":{"alt_text":"","src":"https:\/\/i0.wp.com\/larevistadigital.com.ar\/blog\/wp-content\/uploads\/68b9c60ae2a36.png?fit=668%2C445&ssl=1&resize=350%2C200","width":350,"height":200,"srcset":"https:\/\/i0.wp.com\/larevistadigital.com.ar\/blog\/wp-content\/uploads\/68b9c60ae2a36.png?fit=668%2C445&ssl=1&resize=350%2C200 1x, https:\/\/i0.wp.com\/larevistadigital.com.ar\/blog\/wp-content\/uploads\/68b9c60ae2a36.png?fit=668%2C445&ssl=1&resize=525%2C300 1.5x"},"classes":[]},{"id":8402,"url":"https:\/\/larevistadigital.com.ar\/blog\/chascomus-algunos-sectores-de-la-ciudad-aun-continuan-sin-agua\/","url_meta":{"origin":18618,"position":5},"title":"CHASCOM\u00daS: ALGUNOS SECTORES DE LA CIUDAD, A\u00daN CONTIN\u00daAN SIN AGUA","author":"Alejandro Sosa Ruda","date":"13 febrero, 2019","format":false,"excerpt":"Tras largas horas sin el suministro de agua, que dur\u00f3 por toda la jornada de ayer, hasta que el municipio concluy\u00f3 con los trabajos al caer la noche, a\u00fan hay barrios en los que los vecinos dicen que no tienen servicio. La Municipalidad, dio a conocer la finalizaci\u00f3n de las\u2026","rel":"","context":"En \u00abCHASCOM\u00daS\u00bb","block_context":{"text":"CHASCOM\u00daS","link":"https:\/\/larevistadigital.com.ar\/blog\/category\/chascomus\/"},"img":{"alt_text":"","src":"https:\/\/i0.wp.com\/larevistadigital.com.ar\/blog\/wp-content\/uploads\/2019\/02\/52001130_2286264928061046_3326858225550098432_n.jpg?fit=540%2C960&ssl=1&resize=350%2C200","width":350,"height":200,"srcset":"https:\/\/i0.wp.com\/larevistadigital.com.ar\/blog\/wp-content\/uploads\/2019\/02\/52001130_2286264928061046_3326858225550098432_n.jpg?fit=540%2C960&ssl=1&resize=350%2C200 1x, https:\/\/i0.wp.com\/larevistadigital.com.ar\/blog\/wp-content\/uploads\/2019\/02\/52001130_2286264928061046_3326858225550098432_n.jpg?fit=540%2C960&ssl=1&resize=525%2C300 1.5x"},"classes":[]}],"_links":{"self":[{"href":"https:\/\/larevistadigital.com.ar\/blog\/wp-json\/wp\/v2\/posts\/18618","targetHints":{"allow":["GET"]}}],"collection":[{"href":"https:\/\/larevistadigital.com.ar\/blog\/wp-json\/wp\/v2\/posts"}],"about":[{"href":"https:\/\/larevistadigital.com.ar\/blog\/wp-json\/wp\/v2\/types\/post"}],"author":[{"embeddable":true,"href":"https:\/\/larevistadigital.com.ar\/blog\/wp-json\/wp\/v2\/users\/3"}],"replies":[{"embeddable":true,"href":"https:\/\/larevistadigital.com.ar\/blog\/wp-json\/wp\/v2\/comments?post=18618"}],"version-history":[{"count":3,"href":"https:\/\/larevistadigital.com.ar\/blog\/wp-json\/wp\/v2\/posts\/18618\/revisions"}],"predecessor-version":[{"id":18632,"href":"https:\/\/larevistadigital.com.ar\/blog\/wp-json\/wp\/v2\/posts\/18618\/revisions\/18632"}],"wp:featuredmedia":[{"embeddable":true,"href":"https:\/\/larevistadigital.com.ar\/blog\/wp-json\/wp\/v2\/media\/18619"}],"wp:attachment":[{"href":"https:\/\/larevistadigital.com.ar\/blog\/wp-json\/wp\/v2\/media?parent=18618"}],"wp:term":[{"taxonomy":"category","embeddable":true,"href":"https:\/\/larevistadigital.com.ar\/blog\/wp-json\/wp\/v2\/categories?post=18618"},{"taxonomy":"post_tag","embeddable":true,"href":"https:\/\/larevistadigital.com.ar\/blog\/wp-json\/wp\/v2\/tags?post=18618"}],"curies":[{"name":"wp","href":"https:\/\/api.w.org\/{rel}","templated":true}]}}