{"id":18634,"date":"2021-01-15T15:59:48","date_gmt":"2021-01-15T15:59:48","guid":{"rendered":"https:\/\/larevistadigital.com.ar\/blog\/?p=18634"},"modified":"2021-01-15T15:59:48","modified_gmt":"2021-01-15T15:59:48","slug":"gestiones-del-secretario-general-de-upsra-leo-requelme-con-el-ministro-gines-gonzalez-garcia-por-la-vacuna-de-covid-para-los-vigiladores-privados","status":"publish","type":"post","link":"https:\/\/larevistadigital.com.ar\/blog\/gestiones-del-secretario-general-de-upsra-leo-requelme-con-el-ministro-gines-gonzalez-garcia-por-la-vacuna-de-covid-para-los-vigiladores-privados\/","title":{"rendered":"GESTIONES DEL SECRETARIO GENERAL DE UPSRA, LEO REQUELME CON EL MINISTRO GINES GONZALEZ GARC\u00cdA, POR LA VACUNA DE COVID PARA LOS VIGILADORES PRIVADOS"},"content":{"rendered":"<p>Los Vigiladores Privados, hicieron llegar por una nota del <span lang=\"es-AR\">a<\/span>poderado de\u00a0la\u00a0Uni\u00f3n Personal de Seguridad de la Rep\u00fablica Argentina\u00a0<span lang=\"es-AR\">(UPSRA),\u00a0<\/span><span lang=\"es-AR\"><strong>Pablo Otero<\/strong><\/span><span lang=\"es-AR\">, al d<\/span>irector\u00a0<span lang=\"es-AR\">p<\/span>rovincial para la\u00a0<span lang=\"es-AR\">g<\/span>esti\u00f3n\u00a0<span lang=\"es-AR\">d<\/span>e la Seguridad Privada,\u00a0<strong>Marcelo M<\/strong><span lang=\"es-AR\"><strong>ontero<\/strong><\/span><span lang=\"es-AR\">, se solicit\u00f3 que trabajadoras y trabajadores de dicha actividad sean tenidos en cuenta en el plan de vacunaci\u00f3n contra el COVID-19.<\/span><\/p>\n<blockquote>\n<h3>\u201c<span lang=\"es-AR\">A<\/span>nte la inminente llegada de nuevas dosis de vacunas a la Rep\u00fablica Argentina y destacando que los trabajadores de la seguridad privada se encuentran en la primeras l\u00edneas (<span lang=\"es-AR\">s<\/span>anatorios, hospitales, bancos, etc) y siendo los compa\u00f1eros seg\u00fan el decreto presidencial\u00a0considerados trabajadores esenciales, desde nuestra organizaci\u00f3n sindical manifestamos que los trabajadores se tomen en cuenta a la hora de aplicar la vacuna conjuntamente con personal de seguridad y FFAA\u201d,\u00a0dice el texto presentado por <strong>Otero<\/strong>, quien adem\u00e1s lo hizo en representaci\u00f3n del secretario general de dicha entidad gremial,\u00a0<strong>Le\u00f3nidas Requelme<\/strong>.<\/h3>\n<\/blockquote>\n<p class=\"western\" align=\"justify\">Seguidamente, <strong>Otero<\/strong> record\u00f3 que<em><strong> \u201cdesde nuestro gremio,\u00a0<span lang=\"es-AR\">d<\/span>esde el inicio de esta\u00a0<span lang=\"es-AR\">P<\/span>andemia, hemos denunciado y destacamos el acompa\u00f1amiento de esta gesti\u00f3n en las denuncias realizadas por nuestros afiliados ante los incumplimientos de los protocolos establecidos para dar batalla a este virus que azota al mundo\u201d.<\/strong><\/em><\/p>\n<blockquote>\n<h3 class=\"western\" align=\"justify\"><em><strong>\u201cNuestros compa\u00f1eros formaron parte de una estrategia para controlar la propagaci\u00f3n del virus cuando reci\u00e9n era una novedad en el pa\u00eds, hacia fines de febrero y principios de marzo\u201d<\/strong><\/em>,\u00a0agreg\u00f3 el apoderado de UPSRA.<\/h3>\n<\/blockquote>\n<p align=\"justify\"><span lang=\"es-AR\">Por \u00faltimo Otero sostuvo que <em><strong>\u201cq<\/strong><\/em><\/span><em><strong>ueremos decir que hicimos las cosas bien y que vean que somos un sector prioritario del trabajo a la hora de la vacuna\u00bb.<\/strong><\/em><\/p>\n<blockquote>\n<h3 align=\"justify\">De todas maneras, esto no qued\u00f3 simplemente en esa nota, ya que <strong>Requelme<\/strong> se encuentra gestionando este tema con el Ministro de Salud de la Naci\u00f3n, <strong>Gin\u00e9s Gonzalez Garc\u00eda<\/strong>.<\/h3>\n<\/blockquote>\n","protected":false},"excerpt":{"rendered":"<div class=\"mh-excerpt\"><p>Los Vigiladores Privados, hicieron llegar por una nota del apoderado de\u00a0la\u00a0Uni\u00f3n Personal de Seguridad de la Rep\u00fablica Argentina\u00a0(UPSRA),\u00a0Pablo Otero, al director\u00a0provincial para la\u00a0gesti\u00f3n\u00a0de la Seguridad Privada,\u00a0Marcelo Montero, se solicit\u00f3 que trabajadoras y trabajadores de dicha <a class=\"mh-excerpt-more\" href=\"https:\/\/larevistadigital.com.ar\/blog\/gestiones-del-secretario-general-de-upsra-leo-requelme-con-el-ministro-gines-gonzalez-garcia-por-la-vacuna-de-covid-para-los-vigiladores-privados\/\" title=\"GESTIONES DEL SECRETARIO GENERAL DE UPSRA, LEO REQUELME CON EL MINISTRO GINES GONZALEZ GARC\u00cdA, POR LA VACUNA DE COVID PARA LOS VIGILADORES PRIVADOS\">[Leer M\u00e1s]<\/a><\/p>\n<\/div>","protected":false},"author":3,"featured_media":18636,"comment_status":"open","ping_status":"open","sticky":false,"template":"","format":"standard","meta":{"_jetpack_memberships_contains_paid_content":false,"footnotes":"","jetpack_publicize_message":"","jetpack_publicize_feature_enabled":true,"jetpack_social_post_already_shared":true,"jetpack_social_options":{"image_generator_settings":{"template":"highway","default_image_id":0,"font":"","enabled":false},"version":2}},"categories":[10,50],"tags":[],"class_list":{"0":"post-18634","1":"post","2":"type-post","3":"status-publish","4":"format-standard","5":"has-post-thumbnail","7":"category-gremiales","8":"category-interes-general"},"jetpack_publicize_connections":[],"jetpack_featured_media_url":"https:\/\/i0.wp.com\/larevistadigital.com.ar\/blog\/wp-content\/uploads\/3305255w1033.jpg?fit=1033%2C688&ssl=1","jetpack_sharing_enabled":true,"jetpack_shortlink":"https:\/\/wp.me\/p8qtrQ-4Qy","jetpack-related-posts":[{"id":41639,"url":"https:\/\/larevistadigital.com.ar\/blog\/upsra-cerro-la-paritaria-de-fin-de-ano-y-garantiza-nuevos-aumentos-para-los-vigiladores-privados\/","url_meta":{"origin":18634,"position":0},"title":"UPSRA cerr\u00f3 la paritaria de fin de a\u00f1o y garantiza nuevos aumentos para los vigiladores privados","author":"Alejandro Sosa Ruda","date":"24 septiembre, 2025","format":false,"excerpt":"El sindicato que conduce \u00c1ngel Garc\u00eda logr\u00f3 un acuerdo con la c\u00e1mara empresaria que asegura incrementos salariales hasta diciembre y una cl\u00e1usula de revisi\u00f3n para proteger los ingresos del sector. 24 de Septiembre de 2025 La Uni\u00f3n Personal de la Seguridad Privada (UPSRA) anunci\u00f3 el cierre de la paritaria correspondiente\u2026","rel":"","context":"En \u00abGREMIALES\u00bb","block_context":{"text":"GREMIALES","link":"https:\/\/larevistadigital.com.ar\/blog\/category\/gremiales\/"},"img":{"alt_text":"","src":"https:\/\/i0.wp.com\/larevistadigital.com.ar\/blog\/wp-content\/uploads\/UPSRA.jpg?fit=724%2C399&ssl=1&resize=350%2C200","width":350,"height":200,"srcset":"https:\/\/i0.wp.com\/larevistadigital.com.ar\/blog\/wp-content\/uploads\/UPSRA.jpg?fit=724%2C399&ssl=1&resize=350%2C200 1x, https:\/\/i0.wp.com\/larevistadigital.com.ar\/blog\/wp-content\/uploads\/UPSRA.jpg?fit=724%2C399&ssl=1&resize=525%2C300 1.5x, https:\/\/i0.wp.com\/larevistadigital.com.ar\/blog\/wp-content\/uploads\/UPSRA.jpg?fit=724%2C399&ssl=1&resize=700%2C400 2x"},"classes":[]},{"id":17513,"url":"https:\/\/larevistadigital.com.ar\/blog\/leo-requelme-y-el-gremio-de-vigiladores-privados-se-despidio-de-norberto-tata-fernandino\/","url_meta":{"origin":18634,"position":1},"title":"LEO REQUELME, Y EL GREMIO DE VIGILADORES PRIVADOS SE DESPIDI\u00d3 DE NORBERTO \u00abTATA\u00bb FERNANDINO","author":"Alejandro Sosa Ruda","date":"8 noviembre, 2020","format":false,"excerpt":"Leonidas Requelme, Secretario General de la Uni\u00f3n del Personal de Seguridad de la Rep\u00fablica Argentina, (U.P.S.R.A.) y los integrantes de la Comisi\u00f3n Directiva,\u00a0 publicaron en su cuenta oficial de Facebook una sentida nota de despedida a Norberto \"Trata\" Fernandino\u00a0con motivo del fallecimiento de \u00e9ste \u00faltimo. Sobre todo, Pablo Otero, tambi\u00e9n\u2026","rel":"","context":"En \u00abGREMIALES\u00bb","block_context":{"text":"GREMIALES","link":"https:\/\/larevistadigital.com.ar\/blog\/category\/gremiales\/"},"img":{"alt_text":"","src":"https:\/\/i0.wp.com\/larevistadigital.com.ar\/blog\/wp-content\/uploads\/TATA-FERNANDINO.jpg?fit=1000%2C754&ssl=1&resize=350%2C200","width":350,"height":200,"srcset":"https:\/\/i0.wp.com\/larevistadigital.com.ar\/blog\/wp-content\/uploads\/TATA-FERNANDINO.jpg?fit=1000%2C754&ssl=1&resize=350%2C200 1x, https:\/\/i0.wp.com\/larevistadigital.com.ar\/blog\/wp-content\/uploads\/TATA-FERNANDINO.jpg?fit=1000%2C754&ssl=1&resize=525%2C300 1.5x, https:\/\/i0.wp.com\/larevistadigital.com.ar\/blog\/wp-content\/uploads\/TATA-FERNANDINO.jpg?fit=1000%2C754&ssl=1&resize=700%2C400 2x"},"classes":[]},{"id":13391,"url":"https:\/\/larevistadigital.com.ar\/blog\/leo-requelme-ya-fija-su-impronta-en-la-conduccion-de-u-p-s-r-a\/","url_meta":{"origin":18634,"position":2},"title":"LEO REQUELME, YA FIJA SU IMPRONTA EN LA CONDUCCI\u00d3N DE U.P.S.R.A.","author":"Alejandro Sosa Ruda","date":"30 noviembre, 2019","format":false,"excerpt":"El flamante\u00a0 Secretario General de la Uni\u00f3n del personal de Seguridad de la Rep\u00fablica Argentina, Leonidas Requelme, y la Comisi\u00f3n Directiva que conduce, han hecho llegar un comunicado que publicaron para los trabajadores desde el Frente Upsra Federal, que los nuclea. En el mismo, se informa que durante la jornada\u2026","rel":"","context":"En \u00abDESTACADAS\u00bb","block_context":{"text":"DESTACADAS","link":"https:\/\/larevistadigital.com.ar\/blog\/category\/destacadas\/"},"img":{"alt_text":"","src":"https:\/\/i0.wp.com\/larevistadigital.com.ar\/blog\/wp-content\/uploads\/75332719_2575164602809249_2818612368634806272_n.jpg?fit=960%2C720&ssl=1&resize=350%2C200","width":350,"height":200,"srcset":"https:\/\/i0.wp.com\/larevistadigital.com.ar\/blog\/wp-content\/uploads\/75332719_2575164602809249_2818612368634806272_n.jpg?fit=960%2C720&ssl=1&resize=350%2C200 1x, https:\/\/i0.wp.com\/larevistadigital.com.ar\/blog\/wp-content\/uploads\/75332719_2575164602809249_2818612368634806272_n.jpg?fit=960%2C720&ssl=1&resize=525%2C300 1.5x, https:\/\/i0.wp.com\/larevistadigital.com.ar\/blog\/wp-content\/uploads\/75332719_2575164602809249_2818612368634806272_n.jpg?fit=960%2C720&ssl=1&resize=700%2C400 2x"},"classes":[]},{"id":18477,"url":"https:\/\/larevistadigital.com.ar\/blog\/los-vigiladores-privados-untan-firmas-para-declarar-persona-no-grata-a-angel-alberto-garcia-y-celestina-ferrara\/","url_meta":{"origin":18634,"position":3},"title":"LOS VIGILADORES PRIVADOS JUNTAN FIRMAS PARA DECLARAR \u00abPERSONA NO GRATA\u00bb A \u00c1NGEL ALBERTO GARC\u00cdA Y CELESTINA FERRARA","author":"Alejandro Sosa Ruda","date":"5 enero, 2021","format":false,"excerpt":"Es una iniciativa de los propios vigiladores, que no guardan un grato recuerdo de \u00c1ngel Alberto Garc\u00eda y su mujer, Celestina Ferrara quienes estuvieron al frente del Gremio y la Obra Social durante m\u00e1s de 30 a\u00f1os, llevandolos al descontrol y vaciamiento casi total. Los vigiladores privados, han tomado la\u2026","rel":"","context":"En \u00abGREMIALES\u00bb","block_context":{"text":"GREMIALES","link":"https:\/\/larevistadigital.com.ar\/blog\/category\/gremiales\/"},"img":{"alt_text":"","src":"https:\/\/i0.wp.com\/larevistadigital.com.ar\/blog\/wp-content\/uploads\/GARCIA-PERSONA-NO-GRATA.jpg?fit=1200%2C776&ssl=1&resize=350%2C200","width":350,"height":200,"srcset":"https:\/\/i0.wp.com\/larevistadigital.com.ar\/blog\/wp-content\/uploads\/GARCIA-PERSONA-NO-GRATA.jpg?fit=1200%2C776&ssl=1&resize=350%2C200 1x, https:\/\/i0.wp.com\/larevistadigital.com.ar\/blog\/wp-content\/uploads\/GARCIA-PERSONA-NO-GRATA.jpg?fit=1200%2C776&ssl=1&resize=525%2C300 1.5x, https:\/\/i0.wp.com\/larevistadigital.com.ar\/blog\/wp-content\/uploads\/GARCIA-PERSONA-NO-GRATA.jpg?fit=1200%2C776&ssl=1&resize=700%2C400 2x, https:\/\/i0.wp.com\/larevistadigital.com.ar\/blog\/wp-content\/uploads\/GARCIA-PERSONA-NO-GRATA.jpg?fit=1200%2C776&ssl=1&resize=1050%2C600 3x"},"classes":[]},{"id":41571,"url":"https:\/\/larevistadigital.com.ar\/blog\/upsra-inauguro-su-sede-gremial-en-bahia-blanca-con-obra-social-y-centro-de-formacion-para-trabajadores-de-seguridad\/","url_meta":{"origin":18634,"position":4},"title":"UPSRA inaugur\u00f3 su sede gremial en Bah\u00eda Blanca con obra social y centro de formaci\u00f3n para trabajadores de seguridad","author":"Alejandro Sosa Ruda","date":"20 septiembre, 2025","format":false,"excerpt":"El sindicato que nuclea a los trabajadores de seguridad privada abri\u00f3 oficialmente su delegaci\u00f3n en la ciudad, con cobertura m\u00e9dica, capacitaci\u00f3n y representaci\u00f3n sindical. 20 de septiembre de 2025 BAH\u00cdA BLANCA -\u00a0 \u00a0La Uni\u00f3n del Personal de Seguridad de la Rep\u00fablica Argentina (UPSRA) inaugur\u00f3 oficialmente su sede gremial en Bah\u00eda\u2026","rel":"","context":"En \u00abGREMIALES\u00bb","block_context":{"text":"GREMIALES","link":"https:\/\/larevistadigital.com.ar\/blog\/category\/gremiales\/"},"img":{"alt_text":"","src":"https:\/\/i0.wp.com\/larevistadigital.com.ar\/blog\/wp-content\/uploads\/Captura-de-pantalla-2025-09-20-195645.jpg?fit=837%2C601&ssl=1&resize=350%2C200","width":350,"height":200,"srcset":"https:\/\/i0.wp.com\/larevistadigital.com.ar\/blog\/wp-content\/uploads\/Captura-de-pantalla-2025-09-20-195645.jpg?fit=837%2C601&ssl=1&resize=350%2C200 1x, https:\/\/i0.wp.com\/larevistadigital.com.ar\/blog\/wp-content\/uploads\/Captura-de-pantalla-2025-09-20-195645.jpg?fit=837%2C601&ssl=1&resize=525%2C300 1.5x, https:\/\/i0.wp.com\/larevistadigital.com.ar\/blog\/wp-content\/uploads\/Captura-de-pantalla-2025-09-20-195645.jpg?fit=837%2C601&ssl=1&resize=700%2C400 2x"},"classes":[]},{"id":36615,"url":"https:\/\/larevistadigital.com.ar\/blog\/paritarias-en-seguridad-privada-upsra-logro-un-acuerdo-y-el-bruto-inicial-supera-el-millon-de-pesos\/","url_meta":{"origin":18634,"position":5},"title":"PARITARIAS EN SEGURIDAD PRIVADA: UPSRA LOGR\u00d3 UN ACUERDO Y EL BRUTO INICIAL SUPERA EL MILL\u00d3N DE PESOS","author":"Alejandro Sosa Ruda","date":"7 julio, 2024","format":false,"excerpt":"Se trata de un aumento significativo del gremio conducido por Angel Garc\u00eda,\u00a0 posicionando a la actividad nuevamente por sobre los n\u00fameros de indigencia. 8 de Julio de 2024 La Union de Personal de Seguridad de la Rep\u00fablica Argentina, (U.P.S.R.A.), conducida por\u00a0\u00c1ngel Alberto Garc\u00eda, inform\u00f3 que logr\u00f3 un acuerdo paritario con\u2026","rel":"","context":"En \u00abGREMIALES\u00bb","block_context":{"text":"GREMIALES","link":"https:\/\/larevistadigital.com.ar\/blog\/category\/gremiales\/"},"img":{"alt_text":"","src":"https:\/\/i0.wp.com\/larevistadigital.com.ar\/blog\/wp-content\/uploads\/Captura-de-pantalla-2024-07-07-234001.png?fit=698%2C414&ssl=1&resize=350%2C200","width":350,"height":200,"srcset":"https:\/\/i0.wp.com\/larevistadigital.com.ar\/blog\/wp-content\/uploads\/Captura-de-pantalla-2024-07-07-234001.png?fit=698%2C414&ssl=1&resize=350%2C200 1x, https:\/\/i0.wp.com\/larevistadigital.com.ar\/blog\/wp-content\/uploads\/Captura-de-pantalla-2024-07-07-234001.png?fit=698%2C414&ssl=1&resize=525%2C300 1.5x"},"classes":[]}],"_links":{"self":[{"href":"https:\/\/larevistadigital.com.ar\/blog\/wp-json\/wp\/v2\/posts\/18634","targetHints":{"allow":["GET"]}}],"collection":[{"href":"https:\/\/larevistadigital.com.ar\/blog\/wp-json\/wp\/v2\/posts"}],"about":[{"href":"https:\/\/larevistadigital.com.ar\/blog\/wp-json\/wp\/v2\/types\/post"}],"author":[{"embeddable":true,"href":"https:\/\/larevistadigital.com.ar\/blog\/wp-json\/wp\/v2\/users\/3"}],"replies":[{"embeddable":true,"href":"https:\/\/larevistadigital.com.ar\/blog\/wp-json\/wp\/v2\/comments?post=18634"}],"version-history":[{"count":2,"href":"https:\/\/larevistadigital.com.ar\/blog\/wp-json\/wp\/v2\/posts\/18634\/revisions"}],"predecessor-version":[{"id":18637,"href":"https:\/\/larevistadigital.com.ar\/blog\/wp-json\/wp\/v2\/posts\/18634\/revisions\/18637"}],"wp:featuredmedia":[{"embeddable":true,"href":"https:\/\/larevistadigital.com.ar\/blog\/wp-json\/wp\/v2\/media\/18636"}],"wp:attachment":[{"href":"https:\/\/larevistadigital.com.ar\/blog\/wp-json\/wp\/v2\/media?parent=18634"}],"wp:term":[{"taxonomy":"category","embeddable":true,"href":"https:\/\/larevistadigital.com.ar\/blog\/wp-json\/wp\/v2\/categories?post=18634"},{"taxonomy":"post_tag","embeddable":true,"href":"https:\/\/larevistadigital.com.ar\/blog\/wp-json\/wp\/v2\/tags?post=18634"}],"curies":[{"name":"wp","href":"https:\/\/api.w.org\/{rel}","templated":true}]}}