{"id":18638,"date":"2021-01-15T17:17:58","date_gmt":"2021-01-15T17:17:58","guid":{"rendered":"https:\/\/larevistadigital.com.ar\/blog\/?p=18638"},"modified":"2021-01-15T17:33:37","modified_gmt":"2021-01-15T17:33:37","slug":"chascomus-el-ejecutivo-no-quiso-el-banco-de-lena-y-ahora-que-se-hizo-con-los-arboles-caidos-durante-el-temporal","status":"publish","type":"post","link":"https:\/\/larevistadigital.com.ar\/blog\/chascomus-el-ejecutivo-no-quiso-el-banco-de-lena-y-ahora-que-se-hizo-con-los-arboles-caidos-durante-el-temporal\/","title":{"rendered":"CHASCOM\u00daS: EL EJECUTIVO NO QUISO EL \u00abBANCO DE LE\u00d1A\u00bb&#8230; Y AHORA \u00bfQU\u00c9 SE HIZO CON LOS \u00c1RBOLES CA\u00cdDOS DURANTE EL TEMPORAL?"},"content":{"rendered":"<p>El pasado 10 de marzo de 2020, el bloque de UCR-Cambiemos Chascom\u00fas, present\u00f3 un proyecto de ordenanza, que propulsaba la creaci\u00f3n de un \u00abBanco de Le\u00f1a Municipal\u00bb, que funcionar\u00eda bajo la \u00f3rbita de Desarrollo Social, a efectos de proveer ese insumo de manera gratuita a las personas que no tengan la capacidad econ\u00f3mica para adquirirla, y se considere que la necesitan para combatir el fr\u00edo con sus familias.<\/p>\n<blockquote>\n<h3>Entre los considerandos del mismo, tambi\u00e9n se hac\u00eda menci\u00f3n a quienes no tuvieran otra forma de cocinar sus alimentos, por lo que esta medida ser\u00eda de gran importancia para las personas que m\u00e1s dif\u00edcil se les hace cubrir sus necesidades b\u00e1sicas.<\/h3>\n<\/blockquote>\n<p>Esto, no interfiere con los comercios que venden ese insumo, porque est\u00e1 destinado para quienes no est\u00e1n en condiciones de comprarla, y como dice el proyecto de Ordenanza, el Municipio cuenta con gente id\u00f3nea a tal efecto, y las herramientas adecuadas.<\/p>\n<p>Tambi\u00e9n, se cuenta con terrenos municipales y distintos predios, donde podr\u00eda ubicarse el mencionado banco.<\/p>\n<blockquote>\n<h3>Hasta aqu\u00ed, todo perfecto. Salvo por una cuesti\u00f3n: El oficialismo no aprob\u00f3 la ordenanza en cuesti\u00f3n, porque adujo que \u00abNo hay lugar f\u00edsico para eso\u00bb. La ordenanza entonces, fue pasada a Comisi\u00f3n de SAS.<\/h3>\n<\/blockquote>\n<p>Hoy, luego del lamentable temporal que azot\u00f3 a Chascom\u00fas, queda en evidencia que la idea planteada hace casi un a\u00f1o, era muy atinada, y que ser\u00eda muy bueno haber contado con ese Banco de Le\u00f1a en el que podr\u00edan haberse juntado toneladas de madera para en el pr\u00f3ximo invierno estar en condiciones de asistir a quienes m\u00e1s lo necesitan.<\/p>\n<p>Por eso, los concejales de UCR-Cambiemos elevaron un proyecto de Comunicaci\u00f3n, donde solicitan que se informe el destino de los \u00e1rboles ca\u00eddos en la v\u00eda p\u00fablica durante el \u00faltimo temporal y en qu\u00e9 lugar fueron almacenados.<\/p>\n<p>(Link del proyecto de Comunicaci\u00f3n <a href=\"https:\/\/larevistadigital.com.ar\/blog\/wp-content\/uploads\/CamScanner-01-14-2021-11.48.pdf\">CamScanner 01-14-2021 11.48<\/a>)<\/p>\n<blockquote>\n<h3>Resulta bastante desagradable, observar c\u00f3mo desde el oficialismo se \u00abdesech\u00f3\u00bb esta oportunidad, que apuntaba precisamente a quienes m\u00e1s lo necesitan. Vecinos que pasan por situaciones terribles y que no cuentan con los recursos para seguir adelante.<\/h3>\n<h3>Algo que con un poco de Buena Voluntad, podr\u00eda haberse solucionado y puesto en pr\u00e1ctica, y hoy ser\u00eda una gran soluci\u00f3n para los m\u00e1s desprotegidos. \u00bfEs eso \u00abempat\u00eda\u00bb bien llevada?. Al parecer es una bonita palabra, que se puso de moda para aplicarla solamente cuando es conveniente para alg\u00fan fin ego\u00edsta y pol\u00edtico.<\/h3>\n<\/blockquote>\n","protected":false},"excerpt":{"rendered":"<div class=\"mh-excerpt\"><p>El pasado 10 de marzo de 2020, el bloque de UCR-Cambiemos Chascom\u00fas, present\u00f3 un proyecto de ordenanza, que propulsaba la creaci\u00f3n de un \u00abBanco de Le\u00f1a Municipal\u00bb, que funcionar\u00eda bajo la \u00f3rbita de Desarrollo Social, <a class=\"mh-excerpt-more\" href=\"https:\/\/larevistadigital.com.ar\/blog\/chascomus-el-ejecutivo-no-quiso-el-banco-de-lena-y-ahora-que-se-hizo-con-los-arboles-caidos-durante-el-temporal\/\" title=\"CHASCOM\u00daS: EL EJECUTIVO NO QUISO EL \u00abBANCO DE LE\u00d1A\u00bb&#8230; Y AHORA \u00bfQU\u00c9 SE HIZO CON LOS \u00c1RBOLES CA\u00cdDOS DURANTE EL TEMPORAL?\">[Leer M\u00e1s]<\/a><\/p>\n<\/div>","protected":false},"author":3,"featured_media":18640,"comment_status":"open","ping_status":"open","sticky":false,"template":"","format":"standard","meta":{"_jetpack_memberships_contains_paid_content":false,"footnotes":"","jetpack_publicize_message":"","jetpack_publicize_feature_enabled":true,"jetpack_social_post_already_shared":true,"jetpack_social_options":{"image_generator_settings":{"template":"highway","default_image_id":0,"font":"","enabled":false},"version":2}},"categories":[6,23],"tags":[],"class_list":{"0":"post-18638","1":"post","2":"type-post","3":"status-publish","4":"format-standard","5":"has-post-thumbnail","7":"category-chascomus","8":"category-politica-local"},"jetpack_publicize_connections":[],"jetpack_featured_media_url":"https:\/\/i0.wp.com\/larevistadigital.com.ar\/blog\/wp-content\/uploads\/LENA-TEMPORAL.jpg?fit=1040%2C780&ssl=1","jetpack_sharing_enabled":true,"jetpack_shortlink":"https:\/\/wp.me\/p8qtrQ-4QC","jetpack-related-posts":[{"id":32744,"url":"https:\/\/larevistadigital.com.ar\/blog\/chascomus-clientes-indignados-porque-el-banco-nacion-no-abrio-sus-puertas-en-tiempo-y-forma-dejandolos-afuera-por-mas-de-una-hora-y-sin-dar-explicaciones\/","url_meta":{"origin":18638,"position":0},"title":"CHASCOM\u00daS: CLIENTES INDIGNADOS PORQUE EL BANCO NACI\u00d3N NO ABRI\u00d3 SUS PUERTAS EN TIEMPO Y FORMA, DEJANDOLOS AFUERA POR M\u00c1S DE UNA HORA Y SIN DAR EXPLICACIONES.","author":"Alejandro Sosa Ruda","date":"3 agosto, 2023","format":false,"excerpt":"La gente se enter\u00f3 por personal de limpieza y no fue contenida por nadie. El argumento fue que no hab\u00eda sistema y una p\u00e9rdida de agua. 3 de agosto de 2023 CHASCOM\u00daS -\u00a0 Varios vecinos, clientes del Banco Naci\u00f3n Sucursal Chascom\u00fas, se han puesto en contacto con nuestra redacci\u00f3n, a\u2026","rel":"","context":"En \u00abCHASCOM\u00daS\u00bb","block_context":{"text":"CHASCOM\u00daS","link":"https:\/\/larevistadigital.com.ar\/blog\/category\/chascomus\/"},"img":{"alt_text":"","src":"https:\/\/i0.wp.com\/larevistadigital.com.ar\/blog\/wp-content\/uploads\/2017\/04\/WhatsApp-Image-2017-04-08-at-13.07.22-4.jpeg?fit=864%2C1152&ssl=1&resize=350%2C200","width":350,"height":200,"srcset":"https:\/\/i0.wp.com\/larevistadigital.com.ar\/blog\/wp-content\/uploads\/2017\/04\/WhatsApp-Image-2017-04-08-at-13.07.22-4.jpeg?fit=864%2C1152&ssl=1&resize=350%2C200 1x, https:\/\/i0.wp.com\/larevistadigital.com.ar\/blog\/wp-content\/uploads\/2017\/04\/WhatsApp-Image-2017-04-08-at-13.07.22-4.jpeg?fit=864%2C1152&ssl=1&resize=525%2C300 1.5x, https:\/\/i0.wp.com\/larevistadigital.com.ar\/blog\/wp-content\/uploads\/2017\/04\/WhatsApp-Image-2017-04-08-at-13.07.22-4.jpeg?fit=864%2C1152&ssl=1&resize=700%2C400 2x"},"classes":[]},{"id":21692,"url":"https:\/\/larevistadigital.com.ar\/blog\/documento-del-delegado-general-del-banco-santander-andres-messina-y-sus-companeros-en-contra-del-ajuste\/","url_meta":{"origin":18638,"position":1},"title":"DOCUMENTO DEL DELEGADO GENERAL DEL BANCO SANTANDER, ANDR\u00c9S MESSINA Y SUS COMPA\u00d1EROS EN CONTRA DEL AJUSTE","author":"Alejandro Sosa Ruda","date":"25 agosto, 2021","format":false,"excerpt":"Como lo expresa el documento: \"Los trabajadores no pueden ser la variable de ajuste\", los delegados del Banco Santander, encabezados por el dirigente chascomunense Andr\u00e9s Messina, y con total respaldo del Secretariado de Chascom\u00fas, hicieron p\u00fablico un firme documento diciendo \"BASTA\" CHASCOM\u00daS -\u00a0En el marco de graves irregularidades cometidas por\u2026","rel":"","context":"En \u00abGREMIALES\u00bb","block_context":{"text":"GREMIALES","link":"https:\/\/larevistadigital.com.ar\/blog\/category\/gremiales\/"},"img":{"alt_text":"","src":"https:\/\/i0.wp.com\/larevistadigital.com.ar\/blog\/wp-content\/uploads\/81752253_1051720298497059_2452939806536105984_n.jpg?fit=1200%2C900&ssl=1&resize=350%2C200","width":350,"height":200,"srcset":"https:\/\/i0.wp.com\/larevistadigital.com.ar\/blog\/wp-content\/uploads\/81752253_1051720298497059_2452939806536105984_n.jpg?fit=1200%2C900&ssl=1&resize=350%2C200 1x, https:\/\/i0.wp.com\/larevistadigital.com.ar\/blog\/wp-content\/uploads\/81752253_1051720298497059_2452939806536105984_n.jpg?fit=1200%2C900&ssl=1&resize=525%2C300 1.5x, https:\/\/i0.wp.com\/larevistadigital.com.ar\/blog\/wp-content\/uploads\/81752253_1051720298497059_2452939806536105984_n.jpg?fit=1200%2C900&ssl=1&resize=700%2C400 2x, https:\/\/i0.wp.com\/larevistadigital.com.ar\/blog\/wp-content\/uploads\/81752253_1051720298497059_2452939806536105984_n.jpg?fit=1200%2C900&ssl=1&resize=1050%2C600 3x"},"classes":[]},{"id":13624,"url":"https:\/\/larevistadigital.com.ar\/blog\/chascomus-estaria-por-cerrar-el-banco-frances\/","url_meta":{"origin":18638,"position":2},"title":"CHASCOM\u00daS: ESTAR\u00cdA POR CERRAR EL BANCO FRANC\u00c9S","author":"Alejandro Sosa Ruda","date":"12 diciembre, 2019","format":false,"excerpt":"Hemos tenido la mala noticia que las autoridades del Banco Franc\u00e9s, habr\u00edan tomado la decisi\u00f3n de cerrar sus puertas en la sucursal Chascom\u00fas, dejando as\u00ed a quienes all\u00ed trabajan, en la calle. El Banco, argumenta problemas deficitarios, e inclusive, hace menci\u00f3n a que varias sucursales correr\u00e1n la misma suerte, pero\u2026","rel":"","context":"En \u00abDESTACADAS\u00bb","block_context":{"text":"DESTACADAS","link":"https:\/\/larevistadigital.com.ar\/blog\/category\/destacadas\/"},"img":{"alt_text":"","src":"https:\/\/i0.wp.com\/larevistadigital.com.ar\/blog\/wp-content\/uploads\/bbx_467407452_1_20171221_092044.jpg?fit=800%2C579&ssl=1&resize=350%2C200","width":350,"height":200,"srcset":"https:\/\/i0.wp.com\/larevistadigital.com.ar\/blog\/wp-content\/uploads\/bbx_467407452_1_20171221_092044.jpg?fit=800%2C579&ssl=1&resize=350%2C200 1x, https:\/\/i0.wp.com\/larevistadigital.com.ar\/blog\/wp-content\/uploads\/bbx_467407452_1_20171221_092044.jpg?fit=800%2C579&ssl=1&resize=525%2C300 1.5x, https:\/\/i0.wp.com\/larevistadigital.com.ar\/blog\/wp-content\/uploads\/bbx_467407452_1_20171221_092044.jpg?fit=800%2C579&ssl=1&resize=700%2C400 2x"},"classes":[]},{"id":34153,"url":"https:\/\/larevistadigital.com.ar\/blog\/chascomus-incluye-video-un-desafortunado-comentario-del-secretario-general-de-la-seccional-chascomus-de-los-bancarios-llevo-preocupacion-a-los-trabajadores-del-santander-aqui-narramos-como-fueron\/","url_meta":{"origin":18638,"position":3},"title":"CHASCOM\u00daS [INCLUYE VIDEO]: UN DESAFORTUNADO COMENTARIO DEL SEC. GRAL. DE LA SECCIONAL CHASCOM\u00daS DE LOS BANCARIOS LLEV\u00d3 PREOCUPACI\u00d3N A LOS TRABAJADORES DEL SANTANDER. AQU\u00cd NARRAMOS C\u00d3MO FUERON LOS HECHOS","author":"Alejandro Sosa Ruda","date":"20 octubre, 2023","format":false,"excerpt":"Una desafortunada frase del Secretario General de los Bancarios en Chascom\u00fas, Fernando Latorre, durante una reuni\u00f3n v\u00eda Zoom, llev\u00f3 desaz\u00f3n a los trabajadores bancarios del Santander. La delegada general Xoana Cerillano hizo lo debido, y confirm\u00f3 que no hay peligro de cierre. 20 de Octubre de 2023 CHASCOM\u00daS -\u00a0 Algunas\u2026","rel":"","context":"En \u00abCHASCOM\u00daS\u00bb","block_context":{"text":"CHASCOM\u00daS","link":"https:\/\/larevistadigital.com.ar\/blog\/category\/chascomus\/"},"img":{"alt_text":"","src":"https:\/\/i0.wp.com\/larevistadigital.com.ar\/blog\/wp-content\/uploads\/WhatsApp-Image-2023-10-19-at-13.19.19.jpeg?fit=1200%2C900&ssl=1&resize=350%2C200","width":350,"height":200,"srcset":"https:\/\/i0.wp.com\/larevistadigital.com.ar\/blog\/wp-content\/uploads\/WhatsApp-Image-2023-10-19-at-13.19.19.jpeg?fit=1200%2C900&ssl=1&resize=350%2C200 1x, https:\/\/i0.wp.com\/larevistadigital.com.ar\/blog\/wp-content\/uploads\/WhatsApp-Image-2023-10-19-at-13.19.19.jpeg?fit=1200%2C900&ssl=1&resize=525%2C300 1.5x, https:\/\/i0.wp.com\/larevistadigital.com.ar\/blog\/wp-content\/uploads\/WhatsApp-Image-2023-10-19-at-13.19.19.jpeg?fit=1200%2C900&ssl=1&resize=700%2C400 2x, https:\/\/i0.wp.com\/larevistadigital.com.ar\/blog\/wp-content\/uploads\/WhatsApp-Image-2023-10-19-at-13.19.19.jpeg?fit=1200%2C900&ssl=1&resize=1050%2C600 3x"},"classes":[]},{"id":33146,"url":"https:\/\/larevistadigital.com.ar\/blog\/chascomus-la-cuenta-dni-del-bco-provincia-provoca-un-impacto-comercial-positivo-en-comercios-y-clientes\/","url_meta":{"origin":18638,"position":4},"title":"CHASCOM\u00daS: LA CUENTA DNI DEL BCO. PROVINCIA PROVOCA UN IMPACTO COMERCIAL POSITIVO EN COMERCIOS Y CLIENTES","author":"Alejandro Sosa Ruda","date":"30 agosto, 2023","format":false,"excerpt":"Los beneficios de una herramienta digital que lleg\u00f3 para hacer las cosas m\u00e1s f\u00e1ciles a comercios y vecinos.\u00a0 28 de agosto de 2023 CHASCOM\u00daS -\u00a0 En un mundo en constante evoluci\u00f3n tecnol\u00f3gica, las instituciones financieras se han apresurado a adaptarse a las demandas cambiantes de sus clientes. En este contexto,\u2026","rel":"","context":"En \u00abCHASCOM\u00daS\u00bb","block_context":{"text":"CHASCOM\u00daS","link":"https:\/\/larevistadigital.com.ar\/blog\/category\/chascomus\/"},"img":{"alt_text":"","src":"https:\/\/i0.wp.com\/larevistadigital.com.ar\/blog\/wp-content\/uploads\/OIP.jpg?fit=700%2C393&ssl=1&resize=350%2C200","width":350,"height":200,"srcset":"https:\/\/i0.wp.com\/larevistadigital.com.ar\/blog\/wp-content\/uploads\/OIP.jpg?fit=700%2C393&ssl=1&resize=350%2C200 1x, https:\/\/i0.wp.com\/larevistadigital.com.ar\/blog\/wp-content\/uploads\/OIP.jpg?fit=700%2C393&ssl=1&resize=525%2C300 1.5x, https:\/\/i0.wp.com\/larevistadigital.com.ar\/blog\/wp-content\/uploads\/OIP.jpg?fit=700%2C393&ssl=1&resize=700%2C400 2x"},"classes":[]},{"id":34849,"url":"https:\/\/larevistadigital.com.ar\/blog\/chascomus-cierran-el-banco-provincia-porque-se-cayo-parte-del-cielorraso\/","url_meta":{"origin":18638,"position":5},"title":"CHASCOM\u00daS: CIERRAN EL BANCO PROVINCIA PORQUE SE CAY\u00d3 PARTE DEL CIELORRASO","author":"Alejandro Sosa Ruda","date":"15 diciembre, 2023","format":false,"excerpt":"El problema viene de hace algun tiempo con goteras y filtraciones que evidentemente no fueron arregladas como corresponde. 15 de diciembre de 2023 CHASCOM\u00daS -\u00a0 \u00a0Lectores de La Revista Digital, y clientes del Banco Provincia de la ciudad, se pusieron en contacto con nuestra redacci\u00f3n, a efectos de informar que\u2026","rel":"","context":"En \u00abINTERES GENERAL\u00bb","block_context":{"text":"INTERES GENERAL","link":"https:\/\/larevistadigital.com.ar\/blog\/category\/interes-general\/"},"img":{"alt_text":"","src":"https:\/\/i0.wp.com\/larevistadigital.com.ar\/blog\/wp-content\/uploads\/banco-provincia-chascomus.png?fit=1200%2C646&ssl=1&resize=350%2C200","width":350,"height":200,"srcset":"https:\/\/i0.wp.com\/larevistadigital.com.ar\/blog\/wp-content\/uploads\/banco-provincia-chascomus.png?fit=1200%2C646&ssl=1&resize=350%2C200 1x, https:\/\/i0.wp.com\/larevistadigital.com.ar\/blog\/wp-content\/uploads\/banco-provincia-chascomus.png?fit=1200%2C646&ssl=1&resize=525%2C300 1.5x, https:\/\/i0.wp.com\/larevistadigital.com.ar\/blog\/wp-content\/uploads\/banco-provincia-chascomus.png?fit=1200%2C646&ssl=1&resize=700%2C400 2x, https:\/\/i0.wp.com\/larevistadigital.com.ar\/blog\/wp-content\/uploads\/banco-provincia-chascomus.png?fit=1200%2C646&ssl=1&resize=1050%2C600 3x"},"classes":[]}],"_links":{"self":[{"href":"https:\/\/larevistadigital.com.ar\/blog\/wp-json\/wp\/v2\/posts\/18638","targetHints":{"allow":["GET"]}}],"collection":[{"href":"https:\/\/larevistadigital.com.ar\/blog\/wp-json\/wp\/v2\/posts"}],"about":[{"href":"https:\/\/larevistadigital.com.ar\/blog\/wp-json\/wp\/v2\/types\/post"}],"author":[{"embeddable":true,"href":"https:\/\/larevistadigital.com.ar\/blog\/wp-json\/wp\/v2\/users\/3"}],"replies":[{"embeddable":true,"href":"https:\/\/larevistadigital.com.ar\/blog\/wp-json\/wp\/v2\/comments?post=18638"}],"version-history":[{"count":1,"href":"https:\/\/larevistadigital.com.ar\/blog\/wp-json\/wp\/v2\/posts\/18638\/revisions"}],"predecessor-version":[{"id":18641,"href":"https:\/\/larevistadigital.com.ar\/blog\/wp-json\/wp\/v2\/posts\/18638\/revisions\/18641"}],"wp:featuredmedia":[{"embeddable":true,"href":"https:\/\/larevistadigital.com.ar\/blog\/wp-json\/wp\/v2\/media\/18640"}],"wp:attachment":[{"href":"https:\/\/larevistadigital.com.ar\/blog\/wp-json\/wp\/v2\/media?parent=18638"}],"wp:term":[{"taxonomy":"category","embeddable":true,"href":"https:\/\/larevistadigital.com.ar\/blog\/wp-json\/wp\/v2\/categories?post=18638"},{"taxonomy":"post_tag","embeddable":true,"href":"https:\/\/larevistadigital.com.ar\/blog\/wp-json\/wp\/v2\/tags?post=18638"}],"curies":[{"name":"wp","href":"https:\/\/api.w.org\/{rel}","templated":true}]}}