{"id":18642,"date":"2021-01-15T17:48:39","date_gmt":"2021-01-15T17:48:39","guid":{"rendered":"https:\/\/larevistadigital.com.ar\/blog\/?p=18642"},"modified":"2021-01-15T17:48:39","modified_gmt":"2021-01-15T17:48:39","slug":"mardel-dos-fiestas-clandestinas-simultaneas-con-500-personas-en-cada-una-el-descontrol-en-punta-mogotes","status":"publish","type":"post","link":"https:\/\/larevistadigital.com.ar\/blog\/mardel-dos-fiestas-clandestinas-simultaneas-con-500-personas-en-cada-una-el-descontrol-en-punta-mogotes\/","title":{"rendered":"MARDEL: DOS FIESTAS CLANDESTINAS SIMULT\u00c1NEAS CON 500 PERSONAS EN CADA UNA. EL DESCONTROL EN PUNTA MOGOTES"},"content":{"rendered":"<h2 class=\"intro\">Dos j\u00f3venes rosarinos alquilaron un chalet en Punta Mogotes. Uno la planta de arriba y otro la de abajo. La justicia los imput\u00f3 por organizar fiestas clandestinas y ahora ser\u00e1n indagados.<\/h2>\n<p><strong>Dos j\u00f3venes rosarinos<\/strong>\u00a0enfrentan una\u00a0<strong>causa judicial<\/strong>\u00a0por la organizaci\u00f3n de fiestas clandestinas en un inmueble alquilado en la\u00a0<strong>zona de Punta Mogotes,\u00a0<\/strong>una de ellas con\u00a0<strong>500 j\u00f3venes<\/strong>. La fiscal\u00eda federal pidi\u00f3 que los dos j\u00f3venes sean llamados a indagatoria y el juez autoriz\u00f3 el pedido por lo que se espera que en las pr\u00f3ximas horas\u00a0<strong>presten declaraci\u00f3n de manera virtual.<\/strong><\/p>\n<p>La particularidad de la investigaci\u00f3n es que la principal fiesta organizada en ese inmueble ubicado en\u00a0<strong>Avenida de los Trabajadores y Racedo<\/strong>, en rigor, no fue una fiesta sino que fueron dos.<\/p>\n<blockquote>\n<h3>Desde la inmobiliaria que alquilaron la propiedad confirmaron que se firmaron dos contratos: uno para la parte de debajo de la vivienda y otro para la parte superior. Adem\u00e1s, explicaron que los j\u00f3venes rosarinos que firmaron los contratos de cada uno de los alquileres no ten\u00edan v\u00ednculo entre s\u00ed. De hecho,\u00a0<strong>uno\u00a0<\/strong>de los\u00a0<strong>imputados ronda los 20 a\u00f1os y otro, tiene m\u00e1s de 30.<\/strong><\/h3>\n<\/blockquote>\n<p>Sin embargo, en la madrugada del 6 de enero, las convocatorias de ambos grupos se juntaron en una multitudinaria fiesta en la casona de Punta Mogotes, donde los participantes sub\u00edan y bajaban sin importar por qui\u00e9n hab\u00edan sido convocados.<\/p>\n<blockquote>\n<h3>Uno de los imputados, cuando fue consultado por los efectivos policiales que se acercaron a desactivar la fiesta clandestina, dijo que \u201cla gente se le aglomer\u00f3 en su casa sin haber organizado ning\u00fan tipo de evento\u201d.<\/h3>\n<\/blockquote>\n<p>Esta situaci\u00f3n hace creer a los investigadores que, m\u00e1s all\u00e1 de que no se conocieran originalmente, pudieron haber realizado los eventos de manera coordinada. Incluso, no descartan que hayan lucrado con estas fiestas.<\/p>\n<div class=\"publiamp\" data-tipo=\"tipo_desktop \" data-pos=\"AMP_P1_cuerpo\">\n<blockquote>\n<h3>Otro de los elementos que consider\u00f3 la justicia para avanzar en la imputaci\u00f3n es el alto desembolso de dinero que realizaban los j\u00f3venes todos los d\u00edas para limpiar la vivienda, lo cual les permite presumir que las fiestas eran habituales.<\/h3>\n<\/blockquote>\n<p>La Justicia Federal ya autoriz\u00f3 las indagatorias de los dos j\u00f3venes rosarinos, quienes regresaron a su ciudad. Adem\u00e1s, dispuso que ninguno de los dos\u00a0<strong>pueda ausentarse de su domicilio por m\u00e1s de 24 horas sin autorizaci\u00f3n judicial.<\/strong><\/p>\n<blockquote>\n<h3>Uno de los j\u00f3venes, el que alquil\u00f3 el piso de abajo, hab\u00eda pagado por anticipado la\u00a0<strong>propiedad hasta el 9 de enero<\/strong>. Sin embargo, luego de la multitudinaria fiesta y la intervenci\u00f3n policial y judicial,\u00a0<strong>entreg\u00f3 las llaves y se volvi\u00f3 a Rosario<\/strong>.<\/h3>\n<\/blockquote>\n<p>Los testimonios recogidos por los operadores judiciales de los vecinos se\u00f1alan que las fiestas en ese lugar fueron constantes desde el\u00a0<strong>29 de diciembre, cuando alquilaron la propiedad.<\/strong><\/p>\n<p>publicado en 0223<\/p>\n<\/div>\n","protected":false},"excerpt":{"rendered":"<div class=\"mh-excerpt\"><p>Dos j\u00f3venes rosarinos alquilaron un chalet en Punta Mogotes. Uno la planta de arriba y otro la de abajo. La justicia los imput\u00f3 por organizar fiestas clandestinas y ahora ser\u00e1n indagados. Dos j\u00f3venes rosarinos\u00a0enfrentan una\u00a0causa <a class=\"mh-excerpt-more\" href=\"https:\/\/larevistadigital.com.ar\/blog\/mardel-dos-fiestas-clandestinas-simultaneas-con-500-personas-en-cada-una-el-descontrol-en-punta-mogotes\/\" title=\"MARDEL: DOS FIESTAS CLANDESTINAS SIMULT\u00c1NEAS CON 500 PERSONAS EN CADA UNA. EL DESCONTROL EN PUNTA MOGOTES\">[Leer M\u00e1s]<\/a><\/p>\n<\/div>","protected":false},"author":3,"featured_media":18643,"comment_status":"open","ping_status":"open","sticky":false,"template":"","format":"standard","meta":{"_jetpack_memberships_contains_paid_content":false,"footnotes":"","jetpack_publicize_message":"","jetpack_publicize_feature_enabled":true,"jetpack_social_post_already_shared":true,"jetpack_social_options":{"image_generator_settings":{"template":"highway","default_image_id":0,"font":"","enabled":false},"version":2}},"categories":[44,51],"tags":[],"class_list":{"0":"post-18642","1":"post","2":"type-post","3":"status-publish","4":"format-standard","5":"has-post-thumbnail","7":"category-policiales","8":"category-regionales"},"jetpack_publicize_connections":[],"jetpack_featured_media_url":"https:\/\/i0.wp.com\/larevistadigital.com.ar\/blog\/wp-content\/uploads\/Screenshot_1-198.jpg?fit=1003%2C566&ssl=1","jetpack_sharing_enabled":true,"jetpack_shortlink":"https:\/\/wp.me\/p8qtrQ-4QG","jetpack-related-posts":[{"id":18897,"url":"https:\/\/larevistadigital.com.ar\/blog\/increible-durante-la-manana-dos-autos-cayeron-por-la-misma-bajada-en-punta-mogotes\/","url_meta":{"origin":18642,"position":0},"title":"INCRE\u00cdBLE: DURANTE LA MA\u00d1ANA, DOS AUTOS CAYERON POR LA MISMA BAJADA EN PUNTA MOGOTES","author":"Alejandro Sosa Ruda","date":"17 febrero, 2021","format":false,"excerpt":"Ocurri\u00f3 este mi\u00e9rcoles en Avenida de los Trabajadores al 4600. Colocar\u00e1n un guardrail para evitar mayores accidentes. MAR DEL PLATA - El barrio de\u00a0Punta Mogotes\u00a0de Mar del Plata fue epicentro de un ins\u00f3lito episodio: en horas de la ma\u00f1ana de este mi\u00e9rcoles,\u00a0dos autos\u00a0protagonizaron dos siniestros viales distintos\u00a0en la misma bajada\u2026","rel":"","context":"En \u00abREGIONALES\u00bb","block_context":{"text":"REGIONALES","link":"https:\/\/larevistadigital.com.ar\/blog\/category\/regionales\/"},"img":{"alt_text":"","src":"https:\/\/i0.wp.com\/larevistadigital.com.ar\/blog\/wp-content\/uploads\/Captura-13.png?fit=999%2C561&ssl=1&resize=350%2C200","width":350,"height":200,"srcset":"https:\/\/i0.wp.com\/larevistadigital.com.ar\/blog\/wp-content\/uploads\/Captura-13.png?fit=999%2C561&ssl=1&resize=350%2C200 1x, https:\/\/i0.wp.com\/larevistadigital.com.ar\/blog\/wp-content\/uploads\/Captura-13.png?fit=999%2C561&ssl=1&resize=525%2C300 1.5x, https:\/\/i0.wp.com\/larevistadigital.com.ar\/blog\/wp-content\/uploads\/Captura-13.png?fit=999%2C561&ssl=1&resize=700%2C400 2x"},"classes":[]},{"id":14258,"url":"https:\/\/larevistadigital.com.ar\/blog\/mar-del-plata-violento-vuelco-en-punta-mogotes-con-tres-hospitalizados\/","url_meta":{"origin":18642,"position":1},"title":"MAR DEL PLATA: VIOLENTO VUELCO EN PUNTA MOGOTES CON TRES HOSPITALIZADOS","author":"Alejandro Sosa Ruda","date":"19 enero, 2020","format":false,"excerpt":"El siniestro se registr\u00f3 alrededor de las 9 sobre Avenida de Los Trabajadores al 1500.\u00a0 Tres personas trasladadas al Hospital Interzonal General de Agudos (Higa) fue el saldo que dej\u00f3 un impactante vuelco que\u00a0se registr\u00f3 en horas de la ma\u00f1ana de este domingo en la zona de Punta Mogotes. El\u2026","rel":"","context":"En \u00abPOLICIALES\u00bb","block_context":{"text":"POLICIALES","link":"https:\/\/larevistadigital.com.ar\/blog\/category\/policiales\/"},"img":{"alt_text":"","src":"https:\/\/i0.wp.com\/larevistadigital.com.ar\/blog\/wp-content\/uploads\/1579438155619.jpeg?fit=790%2C444&ssl=1&resize=350%2C200","width":350,"height":200,"srcset":"https:\/\/i0.wp.com\/larevistadigital.com.ar\/blog\/wp-content\/uploads\/1579438155619.jpeg?fit=790%2C444&ssl=1&resize=350%2C200 1x, https:\/\/i0.wp.com\/larevistadigital.com.ar\/blog\/wp-content\/uploads\/1579438155619.jpeg?fit=790%2C444&ssl=1&resize=525%2C300 1.5x, https:\/\/i0.wp.com\/larevistadigital.com.ar\/blog\/wp-content\/uploads\/1579438155619.jpeg?fit=790%2C444&ssl=1&resize=700%2C400 2x"},"classes":[]},{"id":8018,"url":"https:\/\/larevistadigital.com.ar\/blog\/mar-del-plata-turista-muere-ahogado-en-punta-mogotes\/","url_meta":{"origin":18642,"position":2},"title":"MAR DEL PLATA: TURISTA MUERE AHOGADO EN PUNTA MOGOTES","author":"Alejandro Sosa Ruda","date":"28 enero, 2019","format":false,"excerpt":"Un turista de aproximadamente 40 a\u00f1os muri\u00f3 ahogado este lunes por la tarde a la altura de los balnearios 2 y 3 de Punta Mogotes. El hombre fue socorrido en primera instancia por guardavidas y luego fue trasladado de urgencia al Hospital Interzonal General de Agudos (Higa), donde finalmente falleci\u00f3.\u2026","rel":"","context":"En \u00abPOLICIALES\u00bb","block_context":{"text":"POLICIALES","link":"https:\/\/larevistadigital.com.ar\/blog\/category\/policiales\/"},"img":{"alt_text":"","src":"https:\/\/i0.wp.com\/larevistadigital.com.ar\/blog\/wp-content\/uploads\/2019\/01\/Playa-Verano-temporada-2017-Punta-Mogotes-Carpas-4283.jpg?fit=1200%2C732&ssl=1&resize=350%2C200","width":350,"height":200,"srcset":"https:\/\/i0.wp.com\/larevistadigital.com.ar\/blog\/wp-content\/uploads\/2019\/01\/Playa-Verano-temporada-2017-Punta-Mogotes-Carpas-4283.jpg?fit=1200%2C732&ssl=1&resize=350%2C200 1x, https:\/\/i0.wp.com\/larevistadigital.com.ar\/blog\/wp-content\/uploads\/2019\/01\/Playa-Verano-temporada-2017-Punta-Mogotes-Carpas-4283.jpg?fit=1200%2C732&ssl=1&resize=525%2C300 1.5x, https:\/\/i0.wp.com\/larevistadigital.com.ar\/blog\/wp-content\/uploads\/2019\/01\/Playa-Verano-temporada-2017-Punta-Mogotes-Carpas-4283.jpg?fit=1200%2C732&ssl=1&resize=700%2C400 2x, https:\/\/i0.wp.com\/larevistadigital.com.ar\/blog\/wp-content\/uploads\/2019\/01\/Playa-Verano-temporada-2017-Punta-Mogotes-Carpas-4283.jpg?fit=1200%2C732&ssl=1&resize=1050%2C600 3x"},"classes":[]},{"id":17405,"url":"https:\/\/larevistadigital.com.ar\/blog\/la-plata-desactivaron-dos-fiestas-clandestinas\/","url_meta":{"origin":18642,"position":3},"title":"LA PLATA: DESACTIVARON DOS FIESTAS CLANDESTINAS","author":"Alejandro Sosa Ruda","date":"2 noviembre, 2020","format":false,"excerpt":"Una se realizaba en una quinta y hab\u00eda m\u00e1s de 300 personas, la otra al aire libre en una canchita de f\u00fatbol El ministerio de Seguridad de la provincia de Buenos Aires, a trav\u00e9s de la direcci\u00f3n Provincial para la Gesti\u00f3n de la Seguridad Privada a cargo de Marcelo Montero\u2026","rel":"","context":"En \u00abPOLICIALES\u00bb","block_context":{"text":"POLICIALES","link":"https:\/\/larevistadigital.com.ar\/blog\/category\/policiales\/"},"img":{"alt_text":"","src":"https:\/\/i0.wp.com\/larevistadigital.com.ar\/blog\/wp-content\/uploads\/20201101105823_61f47e0e_4352_4342_b6f8_48380e732ac4.jpg?fit=730%2C548&ssl=1&resize=350%2C200","width":350,"height":200,"srcset":"https:\/\/i0.wp.com\/larevistadigital.com.ar\/blog\/wp-content\/uploads\/20201101105823_61f47e0e_4352_4342_b6f8_48380e732ac4.jpg?fit=730%2C548&ssl=1&resize=350%2C200 1x, https:\/\/i0.wp.com\/larevistadigital.com.ar\/blog\/wp-content\/uploads\/20201101105823_61f47e0e_4352_4342_b6f8_48380e732ac4.jpg?fit=730%2C548&ssl=1&resize=525%2C300 1.5x, https:\/\/i0.wp.com\/larevistadigital.com.ar\/blog\/wp-content\/uploads\/20201101105823_61f47e0e_4352_4342_b6f8_48380e732ac4.jpg?fit=730%2C548&ssl=1&resize=700%2C400 2x"},"classes":[]},{"id":18217,"url":"https:\/\/larevistadigital.com.ar\/blog\/encuentran-huesos-humanos-en-una-playa-de-punta-mogotes-atencion-la-nota-contiene-la-imagen-que-podria-herir-la-sensibilidad-de-algunas-personas\/","url_meta":{"origin":18642,"position":4},"title":"ENCUENTRAN HUESOS HUMANOS EN UNA PLAYA DE PUNTA MOGOTES (ATENCI\u00d3N: LA NOTA CONTIENE LA IMAGEN, QUE PODR\u00cdA HERIR LA SENSIBILIDAD DE ALGUNAS PERSONAS)","author":"Alejandro Sosa Ruda","date":"18 diciembre, 2020","format":false,"excerpt":"El hallazgo ocurri\u00f3 esta ma\u00f1ana y ser\u00edan de alguna extremidad humano, La zona qued\u00f3 resguardada e investigan el origen de los huesos. Una d\u00eda de playa en Punta Mogotes tuvo un resultado inesperado para un grupo de personas que hallaron huesos aparentemente humanos y, ante tan macabra situaci\u00f3n, llamaron a\u2026","rel":"","context":"En \u00abPOLICIALES\u00bb","block_context":{"text":"POLICIALES","link":"https:\/\/larevistadigital.com.ar\/blog\/category\/policiales\/"},"img":{"alt_text":"","src":"https:\/\/i0.wp.com\/larevistadigital.com.ar\/blog\/wp-content\/uploads\/punta-mogotes.jpg?fit=1200%2C675&ssl=1&resize=350%2C200","width":350,"height":200,"srcset":"https:\/\/i0.wp.com\/larevistadigital.com.ar\/blog\/wp-content\/uploads\/punta-mogotes.jpg?fit=1200%2C675&ssl=1&resize=350%2C200 1x, https:\/\/i0.wp.com\/larevistadigital.com.ar\/blog\/wp-content\/uploads\/punta-mogotes.jpg?fit=1200%2C675&ssl=1&resize=525%2C300 1.5x, https:\/\/i0.wp.com\/larevistadigital.com.ar\/blog\/wp-content\/uploads\/punta-mogotes.jpg?fit=1200%2C675&ssl=1&resize=700%2C400 2x, https:\/\/i0.wp.com\/larevistadigital.com.ar\/blog\/wp-content\/uploads\/punta-mogotes.jpg?fit=1200%2C675&ssl=1&resize=1050%2C600 3x"},"classes":[]},{"id":23103,"url":"https:\/\/larevistadigital.com.ar\/blog\/mar-del-plata-se-ahogo-un-hombre-en-uno-de-los-balnearios-de-punta-mogotes\/","url_meta":{"origin":18642,"position":5},"title":"MAR DEL PLATA: SE AHOG\u00d3 UN HOMBRE EN UNO DE LOS BALNEARIOS DE PUNTA MOGOTES","author":"Alejandro Sosa Ruda","date":"29 diciembre, 2021","format":false,"excerpt":"Era un hombre de aproximadamente 70 a\u00f1os que se hallaba en la zona p\u00fablica cercana al balneario N\u00b05 de Mogotes. MAR DEL PLATA -\u00a0 Un hombre de avanzada edad falleci\u00f3 esta tarde ahogado en uno de los balnearios de Punta Mogotes en circunstancias que ahora investigan las autoridades judiciales y\u2026","rel":"","context":"En \u00abPOLICIALES\u00bb","block_context":{"text":"POLICIALES","link":"https:\/\/larevistadigital.com.ar\/blog\/category\/policiales\/"},"img":{"alt_text":"","src":"https:\/\/i0.wp.com\/larevistadigital.com.ar\/blog\/wp-content\/uploads\/punta-mogotes-1.jpg?fit=1010%2C615&ssl=1&resize=350%2C200","width":350,"height":200,"srcset":"https:\/\/i0.wp.com\/larevistadigital.com.ar\/blog\/wp-content\/uploads\/punta-mogotes-1.jpg?fit=1010%2C615&ssl=1&resize=350%2C200 1x, https:\/\/i0.wp.com\/larevistadigital.com.ar\/blog\/wp-content\/uploads\/punta-mogotes-1.jpg?fit=1010%2C615&ssl=1&resize=525%2C300 1.5x, https:\/\/i0.wp.com\/larevistadigital.com.ar\/blog\/wp-content\/uploads\/punta-mogotes-1.jpg?fit=1010%2C615&ssl=1&resize=700%2C400 2x"},"classes":[]}],"_links":{"self":[{"href":"https:\/\/larevistadigital.com.ar\/blog\/wp-json\/wp\/v2\/posts\/18642","targetHints":{"allow":["GET"]}}],"collection":[{"href":"https:\/\/larevistadigital.com.ar\/blog\/wp-json\/wp\/v2\/posts"}],"about":[{"href":"https:\/\/larevistadigital.com.ar\/blog\/wp-json\/wp\/v2\/types\/post"}],"author":[{"embeddable":true,"href":"https:\/\/larevistadigital.com.ar\/blog\/wp-json\/wp\/v2\/users\/3"}],"replies":[{"embeddable":true,"href":"https:\/\/larevistadigital.com.ar\/blog\/wp-json\/wp\/v2\/comments?post=18642"}],"version-history":[{"count":1,"href":"https:\/\/larevistadigital.com.ar\/blog\/wp-json\/wp\/v2\/posts\/18642\/revisions"}],"predecessor-version":[{"id":18644,"href":"https:\/\/larevistadigital.com.ar\/blog\/wp-json\/wp\/v2\/posts\/18642\/revisions\/18644"}],"wp:featuredmedia":[{"embeddable":true,"href":"https:\/\/larevistadigital.com.ar\/blog\/wp-json\/wp\/v2\/media\/18643"}],"wp:attachment":[{"href":"https:\/\/larevistadigital.com.ar\/blog\/wp-json\/wp\/v2\/media?parent=18642"}],"wp:term":[{"taxonomy":"category","embeddable":true,"href":"https:\/\/larevistadigital.com.ar\/blog\/wp-json\/wp\/v2\/categories?post=18642"},{"taxonomy":"post_tag","embeddable":true,"href":"https:\/\/larevistadigital.com.ar\/blog\/wp-json\/wp\/v2\/tags?post=18642"}],"curies":[{"name":"wp","href":"https:\/\/api.w.org\/{rel}","templated":true}]}}