{"id":18645,"date":"2021-01-15T18:24:40","date_gmt":"2021-01-15T18:24:40","guid":{"rendered":"https:\/\/larevistadigital.com.ar\/blog\/?p=18645"},"modified":"2021-01-15T18:24:40","modified_gmt":"2021-01-15T18:24:40","slug":"desbaratan-encuentros-clandestinos-en-necochea","status":"publish","type":"post","link":"https:\/\/larevistadigital.com.ar\/blog\/desbaratan-encuentros-clandestinos-en-necochea\/","title":{"rendered":"DESBARATAN ENCUENTROS CLANDESTINOS EN NECOCHEA"},"content":{"rendered":"<h2 class=\"intro\">Personal municipal y policial debi\u00f3 intervenir en\u00a0tres encuentros clandestinos, dos en domicilios y el\u00a0restante en una cancha de p\u00e1del, donde las personas reunidas se hallaban escuchando m\u00fasica a alto volumen.<\/h2>\n<p><strong>NECOCHEA &#8211;<\/strong> Personal de Control Urbano de la municipalidad de Necochea, junto a miembros de fuerzas policiales, desbarataron este viernes en la madrugada tres encuentros clandestinos en el partido de Necochea, dos en domicilios y el restante en una cancha de p\u00e1del, ocasi\u00f3n en la que se realizaron las infracciones correspondientes.<\/p>\n<blockquote>\n<h3>Puntualmente una de las intervenciones se dio en la localidad de Quequ\u00e9n, sobre calle 553 al 68 donde se realiz\u00f3 un operativo conjunto dado que, en el interior de dicha vivienda, se encontraba un grupo de personas reunida, escuchando m\u00fasica a todo volumen.<\/h3>\n<\/blockquote>\n<p>Casi al mismo tiempo, se ejecut\u00f3 otro operativo conjunto en calle 87 N\u00ba 2865 por el mismo motivo, m\u00fasica fuerte y juntada. En ambos casos, se infraccion\u00f3 a los presentes.<\/p>\n<p>Por \u00faltimo, en la cancha de p\u00e1del de calle 61 N\u00ba 1952 tambi\u00e9n se present\u00f3 personal municipal y policial, aunque en este caso nadie sali\u00f3 a la puerta y, en contrapartida, se apagaron la m\u00fasica y las luces. Por tal raz\u00f3n, se procedi\u00f3 a labrar acta de oficio.<\/p>\n<p>publicado en 0223<\/p>\n","protected":false},"excerpt":{"rendered":"<div class=\"mh-excerpt\"><p>Personal municipal y policial debi\u00f3 intervenir en\u00a0tres encuentros clandestinos, dos en domicilios y el\u00a0restante en una cancha de p\u00e1del, donde las personas reunidas se hallaban escuchando m\u00fasica a alto volumen. NECOCHEA &#8211; Personal de Control <a class=\"mh-excerpt-more\" href=\"https:\/\/larevistadigital.com.ar\/blog\/desbaratan-encuentros-clandestinos-en-necochea\/\" title=\"DESBARATAN ENCUENTROS CLANDESTINOS EN NECOCHEA\">[Leer M\u00e1s]<\/a><\/p>\n<\/div>","protected":false},"author":3,"featured_media":18647,"comment_status":"open","ping_status":"open","sticky":false,"template":"","format":"standard","meta":{"_jetpack_memberships_contains_paid_content":false,"footnotes":"","jetpack_publicize_message":"","jetpack_publicize_feature_enabled":true,"jetpack_social_post_already_shared":true,"jetpack_social_options":{"image_generator_settings":{"template":"highway","default_image_id":0,"font":"","enabled":false},"version":2}},"categories":[44,51],"tags":[],"class_list":{"0":"post-18645","1":"post","2":"type-post","3":"status-publish","4":"format-standard","5":"has-post-thumbnail","7":"category-policiales","8":"category-regionales"},"jetpack_publicize_connections":[],"jetpack_featured_media_url":"https:\/\/i0.wp.com\/larevistadigital.com.ar\/blog\/wp-content\/uploads\/Screenshot_2-128.jpg?fit=1004%2C564&ssl=1","jetpack_sharing_enabled":true,"jetpack_shortlink":"https:\/\/wp.me\/p8qtrQ-4QJ","jetpack-related-posts":[{"id":12423,"url":"https:\/\/larevistadigital.com.ar\/blog\/el-coro-mixto-de-chascomus-participara-en-coraliada-2019\/","url_meta":{"origin":18645,"position":0},"title":"EL CORO MIXTO DE CHASCOM\u00daS PARTICIPAR\u00c1 EN \u00abCORALIADA 2019\u00bb","author":"Alejandro Sosa Ruda","date":"1 octubre, 2019","format":false,"excerpt":"El Coro Mixto Chascom\u00fas participar\u00e1 en Coraliada 2019 en la ciudad de Necochea del 3 al 6 de Octubre. La ciudad de Necochea se prepara este a\u00f1o para el 23\u00b0Encuentro Internacional de Coros, con la participaci\u00f3n de 12 coros de varias ciudades como Necochea, Santa fe, Concepci\u00f3n de Uruguay, Mar\u2026","rel":"","context":"En \u00abCULTURA\u00bb","block_context":{"text":"CULTURA","link":"https:\/\/larevistadigital.com.ar\/blog\/category\/cultura\/"},"img":{"alt_text":"","src":"https:\/\/i0.wp.com\/larevistadigital.com.ar\/blog\/wp-content\/uploads\/71693743_10220382043082954_6440058028740837376_n.jpg?fit=720%2C629&ssl=1&resize=350%2C200","width":350,"height":200,"srcset":"https:\/\/i0.wp.com\/larevistadigital.com.ar\/blog\/wp-content\/uploads\/71693743_10220382043082954_6440058028740837376_n.jpg?fit=720%2C629&ssl=1&resize=350%2C200 1x, https:\/\/i0.wp.com\/larevistadigital.com.ar\/blog\/wp-content\/uploads\/71693743_10220382043082954_6440058028740837376_n.jpg?fit=720%2C629&ssl=1&resize=525%2C300 1.5x, https:\/\/i0.wp.com\/larevistadigital.com.ar\/blog\/wp-content\/uploads\/71693743_10220382043082954_6440058028740837376_n.jpg?fit=720%2C629&ssl=1&resize=700%2C400 2x"},"classes":[]},{"id":32269,"url":"https:\/\/larevistadigital.com.ar\/blog\/necochea-reabriran-la-inscripcion-de-choferes-policiales-porque-mas-del-70-no-es-apto\/","url_meta":{"origin":18645,"position":1},"title":"NECOCHEA; REABRIR\u00c1N LA INSCRIPCI\u00d3N DE CHOFERES POLICIALES PORQUE M\u00c1S DEL 70% NO ES APTO","author":"Alejandro Sosa Ruda","date":"4 julio, 2023","format":false,"excerpt":"Se inscribieron unos 160 postulantes, hombres y mujeres de 18 a 29 a\u00f1os. Hasta el momento, solo 11 personas pasaron los filtros y otras 15 aguardan para realizarse los ex\u00e1menes psicol\u00f3gicos. El resto fueron rechazados por diferentes motivos. 4 de julio de 2023 NECOCHEA -\u00a0 \u00a0A partir de una resoluci\u00f3n\u2026","rel":"","context":"En \u00abPOLICIALES\u00bb","block_context":{"text":"POLICIALES","link":"https:\/\/larevistadigital.com.ar\/blog\/category\/policiales\/"},"img":{"alt_text":"","src":"https:\/\/i0.wp.com\/larevistadigital.com.ar\/blog\/wp-content\/uploads\/20230704184412_policia-buenos-aires-1.jpg?fit=880%2C512&ssl=1&resize=350%2C200","width":350,"height":200,"srcset":"https:\/\/i0.wp.com\/larevistadigital.com.ar\/blog\/wp-content\/uploads\/20230704184412_policia-buenos-aires-1.jpg?fit=880%2C512&ssl=1&resize=350%2C200 1x, https:\/\/i0.wp.com\/larevistadigital.com.ar\/blog\/wp-content\/uploads\/20230704184412_policia-buenos-aires-1.jpg?fit=880%2C512&ssl=1&resize=525%2C300 1.5x, https:\/\/i0.wp.com\/larevistadigital.com.ar\/blog\/wp-content\/uploads\/20230704184412_policia-buenos-aires-1.jpg?fit=880%2C512&ssl=1&resize=700%2C400 2x"},"classes":[]},{"id":34465,"url":"https:\/\/larevistadigital.com.ar\/blog\/necochea-detienen-en-un-asalto-a-un-homicida-oriundo-de-mar-del-plata\/","url_meta":{"origin":18645,"position":2},"title":"NECOCHEA: DETIENEN EN UN ASALTO A UN HOMICIDA ORIUNDO DE MAR DEL PLATA","author":"Alejandro Sosa Ruda","date":"8 noviembre, 2023","format":false,"excerpt":"Se le hab\u00eda concedido el beneficio de la libertad asistida en el marco de una condena a 9 a\u00f1os por el asesinato de Mat\u00edas Garc\u00eda en 2015. 8 de noviembre de 2023 NECOCHEA-\u00a0 Nicol\u00e1s Ontivero, de 29 a\u00f1os, quien a\u00fan cumpl\u00eda con la pena impuesta por la Justicia de Mar\u2026","rel":"","context":"En \u00abPOLICIALES\u00bb","block_context":{"text":"POLICIALES","link":"https:\/\/larevistadigital.com.ar\/blog\/category\/policiales\/"},"img":{"alt_text":"","src":"https:\/\/i0.wp.com\/larevistadigital.com.ar\/blog\/wp-content\/uploads\/Captura-de-pantalla-2023-11-08-220047.png?fit=808%2C477&ssl=1&resize=350%2C200","width":350,"height":200,"srcset":"https:\/\/i0.wp.com\/larevistadigital.com.ar\/blog\/wp-content\/uploads\/Captura-de-pantalla-2023-11-08-220047.png?fit=808%2C477&ssl=1&resize=350%2C200 1x, https:\/\/i0.wp.com\/larevistadigital.com.ar\/blog\/wp-content\/uploads\/Captura-de-pantalla-2023-11-08-220047.png?fit=808%2C477&ssl=1&resize=525%2C300 1.5x, https:\/\/i0.wp.com\/larevistadigital.com.ar\/blog\/wp-content\/uploads\/Captura-de-pantalla-2023-11-08-220047.png?fit=808%2C477&ssl=1&resize=700%2C400 2x"},"classes":[]},{"id":19536,"url":"https:\/\/larevistadigital.com.ar\/blog\/detienen-a-acusado-de-abusar-a-la-hija-de-su-pareja\/","url_meta":{"origin":18645,"position":3},"title":"DETIENEN A ACUSADO DE ABUSAR A LA HIJA DE SU PAREJA","author":"Alejandro Sosa Ruda","date":"29 marzo, 2021","format":false,"excerpt":"El hecho ocurri\u00f3 en Tandil y lo atraparon en Necochea. Prestar\u00e1 declaraci\u00f3n en las pr\u00f3ximas horas. Un\u00a0hombre\u00a0de\u00a046 a\u00f1os\u00a0acusado de\u00a0violar a la hija de su pareja\u00a0en la ciudad de\u00a0Tandil\u00a0fue detenido en las \u00faltimas\u00a0 horas por personal policial en Necochea a donde busc\u00f3 esconderse tras conocer que era buscado por la Justicia.\u2026","rel":"","context":"En \u00abPOLICIALES\u00bb","block_context":{"text":"POLICIALES","link":"https:\/\/larevistadigital.com.ar\/blog\/category\/policiales\/"},"img":{"alt_text":"","src":"https:\/\/i0.wp.com\/larevistadigital.com.ar\/blog\/wp-content\/uploads\/Captura-de-pantalla-2021-03-29-110034.png?fit=992%2C558&ssl=1&resize=350%2C200","width":350,"height":200,"srcset":"https:\/\/i0.wp.com\/larevistadigital.com.ar\/blog\/wp-content\/uploads\/Captura-de-pantalla-2021-03-29-110034.png?fit=992%2C558&ssl=1&resize=350%2C200 1x, https:\/\/i0.wp.com\/larevistadigital.com.ar\/blog\/wp-content\/uploads\/Captura-de-pantalla-2021-03-29-110034.png?fit=992%2C558&ssl=1&resize=525%2C300 1.5x, https:\/\/i0.wp.com\/larevistadigital.com.ar\/blog\/wp-content\/uploads\/Captura-de-pantalla-2021-03-29-110034.png?fit=992%2C558&ssl=1&resize=700%2C400 2x"},"classes":[]},{"id":33097,"url":"https:\/\/larevistadigital.com.ar\/blog\/necochea-macabro-hallazgo-cortaba-el-cesped-en-la-vereda-y-se-encontro-con-un-craneo-humano\/","url_meta":{"origin":18645,"position":4},"title":"NECOCHEA: MACABRO HALLAZGO&#8230; CORTABA EL CESPED EN LA VEREDA Y SE ENCONTR\u00d3 CON UN CR\u00c1NEO HUMANO","author":"Alejandro Sosa Ruda","date":"28 agosto, 2023","format":false,"excerpt":"Un vecino, mientras se dispon\u00eda a cortar el c\u00e9sped de la vereda, se encontr\u00f3 con un cr\u00e1neo humano entre lonas y otros deshechos. De inmediato llam\u00f3 al servicio de emergencias 911 y la polic\u00eda acudi\u00f3 al lugar. NECOCHEA -\u00a0 El hombre, sorprendido por el hallazgo, alert\u00f3 de inmediato al servicio\u2026","rel":"","context":"En \u00abPOLICIALES\u00bb","block_context":{"text":"POLICIALES","link":"https:\/\/larevistadigital.com.ar\/blog\/category\/policiales\/"},"img":{"alt_text":"","src":"https:\/\/i0.wp.com\/larevistadigital.com.ar\/blog\/wp-content\/uploads\/20230827164349_craneo-neochea.jpg?fit=880%2C512&ssl=1&resize=350%2C200","width":350,"height":200,"srcset":"https:\/\/i0.wp.com\/larevistadigital.com.ar\/blog\/wp-content\/uploads\/20230827164349_craneo-neochea.jpg?fit=880%2C512&ssl=1&resize=350%2C200 1x, https:\/\/i0.wp.com\/larevistadigital.com.ar\/blog\/wp-content\/uploads\/20230827164349_craneo-neochea.jpg?fit=880%2C512&ssl=1&resize=525%2C300 1.5x, https:\/\/i0.wp.com\/larevistadigital.com.ar\/blog\/wp-content\/uploads\/20230827164349_craneo-neochea.jpg?fit=880%2C512&ssl=1&resize=700%2C400 2x"},"classes":[]},{"id":38715,"url":"https:\/\/larevistadigital.com.ar\/blog\/necochea-finalmente-encontraron-sin-vida-al-joven-que-habia-desaparecido-en-el-mar\/","url_meta":{"origin":18645,"position":5},"title":"Necochea: Finalmente encontraron sin vida al joven que hab\u00eda desaparecido en el mar","author":"Alejandro Sosa Ruda","date":"16 febrero, 2025","format":false,"excerpt":"Se desarroll\u00f3 un gran operativo de b\u00fasqueda, y lamentablemente sucedi\u00f3 lo que se supon\u00eda. Estuvo 34 horas desaparecido. 16 de Febrero de 2025 NECOCHEA -\u00a0 \u00a0Luego de una intens\u00edsima b\u00fasqueda que dur\u00f3 34 horas, el joven de 22 a\u00f1os que hab\u00eda desaparecido, fue encontrado fue encontrado sin vida este domingo\u2026","rel":"","context":"En \u00abDESTACADAS\u00bb","block_context":{"text":"DESTACADAS","link":"https:\/\/larevistadigital.com.ar\/blog\/category\/destacadas\/"},"img":{"alt_text":"","src":"https:\/\/i0.wp.com\/larevistadigital.com.ar\/blog\/wp-content\/uploads\/0e020cd79a37fd474d1c860c4acf6b25a22c2fac.jpeg?fit=1140%2C759&ssl=1&resize=350%2C200","width":350,"height":200,"srcset":"https:\/\/i0.wp.com\/larevistadigital.com.ar\/blog\/wp-content\/uploads\/0e020cd79a37fd474d1c860c4acf6b25a22c2fac.jpeg?fit=1140%2C759&ssl=1&resize=350%2C200 1x, https:\/\/i0.wp.com\/larevistadigital.com.ar\/blog\/wp-content\/uploads\/0e020cd79a37fd474d1c860c4acf6b25a22c2fac.jpeg?fit=1140%2C759&ssl=1&resize=525%2C300 1.5x, https:\/\/i0.wp.com\/larevistadigital.com.ar\/blog\/wp-content\/uploads\/0e020cd79a37fd474d1c860c4acf6b25a22c2fac.jpeg?fit=1140%2C759&ssl=1&resize=700%2C400 2x, https:\/\/i0.wp.com\/larevistadigital.com.ar\/blog\/wp-content\/uploads\/0e020cd79a37fd474d1c860c4acf6b25a22c2fac.jpeg?fit=1140%2C759&ssl=1&resize=1050%2C600 3x"},"classes":[]}],"_links":{"self":[{"href":"https:\/\/larevistadigital.com.ar\/blog\/wp-json\/wp\/v2\/posts\/18645","targetHints":{"allow":["GET"]}}],"collection":[{"href":"https:\/\/larevistadigital.com.ar\/blog\/wp-json\/wp\/v2\/posts"}],"about":[{"href":"https:\/\/larevistadigital.com.ar\/blog\/wp-json\/wp\/v2\/types\/post"}],"author":[{"embeddable":true,"href":"https:\/\/larevistadigital.com.ar\/blog\/wp-json\/wp\/v2\/users\/3"}],"replies":[{"embeddable":true,"href":"https:\/\/larevistadigital.com.ar\/blog\/wp-json\/wp\/v2\/comments?post=18645"}],"version-history":[{"count":1,"href":"https:\/\/larevistadigital.com.ar\/blog\/wp-json\/wp\/v2\/posts\/18645\/revisions"}],"predecessor-version":[{"id":18648,"href":"https:\/\/larevistadigital.com.ar\/blog\/wp-json\/wp\/v2\/posts\/18645\/revisions\/18648"}],"wp:featuredmedia":[{"embeddable":true,"href":"https:\/\/larevistadigital.com.ar\/blog\/wp-json\/wp\/v2\/media\/18647"}],"wp:attachment":[{"href":"https:\/\/larevistadigital.com.ar\/blog\/wp-json\/wp\/v2\/media?parent=18645"}],"wp:term":[{"taxonomy":"category","embeddable":true,"href":"https:\/\/larevistadigital.com.ar\/blog\/wp-json\/wp\/v2\/categories?post=18645"},{"taxonomy":"post_tag","embeddable":true,"href":"https:\/\/larevistadigital.com.ar\/blog\/wp-json\/wp\/v2\/tags?post=18645"}],"curies":[{"name":"wp","href":"https:\/\/api.w.org\/{rel}","templated":true}]}}