{"id":18656,"date":"2021-01-15T19:42:18","date_gmt":"2021-01-15T19:42:18","guid":{"rendered":"https:\/\/larevistadigital.com.ar\/blog\/?p=18656"},"modified":"2021-01-15T19:42:18","modified_gmt":"2021-01-15T19:42:18","slug":"un-millon-de-gracias-por-juan-pablo-poli-odera","status":"publish","type":"post","link":"https:\/\/larevistadigital.com.ar\/blog\/un-millon-de-gracias-por-juan-pablo-poli-odera\/","title":{"rendered":"\u00a1UN MILL\u00d3N DE GRACIAS! (Por Juan Pablo  \u00abPoli\u00bb Odera)"},"content":{"rendered":"<p>Hace unos d\u00edas, me toc\u00f3 vivir un episodio que pudo haber terminado en un segundo con mi vida.<\/p>\n<p>Me encontraba viajando por la ruta 2 a bordo de mi camioneta marca Hyundai, dirigi\u00e9ndome hacia Caba, bastante molesto por problemas que justamente ten\u00edan que ver con la camioneta mencionada, y algunas irregularidades que pese a haber abonado el service, no se hab\u00edan solucionado.<\/p>\n<p>Por ese motivo, es que iba a menos de 100km. por hora, ya que no quer\u00eda tener alg\u00fan problema y poder llegar tranquilo hasta el lugar donde el veh\u00edculo ser\u00eda revisado.<\/p>\n<p>Ah\u00ed sucedi\u00f3 todo en menos de 10 segundos, que parecieron horas. Un mensaje que lleg\u00f3, el tel\u00e9fono que cay\u00f3 al suelo, y el terrible error de agacharme a levantarlo. Ah\u00ed, fue donde se desat\u00f3 el infierno: al levantar la vista, vi a un cami\u00f3n que ya estaba a metros, y alcanc\u00e9 a \u00abpegar el volantazo\u00bb, pero no pude esquivar totalmente el choque. Un estallido que me lleg\u00f3 al cerebro, todo dio vueltas, vidrios, fierros y, como dije anteriormente el infierno que me rodeaba. Fueron segundos eternos, en los que pude pensar en mi hijo, y en que por favor, la muerte no me aleje de \u00e9l.<\/p>\n<p>Realmente, luego de esa eternidad que dur\u00f3 no m\u00e1s de tres segundos, no pod\u00eda salir de la confusi\u00f3n y el asombro. Estaba bien. Estaba vivo.<\/p>\n<p>Dios, Al\u00e1, Jehov\u00e1, El Universo o la fuerza que gobierna las cosas, estuvo sin dudas junto a m\u00ed, y me cuid\u00f3 de algo que a\u00fan hoy no entiendo c\u00f3mo sobreviv\u00ed. El chofer del cami\u00f3n al que embest\u00ed, no pod\u00eda salir de su asombro, lo mismo que un rato despu\u00e9s los m\u00e9dicos que me atendieron. Viendo el estado del auto, lo l\u00f3gico era pensar que nadie sali\u00f3 con vida de ah\u00ed dentro.<\/p>\n<p>Nac\u00ed otra vez. Un poco en broma, digo que sin dudas Dios tiene grandes planes para m\u00ed, pero muy posiblemente as\u00ed sea. \u00abNadie muere en la v\u00edspera\u00bb dec\u00eda un ex presidente, y debe ser cierto, porque a\u00fan la raz\u00f3n no me permite entender como sal\u00ed totalmente ileso y sin un rasgu\u00f1o de los fierros retorcidos de mi veh\u00edculo.<\/p>\n<p>Escribo esto, porque el incidente me sirvi\u00f3 para apreciar que todo puede terminarse en un segundo, sin previo aviso y sin nada que se pueda hacer. Tambi\u00e9n para no cometer nunca m\u00e1s la torpeza de \u00abdesatender\u00bb la ruta o el frente cuando uno va manejando. Es una d\u00e9cima de segundo que puede costarnos la vida.<\/p>\n<p>Pero sobre todo, escribo y solicito que se publiquen estas l\u00edneas, para agradecer infinitamente a la gente de la Vial, ah\u00ed en Lastra y Ruta 2 que me atendieron y que se ocuparon de mis pertenencias. A la gente que fren\u00f3 y se interes\u00f3 por mi estado, cuando ocurri\u00f3 el accidente. Y a los profesionales m\u00e9dicos, enfermeros y los dem\u00e1s integrantes de nuestro querido Hospital Municipal San Vicente de Paul que me atendieron como un rey y se preocuparon por c\u00f3mo estaba y como sigo.<\/p>\n<p><strong>A TODOS, UN MILL\u00d3N DE GRACIAS!<\/strong><\/p>\n<p><strong>Juan Pablo \u00abPoli\u00bb Odera<\/strong><\/p>\n<p><strong>DNI 26.074.372<\/strong><\/p>\n<p>&nbsp;<\/p>\n","protected":false},"excerpt":{"rendered":"<div class=\"mh-excerpt\"><p>Hace unos d\u00edas, me toc\u00f3 vivir un episodio que pudo haber terminado en un segundo con mi vida. Me encontraba viajando por la ruta 2 a bordo de mi camioneta marca Hyundai, dirigi\u00e9ndome hacia Caba, <a class=\"mh-excerpt-more\" href=\"https:\/\/larevistadigital.com.ar\/blog\/un-millon-de-gracias-por-juan-pablo-poli-odera\/\" title=\"\u00a1UN MILL\u00d3N DE GRACIAS! (Por Juan Pablo  \u00abPoli\u00bb Odera)\">[Leer M\u00e1s]<\/a><\/p>\n<\/div>","protected":false},"author":3,"featured_media":18544,"comment_status":"open","ping_status":"open","sticky":false,"template":"","format":"standard","meta":{"_jetpack_memberships_contains_paid_content":false,"footnotes":"","jetpack_publicize_message":"","jetpack_publicize_feature_enabled":true,"jetpack_social_post_already_shared":true,"jetpack_social_options":{"image_generator_settings":{"template":"highway","default_image_id":0,"font":"","enabled":false},"version":2}},"categories":[50],"tags":[],"class_list":{"0":"post-18656","1":"post","2":"type-post","3":"status-publish","4":"format-standard","5":"has-post-thumbnail","7":"category-interes-general"},"jetpack_publicize_connections":[],"jetpack_featured_media_url":"https:\/\/i0.wp.com\/larevistadigital.com.ar\/blog\/wp-content\/uploads\/WhatsApp-Image-2021-01-07-at-17.20.24.jpeg?fit=1024%2C768&ssl=1","jetpack_sharing_enabled":true,"jetpack_shortlink":"https:\/\/wp.me\/p8qtrQ-4QU","jetpack-related-posts":[{"id":12433,"url":"https:\/\/larevistadigital.com.ar\/blog\/camioneta-choca-y-se-incendia-hace-quince-dias-la-conductora-esta-internada-pero-nadie-hace-nada-para-quitar-el-vehiculo-que-contamina-el-lugar\/","url_meta":{"origin":18656,"position":0},"title":"CAMIONETA CHOCA Y SE INCENDIA HACE QUINCE D\u00cdAS. LA CONDUCTORA EST\u00c1 INTERNADA, PERO NADIE HACE NADA PARA QUITAR EL VEH\u00cdCULO QUE CONTAMINA EL  LUGAR","author":"Alejandro Sosa Ruda","date":"2 octubre, 2019","format":false,"excerpt":"Un vecino del Barrio Lomas Altas, nos hace llegar una inquietud de los vecinos , propietarios y gente de la ciudad, ante una lamentable situaci\u00f3n que atenta contra la salud y contra el medio ambiente. Hace aproximadamente unos 15 d\u00edas, hubo un accidente en el camino de circunvalaci\u00f3n a la\u2026","rel":"","context":"En \u00abDESTACADAS\u00bb","block_context":{"text":"DESTACADAS","link":"https:\/\/larevistadigital.com.ar\/blog\/category\/destacadas\/"},"img":{"alt_text":"","src":"https:\/\/i0.wp.com\/larevistadigital.com.ar\/blog\/wp-content\/uploads\/WhatsApp-Image-2019-10-02-at-14.12.53.jpeg?fit=1032%2C774&ssl=1&resize=350%2C200","width":350,"height":200,"srcset":"https:\/\/i0.wp.com\/larevistadigital.com.ar\/blog\/wp-content\/uploads\/WhatsApp-Image-2019-10-02-at-14.12.53.jpeg?fit=1032%2C774&ssl=1&resize=350%2C200 1x, https:\/\/i0.wp.com\/larevistadigital.com.ar\/blog\/wp-content\/uploads\/WhatsApp-Image-2019-10-02-at-14.12.53.jpeg?fit=1032%2C774&ssl=1&resize=525%2C300 1.5x, https:\/\/i0.wp.com\/larevistadigital.com.ar\/blog\/wp-content\/uploads\/WhatsApp-Image-2019-10-02-at-14.12.53.jpeg?fit=1032%2C774&ssl=1&resize=700%2C400 2x"},"classes":[]},{"id":18604,"url":"https:\/\/larevistadigital.com.ar\/blog\/mar-del-plata-asesinan-de-un-tiro-en-la-cabeza-a-musico-cuando-bajaba-de-su-camioneta\/","url_meta":{"origin":18656,"position":1},"title":"MAR DEL PLATA: ASESINAN DE UN TIRO EN LA CABEZA A MUSICO CUANDO BAJABA DE SU CAMIONETA","author":"Alejandro Sosa Ruda","date":"14 enero, 2021","format":false,"excerpt":"Se trata de un hombre de 58 a\u00f1os que fue herido de un disparo en Gasc\u00f3n y Jujuy. Se desconocen las circunstancias del ataque y en un principio no se descarta la hip\u00f3tesis de un intento de robo. MAR DEL PLATA - Un m\u00fasico de 58 a\u00f1os oriundo de la\u2026","rel":"","context":"En \u00abPOLICIALES\u00bb","block_context":{"text":"POLICIALES","link":"https:\/\/larevistadigital.com.ar\/blog\/category\/policiales\/"},"img":{"alt_text":"","src":"https:\/\/i0.wp.com\/larevistadigital.com.ar\/blog\/wp-content\/uploads\/Screenshot_1-195.jpg?fit=1014%2C591&ssl=1&resize=350%2C200","width":350,"height":200,"srcset":"https:\/\/i0.wp.com\/larevistadigital.com.ar\/blog\/wp-content\/uploads\/Screenshot_1-195.jpg?fit=1014%2C591&ssl=1&resize=350%2C200 1x, https:\/\/i0.wp.com\/larevistadigital.com.ar\/blog\/wp-content\/uploads\/Screenshot_1-195.jpg?fit=1014%2C591&ssl=1&resize=525%2C300 1.5x, https:\/\/i0.wp.com\/larevistadigital.com.ar\/blog\/wp-content\/uploads\/Screenshot_1-195.jpg?fit=1014%2C591&ssl=1&resize=700%2C400 2x"},"classes":[]},{"id":24700,"url":"https:\/\/larevistadigital.com.ar\/blog\/muere-ciclista-en-la-ruta-36-luego-de-haber-sido-atropellado-por-una-camioneta\/","url_meta":{"origin":18656,"position":2},"title":"MUERE CICLISTA EN LA RUTA 36 LUEGO DE HABER SIDO ATROPELLADO POR UNA CAMIONETA","author":"Alejandro Sosa Ruda","date":"20 marzo, 2022","format":false,"excerpt":"El ciclista no habr\u00eda resistido las heridas que le provoc\u00f3 el accidente con la camioneta. LA PLATA -\u00a0 Los siniestros viales no dejan de llevarse vidas y otro caso m\u00e1s que se registra en La Plata conmociona a toda la ciudad y pone el foco en este tipo de accidentes\u2026","rel":"","context":"En \u00abPOLICIALES\u00bb","block_context":{"text":"POLICIALES","link":"https:\/\/larevistadigital.com.ar\/blog\/category\/policiales\/"},"img":{"alt_text":"","src":"https:\/\/i0.wp.com\/larevistadigital.com.ar\/blog\/wp-content\/uploads\/1647782170059.jpeg?fit=1200%2C594&ssl=1&resize=350%2C200","width":350,"height":200,"srcset":"https:\/\/i0.wp.com\/larevistadigital.com.ar\/blog\/wp-content\/uploads\/1647782170059.jpeg?fit=1200%2C594&ssl=1&resize=350%2C200 1x, https:\/\/i0.wp.com\/larevistadigital.com.ar\/blog\/wp-content\/uploads\/1647782170059.jpeg?fit=1200%2C594&ssl=1&resize=525%2C300 1.5x, https:\/\/i0.wp.com\/larevistadigital.com.ar\/blog\/wp-content\/uploads\/1647782170059.jpeg?fit=1200%2C594&ssl=1&resize=700%2C400 2x, https:\/\/i0.wp.com\/larevistadigital.com.ar\/blog\/wp-content\/uploads\/1647782170059.jpeg?fit=1200%2C594&ssl=1&resize=1050%2C600 3x"},"classes":[]},{"id":214,"url":"https:\/\/larevistadigital.com.ar\/blog\/verdaderamente-lamentable-pase\/","url_meta":{"origin":18656,"position":3},"title":"VERDADERAMENTE LAMENTABLE QUE ESTO PASE","author":"editor","date":"13 febrero, 2017","format":false,"excerpt":"Un amigo nos hizo llegar estas fotos. \u00bfQu\u00e9 es? F\u00e1cil: Una camioneta del Municipio, m\u00e1s espec\u00edficamente de la secretar\u00eda de Obras, llevando a un grupo de trabajadores a cumplir con sus tareas. \u00bfC\u00f3mo? \u00bfD\u00f3nde? \u00a1\u00a1\u00a1EN LA CAJA DE LA CAMIONETA!!! \u00a0Realmente es una verdadera verg\u00fcenza y un abuso por parte\u2026","rel":"","context":"En \u00abCHASCOM\u00daS\u00bb","block_context":{"text":"CHASCOM\u00daS","link":"https:\/\/larevistadigital.com.ar\/blog\/category\/chascomus\/"},"img":{"alt_text":"","src":"https:\/\/i0.wp.com\/larevistadigital.com.ar\/blog\/wp-content\/uploads\/2017\/02\/LAMENTABLE2.jpg?fit=594%2C449&ssl=1&resize=350%2C200","width":350,"height":200,"srcset":"https:\/\/i0.wp.com\/larevistadigital.com.ar\/blog\/wp-content\/uploads\/2017\/02\/LAMENTABLE2.jpg?fit=594%2C449&ssl=1&resize=350%2C200 1x, https:\/\/i0.wp.com\/larevistadigital.com.ar\/blog\/wp-content\/uploads\/2017\/02\/LAMENTABLE2.jpg?fit=594%2C449&ssl=1&resize=525%2C300 1.5x"},"classes":[]},{"id":28207,"url":"https:\/\/larevistadigital.com.ar\/blog\/cnel-vidal-un-muerto-tras-choque-en-la-ruta-55\/","url_meta":{"origin":18656,"position":4},"title":"CNEL. VIDAL: UN MUERTO TRAS CHOQUE EN LA RUTA 55","author":"Alejandro Sosa Ruda","date":"2 octubre, 2022","format":false,"excerpt":"Fue entre una camioneta y un cami\u00f3n. Pudo ser como consecuencia de la gran niebla. 02 de Octubre de 2022 CORONEL VIDAL -\u00a0 El accidente sucedi\u00f3 durante la ma\u00f1ana de ayer, a la altura de Coronel Vidal en la\u00a0 ruta 55, donde un hombre de 65 a\u00f1os de edad, result\u00f3\u2026","rel":"","context":"En \u00abPOLICIALES\u00bb","block_context":{"text":"POLICIALES","link":"https:\/\/larevistadigital.com.ar\/blog\/category\/policiales\/"},"img":{"alt_text":"","src":"https:\/\/i0.wp.com\/larevistadigital.com.ar\/blog\/wp-content\/uploads\/f837c0c7427de0636a5e002abf5c8a555fa2a72a.jpg?fit=1140%2C641&ssl=1&resize=350%2C200","width":350,"height":200,"srcset":"https:\/\/i0.wp.com\/larevistadigital.com.ar\/blog\/wp-content\/uploads\/f837c0c7427de0636a5e002abf5c8a555fa2a72a.jpg?fit=1140%2C641&ssl=1&resize=350%2C200 1x, https:\/\/i0.wp.com\/larevistadigital.com.ar\/blog\/wp-content\/uploads\/f837c0c7427de0636a5e002abf5c8a555fa2a72a.jpg?fit=1140%2C641&ssl=1&resize=525%2C300 1.5x, https:\/\/i0.wp.com\/larevistadigital.com.ar\/blog\/wp-content\/uploads\/f837c0c7427de0636a5e002abf5c8a555fa2a72a.jpg?fit=1140%2C641&ssl=1&resize=700%2C400 2x, https:\/\/i0.wp.com\/larevistadigital.com.ar\/blog\/wp-content\/uploads\/f837c0c7427de0636a5e002abf5c8a555fa2a72a.jpg?fit=1140%2C641&ssl=1&resize=1050%2C600 3x"},"classes":[]},{"id":16796,"url":"https:\/\/larevistadigital.com.ar\/blog\/denuncian-la-presencia-de-un-acosador-que-intenta-secuestrar-mujeres-en-la-plata\/","url_meta":{"origin":18656,"position":5},"title":"DENUNCIAN LA PRESENCIA DE UN ACOSADOR QUE INTENTA SECUESTRAR MUJERES EN LA PLATA","author":"Alejandro Sosa Ruda","date":"6 octubre, 2020","format":false,"excerpt":"De acuerdo a distintas publicaciones realizadas en las redes, el hombre se desplaza en una camioneta Renault color blanca. La Polic\u00eda est\u00e1 investigando. Vecinas de la\u00a0zona Norte\u00a0de\u00a0La Plata\u00a0denuncian\u00a0la presencia de\u00a0un presunto acosador que habr\u00eda intentado secuestrar\u00a0chicas en una camioneta blanca. Los episodios se viralizaron\u00a0en las redes sociales d\u00edas atr\u00e1s y,\u2026","rel":"","context":"En \u00abPOLICIALES\u00bb","block_context":{"text":"POLICIALES","link":"https:\/\/larevistadigital.com.ar\/blog\/category\/policiales\/"},"img":{"alt_text":"","src":"https:\/\/i0.wp.com\/larevistadigital.com.ar\/blog\/wp-content\/uploads\/una-mujer-fue-rescatada-la-policia-la-plata.jpg?fit=1200%2C675&ssl=1&resize=350%2C200","width":350,"height":200,"srcset":"https:\/\/i0.wp.com\/larevistadigital.com.ar\/blog\/wp-content\/uploads\/una-mujer-fue-rescatada-la-policia-la-plata.jpg?fit=1200%2C675&ssl=1&resize=350%2C200 1x, https:\/\/i0.wp.com\/larevistadigital.com.ar\/blog\/wp-content\/uploads\/una-mujer-fue-rescatada-la-policia-la-plata.jpg?fit=1200%2C675&ssl=1&resize=525%2C300 1.5x, https:\/\/i0.wp.com\/larevistadigital.com.ar\/blog\/wp-content\/uploads\/una-mujer-fue-rescatada-la-policia-la-plata.jpg?fit=1200%2C675&ssl=1&resize=700%2C400 2x, https:\/\/i0.wp.com\/larevistadigital.com.ar\/blog\/wp-content\/uploads\/una-mujer-fue-rescatada-la-policia-la-plata.jpg?fit=1200%2C675&ssl=1&resize=1050%2C600 3x"},"classes":[]}],"_links":{"self":[{"href":"https:\/\/larevistadigital.com.ar\/blog\/wp-json\/wp\/v2\/posts\/18656","targetHints":{"allow":["GET"]}}],"collection":[{"href":"https:\/\/larevistadigital.com.ar\/blog\/wp-json\/wp\/v2\/posts"}],"about":[{"href":"https:\/\/larevistadigital.com.ar\/blog\/wp-json\/wp\/v2\/types\/post"}],"author":[{"embeddable":true,"href":"https:\/\/larevistadigital.com.ar\/blog\/wp-json\/wp\/v2\/users\/3"}],"replies":[{"embeddable":true,"href":"https:\/\/larevistadigital.com.ar\/blog\/wp-json\/wp\/v2\/comments?post=18656"}],"version-history":[{"count":2,"href":"https:\/\/larevistadigital.com.ar\/blog\/wp-json\/wp\/v2\/posts\/18656\/revisions"}],"predecessor-version":[{"id":18660,"href":"https:\/\/larevistadigital.com.ar\/blog\/wp-json\/wp\/v2\/posts\/18656\/revisions\/18660"}],"wp:featuredmedia":[{"embeddable":true,"href":"https:\/\/larevistadigital.com.ar\/blog\/wp-json\/wp\/v2\/media\/18544"}],"wp:attachment":[{"href":"https:\/\/larevistadigital.com.ar\/blog\/wp-json\/wp\/v2\/media?parent=18656"}],"wp:term":[{"taxonomy":"category","embeddable":true,"href":"https:\/\/larevistadigital.com.ar\/blog\/wp-json\/wp\/v2\/categories?post=18656"},{"taxonomy":"post_tag","embeddable":true,"href":"https:\/\/larevistadigital.com.ar\/blog\/wp-json\/wp\/v2\/tags?post=18656"}],"curies":[{"name":"wp","href":"https:\/\/api.w.org\/{rel}","templated":true}]}}