{"id":18661,"date":"2021-01-16T14:16:58","date_gmt":"2021-01-16T14:16:58","guid":{"rendered":"https:\/\/larevistadigital.com.ar\/blog\/?p=18661"},"modified":"2021-01-16T14:16:58","modified_gmt":"2021-01-16T14:16:58","slug":"grave-accidente-en-la-ruta-deja-un-muerto-y-tres-heridos","status":"publish","type":"post","link":"https:\/\/larevistadigital.com.ar\/blog\/grave-accidente-en-la-ruta-deja-un-muerto-y-tres-heridos\/","title":{"rendered":"GRAVE ACCIDENTE EN LA RUTA DEJA UN MUERTO Y TRES HERIDOS"},"content":{"rendered":"<h2>Sucedi\u00f3 esta madrugada en la ruta 11, en el acceso al barrio F\u00e9lix U Camet. El conductor muri\u00f3 en el acto y otras cinco personas, entre ellas dos beb\u00e9s, fueron internadas.<\/h2>\n<p>El conductor de un autom\u00f3vil falleci\u00f3 y el resto de los ocupantes, entre los que hab\u00eda dos beb\u00e9s, sufrieron heridas de distinta consideraci\u00f3n en un accidente ocurrido esta madrugada en la ruta 11, frente al barrio F\u00e9lix U. Camet.<\/p>\n<blockquote>\n<h3>Fuentes policiales confirmaron que la colisi\u00f3n se produjo entre el Volkswagen Gol en el que viajaban las seis personas y una columna de alumbrado ubicada en el cantero divisor.<\/h3>\n<\/blockquote>\n<p>Seg\u00fan pudo establecerse, a las 3.30 de la madrugada el veh\u00edculo transitaba en sentido Santa Clara-Mar del Plata \u00a0y al llegar al acceso al barrio F\u00e9lix U. Camet su conductor perdi\u00f3 el control. Tal como sucede con lamentable frecuencia las columnas de alumbrado jugaron un rol mortal.<\/p>\n<p>Bomberos del Cuartel Caisamar fueron alertados del accidente y debieron trabajar para extraer a dos adultos que hab\u00edan quedado atrapados tras el choque. Uno de ellos era quien manejaba y que al\u00a0 momento del arribo del personal de bomberos ya estaba fallecido.<\/p>\n<blockquote>\n<h3>Entre los ocupantes del Gol hab\u00eda dos beb\u00e9s, uno de\u00a04 meses\u00a0y otro de un a\u00f1o y medio que fueron trasladados al Hospital Materno Infantil, aunque su estado no revest\u00eda gravedad.<\/h3>\n<\/blockquote>\n<p>Las otras tres personas que iban en el auto resultaron gravemente heridas y tuvieron que ser trasladadas de urgencia al Hospital Interzonal. Se tratan de una mujer de 26 a\u00f1os con fractura de cr\u00e1neo, un hombre de 28 tambi\u00e9n con fractura de cr\u00e1neo que tuvo que ser intervenido quir\u00fargicamente y otro joven, tambi\u00e9n de 28 a\u00f1os, con trauma de t\u00f3rax y fractura de columna vertebral.<\/p>\n","protected":false},"excerpt":{"rendered":"<div class=\"mh-excerpt\"><p>Sucedi\u00f3 esta madrugada en la ruta 11, en el acceso al barrio F\u00e9lix U Camet. El conductor muri\u00f3 en el acto y otras cinco personas, entre ellas dos beb\u00e9s, fueron internadas. El conductor de un <a class=\"mh-excerpt-more\" href=\"https:\/\/larevistadigital.com.ar\/blog\/grave-accidente-en-la-ruta-deja-un-muerto-y-tres-heridos\/\" title=\"GRAVE ACCIDENTE EN LA RUTA DEJA UN MUERTO Y TRES HERIDOS\">[Leer M\u00e1s]<\/a><\/p>\n<\/div>","protected":false},"author":3,"featured_media":18662,"comment_status":"open","ping_status":"open","sticky":false,"template":"","format":"standard","meta":{"_jetpack_memberships_contains_paid_content":false,"footnotes":"","jetpack_publicize_message":"","jetpack_publicize_feature_enabled":true,"jetpack_social_post_already_shared":true,"jetpack_social_options":{"image_generator_settings":{"template":"highway","default_image_id":0,"font":"","enabled":false},"version":2}},"categories":[44,51],"tags":[],"class_list":{"0":"post-18661","1":"post","2":"type-post","3":"status-publish","4":"format-standard","5":"has-post-thumbnail","7":"category-policiales","8":"category-regionales"},"jetpack_publicize_connections":[],"jetpack_featured_media_url":"https:\/\/i0.wp.com\/larevistadigital.com.ar\/blog\/wp-content\/uploads\/Screenshot_1-200.jpg?fit=1017%2C760&ssl=1","jetpack_sharing_enabled":true,"jetpack_shortlink":"https:\/\/wp.me\/p8qtrQ-4QZ","jetpack-related-posts":[{"id":22846,"url":"https:\/\/larevistadigital.com.ar\/blog\/fatal-accidente-en-la-ruta-11-acceso-a-mar-del-plata\/","url_meta":{"origin":18661,"position":0},"title":"FATAL ACCIDENTE EN LA RUTA 11, ACCESO A MAR DEL PLATA","author":"Alejandro Sosa Ruda","date":"5 diciembre, 2021","format":false,"excerpt":"El conductor de un Fiat Palio, falleci\u00f3 en el siniestro que ocurri\u00f3 este domingo 5\/12 aproximadamente a las 5 de la madrugada. Sucedi\u00f3 a la altura del kil\u00f3metro 503 MAR DEL PLATA -\u00a0 El conductor de un Fiat Palio\u00a0negro falleci\u00f3 este domingo a la madrugada como consecuencia de un fuerte\u2026","rel":"","context":"En \u00abPOLICIALES\u00bb","block_context":{"text":"POLICIALES","link":"https:\/\/larevistadigital.com.ar\/blog\/category\/policiales\/"},"img":{"alt_text":"","src":"https:\/\/i0.wp.com\/larevistadigital.com.ar\/blog\/wp-content\/uploads\/Captura-de-pantalla-2021-12-05-125429.jpg?fit=1016%2C670&ssl=1&resize=350%2C200","width":350,"height":200,"srcset":"https:\/\/i0.wp.com\/larevistadigital.com.ar\/blog\/wp-content\/uploads\/Captura-de-pantalla-2021-12-05-125429.jpg?fit=1016%2C670&ssl=1&resize=350%2C200 1x, https:\/\/i0.wp.com\/larevistadigital.com.ar\/blog\/wp-content\/uploads\/Captura-de-pantalla-2021-12-05-125429.jpg?fit=1016%2C670&ssl=1&resize=525%2C300 1.5x, https:\/\/i0.wp.com\/larevistadigital.com.ar\/blog\/wp-content\/uploads\/Captura-de-pantalla-2021-12-05-125429.jpg?fit=1016%2C670&ssl=1&resize=700%2C400 2x"},"classes":[]},{"id":41061,"url":"https:\/\/larevistadigital.com.ar\/blog\/choque-en-la-ruta-2-un-herido-y-un-caballo-muerto-tras-un-accidente\/","url_meta":{"origin":18661,"position":1},"title":"Choque en la Ruta 2: un herido y un caballo muerto tras un accidente","author":"Alejandro Sosa Ruda","date":"22 agosto, 2025","format":false,"excerpt":"El hecho ocurri\u00f3 sobre la ruta 2 a la altura de Estaci\u00f3n Camet. Los vecinos denuncian que los equinos \"se cruzan todo el tiempo\". C\u00f3mo es el estado de salud del conductor. 22 de agosto de 2025 MAR DEL PLATA\u00a0 -\u00a0 \u00a0 Un accidente impactante ocurri\u00f3 este viernes por la\u2026","rel":"","context":"En \u00abINTERES GENERAL\u00bb","block_context":{"text":"INTERES GENERAL","link":"https:\/\/larevistadigital.com.ar\/blog\/category\/interes-general\/"},"img":{"alt_text":"","src":"https:\/\/i0.wp.com\/larevistadigital.com.ar\/blog\/wp-content\/uploads\/Captura-de-pantalla-2025-08-22-204030.jpg?fit=800%2C606&ssl=1&resize=350%2C200","width":350,"height":200,"srcset":"https:\/\/i0.wp.com\/larevistadigital.com.ar\/blog\/wp-content\/uploads\/Captura-de-pantalla-2025-08-22-204030.jpg?fit=800%2C606&ssl=1&resize=350%2C200 1x, https:\/\/i0.wp.com\/larevistadigital.com.ar\/blog\/wp-content\/uploads\/Captura-de-pantalla-2025-08-22-204030.jpg?fit=800%2C606&ssl=1&resize=525%2C300 1.5x, https:\/\/i0.wp.com\/larevistadigital.com.ar\/blog\/wp-content\/uploads\/Captura-de-pantalla-2025-08-22-204030.jpg?fit=800%2C606&ssl=1&resize=700%2C400 2x"},"classes":[]},{"id":18128,"url":"https:\/\/larevistadigital.com.ar\/blog\/ruta-2-interceptan-auto-que-llevaba-93-kg-de-marihuana\/","url_meta":{"origin":18661,"position":2},"title":"RUTA 2: INTERCEPTAN AUTO QUE LLEVABA 93 KG. DE MARIHUANA","author":"Alejandro Sosa Ruda","date":"14 diciembre, 2020","format":false,"excerpt":"Ocurri\u00f3 esta ma\u00f1ana a la altura del kil\u00f3metro 386, en la entrada a Mar del Plata. El conductor del veh\u00edculo, de 45 a\u00f1os, intent\u00f3 escapar y tras una intensa persecuci\u00f3n qued\u00f3 detenido. MAR DEL PLATA - Un auto que\u00a0transportaba 93 kilos de marihuana\u00a0fue interceptado este lunes por la ma\u00f1ana en\u2026","rel":"","context":"En \u00abPOLICIALES\u00bb","block_context":{"text":"POLICIALES","link":"https:\/\/larevistadigital.com.ar\/blog\/category\/policiales\/"},"img":{"alt_text":"","src":"https:\/\/i0.wp.com\/larevistadigital.com.ar\/blog\/wp-content\/uploads\/Screenshot_1-177.jpg?fit=1010%2C754&ssl=1&resize=350%2C200","width":350,"height":200,"srcset":"https:\/\/i0.wp.com\/larevistadigital.com.ar\/blog\/wp-content\/uploads\/Screenshot_1-177.jpg?fit=1010%2C754&ssl=1&resize=350%2C200 1x, https:\/\/i0.wp.com\/larevistadigital.com.ar\/blog\/wp-content\/uploads\/Screenshot_1-177.jpg?fit=1010%2C754&ssl=1&resize=525%2C300 1.5x, https:\/\/i0.wp.com\/larevistadigital.com.ar\/blog\/wp-content\/uploads\/Screenshot_1-177.jpg?fit=1010%2C754&ssl=1&resize=700%2C400 2x"},"classes":[]},{"id":33880,"url":"https:\/\/larevistadigital.com.ar\/blog\/ruta-2-violento-choque-con-una-mujer-herida\/","url_meta":{"origin":18661,"position":3},"title":"RUTA 2: VIOLENTO CHOQUE CON UNA MUJER HERIDA","author":"Alejandro Sosa Ruda","date":"6 octubre, 2023","format":false,"excerpt":"Ocurri\u00f3 este viernes por la ma\u00f1ana. La acompa\u00f1ante qued\u00f3 atrapada dentro del veh\u00edculo, fue rescatada por personal de Bomberos y trasladada de urgencia al HIGA junto al conductor. 06 de octubre de 2023 MAR DEL PLATA -\u00a0 Una dama que viajaba como acompa\u00f1ante en una camioneta con destino a Mar\u2026","rel":"","context":"En \u00abREGIONALES\u00bb","block_context":{"text":"REGIONALES","link":"https:\/\/larevistadigital.com.ar\/blog\/category\/regionales\/"},"img":{"alt_text":"","src":"https:\/\/i0.wp.com\/larevistadigital.com.ar\/blog\/wp-content\/uploads\/Captura-de-pantalla-2023-10-06-154951.png?fit=805%2C354&ssl=1&resize=350%2C200","width":350,"height":200,"srcset":"https:\/\/i0.wp.com\/larevistadigital.com.ar\/blog\/wp-content\/uploads\/Captura-de-pantalla-2023-10-06-154951.png?fit=805%2C354&ssl=1&resize=350%2C200 1x, https:\/\/i0.wp.com\/larevistadigital.com.ar\/blog\/wp-content\/uploads\/Captura-de-pantalla-2023-10-06-154951.png?fit=805%2C354&ssl=1&resize=525%2C300 1.5x, https:\/\/i0.wp.com\/larevistadigital.com.ar\/blog\/wp-content\/uploads\/Captura-de-pantalla-2023-10-06-154951.png?fit=805%2C354&ssl=1&resize=700%2C400 2x"},"classes":[]},{"id":40123,"url":"https:\/\/larevistadigital.com.ar\/blog\/tragedia-en-ruta-88-un-conductor-murio-tras-impactar-contra-un-poste\/","url_meta":{"origin":18661,"position":4},"title":"Tragedia en Ruta 88: un conductor muri\u00f3 tras impactar contra un poste","author":"Alejandro Sosa Ruda","date":"23 junio, 2025","format":false,"excerpt":"El accidente ocurri\u00f3 en la madrugada del domingo, a la altura del kil\u00f3metro 7,5. El conductor falleci\u00f3 en el acto. Investigan las causas del siniestro. 23 de Junio de 2025 BUENOS AIRES\u00a0 -\u00a0 \u00a0Un nuevo siniestro vial volvi\u00f3 a te\u00f1ir de luto a la regi\u00f3n. En la madrugada del domingo\u2026","rel":"","context":"En \u00abPOLICIALES\u00bb","block_context":{"text":"POLICIALES","link":"https:\/\/larevistadigital.com.ar\/blog\/category\/policiales\/"},"img":{"alt_text":"","src":"https:\/\/i0.wp.com\/larevistadigital.com.ar\/blog\/wp-content\/uploads\/0118db99d87680891c02329c54031eca013be165.jpg?fit=1140%2C686&ssl=1&resize=350%2C200","width":350,"height":200,"srcset":"https:\/\/i0.wp.com\/larevistadigital.com.ar\/blog\/wp-content\/uploads\/0118db99d87680891c02329c54031eca013be165.jpg?fit=1140%2C686&ssl=1&resize=350%2C200 1x, https:\/\/i0.wp.com\/larevistadigital.com.ar\/blog\/wp-content\/uploads\/0118db99d87680891c02329c54031eca013be165.jpg?fit=1140%2C686&ssl=1&resize=525%2C300 1.5x, https:\/\/i0.wp.com\/larevistadigital.com.ar\/blog\/wp-content\/uploads\/0118db99d87680891c02329c54031eca013be165.jpg?fit=1140%2C686&ssl=1&resize=700%2C400 2x, https:\/\/i0.wp.com\/larevistadigital.com.ar\/blog\/wp-content\/uploads\/0118db99d87680891c02329c54031eca013be165.jpg?fit=1140%2C686&ssl=1&resize=1050%2C600 3x"},"classes":[]},{"id":14386,"url":"https:\/\/larevistadigital.com.ar\/blog\/mar-del-plata-asaltan-heladeria-a-mano-armada-fueron-detenidos\/","url_meta":{"origin":18661,"position":5},"title":"MAR DEL PLATA: ASALTAN HELADER\u00cdA A MANO ARMADA. FUERON DETENIDOS","author":"Alejandro Sosa Ruda","date":"26 enero, 2020","format":false,"excerpt":"Tres hombres, de entre 28 y 43 a\u00f1os, fueron detenidos esta madrugada acusados de haber robado a mano armada una helader\u00eda en\u00a0Col\u00f3n y Buenos Aires\u00a0y escapado en dos autos tras una persecuci\u00f3n que termin\u00f3 a metros del\u00a0Parque Camet. El hecho se registr\u00f3 cerca de las 4 de la madrugada, cuando\u2026","rel":"","context":"En \u00abPOLICIALES\u00bb","block_context":{"text":"POLICIALES","link":"https:\/\/larevistadigital.com.ar\/blog\/category\/policiales\/"},"img":{"alt_text":"","src":"https:\/\/i0.wp.com\/larevistadigital.com.ar\/blog\/wp-content\/uploads\/Screenshot_2-74.jpg?fit=1010%2C720&ssl=1&resize=350%2C200","width":350,"height":200,"srcset":"https:\/\/i0.wp.com\/larevistadigital.com.ar\/blog\/wp-content\/uploads\/Screenshot_2-74.jpg?fit=1010%2C720&ssl=1&resize=350%2C200 1x, https:\/\/i0.wp.com\/larevistadigital.com.ar\/blog\/wp-content\/uploads\/Screenshot_2-74.jpg?fit=1010%2C720&ssl=1&resize=525%2C300 1.5x, https:\/\/i0.wp.com\/larevistadigital.com.ar\/blog\/wp-content\/uploads\/Screenshot_2-74.jpg?fit=1010%2C720&ssl=1&resize=700%2C400 2x"},"classes":[]}],"_links":{"self":[{"href":"https:\/\/larevistadigital.com.ar\/blog\/wp-json\/wp\/v2\/posts\/18661","targetHints":{"allow":["GET"]}}],"collection":[{"href":"https:\/\/larevistadigital.com.ar\/blog\/wp-json\/wp\/v2\/posts"}],"about":[{"href":"https:\/\/larevistadigital.com.ar\/blog\/wp-json\/wp\/v2\/types\/post"}],"author":[{"embeddable":true,"href":"https:\/\/larevistadigital.com.ar\/blog\/wp-json\/wp\/v2\/users\/3"}],"replies":[{"embeddable":true,"href":"https:\/\/larevistadigital.com.ar\/blog\/wp-json\/wp\/v2\/comments?post=18661"}],"version-history":[{"count":1,"href":"https:\/\/larevistadigital.com.ar\/blog\/wp-json\/wp\/v2\/posts\/18661\/revisions"}],"predecessor-version":[{"id":18663,"href":"https:\/\/larevistadigital.com.ar\/blog\/wp-json\/wp\/v2\/posts\/18661\/revisions\/18663"}],"wp:featuredmedia":[{"embeddable":true,"href":"https:\/\/larevistadigital.com.ar\/blog\/wp-json\/wp\/v2\/media\/18662"}],"wp:attachment":[{"href":"https:\/\/larevistadigital.com.ar\/blog\/wp-json\/wp\/v2\/media?parent=18661"}],"wp:term":[{"taxonomy":"category","embeddable":true,"href":"https:\/\/larevistadigital.com.ar\/blog\/wp-json\/wp\/v2\/categories?post=18661"},{"taxonomy":"post_tag","embeddable":true,"href":"https:\/\/larevistadigital.com.ar\/blog\/wp-json\/wp\/v2\/tags?post=18661"}],"curies":[{"name":"wp","href":"https:\/\/api.w.org\/{rel}","templated":true}]}}