{"id":18664,"date":"2021-01-16T14:52:53","date_gmt":"2021-01-16T14:52:53","guid":{"rendered":"https:\/\/larevistadigital.com.ar\/blog\/?p=18664"},"modified":"2021-01-16T14:52:53","modified_gmt":"2021-01-16T14:52:53","slug":"mar-del-plata-se-anuncio-la-construccion-de-un-nuev0o-esigon-en-el-puerto","status":"publish","type":"post","link":"https:\/\/larevistadigital.com.ar\/blog\/mar-del-plata-se-anuncio-la-construccion-de-un-nuev0o-esigon-en-el-puerto\/","title":{"rendered":"MAR DEL PLATA: SE ANUNCI\u00d3 LA CONSTRUCCI\u00d3N DE UN NUEV0O ES\u00cdG\u00d3N EN EL PUERTO"},"content":{"rendered":"<h2>Lo hicieron el ministro de Econom\u00eda, Mart\u00edn Guzm\u00e1n, y la directora ejecutiva de la Anses, Fernanda Raverta, durante una jornada de trabajo en Mar del Plata.<\/h2>\n<p><strong>MAR DEL PLATA &#8211;<\/strong> El gobierno nacional anticip\u00f3 este s\u00e1bado la construcci\u00f3n de un espig\u00f3n nuevo en el sector pesquero del puerto de Mar del Plata <strong>con una inversi\u00f3n que supera los 20 millones de d\u00f3lares.<\/strong><\/p>\n<p>El anuncio lo hicieron el ministro de Econom\u00eda, Mart\u00edn Guzm\u00e1n, y la directora ejecutiva de la Anses, Fernanda Raverta, durante una jornada de trabajo con c\u00e1maras y gremios de la actividad portuaria en la ciudad.<\/p>\n<p>La intenci\u00f3n es\u00a0<strong>\u201cmejorar la infraestructura productiva destinada a la atenci\u00f3n de flotas pesqueras nacionales y extranjeras que operan en el Atl\u00e1ntico\u201d,<\/strong>\u00a0seg\u00fan consta en el proyecto.<\/p>\n<blockquote>\n<h3>La obra demandar\u00e1 24 meses de trabajo. Generar\u00e1 1431 nuevos metros lineales de amarre, lo que representa un incremento del 33% respecto al vigente, que se encuentra en 4405 metros operativos.<\/h3>\n<\/blockquote>\n<p>Actualmente el Puerto tiene m\u00e1s de 20.500 trabajadores directos y genera m\u00e1s de 71.750 trabajadores indirectos. Con esta ampliaci\u00f3n se estiman que pasar\u00e1 a tener\u00a0<strong>9.800 nuevos empleos directos y 34.200 indirectos.<\/strong><\/p>\n<p>El anuncio\u00a0<strong>\u201cconsolida la preponderancia pesquera a nivel nacional, ya que el puerto de Mar del Plata concentra cada a\u00f1o m\u00e1s del 50 por ciento de la actividad\u201d,<\/strong>\u00a0anticiparon los participantes de la jornada de trabajo.<\/p>\n<blockquote>\n<h3>\u201cPromueve el empleo de alta calidad, el desarrollo de productos de alto valor agregado y la generaci\u00f3n de divisas para la econom\u00eda nacional, lo que potencia el rol del Estado nacional, que fomenta la generaci\u00f3n de empleo como pol\u00edtica de desarrollo econ\u00f3mico\u201d, agregaron.<\/h3>\n<\/blockquote>\n<p>La actividad\u00a0fue reflejada por <strong>Guzm\u00e1n y Raverta<\/strong> en Instagram. <em><strong>\u201cHoy presentamos la ampliaci\u00f3n del puerto de Mar del Plata\u201d<\/strong><\/em>, dijo el ministro. <em><strong>\u201cRealizamos una mesa de trabajo desde Anses y el ministro de Econom\u00eda de la Naci\u00f3n, Mart\u00edn Guzm\u00e1n, con representantes de las c\u00e1maras y gremios de la actividad portuaria\u201d<\/strong><\/em>, cont\u00f3 <strong>Raverta<\/strong>, y agreg\u00f3: <strong><em>\u201cDesde el Fondo de Inversiones Estrat\u00e9gicas\u00a0vamos a generar empleo productivo para General Pueyrredon.\u00a0De una propuesta legislativa hoy hablamos de una realidad\u201d<\/em><\/strong>.<\/p>\n<p>El del espig\u00f3n es el segundo anuncio vinculado al puerto que encabeza <strong>Raverta<\/strong> luego del de dragado, que<strong>\u00a0demandar\u00e1 una inversi\u00f3n de $ 200 millones y cuyo llamado a licitaci\u00f3n se abri\u00f3 la semana pasada.\u00a0<\/strong><\/p>\n<p>publicado en La Capital<\/p>\n","protected":false},"excerpt":{"rendered":"<div class=\"mh-excerpt\"><p>Lo hicieron el ministro de Econom\u00eda, Mart\u00edn Guzm\u00e1n, y la directora ejecutiva de la Anses, Fernanda Raverta, durante una jornada de trabajo en Mar del Plata. MAR DEL PLATA &#8211; El gobierno nacional anticip\u00f3 este <a class=\"mh-excerpt-more\" href=\"https:\/\/larevistadigital.com.ar\/blog\/mar-del-plata-se-anuncio-la-construccion-de-un-nuev0o-esigon-en-el-puerto\/\" title=\"MAR DEL PLATA: SE ANUNCI\u00d3 LA CONSTRUCCI\u00d3N DE UN NUEV0O ES\u00cdG\u00d3N EN EL PUERTO\">[Leer M\u00e1s]<\/a><\/p>\n<\/div>","protected":false},"author":3,"featured_media":18665,"comment_status":"open","ping_status":"open","sticky":false,"template":"","format":"standard","meta":{"_jetpack_memberships_contains_paid_content":false,"footnotes":"","jetpack_publicize_message":"","jetpack_publicize_feature_enabled":true,"jetpack_social_post_already_shared":true,"jetpack_social_options":{"image_generator_settings":{"template":"highway","default_image_id":0,"font":"","enabled":false},"version":2}},"categories":[12,51],"tags":[],"class_list":{"0":"post-18664","1":"post","2":"type-post","3":"status-publish","4":"format-standard","5":"has-post-thumbnail","7":"category-politica","8":"category-regionales"},"jetpack_publicize_connections":[],"jetpack_featured_media_url":"https:\/\/i0.wp.com\/larevistadigital.com.ar\/blog\/wp-content\/uploads\/Screenshot_2-129.jpg?fit=1007%2C667&ssl=1","jetpack_sharing_enabled":true,"jetpack_shortlink":"https:\/\/wp.me\/p8qtrQ-4R2","jetpack-related-posts":[{"id":22184,"url":"https:\/\/larevistadigital.com.ar\/blog\/a-quienes-alcanza-la-jubilacion-anticipada-y-cuales-son-los-beneficios\/","url_meta":{"origin":18664,"position":0},"title":"A QUIENES ALCANZA LA JUBILACI\u00d3N ANTICIPADA Y CUALES SON LOS BENEFICIOS","author":"Alejandro Sosa Ruda","date":"30 septiembre, 2021","format":false,"excerpt":"El Gobierno nacional anunci\u00f3 la implementaci\u00f3n del plan que se gestionar\u00e1 a trav\u00e9s de la ANSES. Los detalles. El jefe de Gabinete, Juan Manzur, y la directora ejecutiva de la Administraci\u00f3n Nacional de la Seguridad Social (Anses), Fernanda Raverta, anunciaron hoy la implementaci\u00f3n de un plan de jubilaciones anticipadas para\u2026","rel":"","context":"En \u00abINTERES GENERAL\u00bb","block_context":{"text":"INTERES GENERAL","link":"https:\/\/larevistadigital.com.ar\/blog\/category\/interes-general\/"},"img":{"alt_text":"","src":"https:\/\/i0.wp.com\/larevistadigital.com.ar\/blog\/wp-content\/uploads\/98c734cb38a5aab3bfb03f93958e159fa23ea1f7.jpg?fit=1140%2C642&ssl=1&resize=350%2C200","width":350,"height":200,"srcset":"https:\/\/i0.wp.com\/larevistadigital.com.ar\/blog\/wp-content\/uploads\/98c734cb38a5aab3bfb03f93958e159fa23ea1f7.jpg?fit=1140%2C642&ssl=1&resize=350%2C200 1x, https:\/\/i0.wp.com\/larevistadigital.com.ar\/blog\/wp-content\/uploads\/98c734cb38a5aab3bfb03f93958e159fa23ea1f7.jpg?fit=1140%2C642&ssl=1&resize=525%2C300 1.5x, https:\/\/i0.wp.com\/larevistadigital.com.ar\/blog\/wp-content\/uploads\/98c734cb38a5aab3bfb03f93958e159fa23ea1f7.jpg?fit=1140%2C642&ssl=1&resize=700%2C400 2x, https:\/\/i0.wp.com\/larevistadigital.com.ar\/blog\/wp-content\/uploads\/98c734cb38a5aab3bfb03f93958e159fa23ea1f7.jpg?fit=1140%2C642&ssl=1&resize=1050%2C600 3x"},"classes":[]},{"id":31043,"url":"https:\/\/larevistadigital.com.ar\/blog\/kicillof-aseguro-que-lo-que-le-hace-falta-a-mar-del-plata-es-que-la-gobiernen-como-corresponde\/","url_meta":{"origin":18664,"position":1},"title":"KICILLOF ASEGUR\u00d3 QUE \u00abLO QUE LE HACE FALTA A MAR DEL PLATA, ES QUE LA GOBIERNEN COMO CORRESPONDE\u00bb","author":"Alejandro Sosa Ruda","date":"14 abril, 2023","format":false,"excerpt":"El gobernador de la Provincia de Buenos Aires, Axel Kicillof, cuestion\u00f3 la gesti\u00f3n del intendente de Mar del Plata, Guillermo Montenegro, afirmando que a la ciudad \"le falta que la gobiernen como corresponde\". Kicillof respald\u00f3 la candidatura de Fernanda Raverta, quien lo acompa\u00f1\u00f3 en el cierre del Congreso Provincial de\u2026","rel":"","context":"En \u00abPOLITICA PROVINCIAL\u00bb","block_context":{"text":"POLITICA PROVINCIAL","link":"https:\/\/larevistadigital.com.ar\/blog\/category\/politica\/politica-provincial\/"},"img":{"alt_text":"","src":"https:\/\/i0.wp.com\/larevistadigital.com.ar\/blog\/wp-content\/uploads\/Captura-de-pantalla-2023-04-14-191119.png?fit=798%2C471&ssl=1&resize=350%2C200","width":350,"height":200,"srcset":"https:\/\/i0.wp.com\/larevistadigital.com.ar\/blog\/wp-content\/uploads\/Captura-de-pantalla-2023-04-14-191119.png?fit=798%2C471&ssl=1&resize=350%2C200 1x, https:\/\/i0.wp.com\/larevistadigital.com.ar\/blog\/wp-content\/uploads\/Captura-de-pantalla-2023-04-14-191119.png?fit=798%2C471&ssl=1&resize=525%2C300 1.5x, https:\/\/i0.wp.com\/larevistadigital.com.ar\/blog\/wp-content\/uploads\/Captura-de-pantalla-2023-04-14-191119.png?fit=798%2C471&ssl=1&resize=700%2C400 2x"},"classes":[]},{"id":12885,"url":"https:\/\/larevistadigital.com.ar\/blog\/mar-del-plata-guillermo-montenegro-sera-el-intendente\/","url_meta":{"origin":18664,"position":2},"title":"MAR DEL PLATA: GUILLERMO MONTENEGRO SER\u00c1 EL INTENDENTE","author":"Alejandro Sosa Ruda","date":"28 octubre, 2019","format":false,"excerpt":"El candidato de Juntos por el Cambio obtuvo el 40,6% de los votos, contra el 37,5% de Fernanda Raverta, del Frente de Todos. \"Hemos ganado\", dijo Guillermo Montenegro se impuso este domingo en las elecciones generales por una\u00a0estrecha diferencia\u00a0ante Fernanda Raverta, del Frente de Todos, y\u00a0ser\u00e1 el intendente a partir\u2026","rel":"","context":"En \u00abREGIONALES\u00bb","block_context":{"text":"REGIONALES","link":"https:\/\/larevistadigital.com.ar\/blog\/category\/regionales\/"},"img":{"alt_text":"","src":"https:\/\/i0.wp.com\/larevistadigital.com.ar\/blog\/wp-content\/uploads\/Screenshot_2-54.jpg?fit=1014%2C671&ssl=1&resize=350%2C200","width":350,"height":200,"srcset":"https:\/\/i0.wp.com\/larevistadigital.com.ar\/blog\/wp-content\/uploads\/Screenshot_2-54.jpg?fit=1014%2C671&ssl=1&resize=350%2C200 1x, https:\/\/i0.wp.com\/larevistadigital.com.ar\/blog\/wp-content\/uploads\/Screenshot_2-54.jpg?fit=1014%2C671&ssl=1&resize=525%2C300 1.5x, https:\/\/i0.wp.com\/larevistadigital.com.ar\/blog\/wp-content\/uploads\/Screenshot_2-54.jpg?fit=1014%2C671&ssl=1&resize=700%2C400 2x"},"classes":[]},{"id":33633,"url":"https:\/\/larevistadigital.com.ar\/blog\/masa-confirmo-el-pago-de-94-000-para-trabajadores-en-negro\/","url_meta":{"origin":18664,"position":3},"title":"MASA CONFIRM\u00d3 EL PAGO DE $94.000.- PARA TRABAJADORES EN NEGRO","author":"Alejandro Sosa Ruda","date":"27 septiembre, 2023","format":false,"excerpt":"El ministro de Econom\u00eda, Sergio Massa, adelant\u00f3 que AFIP cobrar\u00e1 un anticipo de ese impuesto a bancos, fintech y aseguradoras para financiar la medida. 27 De Septiembre de 2023 El ministro de Econom\u00eda de la Naci\u00f3n, Sergio Massa, y la directora Ejecutiva de la ANSES, Fernanda Raverta, anunciaron el pago\u2026","rel":"","context":"En \u00abPOLITICA\u00bb","block_context":{"text":"POLITICA","link":"https:\/\/larevistadigital.com.ar\/blog\/category\/politica\/"},"img":{"alt_text":"","src":"https:\/\/i0.wp.com\/larevistadigital.com.ar\/blog\/wp-content\/uploads\/sergio-massajpg.webp?fit=1200%2C800&ssl=1&resize=350%2C200","width":350,"height":200,"srcset":"https:\/\/i0.wp.com\/larevistadigital.com.ar\/blog\/wp-content\/uploads\/sergio-massajpg.webp?fit=1200%2C800&ssl=1&resize=350%2C200 1x, https:\/\/i0.wp.com\/larevistadigital.com.ar\/blog\/wp-content\/uploads\/sergio-massajpg.webp?fit=1200%2C800&ssl=1&resize=525%2C300 1.5x, https:\/\/i0.wp.com\/larevistadigital.com.ar\/blog\/wp-content\/uploads\/sergio-massajpg.webp?fit=1200%2C800&ssl=1&resize=700%2C400 2x, https:\/\/i0.wp.com\/larevistadigital.com.ar\/blog\/wp-content\/uploads\/sergio-massajpg.webp?fit=1200%2C800&ssl=1&resize=1050%2C600 3x"},"classes":[]},{"id":27659,"url":"https:\/\/larevistadigital.com.ar\/blog\/mar-del-plata-una-empresa-internacional-invertira-240-millones-de-dolares-en-la-ciudad\/","url_meta":{"origin":18664,"position":4},"title":"MAR DEL PLATA: UNA EMPRESA INTERNACIONAL INVERTIR\u00c1 240 MILLONES DE D\u00d3LARES EN LA CIUDAD","author":"Alejandro Sosa Ruda","date":"11 septiembre, 2022","format":false,"excerpt":"La empresa internacional Lamb Weston Holdings anunci\u00f3 una inversi\u00f3n de capital de 240 millones de d\u00f3lares en una nueva l\u00ednea de procesamiento de papas fritas en el Parque Industrial de Mar del Plata. 11 de septiembre de 2022 MAR DEL PLATA -\u00a0 La empresa Lamb Weston Holdings Inc. anunci\u00f3 una\u2026","rel":"","context":"En \u00abREGIONALES\u00bb","block_context":{"text":"REGIONALES","link":"https:\/\/larevistadigital.com.ar\/blog\/category\/regionales\/"},"img":{"alt_text":"","src":"https:\/\/i0.wp.com\/larevistadigital.com.ar\/blog\/wp-content\/uploads\/20220909172007_papas.jpg?fit=880%2C512&ssl=1&resize=350%2C200","width":350,"height":200,"srcset":"https:\/\/i0.wp.com\/larevistadigital.com.ar\/blog\/wp-content\/uploads\/20220909172007_papas.jpg?fit=880%2C512&ssl=1&resize=350%2C200 1x, https:\/\/i0.wp.com\/larevistadigital.com.ar\/blog\/wp-content\/uploads\/20220909172007_papas.jpg?fit=880%2C512&ssl=1&resize=525%2C300 1.5x, https:\/\/i0.wp.com\/larevistadigital.com.ar\/blog\/wp-content\/uploads\/20220909172007_papas.jpg?fit=880%2C512&ssl=1&resize=700%2C400 2x"},"classes":[]},{"id":24909,"url":"https:\/\/larevistadigital.com.ar\/blog\/confirmado-el-gobierno-dara-un-bono-a-los-jubiados-por-la-alta-inflacion\/","url_meta":{"origin":18664,"position":5},"title":"CONFIRMADO: EL GOBIERNO DAR\u00c1 UN BONO A LOS JUBIADOS POR LA ALTA INFLACI\u00d3N","author":"Alejandro Sosa Ruda","date":"31 marzo, 2022","format":false,"excerpt":"La portavoz de la Presidencia, Gabriela Cerruti, confirm\u00f3 la medida en una conferencia de prensa y explic\u00f3 sus detalles. El Gobierno nacional confirm\u00f3 este jueves que los jubilados y pensionados cobrar\u00e1n un nuevo bono extraordinario con objetivo de reducir el impacto de la inflaci\u00f3n.\u00a0La decisi\u00f3n hab\u00eda trascendido en los \u00faltimos\u2026","rel":"","context":"En \u00abINTERES GENERAL\u00bb","block_context":{"text":"INTERES GENERAL","link":"https:\/\/larevistadigital.com.ar\/blog\/category\/interes-general\/"},"img":{"alt_text":"","src":"https:\/\/i0.wp.com\/larevistadigital.com.ar\/blog\/wp-content\/uploads\/1638894430064.jpg?fit=1200%2C594&ssl=1&resize=350%2C200","width":350,"height":200,"srcset":"https:\/\/i0.wp.com\/larevistadigital.com.ar\/blog\/wp-content\/uploads\/1638894430064.jpg?fit=1200%2C594&ssl=1&resize=350%2C200 1x, https:\/\/i0.wp.com\/larevistadigital.com.ar\/blog\/wp-content\/uploads\/1638894430064.jpg?fit=1200%2C594&ssl=1&resize=525%2C300 1.5x, https:\/\/i0.wp.com\/larevistadigital.com.ar\/blog\/wp-content\/uploads\/1638894430064.jpg?fit=1200%2C594&ssl=1&resize=700%2C400 2x, https:\/\/i0.wp.com\/larevistadigital.com.ar\/blog\/wp-content\/uploads\/1638894430064.jpg?fit=1200%2C594&ssl=1&resize=1050%2C600 3x"},"classes":[]}],"_links":{"self":[{"href":"https:\/\/larevistadigital.com.ar\/blog\/wp-json\/wp\/v2\/posts\/18664","targetHints":{"allow":["GET"]}}],"collection":[{"href":"https:\/\/larevistadigital.com.ar\/blog\/wp-json\/wp\/v2\/posts"}],"about":[{"href":"https:\/\/larevistadigital.com.ar\/blog\/wp-json\/wp\/v2\/types\/post"}],"author":[{"embeddable":true,"href":"https:\/\/larevistadigital.com.ar\/blog\/wp-json\/wp\/v2\/users\/3"}],"replies":[{"embeddable":true,"href":"https:\/\/larevistadigital.com.ar\/blog\/wp-json\/wp\/v2\/comments?post=18664"}],"version-history":[{"count":1,"href":"https:\/\/larevistadigital.com.ar\/blog\/wp-json\/wp\/v2\/posts\/18664\/revisions"}],"predecessor-version":[{"id":18666,"href":"https:\/\/larevistadigital.com.ar\/blog\/wp-json\/wp\/v2\/posts\/18664\/revisions\/18666"}],"wp:featuredmedia":[{"embeddable":true,"href":"https:\/\/larevistadigital.com.ar\/blog\/wp-json\/wp\/v2\/media\/18665"}],"wp:attachment":[{"href":"https:\/\/larevistadigital.com.ar\/blog\/wp-json\/wp\/v2\/media?parent=18664"}],"wp:term":[{"taxonomy":"category","embeddable":true,"href":"https:\/\/larevistadigital.com.ar\/blog\/wp-json\/wp\/v2\/categories?post=18664"},{"taxonomy":"post_tag","embeddable":true,"href":"https:\/\/larevistadigital.com.ar\/blog\/wp-json\/wp\/v2\/tags?post=18664"}],"curies":[{"name":"wp","href":"https:\/\/api.w.org\/{rel}","templated":true}]}}