{"id":18672,"date":"2021-01-24T16:17:43","date_gmt":"2021-01-24T16:17:43","guid":{"rendered":"https:\/\/larevistadigital.com.ar\/blog\/?p=18672"},"modified":"2021-02-01T11:22:30","modified_gmt":"2021-02-01T11:22:30","slug":"manejo-borracho-sobre-las-vias-pero-el-tren-pudo-frenar-y-se-evito-una-tragedia","status":"publish","type":"post","link":"https:\/\/larevistadigital.com.ar\/blog\/manejo-borracho-sobre-las-vias-pero-el-tren-pudo-frenar-y-se-evito-una-tragedia\/","title":{"rendered":"MANEJ\u00d3 BORRACHO SOBRE LAS V\u00cdAS, PERO EL TREN PUDO FRENAR Y SE EVIT\u00d3 UNA TRAGEDIA"},"content":{"rendered":"<h2 class=\"negrita\">El veh\u00edculo ingres\u00f3 a la traza ferroviaria y empez\u00f3 a circular por ella. Una formaci\u00f3n lleg\u00f3 a detener su marcha justo a tiempo y evit\u00f3 una tragedia.<\/h2>\n<p lang=\"es-AR\">Hace algunos d\u00edas, La Plata amaneci\u00f3 con una situaci\u00f3n que gener\u00f3 preocupaci\u00f3n y sorpresa. Fue por <strong>un auto que se subi\u00f3 a las v\u00edas en City Bell y afect\u00f3 el servicio del\u00a0<a href=\"https:\/\/www.0221.com.ar\/buscar\/Tren%20Roca\">tren Roca<\/a>.<\/strong><\/p>\n<p lang=\"es-AR\">El\u00a0<em>Ford Focus<\/em><strong>\u00a0ingres\u00f3 en la ma\u00f1ana de este domingo en la traza ferroviaria y comenz\u00f3 a circular.<\/strong>\u00a0A\u00fan se desconocen los motivos por los cuales el conductor tom\u00f3 esa decisi\u00f3n, aunque testigos sostuvieron que se encontraba en estado de ebriedad. Lo cierto es que a\u00fan estaba en su interior cuando se despleg\u00f3 un amplio operativo en la zona.<\/p>\n<p lang=\"es-AR\"><strong><img data-recalc-dims=\"1\" loading=\"lazy\" decoding=\"async\" class=\"alignnone size-full wp-image-18674\" src=\"https:\/\/i0.wp.com\/larevistadigital.com.ar\/blog\/wp-content\/uploads\/1611496057708.jpeg?resize=1032%2C489&#038;ssl=1\" alt=\"\" width=\"1032\" height=\"489\" srcset=\"https:\/\/i0.wp.com\/larevistadigital.com.ar\/blog\/wp-content\/uploads\/1611496057708.jpeg?w=1032&amp;ssl=1 1032w, https:\/\/i0.wp.com\/larevistadigital.com.ar\/blog\/wp-content\/uploads\/1611496057708.jpeg?resize=300%2C142&amp;ssl=1 300w, https:\/\/i0.wp.com\/larevistadigital.com.ar\/blog\/wp-content\/uploads\/1611496057708.jpeg?resize=1024%2C485&amp;ssl=1 1024w, https:\/\/i0.wp.com\/larevistadigital.com.ar\/blog\/wp-content\/uploads\/1611496057708.jpeg?resize=768%2C364&amp;ssl=1 768w\" sizes=\"auto, (max-width: 1000px) 100vw, 1000px\" \/>La peligrosa maniobra del automovilista fue advertida por el motorman de una formaci\u00f3n, que alcanz\u00f3 a detener su marcha al ver la v\u00eda obstaculizada<\/strong>. Las autoridades indicaron que evit\u00f3 el impacto y una tragedia.<\/p>\n<p><strong>En ese sentido, el servicio del Roca funcion\u00f3 de forma limitada. Desde Constituci\u00f3n llega hasta Villa Elisa, mientras que desde la estaci\u00f3n de 1 y 44 solo alcanza hasta Gonnet.<\/strong><\/p>\n","protected":false},"excerpt":{"rendered":"<div class=\"mh-excerpt\"><p>El veh\u00edculo ingres\u00f3 a la traza ferroviaria y empez\u00f3 a circular por ella. Una formaci\u00f3n lleg\u00f3 a detener su marcha justo a tiempo y evit\u00f3 una tragedia. Hace algunos d\u00edas, La Plata amaneci\u00f3 con una <a class=\"mh-excerpt-more\" href=\"https:\/\/larevistadigital.com.ar\/blog\/manejo-borracho-sobre-las-vias-pero-el-tren-pudo-frenar-y-se-evito-una-tragedia\/\" title=\"MANEJ\u00d3 BORRACHO SOBRE LAS V\u00cdAS, PERO EL TREN PUDO FRENAR Y SE EVIT\u00d3 UNA TRAGEDIA\">[Leer M\u00e1s]<\/a><\/p>\n<\/div>","protected":false},"author":3,"featured_media":18673,"comment_status":"open","ping_status":"open","sticky":false,"template":"","format":"standard","meta":{"_jetpack_memberships_contains_paid_content":false,"footnotes":"","jetpack_publicize_message":"","jetpack_publicize_feature_enabled":true,"jetpack_social_post_already_shared":true,"jetpack_social_options":{"image_generator_settings":{"template":"highway","default_image_id":0,"font":"","enabled":false},"version":2}},"categories":[44,51],"tags":[],"class_list":{"0":"post-18672","1":"post","2":"type-post","3":"status-publish","4":"format-standard","5":"has-post-thumbnail","7":"category-policiales","8":"category-regionales"},"jetpack_publicize_connections":[],"jetpack_featured_media_url":"https:\/\/i0.wp.com\/larevistadigital.com.ar\/blog\/wp-content\/uploads\/1611493884468.jpg?fit=1350%2C650&ssl=1","jetpack_sharing_enabled":true,"jetpack_shortlink":"https:\/\/wp.me\/p8qtrQ-4Ra","jetpack-related-posts":[{"id":43591,"url":"https:\/\/larevistadigital.com.ar\/blog\/un-tren-embistio-a-un-auto-detenido-sobre-las-vias-en-ruta-2-y-tres-personas-resultaron-gravemente-heridas\/","url_meta":{"origin":18672,"position":0},"title":"Un tren embisti\u00f3 a un auto detenido sobre las v\u00edas en Ruta 2 y tres personas resultaron gravemente heridas","author":"Alejandro Sosa Ruda","date":"26 enero, 2026","format":false,"excerpt":"El choque ocurri\u00f3 a la altura del kil\u00f3metro 386, cerca del complejo Aquasol. Las v\u00edctimas fueron trasladadas al HIGA con lesiones de consideraci\u00f3n. 26 de enero de 2026 BUENOS AIRES\u00a0 -\u00a0 \u00a0Un grave accidente ferroviario se registr\u00f3 este domingo por la tarde sobre la Ruta 2, cuando una formaci\u00f3n que\u2026","rel":"","context":"En \u00abDESTACADAS\u00bb","block_context":{"text":"DESTACADAS","link":"https:\/\/larevistadigital.com.ar\/blog\/category\/destacadas\/"},"img":{"alt_text":"","src":"https:\/\/i0.wp.com\/larevistadigital.com.ar\/blog\/wp-content\/uploads\/e39a34e6a1fddb35342eff5976a903dddecff427.jpg?fit=1140%2C641&ssl=1&resize=350%2C200","width":350,"height":200,"srcset":"https:\/\/i0.wp.com\/larevistadigital.com.ar\/blog\/wp-content\/uploads\/e39a34e6a1fddb35342eff5976a903dddecff427.jpg?fit=1140%2C641&ssl=1&resize=350%2C200 1x, https:\/\/i0.wp.com\/larevistadigital.com.ar\/blog\/wp-content\/uploads\/e39a34e6a1fddb35342eff5976a903dddecff427.jpg?fit=1140%2C641&ssl=1&resize=525%2C300 1.5x, https:\/\/i0.wp.com\/larevistadigital.com.ar\/blog\/wp-content\/uploads\/e39a34e6a1fddb35342eff5976a903dddecff427.jpg?fit=1140%2C641&ssl=1&resize=700%2C400 2x, https:\/\/i0.wp.com\/larevistadigital.com.ar\/blog\/wp-content\/uploads\/e39a34e6a1fddb35342eff5976a903dddecff427.jpg?fit=1140%2C641&ssl=1&resize=1050%2C600 3x"},"classes":[]},{"id":32573,"url":"https:\/\/larevistadigital.com.ar\/blog\/mujer-atropellada-por-cruzar-con-las-vias-bajas-fue-condenada-a-pagar-cinco-millones-de-pesos\/","url_meta":{"origin":18672,"position":1},"title":"MUJER ATROPELLADA POR CRUZAR CON LAS V\u00cdAS BAJAS, FUE CONDENADA A PAGAR CINCO MILLONES DE PESOS","author":"Alejandro Sosa Ruda","date":"24 julio, 2023","format":false,"excerpt":"La Justicia sentenci\u00f3 a una mujer a pagar cinco millones de pesos por cruzar una v\u00eda baja, en Ramos Mej\u00eda, al determinar que el siniestro vial que produjo fue provocado de manera culposa: interrumpi\u00f3 el servicio por una hora al obstruir la v\u00eda general e impedir la llegada de la\u2026","rel":"","context":"En \u00abINTERES GENERAL\u00bb","block_context":{"text":"INTERES GENERAL","link":"https:\/\/larevistadigital.com.ar\/blog\/category\/interes-general\/"},"img":{"alt_text":"","src":"https:\/\/i0.wp.com\/larevistadigital.com.ar\/blog\/wp-content\/uploads\/20230723113820_auto-atropellado-sarmiento.jpg?fit=880%2C512&ssl=1&resize=350%2C200","width":350,"height":200,"srcset":"https:\/\/i0.wp.com\/larevistadigital.com.ar\/blog\/wp-content\/uploads\/20230723113820_auto-atropellado-sarmiento.jpg?fit=880%2C512&ssl=1&resize=350%2C200 1x, https:\/\/i0.wp.com\/larevistadigital.com.ar\/blog\/wp-content\/uploads\/20230723113820_auto-atropellado-sarmiento.jpg?fit=880%2C512&ssl=1&resize=525%2C300 1.5x, https:\/\/i0.wp.com\/larevistadigital.com.ar\/blog\/wp-content\/uploads\/20230723113820_auto-atropellado-sarmiento.jpg?fit=880%2C512&ssl=1&resize=700%2C400 2x"},"classes":[]},{"id":11613,"url":"https:\/\/larevistadigital.com.ar\/blog\/canuelas-intento-cruzar-por-las-vias-y-fue-arrollada-por-el-tren\/","url_meta":{"origin":18672,"position":2},"title":"CA\u00d1UELAS: INTENT\u00d3 CRUZAR POR LAS V\u00cdAS Y FUE ARROLLADA POR EL TREN","author":"Alejandro Sosa Ruda","date":"29 julio, 2019","format":false,"excerpt":"Este lunes, un tr\u00e1gico acontecimiento ocurri\u00f3 en la localidad de M\u00e1ximo Paz, Ca\u00f1uelas, cuando un tren arroll\u00f3 a una muchacha de 27 a\u00f1os.\u00a0 Sucedi\u00f3 alrededor de las 14.40 en el cruce de las v\u00edas con la calle Colombia. Las primeras versiones indican que la joven, identificada posteriormente como\u00a0\u00darsula Yolanda Pereyra,\u2026","rel":"","context":"En \u00abREGIONALES\u00bb","block_context":{"text":"REGIONALES","link":"https:\/\/larevistadigital.com.ar\/blog\/category\/regionales\/"},"img":{"alt_text":"","src":"https:\/\/i0.wp.com\/larevistadigital.com.ar\/blog\/wp-content\/uploads\/IMG-20190729-WA0012.jpg?fit=1080%2C603&ssl=1&resize=350%2C200","width":350,"height":200,"srcset":"https:\/\/i0.wp.com\/larevistadigital.com.ar\/blog\/wp-content\/uploads\/IMG-20190729-WA0012.jpg?fit=1080%2C603&ssl=1&resize=350%2C200 1x, https:\/\/i0.wp.com\/larevistadigital.com.ar\/blog\/wp-content\/uploads\/IMG-20190729-WA0012.jpg?fit=1080%2C603&ssl=1&resize=525%2C300 1.5x, https:\/\/i0.wp.com\/larevistadigital.com.ar\/blog\/wp-content\/uploads\/IMG-20190729-WA0012.jpg?fit=1080%2C603&ssl=1&resize=700%2C400 2x, https:\/\/i0.wp.com\/larevistadigital.com.ar\/blog\/wp-content\/uploads\/IMG-20190729-WA0012.jpg?fit=1080%2C603&ssl=1&resize=1050%2C600 3x"},"classes":[]},{"id":28149,"url":"https:\/\/larevistadigital.com.ar\/blog\/tragedia-en-f-varela-nene-de-casi-dos-anos-muere-arrollado-por-el-tren-roca\/","url_meta":{"origin":18672,"position":3},"title":"TRAGEDIA EN F. VARELA: NENE DE CASI DOS A\u00d1OS MUERE ARROLLADO POR EL TREN ROCA","author":"Alejandro Sosa Ruda","date":"29 septiembre, 2022","format":false,"excerpt":"Un ni\u00f1o de menos de 2 a\u00f1os se escap\u00f3 de su casa y se subi\u00f3 a las v\u00edas en el momento que pasaba una formaci\u00f3n del tren Roca. El beb\u00e9 fue trasladado al hospital con vida pero horas despu\u00e9s falleci\u00f3. 29 de septiembre de 2022 El tr\u00e1gico episodio ocurri\u00f3 el\u2026","rel":"","context":"En \u00abPOLICIALES\u00bb","block_context":{"text":"POLICIALES","link":"https:\/\/larevistadigital.com.ar\/blog\/category\/policiales\/"},"img":{"alt_text":"","src":"https:\/\/i0.wp.com\/larevistadigital.com.ar\/blog\/wp-content\/uploads\/20220928170905_roca.jpg?fit=880%2C512&ssl=1&resize=350%2C200","width":350,"height":200,"srcset":"https:\/\/i0.wp.com\/larevistadigital.com.ar\/blog\/wp-content\/uploads\/20220928170905_roca.jpg?fit=880%2C512&ssl=1&resize=350%2C200 1x, https:\/\/i0.wp.com\/larevistadigital.com.ar\/blog\/wp-content\/uploads\/20220928170905_roca.jpg?fit=880%2C512&ssl=1&resize=525%2C300 1.5x, https:\/\/i0.wp.com\/larevistadigital.com.ar\/blog\/wp-content\/uploads\/20220928170905_roca.jpg?fit=880%2C512&ssl=1&resize=700%2C400 2x"},"classes":[]},{"id":44147,"url":"https:\/\/larevistadigital.com.ar\/blog\/miramar-vecinos-vuelven-a-reclamar-el-regreso-del-tren-que-los-une-con-mar-del-plata\/","url_meta":{"origin":18672,"position":4},"title":"Miramar: vecinos vuelven a reclamar el regreso del tren que los une con Mar del Plata","author":"Alejandro Sosa Ruda","date":"23 febrero, 2026","format":false,"excerpt":"Retomaron d\u00edas atr\u00e1s el reclamo por la vuelta del servicio ferroviario entre Mar del Plata y Miramar, suspendido en el verano de 2013. 23 de febrero de 2026 Con una mateada en la estaci\u00f3n de trenes de\u00a0Miramar,\u00a0vecinos y referentes locales retomaron d\u00edas atr\u00e1s el reclamo por la vuelta del servicio\u2026","rel":"","context":"En \u00abREGIONALES\u00bb","block_context":{"text":"REGIONALES","link":"https:\/\/larevistadigital.com.ar\/blog\/category\/regionales\/"},"img":{"alt_text":"","src":"https:\/\/i0.wp.com\/larevistadigital.com.ar\/blog\/wp-content\/uploads\/Captura-de-pantalla-2026-02-23-232814.jpg?fit=622%2C351&ssl=1&resize=350%2C200","width":350,"height":200,"srcset":"https:\/\/i0.wp.com\/larevistadigital.com.ar\/blog\/wp-content\/uploads\/Captura-de-pantalla-2026-02-23-232814.jpg?fit=622%2C351&ssl=1&resize=350%2C200 1x, https:\/\/i0.wp.com\/larevistadigital.com.ar\/blog\/wp-content\/uploads\/Captura-de-pantalla-2026-02-23-232814.jpg?fit=622%2C351&ssl=1&resize=525%2C300 1.5x"},"classes":[]},{"id":12459,"url":"https:\/\/larevistadigital.com.ar\/blog\/denuncian-atentado-contra-el-tren-a-mar-del-plata\/","url_meta":{"origin":18672,"position":5},"title":"DENUNCIAN ATENTADO CONTRA EL TREN A MAR DEL PLATA","author":"Alejandro Sosa Ruda","date":"4 octubre, 2019","format":false,"excerpt":"Una tragedia podr\u00eda haberse desatado ayer en uno de los viajes del tren que\u00a0 une Plaza Constituci\u00f3n con la ciudad balnearia de Mar del Plata, ya que alguien coloc\u00f3 grandes piedras en las v\u00edas, con la intenci\u00f3n de provocar el descarrilamiento de la formaci\u00f3n. El hecho fue denunciado por lo\u2026","rel":"","context":"En \u00abREGIONALES\u00bb","block_context":{"text":"REGIONALES","link":"https:\/\/larevistadigital.com.ar\/blog\/category\/regionales\/"},"img":{"alt_text":"","src":"https:\/\/i0.wp.com\/larevistadigital.com.ar\/blog\/wp-content\/uploads\/a985e9157e594ee53aa22fd1329e48a66413e262.jpg?fit=1140%2C761&ssl=1&resize=350%2C200","width":350,"height":200,"srcset":"https:\/\/i0.wp.com\/larevistadigital.com.ar\/blog\/wp-content\/uploads\/a985e9157e594ee53aa22fd1329e48a66413e262.jpg?fit=1140%2C761&ssl=1&resize=350%2C200 1x, https:\/\/i0.wp.com\/larevistadigital.com.ar\/blog\/wp-content\/uploads\/a985e9157e594ee53aa22fd1329e48a66413e262.jpg?fit=1140%2C761&ssl=1&resize=525%2C300 1.5x, https:\/\/i0.wp.com\/larevistadigital.com.ar\/blog\/wp-content\/uploads\/a985e9157e594ee53aa22fd1329e48a66413e262.jpg?fit=1140%2C761&ssl=1&resize=700%2C400 2x, https:\/\/i0.wp.com\/larevistadigital.com.ar\/blog\/wp-content\/uploads\/a985e9157e594ee53aa22fd1329e48a66413e262.jpg?fit=1140%2C761&ssl=1&resize=1050%2C600 3x"},"classes":[]}],"_links":{"self":[{"href":"https:\/\/larevistadigital.com.ar\/blog\/wp-json\/wp\/v2\/posts\/18672","targetHints":{"allow":["GET"]}}],"collection":[{"href":"https:\/\/larevistadigital.com.ar\/blog\/wp-json\/wp\/v2\/posts"}],"about":[{"href":"https:\/\/larevistadigital.com.ar\/blog\/wp-json\/wp\/v2\/types\/post"}],"author":[{"embeddable":true,"href":"https:\/\/larevistadigital.com.ar\/blog\/wp-json\/wp\/v2\/users\/3"}],"replies":[{"embeddable":true,"href":"https:\/\/larevistadigital.com.ar\/blog\/wp-json\/wp\/v2\/comments?post=18672"}],"version-history":[{"count":3,"href":"https:\/\/larevistadigital.com.ar\/blog\/wp-json\/wp\/v2\/posts\/18672\/revisions"}],"predecessor-version":[{"id":18691,"href":"https:\/\/larevistadigital.com.ar\/blog\/wp-json\/wp\/v2\/posts\/18672\/revisions\/18691"}],"wp:featuredmedia":[{"embeddable":true,"href":"https:\/\/larevistadigital.com.ar\/blog\/wp-json\/wp\/v2\/media\/18673"}],"wp:attachment":[{"href":"https:\/\/larevistadigital.com.ar\/blog\/wp-json\/wp\/v2\/media?parent=18672"}],"wp:term":[{"taxonomy":"category","embeddable":true,"href":"https:\/\/larevistadigital.com.ar\/blog\/wp-json\/wp\/v2\/categories?post=18672"},{"taxonomy":"post_tag","embeddable":true,"href":"https:\/\/larevistadigital.com.ar\/blog\/wp-json\/wp\/v2\/tags?post=18672"}],"curies":[{"name":"wp","href":"https:\/\/api.w.org\/{rel}","templated":true}]}}