{"id":18676,"date":"2021-01-24T16:21:02","date_gmt":"2021-01-24T16:21:02","guid":{"rendered":"https:\/\/larevistadigital.com.ar\/blog\/?p=18676"},"modified":"2021-01-24T16:21:02","modified_gmt":"2021-01-24T16:21:02","slug":"evitan-que-un-joven-se-quite-la-vida-en-pleno-centro-de-la-plata","status":"publish","type":"post","link":"https:\/\/larevistadigital.com.ar\/blog\/evitan-que-un-joven-se-quite-la-vida-en-pleno-centro-de-la-plata\/","title":{"rendered":"EVITAN QUE UN JOVEN SE QUITE LA VIDA EN PLENO CENTRO DE LA PLATA"},"content":{"rendered":"<h2 class=\"negrita\">Estaba en el monumento de San Mart\u00edn, donde agentes policiales y bomberos lograron ponerlo a resguardo. Luego lo trasladaron al hospital de Romero.<\/h2>\n<p class=\"fecha\"><strong>LA PLATA &#8211;<\/strong>\u00a0 El microcentro de La Plata tuvo una madrugada de gran tensi\u00f3n. Fue por<strong>\u00a0una persona que amenazaba con quitarse la vida en el monumento central de Plaza San Mart\u00edn.<\/strong><\/p>\n<div class=\"texto\">\n<p lang=\"es-AR\">El joven de 27 a\u00f1os se subi\u00f3 a la estatua del libertador con esa intenci\u00f3n y fue advertido por personal del Comando de Patrullas, que se acerc\u00f3 al lugar.<\/p>\n<p lang=\"es-AR\">Lo cierto es que los efectivos hablaron con \u00e9l, hasta que\u00a0<strong>uno de los agentes escal\u00f3 el monumento al General San Mart\u00edn y lo agarr\u00f3 de atr\u00e1s.<\/strong><\/p>\n<p lang=\"es-AR\">El rescate se concluy\u00f3 con ayuda de bomberos.\u00a0<strong>Luego derivaron al joven al Hospital Alejandro Korn de Melchor Romero para una evaluaci\u00f3n m\u00e9dica y psicol\u00f3gica.<\/strong><\/p>\n<p lang=\"es-AR\">El caso fue caratulado como \u201ctentativa de suicidio\u201d, intervino personal de la comisar\u00eda Primera y la UFI N\u00b0 11 del fiscal \u00c1lvaro Garganta.<\/p>\n<p lang=\"es-AR\">Quienes tengan un familiar, persona allegada o atraviesen una crisis emocional, puede comunicarse a la\u00a0<strong>l\u00ednea gratuita de prevenci\u00f3n del suicidio llamando al 135.<\/strong><\/p>\n<\/div>\n","protected":false},"excerpt":{"rendered":"<div class=\"mh-excerpt\"><p>Estaba en el monumento de San Mart\u00edn, donde agentes policiales y bomberos lograron ponerlo a resguardo. Luego lo trasladaron al hospital de Romero. LA PLATA &#8211;\u00a0 El microcentro de La Plata tuvo una madrugada de <a class=\"mh-excerpt-more\" href=\"https:\/\/larevistadigital.com.ar\/blog\/evitan-que-un-joven-se-quite-la-vida-en-pleno-centro-de-la-plata\/\" title=\"EVITAN QUE UN JOVEN SE QUITE LA VIDA EN PLENO CENTRO DE LA PLATA\">[Leer M\u00e1s]<\/a><\/p>\n<\/div>","protected":false},"author":3,"featured_media":18677,"comment_status":"open","ping_status":"open","sticky":false,"template":"","format":"standard","meta":{"_jetpack_memberships_contains_paid_content":false,"footnotes":"","jetpack_publicize_message":"","jetpack_publicize_feature_enabled":true,"jetpack_social_post_already_shared":true,"jetpack_social_options":{"image_generator_settings":{"template":"highway","default_image_id":0,"font":"","enabled":false},"version":2}},"categories":[51],"tags":[],"class_list":{"0":"post-18676","1":"post","2":"type-post","3":"status-publish","4":"format-standard","5":"has-post-thumbnail","7":"category-regionales"},"jetpack_publicize_connections":[],"jetpack_featured_media_url":"https:\/\/i0.wp.com\/larevistadigital.com.ar\/blog\/wp-content\/uploads\/1611501324600.jpeg?fit=774%2C1032&ssl=1","jetpack_sharing_enabled":true,"jetpack_shortlink":"https:\/\/wp.me\/p8qtrQ-4Re","jetpack-related-posts":[{"id":43985,"url":"https:\/\/larevistadigital.com.ar\/blog\/tension-en-pleno-centro-de-mar-del-plata-una-mujer-se-subio-al-monumento-a-san-martin-y-amenazo-con-arrojarse\/","url_meta":{"origin":18676,"position":0},"title":"Tensi\u00f3n en pleno centro de Mar del Plata: una mujer se subi\u00f3 al Monumento a San Mart\u00edn y amenaz\u00f3 con arrojarse","author":"Alejandro Sosa Ruda","date":"13 febrero, 2026","format":false,"excerpt":"El hecho ocurri\u00f3 durante un evento religioso en la Plaza San Mart\u00edn. Intervinieron Defensa Civil, la Polic\u00eda y la Unidad de Rescate. La joven fue asistida y el tr\u00e1nsito ya fue restablecido en la zona de Luro. 13 de febrero de 2026 MAR DEL PLATA -\u00a0 \u00a0Momentos de alta tensi\u00f3n\u2026","rel":"","context":"En \u00abPOLICIALES\u00bb","block_context":{"text":"POLICIALES","link":"https:\/\/larevistadigital.com.ar\/blog\/category\/policiales\/"},"img":{"alt_text":"","src":"https:\/\/i0.wp.com\/larevistadigital.com.ar\/blog\/wp-content\/uploads\/Captura-de-pantalla-2026-02-13-232034.jpg?fit=798%2C422&ssl=1&resize=350%2C200","width":350,"height":200,"srcset":"https:\/\/i0.wp.com\/larevistadigital.com.ar\/blog\/wp-content\/uploads\/Captura-de-pantalla-2026-02-13-232034.jpg?fit=798%2C422&ssl=1&resize=350%2C200 1x, https:\/\/i0.wp.com\/larevistadigital.com.ar\/blog\/wp-content\/uploads\/Captura-de-pantalla-2026-02-13-232034.jpg?fit=798%2C422&ssl=1&resize=525%2C300 1.5x, https:\/\/i0.wp.com\/larevistadigital.com.ar\/blog\/wp-content\/uploads\/Captura-de-pantalla-2026-02-13-232034.jpg?fit=798%2C422&ssl=1&resize=700%2C400 2x"},"classes":[]},{"id":15692,"url":"https:\/\/larevistadigital.com.ar\/blog\/la-plata-atrapan-a-joven-que-apunalo-a-otro-en-romero\/","url_meta":{"origin":18676,"position":1},"title":"LA PLATA: ATRAPAN A JOVEN QUE APU\u00d1AL\u00d3 A OTRO EN ROMERO","author":"Alejandro Sosa Ruda","date":"17 junio, 2020","format":false,"excerpt":"La polic\u00eda de la comisar\u00eda 14ta de Melchor Romero atrap\u00f3 este mediod\u00eda al autor de una tentativa de homicidio ocurrida en las \u00faltimas horas en 160 entre 42 y 43. All\u00ed hab\u00eda resultado apu\u00f1alado en el abdomen y el cuello un joven de 24 a\u00f1os quien qued\u00f3 tendido en el\u2026","rel":"","context":"En \u00abPOLICIALES\u00bb","block_context":{"text":"POLICIALES","link":"https:\/\/larevistadigital.com.ar\/blog\/category\/policiales\/"},"img":{"alt_text":"","src":"https:\/\/i0.wp.com\/larevistadigital.com.ar\/blog\/wp-content\/uploads\/20200617131213_8f2585e9_e380_4867_b1c1_e4e2a1856f0e.jpg?fit=880%2C586&ssl=1&resize=350%2C200","width":350,"height":200,"srcset":"https:\/\/i0.wp.com\/larevistadigital.com.ar\/blog\/wp-content\/uploads\/20200617131213_8f2585e9_e380_4867_b1c1_e4e2a1856f0e.jpg?fit=880%2C586&ssl=1&resize=350%2C200 1x, https:\/\/i0.wp.com\/larevistadigital.com.ar\/blog\/wp-content\/uploads\/20200617131213_8f2585e9_e380_4867_b1c1_e4e2a1856f0e.jpg?fit=880%2C586&ssl=1&resize=525%2C300 1.5x, https:\/\/i0.wp.com\/larevistadigital.com.ar\/blog\/wp-content\/uploads\/20200617131213_8f2585e9_e380_4867_b1c1_e4e2a1856f0e.jpg?fit=880%2C586&ssl=1&resize=700%2C400 2x"},"classes":[]},{"id":14129,"url":"https:\/\/larevistadigital.com.ar\/blog\/mar-del-plata-insolito-prendio-fuego-su-moto-para-que-los-inspectores-no-se-la-secuestraran\/","url_meta":{"origin":18676,"position":2},"title":"MAR DEL PLATA: \u00a1INS\u00d3LITO! PRENDI\u00d3 FUEGO SU MOTO PARA QUE LOS INSPECTORES NO SE LA SECUESTRARAN","author":"Alejandro Sosa Ruda","date":"13 enero, 2020","format":false,"excerpt":"El particular episodio se registr\u00f3 en la madrugada de este domingo en el Monumento a la Bandera. El veh\u00edculo qued\u00f3 totalmente destruido. Un operativo de la Subsecretar\u00eda de Transporte y\u00a0Tr\u00e1nsito en la costa marplatense termin\u00f3 este domingo de la manera menos pensada: un joven prendi\u00f3 fuego su propia moto cuando\u2026","rel":"","context":"En \u00abREGIONALES\u00bb","block_context":{"text":"REGIONALES","link":"https:\/\/larevistadigital.com.ar\/blog\/category\/regionales\/"},"img":{"alt_text":"","src":"https:\/\/i0.wp.com\/larevistadigital.com.ar\/blog\/wp-content\/uploads\/1578922804765.jpeg?fit=639%2C360&ssl=1&resize=350%2C200","width":350,"height":200,"srcset":"https:\/\/i0.wp.com\/larevistadigital.com.ar\/blog\/wp-content\/uploads\/1578922804765.jpeg?fit=639%2C360&ssl=1&resize=350%2C200 1x, https:\/\/i0.wp.com\/larevistadigital.com.ar\/blog\/wp-content\/uploads\/1578922804765.jpeg?fit=639%2C360&ssl=1&resize=525%2C300 1.5x"},"classes":[]},{"id":29959,"url":"https:\/\/larevistadigital.com.ar\/blog\/mar-del-plata-los-bomberos-le-salvaron-la-vida-a-un-bebe-que-no-podia-respirar\/","url_meta":{"origin":18676,"position":3},"title":"MAR DEL PLATA: LOS BOMBEROS LE SALVARON LA VIDA A UN BEBE QUE NO POD\u00cdA RESPIRAR","author":"Alejandro Sosa Ruda","date":"3 febrero, 2023","format":false,"excerpt":"El personal del cuartel de San Patricio asisti\u00f3 a la criatura ante el pedido de auxilio de su mam\u00e1. 3 de febrero de 2023 MAR DEL PLATA -\u00a0 El pedido desesperado de una mam\u00e1, que se acerc\u00f3 al\u00a0cuartel de bomberos del barrio San Patricio\u00a0para\u00a0pedir auxilio porque su beb\u00e9 hab\u00eda dejado\u2026","rel":"","context":"En \u00abREGIONALES\u00bb","block_context":{"text":"REGIONALES","link":"https:\/\/larevistadigital.com.ar\/blog\/category\/regionales\/"},"img":{"alt_text":"","src":"https:\/\/i0.wp.com\/larevistadigital.com.ar\/blog\/wp-content\/uploads\/Captura-de-pantalla-2023-02-03-124543.png?fit=812%2C423&ssl=1&resize=350%2C200","width":350,"height":200,"srcset":"https:\/\/i0.wp.com\/larevistadigital.com.ar\/blog\/wp-content\/uploads\/Captura-de-pantalla-2023-02-03-124543.png?fit=812%2C423&ssl=1&resize=350%2C200 1x, https:\/\/i0.wp.com\/larevistadigital.com.ar\/blog\/wp-content\/uploads\/Captura-de-pantalla-2023-02-03-124543.png?fit=812%2C423&ssl=1&resize=525%2C300 1.5x, https:\/\/i0.wp.com\/larevistadigital.com.ar\/blog\/wp-content\/uploads\/Captura-de-pantalla-2023-02-03-124543.png?fit=812%2C423&ssl=1&resize=700%2C400 2x"},"classes":[]},{"id":21321,"url":"https:\/\/larevistadigital.com.ar\/blog\/la-plata-estudiante-cayo-de-un-noveno-piso-y-sobrevivio\/","url_meta":{"origin":18676,"position":4},"title":"LA PLATA: ESTUDIANTE CAY\u00d3 DE UN NOVENO PISO Y SOBREVIVI\u00d3","author":"Alejandro Sosa Ruda","date":"30 julio, 2021","format":false,"excerpt":"El dram\u00e1tico hecho sacude a la ciudad. Aunque result\u00f3 malherido, el joven se salv\u00f3 de milagro tras la fuerte ca\u00edda y fue internado de urgencia. La ca\u00edda de un estudiante desde el noveno piso de un edificio de La Plata sacude a la ciudad. El conmocionante suceso\u00a0ocurri\u00f3 en la madrugada\u2026","rel":"","context":"En \u00abINTERES GENERAL\u00bb","block_context":{"text":"INTERES GENERAL","link":"https:\/\/larevistadigital.com.ar\/blog\/category\/interes-general\/"},"img":{"alt_text":"","src":"https:\/\/i0.wp.com\/larevistadigital.com.ar\/blog\/wp-content\/uploads\/la-plata.png?fit=720%2C407&ssl=1&resize=350%2C200","width":350,"height":200,"srcset":"https:\/\/i0.wp.com\/larevistadigital.com.ar\/blog\/wp-content\/uploads\/la-plata.png?fit=720%2C407&ssl=1&resize=350%2C200 1x, https:\/\/i0.wp.com\/larevistadigital.com.ar\/blog\/wp-content\/uploads\/la-plata.png?fit=720%2C407&ssl=1&resize=525%2C300 1.5x, https:\/\/i0.wp.com\/larevistadigital.com.ar\/blog\/wp-content\/uploads\/la-plata.png?fit=720%2C407&ssl=1&resize=700%2C400 2x"},"classes":[]},{"id":31580,"url":"https:\/\/larevistadigital.com.ar\/blog\/la-plata-balean-a-un-joven-de-26-anos\/","url_meta":{"origin":18676,"position":5},"title":"LA PLATA: BALEAN A UN JOVEN DE 26 A\u00d1OS","author":"Alejandro Sosa Ruda","date":"16 mayo, 2023","format":false,"excerpt":"El episodio ocurri\u00f3 el domingo por la noche en Los Hornos. La v\u00edctima sufri\u00f3 un impacto en el hombro y est\u00e1 internada en el hospital San Mart\u00edn. 15 de mayo de 2023 Un joven de 26 a\u00f1os se encuentra internado en el\u00a0hospital San Mart\u00edn,\u00a0luego de\u00a0recibir un tiro el \u00faltimo domingo\u00a0en\u2026","rel":"","context":"En \u00abPOLICIALES\u00bb","block_context":{"text":"POLICIALES","link":"https:\/\/larevistadigital.com.ar\/blog\/category\/policiales\/"},"img":{"alt_text":"","src":"https:\/\/i0.wp.com\/larevistadigital.com.ar\/blog\/wp-content\/uploads\/1587740549733.jpeg?fit=1200%2C594&ssl=1&resize=350%2C200","width":350,"height":200,"srcset":"https:\/\/i0.wp.com\/larevistadigital.com.ar\/blog\/wp-content\/uploads\/1587740549733.jpeg?fit=1200%2C594&ssl=1&resize=350%2C200 1x, https:\/\/i0.wp.com\/larevistadigital.com.ar\/blog\/wp-content\/uploads\/1587740549733.jpeg?fit=1200%2C594&ssl=1&resize=525%2C300 1.5x, https:\/\/i0.wp.com\/larevistadigital.com.ar\/blog\/wp-content\/uploads\/1587740549733.jpeg?fit=1200%2C594&ssl=1&resize=700%2C400 2x, https:\/\/i0.wp.com\/larevistadigital.com.ar\/blog\/wp-content\/uploads\/1587740549733.jpeg?fit=1200%2C594&ssl=1&resize=1050%2C600 3x"},"classes":[]}],"_links":{"self":[{"href":"https:\/\/larevistadigital.com.ar\/blog\/wp-json\/wp\/v2\/posts\/18676","targetHints":{"allow":["GET"]}}],"collection":[{"href":"https:\/\/larevistadigital.com.ar\/blog\/wp-json\/wp\/v2\/posts"}],"about":[{"href":"https:\/\/larevistadigital.com.ar\/blog\/wp-json\/wp\/v2\/types\/post"}],"author":[{"embeddable":true,"href":"https:\/\/larevistadigital.com.ar\/blog\/wp-json\/wp\/v2\/users\/3"}],"replies":[{"embeddable":true,"href":"https:\/\/larevistadigital.com.ar\/blog\/wp-json\/wp\/v2\/comments?post=18676"}],"version-history":[{"count":1,"href":"https:\/\/larevistadigital.com.ar\/blog\/wp-json\/wp\/v2\/posts\/18676\/revisions"}],"predecessor-version":[{"id":18678,"href":"https:\/\/larevistadigital.com.ar\/blog\/wp-json\/wp\/v2\/posts\/18676\/revisions\/18678"}],"wp:featuredmedia":[{"embeddable":true,"href":"https:\/\/larevistadigital.com.ar\/blog\/wp-json\/wp\/v2\/media\/18677"}],"wp:attachment":[{"href":"https:\/\/larevistadigital.com.ar\/blog\/wp-json\/wp\/v2\/media?parent=18676"}],"wp:term":[{"taxonomy":"category","embeddable":true,"href":"https:\/\/larevistadigital.com.ar\/blog\/wp-json\/wp\/v2\/categories?post=18676"},{"taxonomy":"post_tag","embeddable":true,"href":"https:\/\/larevistadigital.com.ar\/blog\/wp-json\/wp\/v2\/tags?post=18676"}],"curies":[{"name":"wp","href":"https:\/\/api.w.org\/{rel}","templated":true}]}}