{"id":18679,"date":"2021-01-24T16:25:48","date_gmt":"2021-01-24T16:25:48","guid":{"rendered":"https:\/\/larevistadigital.com.ar\/blog\/?p=18679"},"modified":"2021-01-24T16:25:48","modified_gmt":"2021-01-24T16:25:48","slug":"joven-muere-electrocutado-mientras-cortaba-al-pasto","status":"publish","type":"post","link":"https:\/\/larevistadigital.com.ar\/blog\/joven-muere-electrocutado-mientras-cortaba-al-pasto\/","title":{"rendered":"JOVEN MUERE ELECTROCUTADO MIENTRAS CORTABA AL PASTO"},"content":{"rendered":"<h2 class=\"nota__hero__summary\">Si bien intentaron reanimarlo falleci\u00f3 pocos minutos despu\u00e9s de recibir la descarga.<\/h2>\n<p><strong>GENERAL MADARIAGA &#8211;<\/strong> Un joven de 22 a\u00f1os muri\u00f3 esta tarde luego de sufrir una descarga el\u00e9ctrica mientras cortaba el pasto.<\/p>\n<p>El hecho fue en una vivienda ubicada en inmediaciones de Chile y Colombia de la localidad de General Madariaga.<\/p>\n<blockquote>\n<h2>Si bien fue trasladado de inmediato al Hospital de dicha ciudad, lleg\u00f3 con pocos signos vitales y falleci\u00f3 tras el intento de los m\u00e9dicos por reanimarlo.<\/h2>\n<\/blockquote>\n<p>Seg\u00fan inform\u00f3 CNM con la m\u00e1quina toc\u00f3 un alargue y las manoplas transmitieron la descarga el\u00e9ctrica.<\/p>\n<p>Trabaj\u00f3 en el lugar polic\u00eda cient\u00edfica y se inici\u00f3 una causa por averiguaci\u00f3n de causales de muerte.<\/p>\n<p>fuente: entrelineas.info<\/p>\n","protected":false},"excerpt":{"rendered":"<div class=\"mh-excerpt\"><p>Si bien intentaron reanimarlo falleci\u00f3 pocos minutos despu\u00e9s de recibir la descarga. GENERAL MADARIAGA &#8211; Un joven de 22 a\u00f1os muri\u00f3 esta tarde luego de sufrir una descarga el\u00e9ctrica mientras cortaba el pasto. El hecho <a class=\"mh-excerpt-more\" href=\"https:\/\/larevistadigital.com.ar\/blog\/joven-muere-electrocutado-mientras-cortaba-al-pasto\/\" title=\"JOVEN MUERE ELECTROCUTADO MIENTRAS CORTABA AL PASTO\">[Leer M\u00e1s]<\/a><\/p>\n<\/div>","protected":false},"author":3,"featured_media":18680,"comment_status":"open","ping_status":"open","sticky":false,"template":"","format":"standard","meta":{"_jetpack_memberships_contains_paid_content":false,"footnotes":"","jetpack_publicize_message":"","jetpack_publicize_feature_enabled":true,"jetpack_social_post_already_shared":true,"jetpack_social_options":{"image_generator_settings":{"template":"highway","default_image_id":0,"font":"","enabled":false},"version":2}},"categories":[51],"tags":[],"class_list":{"0":"post-18679","1":"post","2":"type-post","3":"status-publish","4":"format-standard","5":"has-post-thumbnail","7":"category-regionales"},"jetpack_publicize_connections":[],"jetpack_featured_media_url":"https:\/\/i0.wp.com\/larevistadigital.com.ar\/blog\/wp-content\/uploads\/137c79aacd1e1a48ff0d312e8408097752016a8a.jpg?fit=1140%2C756&ssl=1","jetpack_sharing_enabled":true,"jetpack_shortlink":"https:\/\/wp.me\/p8qtrQ-4Rh","jetpack-related-posts":[{"id":23108,"url":"https:\/\/larevistadigital.com.ar\/blog\/murio-electrocutado-cuando-cortaba-el-pasto-lo-encontro-su-novia\/","url_meta":{"origin":18679,"position":0},"title":"MURI\u00d3 ELECTROCUTADO  CUANDO CORTABA EL PASTO. LO ENCONTR\u00d3 SU NOVIA","author":"Alejandro Sosa Ruda","date":"29 diciembre, 2021","format":false,"excerpt":"Sucedi\u00f3 en la tarde de este mi\u00e9rcoles. La v\u00edctima de 27 a\u00f1os fue hallada por su novia. MAR DEL PLATA -\u00a0 Un joven de 27 a\u00f1os\u00a0que estaba cortando el c\u00e9sped muri\u00f3 esta tarde tras recibir una descarga el\u00e9ctrica. Si bien fue trasladado al\u00a0centro de salud del barrio Ameghino, los profesionales\u2026","rel":"","context":"En \u00abPOLICIALES\u00bb","block_context":{"text":"POLICIALES","link":"https:\/\/larevistadigital.com.ar\/blog\/category\/policiales\/"},"img":{"alt_text":"","src":"https:\/\/i0.wp.com\/larevistadigital.com.ar\/blog\/wp-content\/uploads\/Captura-de-pantalla-2021-12-29-203210.jpg?fit=1013%2C675&ssl=1&resize=350%2C200","width":350,"height":200,"srcset":"https:\/\/i0.wp.com\/larevistadigital.com.ar\/blog\/wp-content\/uploads\/Captura-de-pantalla-2021-12-29-203210.jpg?fit=1013%2C675&ssl=1&resize=350%2C200 1x, https:\/\/i0.wp.com\/larevistadigital.com.ar\/blog\/wp-content\/uploads\/Captura-de-pantalla-2021-12-29-203210.jpg?fit=1013%2C675&ssl=1&resize=525%2C300 1.5x, https:\/\/i0.wp.com\/larevistadigital.com.ar\/blog\/wp-content\/uploads\/Captura-de-pantalla-2021-12-29-203210.jpg?fit=1013%2C675&ssl=1&resize=700%2C400 2x"},"classes":[]},{"id":24696,"url":"https:\/\/larevistadigital.com.ar\/blog\/un-joven-quiso-conectar-el-cargador-de-su-celular-y-murio-electrocutado\/","url_meta":{"origin":18679,"position":1},"title":"UN JOVEN QUISO CONECTAR EL CARGADOR DE SU CELULAR Y MURI\u00d3 ELECTROCUTADO","author":"Alejandro Sosa Ruda","date":"20 marzo, 2022","format":false,"excerpt":"CHUBUT -\u00a0 Un adolescente de 16 a\u00f1os\u00a0muri\u00f3 este s\u00e1bado, en\u00a0Chubut, despu\u00e9s de recibir\u00a0una descarga el\u00e9ctrica\u00a0cuando\u00a0quiso conectar\u00a0a un tomacorrientes\u00a0el cargador de su celular. El hecho ocurri\u00f3 en la madrugada de este s\u00e1bado en\u00a0Comodoro Rivadavia, seg\u00fan confirm\u00f3 la polic\u00eda local, de acuerdo a la informaci\u00f3n citada por\u00a0La Opini\u00f3n Austral.\u00a0A pesar de que\u2026","rel":"","context":"En \u00abINTERES GENERAL\u00bb","block_context":{"text":"INTERES GENERAL","link":"https:\/\/larevistadigital.com.ar\/blog\/category\/interes-general\/"},"img":{"alt_text":"","src":"https:\/\/i0.wp.com\/larevistadigital.com.ar\/blog\/wp-content\/uploads\/Captura-de-pantalla-2022-03-20-160242.jpg?fit=1097%2C591&ssl=1&resize=350%2C200","width":350,"height":200,"srcset":"https:\/\/i0.wp.com\/larevistadigital.com.ar\/blog\/wp-content\/uploads\/Captura-de-pantalla-2022-03-20-160242.jpg?fit=1097%2C591&ssl=1&resize=350%2C200 1x, https:\/\/i0.wp.com\/larevistadigital.com.ar\/blog\/wp-content\/uploads\/Captura-de-pantalla-2022-03-20-160242.jpg?fit=1097%2C591&ssl=1&resize=525%2C300 1.5x, https:\/\/i0.wp.com\/larevistadigital.com.ar\/blog\/wp-content\/uploads\/Captura-de-pantalla-2022-03-20-160242.jpg?fit=1097%2C591&ssl=1&resize=700%2C400 2x, https:\/\/i0.wp.com\/larevistadigital.com.ar\/blog\/wp-content\/uploads\/Captura-de-pantalla-2022-03-20-160242.jpg?fit=1097%2C591&ssl=1&resize=1050%2C600 3x"},"classes":[]},{"id":21983,"url":"https:\/\/larevistadigital.com.ar\/blog\/insolito-encontro-restos-de-un-pene-mientras-cortaba-el-pasto\/","url_meta":{"origin":18679,"position":2},"title":"INS\u00d3LITO: ENCONTR\u00d3 RESTOS DE UN PENE, MIENTRAS CORTABA EL PASTO","author":"Alejandro Sosa Ruda","date":"15 septiembre, 2021","format":false,"excerpt":"Un hombre estaba cortando el pasto cuando se top\u00f3 con un frasco en el jard\u00edn de una casa. La fiscal\u00eda y la Polic\u00eda Cient\u00edfica investigan el hecho. BALCARCE - Un jardinero de\u00a0Balcarce\u00a0que se encontraba realizando un trabajo de mantenimiento del c\u00e9sped y poda fue el protagonista de un hecho inusual:\u2026","rel":"","context":"En \u00abINTERES GENERAL\u00bb","block_context":{"text":"INTERES GENERAL","link":"https:\/\/larevistadigital.com.ar\/blog\/category\/interes-general\/"},"img":{"alt_text":"","src":"https:\/\/i0.wp.com\/larevistadigital.com.ar\/blog\/wp-content\/uploads\/PENE-NN.jpg?fit=1140%2C722&ssl=1&resize=350%2C200","width":350,"height":200,"srcset":"https:\/\/i0.wp.com\/larevistadigital.com.ar\/blog\/wp-content\/uploads\/PENE-NN.jpg?fit=1140%2C722&ssl=1&resize=350%2C200 1x, https:\/\/i0.wp.com\/larevistadigital.com.ar\/blog\/wp-content\/uploads\/PENE-NN.jpg?fit=1140%2C722&ssl=1&resize=525%2C300 1.5x, https:\/\/i0.wp.com\/larevistadigital.com.ar\/blog\/wp-content\/uploads\/PENE-NN.jpg?fit=1140%2C722&ssl=1&resize=700%2C400 2x, https:\/\/i0.wp.com\/larevistadigital.com.ar\/blog\/wp-content\/uploads\/PENE-NN.jpg?fit=1140%2C722&ssl=1&resize=1050%2C600 3x"},"classes":[]},{"id":42545,"url":"https:\/\/larevistadigital.com.ar\/blog\/general-madariaga-un-trabajador-rural-fallecio-tras-quedar-atrapado-en-un-silo\/","url_meta":{"origin":18679,"position":3},"title":"General Madariaga: un trabajador rural falleci\u00f3 tras quedar atrapado en un silo","author":"Alejandro Sosa Ruda","date":"20 noviembre, 2025","format":false,"excerpt":"Ten\u00eda 65 a\u00f1os y realizaba tareas laborales en un establecimiento rural ubicado a pocos metros del aeropuerto de Villa Gesell cuando ocurri\u00f3 el mortal accidente. 20 de Noviembre de 2025 GRAL. MADARIAGA -\u00a0 \u00a0Un hombre de 65 a\u00f1os muri\u00f3 este jueves por la tarde luego de quedar atrapado dentro de\u2026","rel":"","context":"En \u00abPOLICIALES\u00bb","block_context":{"text":"POLICIALES","link":"https:\/\/larevistadigital.com.ar\/blog\/category\/policiales\/"},"img":{"alt_text":"","src":"https:\/\/i0.wp.com\/larevistadigital.com.ar\/blog\/wp-content\/uploads\/666a8027af7381a1e5cdbaa3a66971e4320311a0.jpg?fit=1140%2C681&ssl=1&resize=350%2C200","width":350,"height":200,"srcset":"https:\/\/i0.wp.com\/larevistadigital.com.ar\/blog\/wp-content\/uploads\/666a8027af7381a1e5cdbaa3a66971e4320311a0.jpg?fit=1140%2C681&ssl=1&resize=350%2C200 1x, https:\/\/i0.wp.com\/larevistadigital.com.ar\/blog\/wp-content\/uploads\/666a8027af7381a1e5cdbaa3a66971e4320311a0.jpg?fit=1140%2C681&ssl=1&resize=525%2C300 1.5x, https:\/\/i0.wp.com\/larevistadigital.com.ar\/blog\/wp-content\/uploads\/666a8027af7381a1e5cdbaa3a66971e4320311a0.jpg?fit=1140%2C681&ssl=1&resize=700%2C400 2x, https:\/\/i0.wp.com\/larevistadigital.com.ar\/blog\/wp-content\/uploads\/666a8027af7381a1e5cdbaa3a66971e4320311a0.jpg?fit=1140%2C681&ssl=1&resize=1050%2C600 3x"},"classes":[]},{"id":15593,"url":"https:\/\/larevistadigital.com.ar\/blog\/un-joven-quiso-sacar-frutas-de-un-arbol-y-se-electrocuto-esta-grave\/","url_meta":{"origin":18679,"position":4},"title":"UN JOVEN QUISO SACAR FRUTAS DE UN \u00c1RBOL Y SE ELECTROCUT\u00d3. EST\u00c1 GRAVE","author":"Alejandro Sosa Ruda","date":"11 junio, 2020","format":false,"excerpt":"La v\u00edctima es un adolescente de 15 a\u00f1os que toc\u00f3 la reja de una casa que, al parecer, estaba electrificada. Est\u00e1 internado en el hospital Iturraspe. SANTA FE - Un joven de 15 a\u00f1os se encuentra en grave estado tras sufrir una potente descarga el\u00e9ctrica mientras intentaba bajar naranjas de\u2026","rel":"","context":"En \u00abINTERES GENERAL\u00bb","block_context":{"text":"INTERES GENERAL","link":"https:\/\/larevistadigital.com.ar\/blog\/category\/interes-general\/"},"img":{"alt_text":"","src":"https:\/\/i0.wp.com\/larevistadigital.com.ar\/blog\/wp-content\/uploads\/Screenshot_2-95.jpg?fit=786%2C498&ssl=1&resize=350%2C200","width":350,"height":200,"srcset":"https:\/\/i0.wp.com\/larevistadigital.com.ar\/blog\/wp-content\/uploads\/Screenshot_2-95.jpg?fit=786%2C498&ssl=1&resize=350%2C200 1x, https:\/\/i0.wp.com\/larevistadigital.com.ar\/blog\/wp-content\/uploads\/Screenshot_2-95.jpg?fit=786%2C498&ssl=1&resize=525%2C300 1.5x, https:\/\/i0.wp.com\/larevistadigital.com.ar\/blog\/wp-content\/uploads\/Screenshot_2-95.jpg?fit=786%2C498&ssl=1&resize=700%2C400 2x"},"classes":[]},{"id":27663,"url":"https:\/\/larevistadigital.com.ar\/blog\/joven-muere-luego-de-un-vuelco-en-un-camino-rural\/","url_meta":{"origin":18679,"position":5},"title":"JOVEN MUERE LUEGO DE UN VUELCO EN UN CAMINO RURAL","author":"Alejandro Sosa Ruda","date":"11 septiembre, 2022","format":false,"excerpt":"El joven de 30 a\u00f1os circulaba s\u00f3lo en el auto que protagoniz\u00f3 el accidente. 11 de septiembre de 2022 MAIP\u00da -\u00a0 Ayer por la ma\u00f1ana se produjo un fatal accidente de tr\u00e1nsito en el camino rural \"El Chaja\", en el l\u00edmite de los Partidos de Maip\u00fa y General Madariaga. Por\u2026","rel":"","context":"En \u00abPOLICIALES\u00bb","block_context":{"text":"POLICIALES","link":"https:\/\/larevistadigital.com.ar\/blog\/category\/policiales\/"},"img":{"alt_text":"","src":"https:\/\/i0.wp.com\/larevistadigital.com.ar\/blog\/wp-content\/uploads\/764e5acffdb8d13707e5dae43ea1802ac79480cd-1.jpg?fit=1140%2C761&ssl=1&resize=350%2C200","width":350,"height":200,"srcset":"https:\/\/i0.wp.com\/larevistadigital.com.ar\/blog\/wp-content\/uploads\/764e5acffdb8d13707e5dae43ea1802ac79480cd-1.jpg?fit=1140%2C761&ssl=1&resize=350%2C200 1x, https:\/\/i0.wp.com\/larevistadigital.com.ar\/blog\/wp-content\/uploads\/764e5acffdb8d13707e5dae43ea1802ac79480cd-1.jpg?fit=1140%2C761&ssl=1&resize=525%2C300 1.5x, https:\/\/i0.wp.com\/larevistadigital.com.ar\/blog\/wp-content\/uploads\/764e5acffdb8d13707e5dae43ea1802ac79480cd-1.jpg?fit=1140%2C761&ssl=1&resize=700%2C400 2x, https:\/\/i0.wp.com\/larevistadigital.com.ar\/blog\/wp-content\/uploads\/764e5acffdb8d13707e5dae43ea1802ac79480cd-1.jpg?fit=1140%2C761&ssl=1&resize=1050%2C600 3x"},"classes":[]}],"_links":{"self":[{"href":"https:\/\/larevistadigital.com.ar\/blog\/wp-json\/wp\/v2\/posts\/18679","targetHints":{"allow":["GET"]}}],"collection":[{"href":"https:\/\/larevistadigital.com.ar\/blog\/wp-json\/wp\/v2\/posts"}],"about":[{"href":"https:\/\/larevistadigital.com.ar\/blog\/wp-json\/wp\/v2\/types\/post"}],"author":[{"embeddable":true,"href":"https:\/\/larevistadigital.com.ar\/blog\/wp-json\/wp\/v2\/users\/3"}],"replies":[{"embeddable":true,"href":"https:\/\/larevistadigital.com.ar\/blog\/wp-json\/wp\/v2\/comments?post=18679"}],"version-history":[{"count":1,"href":"https:\/\/larevistadigital.com.ar\/blog\/wp-json\/wp\/v2\/posts\/18679\/revisions"}],"predecessor-version":[{"id":18681,"href":"https:\/\/larevistadigital.com.ar\/blog\/wp-json\/wp\/v2\/posts\/18679\/revisions\/18681"}],"wp:featuredmedia":[{"embeddable":true,"href":"https:\/\/larevistadigital.com.ar\/blog\/wp-json\/wp\/v2\/media\/18680"}],"wp:attachment":[{"href":"https:\/\/larevistadigital.com.ar\/blog\/wp-json\/wp\/v2\/media?parent=18679"}],"wp:term":[{"taxonomy":"category","embeddable":true,"href":"https:\/\/larevistadigital.com.ar\/blog\/wp-json\/wp\/v2\/categories?post=18679"},{"taxonomy":"post_tag","embeddable":true,"href":"https:\/\/larevistadigital.com.ar\/blog\/wp-json\/wp\/v2\/tags?post=18679"}],"curies":[{"name":"wp","href":"https:\/\/api.w.org\/{rel}","templated":true}]}}