{"id":18685,"date":"2021-02-01T11:27:52","date_gmt":"2021-02-01T11:27:52","guid":{"rendered":"https:\/\/larevistadigital.com.ar\/blog\/?p=18685"},"modified":"2021-02-01T11:27:52","modified_gmt":"2021-02-01T11:27:52","slug":"las-vacas-abandonadas-en-chernobyl-se-volvieron-salvajes-y-tienen-comportamientos-extranos","status":"publish","type":"post","link":"https:\/\/larevistadigital.com.ar\/blog\/las-vacas-abandonadas-en-chernobyl-se-volvieron-salvajes-y-tienen-comportamientos-extranos\/","title":{"rendered":"LAS VACAS ABANDONADAS EN CHERNOBYL, SE VOLVIERON SALVAJES Y TIENEN \u00abCOMPORTAMIENTOS EXTRA\u00d1OS\u00bb"},"content":{"rendered":"<h2>Tras examinar la vida de un conjunto de estos animales durante tres a\u00f1os, los bi\u00f3logos llegaron a una llamativa conclusi\u00f3n. Mir\u00e1.<\/h2>\n<p>Si bien pasaron 35 a\u00f1os de la tragedia de Chernobyl,\u00a0<strong>en la cual se registraron muertos y una zona deshabitada por el escape radioactivo,\u00a0<\/strong>la situaci\u00f3n parece nunca m\u00e1s volver a la normalidad, ya que un estudio revel\u00f3 que<strong>\u00a0los animales cambiaron su comportamiento tradicional y adquirieron un\u00a0instinto de\u00a0<em>\u00absalvajes\u00bb<\/em>\u00a0al no contar con influencia humana.<\/strong><\/p>\n<blockquote>\n<h3>Por ejemplo, las\u00a0vacas\u00a0abandonadas en la zona de exclusi\u00f3n de Chernobyl\u00a0<strong>adoptaron la organizaci\u00f3n y el comportamiento de\u00a0animales\u00a0salvajes,<\/strong>\u00a0y al comienzo todo indicaba que era algo casual pero lo \u00faltimos estudios realizados en Ucrania<strong>\u00a0confirmaron esta tendencia de los animales.<\/strong><\/h3>\n<\/blockquote>\n<p>Luego de la explosi\u00f3n nuclear que tuvo lugar en el\u00a0a\u00f1o 1986 en esa regi\u00f3n de Rusia, la zona qued\u00f3\u00a0deshabitada,\u00a0<strong>aunque capt\u00f3 la atenci\u00f3n de un gran p\u00fablico por los sucesos ocurridos.<\/strong><\/p>\n<blockquote>\n<h3>En este sentido, a principios de enero,\u00a0empleados de la Reserva de Radiaci\u00f3n y Biosfera Ecol\u00f3gica de Chernobyl publicaron en<em>\u00a0Facebook<\/em>\u00a0una anotaci\u00f3n en la que<strong>\u00a0explicaban algunos detalles de la vida y costumbres de estos\u00a0bovinos\u00a0que viven de manera silvestre, tras su distancia con los humanos.<\/strong><\/h3>\n<\/blockquote>\n<p>Algunas de las afirmaciones de los guardas forestales\u00a0generaron descontento en algunos bi\u00f3logos y ec\u00f3logos\u00a0<strong>debido a la supuesta\u00a0falta de rigor cient\u00edfico\u00a0del apunte en esta red social.<\/strong><\/p>\n<p><em><strong>\u201cLa manada de ganado salvaje observada en Chernobyl\u00a0es internamente diferente de una manada rural ordinaria: est\u00e1 estructurada, tiene unidad, act\u00faa siempre de forma coherente.\u00a0La manada cuida m\u00e1s cuidadosamente de los individuos j\u00f3venes.\u00a0Los terneros, a su vez, eligen el lugar m\u00e1s seguro de la manada entre un macho adulto y las vacas\u201d<\/strong>,\u00a0<\/em>se\u00f1alan tanto el apunte de\u00a0<em>Facebook<\/em>\u00a0como el art\u00edculo de la agencia de ese pa\u00eds.<\/p>\n<h2><u><strong>Resultados del trabajo<\/strong><\/u><\/h2>\n<p>Tras examinar la vida de un conjunto de vacas salvajes durante tres a\u00f1os, los bi\u00f3logos que trabajan en la zona<strong>\u00a0notaron que estos animales\u00a0comenzaron a comportarse de manera similar a animales salvajes.<\/strong><\/p>\n<p>El\u00a0macho dominante,\u00a0el m\u00e1s viejo y fuerte,<strong>\u00a0no expulsa a los machos j\u00f3venes,\u00a0sino que\u00a0los mantiene en grupo para protegerlos de los depredadores,\u00a0siempre y cuando no disputen su liderazgo.<\/strong><\/p>\n","protected":false},"excerpt":{"rendered":"<div class=\"mh-excerpt\"><p>Tras examinar la vida de un conjunto de estos animales durante tres a\u00f1os, los bi\u00f3logos llegaron a una llamativa conclusi\u00f3n. Mir\u00e1. Si bien pasaron 35 a\u00f1os de la tragedia de Chernobyl,\u00a0en la cual se registraron <a class=\"mh-excerpt-more\" href=\"https:\/\/larevistadigital.com.ar\/blog\/las-vacas-abandonadas-en-chernobyl-se-volvieron-salvajes-y-tienen-comportamientos-extranos\/\" title=\"LAS VACAS ABANDONADAS EN CHERNOBYL, SE VOLVIERON SALVAJES Y TIENEN \u00abCOMPORTAMIENTOS EXTRA\u00d1OS\u00bb\">[Leer M\u00e1s]<\/a><\/p>\n<\/div>","protected":false},"author":3,"featured_media":18686,"comment_status":"open","ping_status":"open","sticky":false,"template":"","format":"standard","meta":{"_jetpack_memberships_contains_paid_content":false,"footnotes":"","jetpack_publicize_message":"","jetpack_publicize_feature_enabled":true,"jetpack_social_post_already_shared":true,"jetpack_social_options":{"image_generator_settings":{"template":"highway","default_image_id":0,"font":"","enabled":false},"version":2}},"categories":[50,34],"tags":[],"class_list":{"0":"post-18685","1":"post","2":"type-post","3":"status-publish","4":"format-standard","5":"has-post-thumbnail","7":"category-interes-general","8":"category-medio-ambiente"},"jetpack_publicize_connections":[],"jetpack_featured_media_url":"https:\/\/i0.wp.com\/larevistadigital.com.ar\/blog\/wp-content\/uploads\/Captura.png?fit=1191%2C602&ssl=1","jetpack_sharing_enabled":true,"jetpack_shortlink":"https:\/\/wp.me\/p8qtrQ-4Rn","jetpack-related-posts":[{"id":15234,"url":"https:\/\/larevistadigital.com.ar\/blog\/mercado-de-animales-salvajes-y-coronavirus-los-prohibidos-y-porque-algunos-siguen-funcionando\/","url_meta":{"origin":18685,"position":0},"title":"MERCADO DE ANIMALES SALVAJES Y CORONAVIRUS: LOS PROHIBIDOS Y PORQU\u00c9 ALGUNOS SIGUEN FUNCIONANDO","author":"Alejandro Sosa Ruda","date":"14 mayo, 2020","format":false,"excerpt":"Si bien en China fueron temporariamente prohibidos, en otros pa\u00edses a\u00fan funcionan. Si bien muchos expertos piensan que los primeros casos de coronavirus se originaron en el mercado de Huanan, en Wuhan -especializado en venta de pescados y mariscos-\u00a0la noticia gener\u00f3 confusi\u00f3n entre los mercados de venta de alimentos frescos\u2026","rel":"","context":"En \u00abINTERES GENERAL\u00bb","block_context":{"text":"INTERES GENERAL","link":"https:\/\/larevistadigital.com.ar\/blog\/category\/interes-general\/"},"img":{"alt_text":"","src":"https:\/\/i0.wp.com\/larevistadigital.com.ar\/blog\/wp-content\/uploads\/merlin_172443231_b77575e0-3ce0-409f-8ae3-d840d578f466-jumbo.jpg?fit=1024%2C682&ssl=1&resize=350%2C200","width":350,"height":200,"srcset":"https:\/\/i0.wp.com\/larevistadigital.com.ar\/blog\/wp-content\/uploads\/merlin_172443231_b77575e0-3ce0-409f-8ae3-d840d578f466-jumbo.jpg?fit=1024%2C682&ssl=1&resize=350%2C200 1x, https:\/\/i0.wp.com\/larevistadigital.com.ar\/blog\/wp-content\/uploads\/merlin_172443231_b77575e0-3ce0-409f-8ae3-d840d578f466-jumbo.jpg?fit=1024%2C682&ssl=1&resize=525%2C300 1.5x, https:\/\/i0.wp.com\/larevistadigital.com.ar\/blog\/wp-content\/uploads\/merlin_172443231_b77575e0-3ce0-409f-8ae3-d840d578f466-jumbo.jpg?fit=1024%2C682&ssl=1&resize=700%2C400 2x"},"classes":[]},{"id":18509,"url":"https:\/\/larevistadigital.com.ar\/blog\/peligro-volco-camion-con-vacas-y-los-animales-quedaron-sueltos-por-la-autopista\/","url_meta":{"origin":18685,"position":1},"title":"PELIGRO: VOLC\u00d3 CAMI\u00d3N CON VACAS Y LOS ANIMALES QUEDARON SUELTOS POR LA AUTOPISTA","author":"Alejandro Sosa Ruda","date":"5 enero, 2021","format":false,"excerpt":"EZEIZA - La tormenta que est\u00e1 azotando distintos puntos de la provincia de Buenos Aires, entre otras cosas provoc\u00f3 el vuelco de un cami\u00f3n que trasladaba vacas, en la autopista Jorge Newbery, ocasionando que los animales est\u00e9n sueltos y caminando por la mencionada autov\u00eda con el peligro que eso representa\u2026","rel":"","context":"En \u00abINTERES GENERAL\u00bb","block_context":{"text":"INTERES GENERAL","link":"https:\/\/larevistadigital.com.ar\/blog\/category\/interes-general\/"},"img":{"alt_text":"","src":"https:\/\/i0.wp.com\/larevistadigital.com.ar\/blog\/wp-content\/uploads\/1553577287109.jpg?fit=804%2C502&ssl=1&resize=350%2C200","width":350,"height":200,"srcset":"https:\/\/i0.wp.com\/larevistadigital.com.ar\/blog\/wp-content\/uploads\/1553577287109.jpg?fit=804%2C502&ssl=1&resize=350%2C200 1x, https:\/\/i0.wp.com\/larevistadigital.com.ar\/blog\/wp-content\/uploads\/1553577287109.jpg?fit=804%2C502&ssl=1&resize=525%2C300 1.5x, https:\/\/i0.wp.com\/larevistadigital.com.ar\/blog\/wp-content\/uploads\/1553577287109.jpg?fit=804%2C502&ssl=1&resize=700%2C400 2x"},"classes":[]},{"id":32753,"url":"https:\/\/larevistadigital.com.ar\/blog\/volco-un-camion-en-la-ruta-7-y-vecinos-faenaron-vacas-en-las-banquinas\/","url_meta":{"origin":18685,"position":2},"title":"VOLC\u00d3 UN CAMI\u00d3N EN LA RUTA 7 Y VECINOS FAENARON VACAS EN LAS BANQUINAS","author":"Alejandro Sosa Ruda","date":"4 agosto, 2023","format":false,"excerpt":"Tras el vuelco, varias de las vacas sufrieron heridas o perdieron la vida. Algunos vecinos y automovilistas vieron la oportunidad de aprovechar la situaci\u00f3n y saquearon la carga del cami\u00f3n. 3 de agosto de 2023 JUNIN -\u00a0 Un cami\u00f3n jaula que transportaba m\u00e1s de una decena de vacas volc\u00f3 en\u2026","rel":"","context":"En \u00abPOLICIALES\u00bb","block_context":{"text":"POLICIALES","link":"https:\/\/larevistadigital.com.ar\/blog\/category\/policiales\/"},"img":{"alt_text":"","src":"https:\/\/i0.wp.com\/larevistadigital.com.ar\/blog\/wp-content\/uploads\/20230803173637_vacas-camion-ruta-7.jpg?fit=880%2C512&ssl=1&resize=350%2C200","width":350,"height":200,"srcset":"https:\/\/i0.wp.com\/larevistadigital.com.ar\/blog\/wp-content\/uploads\/20230803173637_vacas-camion-ruta-7.jpg?fit=880%2C512&ssl=1&resize=350%2C200 1x, https:\/\/i0.wp.com\/larevistadigital.com.ar\/blog\/wp-content\/uploads\/20230803173637_vacas-camion-ruta-7.jpg?fit=880%2C512&ssl=1&resize=525%2C300 1.5x, https:\/\/i0.wp.com\/larevistadigital.com.ar\/blog\/wp-content\/uploads\/20230803173637_vacas-camion-ruta-7.jpg?fit=880%2C512&ssl=1&resize=700%2C400 2x"},"classes":[]},{"id":40446,"url":"https:\/\/larevistadigital.com.ar\/blog\/hipomagnesemia-la-enfermedad-silenciosa-que-ya-provoco-la-mortandad-de-miles-de-vacas-en-la-provincia\/","url_meta":{"origin":18685,"position":3},"title":"Hipomagnesemia: La enfermedad silenciosa que ya provoc\u00f3 la mortandad de miles de vacas en la Provincia","author":"Alejandro Sosa Ruda","date":"13 julio, 2025","format":false,"excerpt":"Un reciente informe del INTA Balcarce encendi\u00f3 las alarmas entre los productores ganaderos bonaerenses. Se trata de la hipomagnesemia bovina, conocida tambi\u00e9n como tetania de los pastos, una afecci\u00f3n metab\u00f3lica que afecta a vacas adultas en sistemas pastoriles y puede causar la muerte de forma s\u00fabita, sin se\u00f1ales previas. 13\u2026","rel":"","context":"En \u00abREGIONALES\u00bb","block_context":{"text":"REGIONALES","link":"https:\/\/larevistadigital.com.ar\/blog\/category\/regionales\/"},"img":{"alt_text":"","src":"https:\/\/i0.wp.com\/larevistadigital.com.ar\/blog\/wp-content\/uploads\/20250711185803_alerta-hipomagnesemia-enfermedad-silenciosa-inta-balcarce.jpg?fit=880%2C512&ssl=1&resize=350%2C200","width":350,"height":200,"srcset":"https:\/\/i0.wp.com\/larevistadigital.com.ar\/blog\/wp-content\/uploads\/20250711185803_alerta-hipomagnesemia-enfermedad-silenciosa-inta-balcarce.jpg?fit=880%2C512&ssl=1&resize=350%2C200 1x, https:\/\/i0.wp.com\/larevistadigital.com.ar\/blog\/wp-content\/uploads\/20250711185803_alerta-hipomagnesemia-enfermedad-silenciosa-inta-balcarce.jpg?fit=880%2C512&ssl=1&resize=525%2C300 1.5x, https:\/\/i0.wp.com\/larevistadigital.com.ar\/blog\/wp-content\/uploads\/20250711185803_alerta-hipomagnesemia-enfermedad-silenciosa-inta-balcarce.jpg?fit=880%2C512&ssl=1&resize=700%2C400 2x"},"classes":[]},{"id":25762,"url":"https:\/\/larevistadigital.com.ar\/blog\/chascomus-detienen-a-5-personas-por-abigueato-en-la-rural\/","url_meta":{"origin":18685,"position":4},"title":"CHASCOM\u00daS: DETIENEN A 5 PERSONAS POR ABIGUEATO EN LA RURAL","author":"Alejandro Sosa Ruda","date":"10 junio, 2022","format":false,"excerpt":"CHASCOM\u00daS -\u00a0 Luego de un llamado al 911, personal policial se hizo presente en la Rural ya que se hab\u00eda mencionado que un grupo de personas estaban carneando animales en el predio. Al arribar al lugar, con m\u00f3viles de apoyo, pudieron observar que efectivamente en un corral se hallaban 6\u2026","rel":"","context":"En \u00abCHASCOM\u00daS\u00bb","block_context":{"text":"CHASCOM\u00daS","link":"https:\/\/larevistadigital.com.ar\/blog\/category\/chascomus\/"},"img":{"alt_text":"","src":"https:\/\/i0.wp.com\/larevistadigital.com.ar\/blog\/wp-content\/uploads\/1-3.jpg?fit=1200%2C646&ssl=1&resize=350%2C200","width":350,"height":200,"srcset":"https:\/\/i0.wp.com\/larevistadigital.com.ar\/blog\/wp-content\/uploads\/1-3.jpg?fit=1200%2C646&ssl=1&resize=350%2C200 1x, https:\/\/i0.wp.com\/larevistadigital.com.ar\/blog\/wp-content\/uploads\/1-3.jpg?fit=1200%2C646&ssl=1&resize=525%2C300 1.5x, https:\/\/i0.wp.com\/larevistadigital.com.ar\/blog\/wp-content\/uploads\/1-3.jpg?fit=1200%2C646&ssl=1&resize=700%2C400 2x, https:\/\/i0.wp.com\/larevistadigital.com.ar\/blog\/wp-content\/uploads\/1-3.jpg?fit=1200%2C646&ssl=1&resize=1050%2C600 3x"},"classes":[]},{"id":28535,"url":"https:\/\/larevistadigital.com.ar\/blog\/san-vicente-aparecen-vacas-muertas-por-la-sequia-y-escasez-de-alimentos\/","url_meta":{"origin":18685,"position":5},"title":"SAN VICENTE: APARECEN VACAS MUERTAS POR LA SEQU\u00cdA Y ESCASEZ DE ALIMENTOS","author":"Alejandro Sosa Ruda","date":"19 octubre, 2022","format":false,"excerpt":"Los productores de San Vicente aseguran que es alta la mortandad de animales y que no hay registros de una situaci\u00f3n as\u00ed desde la primera mitad del siglo XX. 19 de octubre de 2022 SAN VICENTE -\u00a0 Las vacas muertas en los campos de San Vicente empezaron a ser recurrentes\u2026","rel":"","context":"En \u00abREGIONALES\u00bb","block_context":{"text":"REGIONALES","link":"https:\/\/larevistadigital.com.ar\/blog\/category\/regionales\/"},"img":{"alt_text":"","src":"https:\/\/i0.wp.com\/larevistadigital.com.ar\/blog\/wp-content\/uploads\/20221019182856_vaca-muerta-sequia.jpg?fit=880%2C512&ssl=1&resize=350%2C200","width":350,"height":200,"srcset":"https:\/\/i0.wp.com\/larevistadigital.com.ar\/blog\/wp-content\/uploads\/20221019182856_vaca-muerta-sequia.jpg?fit=880%2C512&ssl=1&resize=350%2C200 1x, https:\/\/i0.wp.com\/larevistadigital.com.ar\/blog\/wp-content\/uploads\/20221019182856_vaca-muerta-sequia.jpg?fit=880%2C512&ssl=1&resize=525%2C300 1.5x, https:\/\/i0.wp.com\/larevistadigital.com.ar\/blog\/wp-content\/uploads\/20221019182856_vaca-muerta-sequia.jpg?fit=880%2C512&ssl=1&resize=700%2C400 2x"},"classes":[]}],"_links":{"self":[{"href":"https:\/\/larevistadigital.com.ar\/blog\/wp-json\/wp\/v2\/posts\/18685","targetHints":{"allow":["GET"]}}],"collection":[{"href":"https:\/\/larevistadigital.com.ar\/blog\/wp-json\/wp\/v2\/posts"}],"about":[{"href":"https:\/\/larevistadigital.com.ar\/blog\/wp-json\/wp\/v2\/types\/post"}],"author":[{"embeddable":true,"href":"https:\/\/larevistadigital.com.ar\/blog\/wp-json\/wp\/v2\/users\/3"}],"replies":[{"embeddable":true,"href":"https:\/\/larevistadigital.com.ar\/blog\/wp-json\/wp\/v2\/comments?post=18685"}],"version-history":[{"count":1,"href":"https:\/\/larevistadigital.com.ar\/blog\/wp-json\/wp\/v2\/posts\/18685\/revisions"}],"predecessor-version":[{"id":18687,"href":"https:\/\/larevistadigital.com.ar\/blog\/wp-json\/wp\/v2\/posts\/18685\/revisions\/18687"}],"wp:featuredmedia":[{"embeddable":true,"href":"https:\/\/larevistadigital.com.ar\/blog\/wp-json\/wp\/v2\/media\/18686"}],"wp:attachment":[{"href":"https:\/\/larevistadigital.com.ar\/blog\/wp-json\/wp\/v2\/media?parent=18685"}],"wp:term":[{"taxonomy":"category","embeddable":true,"href":"https:\/\/larevistadigital.com.ar\/blog\/wp-json\/wp\/v2\/categories?post=18685"},{"taxonomy":"post_tag","embeddable":true,"href":"https:\/\/larevistadigital.com.ar\/blog\/wp-json\/wp\/v2\/tags?post=18685"}],"curies":[{"name":"wp","href":"https:\/\/api.w.org\/{rel}","templated":true}]}}