{"id":18832,"date":"2021-02-12T13:40:58","date_gmt":"2021-02-12T13:40:58","guid":{"rendered":"https:\/\/larevistadigital.com.ar\/blog\/?p=18832"},"modified":"2021-02-12T13:40:58","modified_gmt":"2021-02-12T13:40:58","slug":"chascomus-por-agresion-a-menor-vecinos-habrian-querido-linchar-al-responsable","status":"publish","type":"post","link":"https:\/\/larevistadigital.com.ar\/blog\/chascomus-por-agresion-a-menor-vecinos-habrian-querido-linchar-al-responsable\/","title":{"rendered":"CHASCOM\u00daS: POR AGRESI\u00d3N A MENOR, VECINOS HABR\u00cdAN QUERIDO LINCHAR AL RESPONSABLE"},"content":{"rendered":"<p>Ocurri\u00f3 anoche una grave situaci\u00f3n en donde un joven habr\u00eda agredido, o intentado hacerlo a una criatura, el padre quiso castigar\u00a0 al agresor y los vecinos del barrio habr\u00edan tratado de lincharlo. Esa es la informaci\u00f3n que nos env\u00edan algunos vecinos.<\/p>\n<blockquote>\n<h3>Algunos lectores amigos se comunicaron con nosotros, relat\u00e1ndonos los hechos, pero sin precisiones, aunque lo que si est\u00e1 confirmado es la custodia policial y la gran cantidad de vecinos del barrio en la puerta de la vivienda del supuesto agresor.<\/h3>\n<\/blockquote>\n<p>Lo que habr\u00eda comenzado con el padre de la v\u00edctima, enfurecido, buscando al agresor, habr\u00eda terminado con un intento de linchamiento, que la polic\u00eda habr\u00eda podido evitarlo.<\/p>\n<p>&nbsp;<\/p>\n","protected":false},"excerpt":{"rendered":"<div class=\"mh-excerpt\"><p>Ocurri\u00f3 anoche una grave situaci\u00f3n en donde un joven habr\u00eda agredido, o intentado hacerlo a una criatura, el padre quiso castigar\u00a0 al agresor y los vecinos del barrio habr\u00edan tratado de lincharlo. Esa es la <a class=\"mh-excerpt-more\" href=\"https:\/\/larevistadigital.com.ar\/blog\/chascomus-por-agresion-a-menor-vecinos-habrian-querido-linchar-al-responsable\/\" title=\"CHASCOM\u00daS: POR AGRESI\u00d3N A MENOR, VECINOS HABR\u00cdAN QUERIDO LINCHAR AL RESPONSABLE\">[Leer M\u00e1s]<\/a><\/p>\n<\/div>","protected":false},"author":3,"featured_media":15712,"comment_status":"open","ping_status":"open","sticky":false,"template":"","format":"standard","meta":{"_jetpack_memberships_contains_paid_content":false,"footnotes":"","jetpack_publicize_message":"","jetpack_publicize_feature_enabled":true,"jetpack_social_post_already_shared":true,"jetpack_social_options":{"image_generator_settings":{"template":"highway","default_image_id":0,"font":"","enabled":false},"version":2}},"categories":[6],"tags":[],"class_list":{"0":"post-18832","1":"post","2":"type-post","3":"status-publish","4":"format-standard","5":"has-post-thumbnail","7":"category-chascomus"},"jetpack_publicize_connections":[],"jetpack_featured_media_url":"https:\/\/i0.wp.com\/larevistadigital.com.ar\/blog\/wp-content\/uploads\/Screenshot_1-121.jpg?fit=1007%2C565&ssl=1","jetpack_sharing_enabled":true,"jetpack_shortlink":"https:\/\/wp.me\/p8qtrQ-4TK","jetpack-related-posts":[{"id":13634,"url":"https:\/\/larevistadigital.com.ar\/blog\/chascomus-vecinos-de-el-porteno-enojados-elevan-nota-al-municipio\/","url_meta":{"origin":18832,"position":0},"title":"CHASCOM\u00daS: VECINOS DE EL PORTE\u00d1O ENOJADOS, ELEVAN NOTA AL MUNICIPIO","author":"Alejandro Sosa Ruda","date":"12 diciembre, 2019","format":false,"excerpt":"Vecinos del barrio \"El Porte\u00f1o\", y algunos propietarios de la zona rural, presentaron una nota por mesa de entradas de la Municipalidad de Chascom\u00fas, en donde solicitan que se vuelvan a colocar los moderadores de velocidad por la escuela 8. Tambi\u00e9n, est\u00e1n reclamando el mejorado de piedra para camino de\u2026","rel":"","context":"En \u00abINTERES GENERAL\u00bb","block_context":{"text":"INTERES GENERAL","link":"https:\/\/larevistadigital.com.ar\/blog\/category\/interes-general\/"},"img":{"alt_text":"","src":"https:\/\/i0.wp.com\/larevistadigital.com.ar\/blog\/wp-content\/uploads\/WhatsApp-Image-2019-12-12-at-20.21.28.jpeg?fit=1152%2C864&ssl=1&resize=350%2C200","width":350,"height":200,"srcset":"https:\/\/i0.wp.com\/larevistadigital.com.ar\/blog\/wp-content\/uploads\/WhatsApp-Image-2019-12-12-at-20.21.28.jpeg?fit=1152%2C864&ssl=1&resize=350%2C200 1x, https:\/\/i0.wp.com\/larevistadigital.com.ar\/blog\/wp-content\/uploads\/WhatsApp-Image-2019-12-12-at-20.21.28.jpeg?fit=1152%2C864&ssl=1&resize=525%2C300 1.5x, https:\/\/i0.wp.com\/larevistadigital.com.ar\/blog\/wp-content\/uploads\/WhatsApp-Image-2019-12-12-at-20.21.28.jpeg?fit=1152%2C864&ssl=1&resize=700%2C400 2x, https:\/\/i0.wp.com\/larevistadigital.com.ar\/blog\/wp-content\/uploads\/WhatsApp-Image-2019-12-12-at-20.21.28.jpeg?fit=1152%2C864&ssl=1&resize=1050%2C600 3x"},"classes":[]},{"id":26268,"url":"https:\/\/larevistadigital.com.ar\/blog\/video-chascomus-conmocion-entre-vecinos-de-barrio-girado-porque-hay-un-piromaniaco-suelto\/","url_meta":{"origin":18832,"position":1},"title":"[VIDEO] CHASCOM\u00daS: CONMOCI\u00d3N ENTRE VECINOS DE BARRIO GIRADO, PORQUE HAY UN \u00abPIROMAN\u00cdACO\u00bb SUELTO","author":"Alejandro Sosa Ruda","date":"2 julio, 2022","format":false,"excerpt":"Se tratar\u00eda de alguien que vive en el barrio, y fue advertido por c\u00e1maras de seguridad. Ya se habr\u00eda denunciado y aportado los videos como prueba. CHASCOM\u00daS -\u00a0 Gran conmoci\u00f3n caus\u00f3 entre los propietarios de Barrio Parque Girado, el hallazgo de uno de los vecinos que pudo observar en sus\u2026","rel":"","context":"En \u00abDESTACADAS\u00bb","block_context":{"text":"DESTACADAS","link":"https:\/\/larevistadigital.com.ar\/blog\/category\/destacadas\/"},"img":{"alt_text":"","src":"https:\/\/i0.wp.com\/larevistadigital.com.ar\/blog\/wp-content\/uploads\/incendios-corrientes-406453-104023.jpg?fit=1200%2C675&ssl=1&resize=350%2C200","width":350,"height":200,"srcset":"https:\/\/i0.wp.com\/larevistadigital.com.ar\/blog\/wp-content\/uploads\/incendios-corrientes-406453-104023.jpg?fit=1200%2C675&ssl=1&resize=350%2C200 1x, https:\/\/i0.wp.com\/larevistadigital.com.ar\/blog\/wp-content\/uploads\/incendios-corrientes-406453-104023.jpg?fit=1200%2C675&ssl=1&resize=525%2C300 1.5x, https:\/\/i0.wp.com\/larevistadigital.com.ar\/blog\/wp-content\/uploads\/incendios-corrientes-406453-104023.jpg?fit=1200%2C675&ssl=1&resize=700%2C400 2x, https:\/\/i0.wp.com\/larevistadigital.com.ar\/blog\/wp-content\/uploads\/incendios-corrientes-406453-104023.jpg?fit=1200%2C675&ssl=1&resize=1050%2C600 3x"},"classes":[]},{"id":6988,"url":"https:\/\/larevistadigital.com.ar\/blog\/chascomus-vecinos-prenden-fuego-a-una-casilla-supuestamente-ocupada-por-delincuentes-que-asolaban-al-barrio\/","url_meta":{"origin":18832,"position":2},"title":"CHASCOM\u00daS: VECINOS PRENDEN FUEGO A UNA CASILLA SUPUESTAMENTE OCUPADA POR DELINCUENTES QUE ASOLABAN AL BARRIO","author":"Alejandro Sosa Ruda","date":"30 octubre, 2018","format":false,"excerpt":"En la vida todo tiene un l\u00edmite, y ese l\u00edmite lleg\u00f3 a los vecinos de Barrio Parque, que cansados por verse acechados por robos y diversos delitos, tomaron la dr\u00e1stica decisi\u00f3n de quemar una casilla de quienes seg\u00fan aseguran ser\u00edan los responsables de los hechos en el barrio. Seg\u00fan nos\u2026","rel":"","context":"En \u00abPOLICIALES\u00bb","block_context":{"text":"POLICIALES","link":"https:\/\/larevistadigital.com.ar\/blog\/category\/policiales\/"},"img":{"alt_text":"","src":"https:\/\/i0.wp.com\/larevistadigital.com.ar\/blog\/wp-content\/uploads\/2018\/10\/WhatsApp-Image-2018-10-30-at-00.06.jpg?fit=1200%2C593&ssl=1&resize=350%2C200","width":350,"height":200,"srcset":"https:\/\/i0.wp.com\/larevistadigital.com.ar\/blog\/wp-content\/uploads\/2018\/10\/WhatsApp-Image-2018-10-30-at-00.06.jpg?fit=1200%2C593&ssl=1&resize=350%2C200 1x, https:\/\/i0.wp.com\/larevistadigital.com.ar\/blog\/wp-content\/uploads\/2018\/10\/WhatsApp-Image-2018-10-30-at-00.06.jpg?fit=1200%2C593&ssl=1&resize=525%2C300 1.5x, https:\/\/i0.wp.com\/larevistadigital.com.ar\/blog\/wp-content\/uploads\/2018\/10\/WhatsApp-Image-2018-10-30-at-00.06.jpg?fit=1200%2C593&ssl=1&resize=700%2C400 2x, https:\/\/i0.wp.com\/larevistadigital.com.ar\/blog\/wp-content\/uploads\/2018\/10\/WhatsApp-Image-2018-10-30-at-00.06.jpg?fit=1200%2C593&ssl=1&resize=1050%2C600 3x"},"classes":[]},{"id":15590,"url":"https:\/\/larevistadigital.com.ar\/blog\/chascomus-anonymous-revela-incidentes-y-algo-mas\/","url_meta":{"origin":18832,"position":3},"title":"CHASCOM\u00daS&#8230;ANONYMOUS REVELA INCIDENTES Y ALGO M\u00c1S","author":"Alejandro Sosa Ruda","date":"11 junio, 2020","format":false,"excerpt":"CHASCOM\u00daS -\u00a0 Anonymous nos env\u00eda un mensaje encriptado, donde cuenta que el pasado lunes, el GAD castig\u00f3 con creces a individuos que hab\u00edan apedreado patrulleros y que le habr\u00edan \"metido un puntazo\" a una polic\u00eda del sexo femenino. Todo habr\u00eda ocurrido en calle Garay al 200, frente a una vieja\u2026","rel":"","context":"En \u00abCURIOSAS\u00bb","block_context":{"text":"CURIOSAS","link":"https:\/\/larevistadigital.com.ar\/blog\/category\/curiosas\/"},"img":{"alt_text":"","src":"https:\/\/i0.wp.com\/larevistadigital.com.ar\/blog\/wp-content\/uploads\/anonymous.jpg?fit=1200%2C678&ssl=1&resize=350%2C200","width":350,"height":200,"srcset":"https:\/\/i0.wp.com\/larevistadigital.com.ar\/blog\/wp-content\/uploads\/anonymous.jpg?fit=1200%2C678&ssl=1&resize=350%2C200 1x, https:\/\/i0.wp.com\/larevistadigital.com.ar\/blog\/wp-content\/uploads\/anonymous.jpg?fit=1200%2C678&ssl=1&resize=525%2C300 1.5x, https:\/\/i0.wp.com\/larevistadigital.com.ar\/blog\/wp-content\/uploads\/anonymous.jpg?fit=1200%2C678&ssl=1&resize=700%2C400 2x, https:\/\/i0.wp.com\/larevistadigital.com.ar\/blog\/wp-content\/uploads\/anonymous.jpg?fit=1200%2C678&ssl=1&resize=1050%2C600 3x"},"classes":[]},{"id":6141,"url":"https:\/\/larevistadigital.com.ar\/blog\/chascomus-malos-tratos-en-dependencia-municipal\/","url_meta":{"origin":18832,"position":4},"title":"CHASCOM\u00daS: \u00bfMALOS TRATOS EN DEPENDENCIA MUNICIPAL?","author":"Alejandro Sosa Ruda","date":"3 agosto, 2018","format":false,"excerpt":"Una vez m\u00e1s ha llegado hasta nuestra redacci\u00f3n un ciudadano chascomunense que presenci\u00f3 una fuerte y desubicada discusi\u00f3n en una oficina municipal de calle Dorrego. Con esta son varias las ocasiones que nos llegan quejas de esa dependencia. El vecino asegura que mientras \u00e9l solicitaba informaci\u00f3n para la renovaci\u00f3n de\u2026","rel":"","context":"En \u00abCHASCOM\u00daS\u00bb","block_context":{"text":"CHASCOM\u00daS","link":"https:\/\/larevistadigital.com.ar\/blog\/category\/chascomus\/"},"img":{"alt_text":"","src":"https:\/\/i0.wp.com\/larevistadigital.com.ar\/blog\/wp-content\/uploads\/2018\/08\/4E0.jpg?fit=660%2C350&ssl=1&resize=350%2C200","width":350,"height":200,"srcset":"https:\/\/i0.wp.com\/larevistadigital.com.ar\/blog\/wp-content\/uploads\/2018\/08\/4E0.jpg?fit=660%2C350&ssl=1&resize=350%2C200 1x, https:\/\/i0.wp.com\/larevistadigital.com.ar\/blog\/wp-content\/uploads\/2018\/08\/4E0.jpg?fit=660%2C350&ssl=1&resize=525%2C300 1.5x"},"classes":[]},{"id":24251,"url":"https:\/\/larevistadigital.com.ar\/blog\/se-habrian-producido-tres-robos-en-puerto-chascomus-que-no-fueron-denunciados\/","url_meta":{"origin":18832,"position":5},"title":"SE HABR\u00cdAN PRODUCIDO TRES ROBOS EN \u00abPUERTO CHASCOM\u00daS\u00bb QUE NO FUERON DENUNCIADOS","author":"Alejandro Sosa Ruda","date":"27 febrero, 2022","format":false,"excerpt":"La Revista Digital tuvo acceso a trav\u00e9s del llamado de algunos vecinos preocupados por la situaci\u00f3n, y alarmados porque por alg\u00fan motivo, ninguno de los afectados realiz\u00f3 la denuncia. El rol de la seguridad privada. CHASCOM\u00daS -\u00a0 Durante la jornada de ayer, hemos podido confirmar por distintos testimonios de vecinos\u2026","rel":"","context":"En \u00abDESTACADAS\u00bb","block_context":{"text":"DESTACADAS","link":"https:\/\/larevistadigital.com.ar\/blog\/category\/destacadas\/"},"img":{"alt_text":"","src":"https:\/\/i0.wp.com\/larevistadigital.com.ar\/blog\/wp-content\/uploads\/269929952_7011115758913483_7063758540668094660_n.jpg?fit=1200%2C900&ssl=1&resize=350%2C200","width":350,"height":200,"srcset":"https:\/\/i0.wp.com\/larevistadigital.com.ar\/blog\/wp-content\/uploads\/269929952_7011115758913483_7063758540668094660_n.jpg?fit=1200%2C900&ssl=1&resize=350%2C200 1x, https:\/\/i0.wp.com\/larevistadigital.com.ar\/blog\/wp-content\/uploads\/269929952_7011115758913483_7063758540668094660_n.jpg?fit=1200%2C900&ssl=1&resize=525%2C300 1.5x, https:\/\/i0.wp.com\/larevistadigital.com.ar\/blog\/wp-content\/uploads\/269929952_7011115758913483_7063758540668094660_n.jpg?fit=1200%2C900&ssl=1&resize=700%2C400 2x, https:\/\/i0.wp.com\/larevistadigital.com.ar\/blog\/wp-content\/uploads\/269929952_7011115758913483_7063758540668094660_n.jpg?fit=1200%2C900&ssl=1&resize=1050%2C600 3x"},"classes":[]}],"_links":{"self":[{"href":"https:\/\/larevistadigital.com.ar\/blog\/wp-json\/wp\/v2\/posts\/18832","targetHints":{"allow":["GET"]}}],"collection":[{"href":"https:\/\/larevistadigital.com.ar\/blog\/wp-json\/wp\/v2\/posts"}],"about":[{"href":"https:\/\/larevistadigital.com.ar\/blog\/wp-json\/wp\/v2\/types\/post"}],"author":[{"embeddable":true,"href":"https:\/\/larevistadigital.com.ar\/blog\/wp-json\/wp\/v2\/users\/3"}],"replies":[{"embeddable":true,"href":"https:\/\/larevistadigital.com.ar\/blog\/wp-json\/wp\/v2\/comments?post=18832"}],"version-history":[{"count":3,"href":"https:\/\/larevistadigital.com.ar\/blog\/wp-json\/wp\/v2\/posts\/18832\/revisions"}],"predecessor-version":[{"id":18835,"href":"https:\/\/larevistadigital.com.ar\/blog\/wp-json\/wp\/v2\/posts\/18832\/revisions\/18835"}],"wp:featuredmedia":[{"embeddable":true,"href":"https:\/\/larevistadigital.com.ar\/blog\/wp-json\/wp\/v2\/media\/15712"}],"wp:attachment":[{"href":"https:\/\/larevistadigital.com.ar\/blog\/wp-json\/wp\/v2\/media?parent=18832"}],"wp:term":[{"taxonomy":"category","embeddable":true,"href":"https:\/\/larevistadigital.com.ar\/blog\/wp-json\/wp\/v2\/categories?post=18832"},{"taxonomy":"post_tag","embeddable":true,"href":"https:\/\/larevistadigital.com.ar\/blog\/wp-json\/wp\/v2\/tags?post=18832"}],"curies":[{"name":"wp","href":"https:\/\/api.w.org\/{rel}","templated":true}]}}