{"id":18844,"date":"2021-02-12T17:07:56","date_gmt":"2021-02-12T17:07:56","guid":{"rendered":"https:\/\/larevistadigital.com.ar\/blog\/?p=18844"},"modified":"2021-02-12T17:07:56","modified_gmt":"2021-02-12T17:07:56","slug":"los-padres-podran-justificar-inasistencias-cuando-los-chicos-no-vayan-a-la-escuela","status":"publish","type":"post","link":"https:\/\/larevistadigital.com.ar\/blog\/los-padres-podran-justificar-inasistencias-cuando-los-chicos-no-vayan-a-la-escuela\/","title":{"rendered":"LOS PADRES PODR\u00c1N JUSTIFICAR INASISTENCIAS CUANDO LOS CHICOS NO VAYAN A LA ESCUELA"},"content":{"rendered":"<h2 class=\"nota__hero__summary\">As\u00ed lo estableci\u00f3 el Ministerio de Trabajo en una resoluci\u00f3n que ser\u00e1 publicada en el Bolet\u00edn Oficial. Se enmarca en los cambios que pueda haber respecto de la presencialidad en las aulas.<\/h2>\n<p>El Gobierno nacional dispuso que los trabajadores podr\u00e1n justificar la inasistencia a sus lugares de trabajo cuando sus hijos no asistan a las clases presenciales.<\/p>\n<p>Lo hizo a trav\u00e9s de la modificaci\u00f3n de una resoluci\u00f3n del Ministerio de Trabajo, a trav\u00e9s de la que se dispuso a partir del ciclo lectivo 2021 en cada jurisdicci\u00f3n se justificar\u00e1 la inasistencia de uno de los progenitores o persona adulta responsable a cargo, cuya presencia en el hogar sea indispensable para el cuidado de ni\u00f1os o adolescentes.<\/p>\n<blockquote>\n<h3>Seg\u00fan la resoluci\u00f3n ministerial, esa justificaci\u00f3n ser\u00e1 considerada los d\u00edas en los que no concurran a clases presenciales en el establecimiento educativo o los que asistan con jornada presencial reducida y no pueda cumplirse la jornada escolar normal y habitual.<\/h3>\n<\/blockquote>\n<p><strong><em>\u201cLa persona alcanzada por esa justificaci\u00f3n deber\u00e1 notificar esa circunstancia a su empleador y, para permitir el adecuado control, tendr\u00e1 que completar una declaraci\u00f3n jurada que contenga los datos del ni\u00f1o o adolescente, el grado o a\u00f1o que cursa, los datos del establecimiento educativo al que concurre y el r\u00e9gimen de presencialidad dispuesto en esa instituci\u00f3n\u201d<\/em><\/strong>, puntualiz\u00f3 la resoluci\u00f3n que se publicar\u00e1 este viernes en el Bolet\u00edn Oficial.<\/p>\n<blockquote>\n<h3>Adem\u00e1s, deber\u00e1 declarar que su presencia en el hogar es indispensable para el cuidado del ni\u00f1o o adolescente y los d\u00edas en los que no concurran a clases presenciales o no pueda cumplirse la jornada escolar normal y habitual del establecimiento educativo.<\/h3>\n<\/blockquote>\n<p>Al explicar la modificaci\u00f3n al r\u00e9gimen de licencias, el ministro de Trabajo, <strong>Claudio Moroni<\/strong>, sostuvo que <em><strong>\u201cse asiste a un fen\u00f3meno del medioevo en pleno siglo XXI\u201d<\/strong> <\/em>y que <strong><em>\u201cla pandemia de coronavirus complic\u00f3 todo\u201d<\/em><\/strong>, adem\u00e1s de remarcar que la medida renov\u00f3 <em><strong>\u201cla justificaci\u00f3n de la inasistencia, aunque con la diferencia que las provincias tendr\u00e1n sus propias modalidades\u201d.<\/strong><\/em><\/p>\n<blockquote>\n<h3>El ministro a\u00f1adi\u00f3 que <strong><em>\u201cno se solicitar\u00e1 ninguna certificaci\u00f3n especial o que la expida el colegio, porque es el principio de buena fe el que rige todo acuerdo entre las partes\u201d<\/em><\/strong>, y concluy\u00f3 que, por ello, la cartera de Trabajo solo solicitar\u00e1 \u201cuna declaraci\u00f3n\u201d.<\/h3>\n<\/blockquote>\n","protected":false},"excerpt":{"rendered":"<div class=\"mh-excerpt\"><p>As\u00ed lo estableci\u00f3 el Ministerio de Trabajo en una resoluci\u00f3n que ser\u00e1 publicada en el Bolet\u00edn Oficial. Se enmarca en los cambios que pueda haber respecto de la presencialidad en las aulas. El Gobierno nacional <a class=\"mh-excerpt-more\" href=\"https:\/\/larevistadigital.com.ar\/blog\/los-padres-podran-justificar-inasistencias-cuando-los-chicos-no-vayan-a-la-escuela\/\" title=\"LOS PADRES PODR\u00c1N JUSTIFICAR INASISTENCIAS CUANDO LOS CHICOS NO VAYAN A LA ESCUELA\">[Leer M\u00e1s]<\/a><\/p>\n<\/div>","protected":false},"author":3,"featured_media":18845,"comment_status":"open","ping_status":"open","sticky":false,"template":"","format":"standard","meta":{"_jetpack_memberships_contains_paid_content":false,"footnotes":"","jetpack_publicize_message":"","jetpack_publicize_feature_enabled":true,"jetpack_social_post_already_shared":true,"jetpack_social_options":{"image_generator_settings":{"template":"highway","default_image_id":0,"font":"","enabled":false},"version":2}},"categories":[50,12],"tags":[],"class_list":{"0":"post-18844","1":"post","2":"type-post","3":"status-publish","4":"format-standard","5":"has-post-thumbnail","7":"category-interes-general","8":"category-politica"},"jetpack_publicize_connections":[],"jetpack_featured_media_url":"https:\/\/i0.wp.com\/larevistadigital.com.ar\/blog\/wp-content\/uploads\/1366_2000.jpg?fit=1254%2C837&ssl=1","jetpack_sharing_enabled":true,"jetpack_shortlink":"https:\/\/wp.me\/p8qtrQ-4TW","jetpack-related-posts":[{"id":1881,"url":"https:\/\/larevistadigital.com.ar\/blog\/el-ministro-de-trabajo-presiona-a-la-cgt-con-una-resolucion-de-elecciones-sindicales\/","url_meta":{"origin":18844,"position":0},"title":"EL MINISTRO DE TRABAJO PRESIONA A LA CGT, CON UNA RESOLUCI\u00d3N DE ELECCIONES SINDICALES","author":"Alejandro Sosa Ruda","date":"6 abril, 2017","format":false,"excerpt":"Ente otras cosas est\u00e1n exigiendo el \u201cvoto electr\u00f3nico\u201d para evitar fraudes, \u201ccupo femenino\u201d y la prohibici\u00f3n de candidatos inhibidos judicialmente. Mientras se desarrolla el primer paro nacional contra el gobierno de Mauricio Macri, el Ministro de Trabajo Jorge Triaca, public\u00f3 una resoluci\u00f3n en donde se hacen algunas exigencias para las\u2026","rel":"","context":"En \u00abDESTACADAS\u00bb","block_context":{"text":"DESTACADAS","link":"https:\/\/larevistadigital.com.ar\/blog\/category\/destacadas\/"},"img":{"alt_text":"","src":"https:\/\/i0.wp.com\/larevistadigital.com.ar\/blog\/wp-content\/uploads\/2017\/04\/triaca005.jpg?fit=650%2C341&ssl=1&resize=350%2C200","width":350,"height":200,"srcset":"https:\/\/i0.wp.com\/larevistadigital.com.ar\/blog\/wp-content\/uploads\/2017\/04\/triaca005.jpg?fit=650%2C341&ssl=1&resize=350%2C200 1x, https:\/\/i0.wp.com\/larevistadigital.com.ar\/blog\/wp-content\/uploads\/2017\/04\/triaca005.jpg?fit=650%2C341&ssl=1&resize=525%2C300 1.5x"},"classes":[]},{"id":18783,"url":"https:\/\/larevistadigital.com.ar\/blog\/provincia-hizo-oficial-la-vuelta-a-clases-presenciales-en-todos-los-distritos\/","url_meta":{"origin":18844,"position":1},"title":"PROVINCIA HIZO OFICIAL LA VUELTA A CLASES PRESENCIALES EN TODOS LOS DISTRITOS","author":"Alejandro Sosa Ruda","date":"8 febrero, 2021","format":false,"excerpt":"El gobierno de Axel Kicillof public\u00f3 la resoluci\u00f3n que estipula c\u00f3mo ser\u00e1 el regreso a la presencialidad y estipula suspensiones por riesgo epidemiol\u00f3gico. La Provincia oficializ\u00f3 este lunes la decisi\u00f3n de volver a las aulas en las escuelas y colegios de todo el territorio bonaerense.\u00a0As\u00ed qued\u00f3 establecido tras la publicaci\u00f3n\u2026","rel":"","context":"En \u00abINTERES GENERAL\u00bb","block_context":{"text":"INTERES GENERAL","link":"https:\/\/larevistadigital.com.ar\/blog\/category\/interes-general\/"},"img":{"alt_text":"","src":"https:\/\/i0.wp.com\/larevistadigital.com.ar\/blog\/wp-content\/uploads\/1601492329815.jpg?fit=1200%2C798&ssl=1&resize=350%2C200","width":350,"height":200,"srcset":"https:\/\/i0.wp.com\/larevistadigital.com.ar\/blog\/wp-content\/uploads\/1601492329815.jpg?fit=1200%2C798&ssl=1&resize=350%2C200 1x, https:\/\/i0.wp.com\/larevistadigital.com.ar\/blog\/wp-content\/uploads\/1601492329815.jpg?fit=1200%2C798&ssl=1&resize=525%2C300 1.5x, https:\/\/i0.wp.com\/larevistadigital.com.ar\/blog\/wp-content\/uploads\/1601492329815.jpg?fit=1200%2C798&ssl=1&resize=700%2C400 2x, https:\/\/i0.wp.com\/larevistadigital.com.ar\/blog\/wp-content\/uploads\/1601492329815.jpg?fit=1200%2C798&ssl=1&resize=1050%2C600 3x"},"classes":[]},{"id":19435,"url":"https:\/\/larevistadigital.com.ar\/blog\/portal-empleo-como-funciona-la-plataforma-gratuita-y-a-quienes-esta-destinada\/","url_meta":{"origin":18844,"position":2},"title":"PORTAL EMPLEO: C\u00d3MO FUNCIONA LA PLATAFORMA GRATUITA, Y A QUIENES EST\u00c1 DESTINADA","author":"Alejandro Sosa Ruda","date":"25 marzo, 2021","format":false,"excerpt":"Se trata de una iniciativa del Gobierno nacional para quienes busquen y ofrezcan fuentes de trabajo. Los detalles. El Gobierno nacional oficializ\u00f3 este martes la aprobaci\u00f3n de los lineamientos del Portal Empleo, la nueva plataforma gratuita que dispondr\u00e1 la secretar\u00eda de Empleo dependiente del ministerio de Trabajo, Empleo y Seguridad\u2026","rel":"","context":"En \u00abINTERES GENERAL\u00bb","block_context":{"text":"INTERES GENERAL","link":"https:\/\/larevistadigital.com.ar\/blog\/category\/interes-general\/"},"img":{"alt_text":"","src":"https:\/\/i0.wp.com\/larevistadigital.com.ar\/blog\/wp-content\/uploads\/a191d571cfc14647b72a899c5001c3d0b9519f19.jpg?fit=1140%2C746&ssl=1&resize=350%2C200","width":350,"height":200,"srcset":"https:\/\/i0.wp.com\/larevistadigital.com.ar\/blog\/wp-content\/uploads\/a191d571cfc14647b72a899c5001c3d0b9519f19.jpg?fit=1140%2C746&ssl=1&resize=350%2C200 1x, https:\/\/i0.wp.com\/larevistadigital.com.ar\/blog\/wp-content\/uploads\/a191d571cfc14647b72a899c5001c3d0b9519f19.jpg?fit=1140%2C746&ssl=1&resize=525%2C300 1.5x, https:\/\/i0.wp.com\/larevistadigital.com.ar\/blog\/wp-content\/uploads\/a191d571cfc14647b72a899c5001c3d0b9519f19.jpg?fit=1140%2C746&ssl=1&resize=700%2C400 2x, https:\/\/i0.wp.com\/larevistadigital.com.ar\/blog\/wp-content\/uploads\/a191d571cfc14647b72a899c5001c3d0b9519f19.jpg?fit=1140%2C746&ssl=1&resize=1050%2C600 3x"},"classes":[]},{"id":11331,"url":"https:\/\/larevistadigital.com.ar\/blog\/el-gobierno-creo-el-servicio-civico-voluntario-estara-a-cargo-de-gendarmeria-y-sera-para-jovenes-de-16-a-20-anos\/","url_meta":{"origin":18844,"position":3},"title":"EL GOBIERNO CRE\u00d3 EL SERVICIO C\u00cdVICO VOLUNTARIO. ESTAR\u00c1 A CARGO DE GENDARMER\u00cdA Y SER\u00c1 PARA J\u00d3VENES DE 16 A 20 A\u00d1OS","author":"Alejandro Sosa Ruda","date":"16 julio, 2019","format":false,"excerpt":"El objetivo es capacitar a hombres y mujeres en \"valores democr\u00e1ticos y republicanos\". El Ministerio de Seguridad anunci\u00f3 la medida en el Bolet\u00edn Oficial. \"Apunta al horizonte de j\u00f3venes NiNi\", afirmaron fuentes oficiales A trav\u00e9s de la Resoluci\u00f3n 598\/2019, el Ministerio de Seguridad de la Naci\u00f3n cre\u00f3 el \"Servicio C\u00edvico\u2026","rel":"","context":"En \u00abDESTACADAS\u00bb","block_context":{"text":"DESTACADAS","link":"https:\/\/larevistadigital.com.ar\/blog\/category\/destacadas\/"},"img":{"alt_text":"","src":"https:\/\/i0.wp.com\/larevistadigital.com.ar\/blog\/wp-content\/uploads\/20190429174732_personajes-destacados-2018-patricia-bullrich.jpg?fit=887%2C554&ssl=1&resize=350%2C200","width":350,"height":200,"srcset":"https:\/\/i0.wp.com\/larevistadigital.com.ar\/blog\/wp-content\/uploads\/20190429174732_personajes-destacados-2018-patricia-bullrich.jpg?fit=887%2C554&ssl=1&resize=350%2C200 1x, https:\/\/i0.wp.com\/larevistadigital.com.ar\/blog\/wp-content\/uploads\/20190429174732_personajes-destacados-2018-patricia-bullrich.jpg?fit=887%2C554&ssl=1&resize=525%2C300 1.5x, https:\/\/i0.wp.com\/larevistadigital.com.ar\/blog\/wp-content\/uploads\/20190429174732_personajes-destacados-2018-patricia-bullrich.jpg?fit=887%2C554&ssl=1&resize=700%2C400 2x"},"classes":[]},{"id":1084,"url":"https:\/\/larevistadigital.com.ar\/blog\/revocan-la-personeria-gremial-de-los-metrodelegados-a-horas-de-comenzar-las-paritarias\/","url_meta":{"origin":18844,"position":4},"title":"Revocan la personer\u00eda gremial de los Metrodelegados a horas de comenzar las paritarias","author":"editor","date":"10 marzo, 2017","format":false,"excerpt":"\u201cJusto en la semana en que toca discutir la paritaria\u201d sale este fallo, dijo N\u00e9stor Segovia, referente de los Metrodelegados, quien acus\u00f3\u00a0a\u00a0Mauricio Macri y a Jorge Triaca de una \u201cpersecuci\u00f3n pol\u00edtica y gremial\u201d contra el gremio. El delegado de la l\u00ednea C de subterr\u00e1neos y referente de los Metrodelegados, N\u00e9stor\u2026","rel":"","context":"En \u00abGREMIALES\u00bb","block_context":{"text":"GREMIALES","link":"https:\/\/larevistadigital.com.ar\/blog\/category\/gremiales\/"},"img":{"alt_text":"","src":"https:\/\/i0.wp.com\/larevistadigital.com.ar\/blog\/wp-content\/uploads\/2017\/03\/metrodelegados-q-644x340.jpg?fit=644%2C340&ssl=1&resize=350%2C200","width":350,"height":200,"srcset":"https:\/\/i0.wp.com\/larevistadigital.com.ar\/blog\/wp-content\/uploads\/2017\/03\/metrodelegados-q-644x340.jpg?fit=644%2C340&ssl=1&resize=350%2C200 1x, https:\/\/i0.wp.com\/larevistadigital.com.ar\/blog\/wp-content\/uploads\/2017\/03\/metrodelegados-q-644x340.jpg?fit=644%2C340&ssl=1&resize=525%2C300 1.5x"},"classes":[]},{"id":42349,"url":"https:\/\/larevistadigital.com.ar\/blog\/la-justicia-intimo-a-pettovello-por-no-convocar-al-consejo-del-salario\/","url_meta":{"origin":18844,"position":5},"title":"La Justicia intim\u00f3 a Pettovello por no convocar al Consejo del Salario","author":"Alejandro Sosa Ruda","date":"1 noviembre, 2025","format":false,"excerpt":"El Juzgado Nacional del Trabajo N\u00b010 intim\u00f3 al Ministerio de Capital Humano a explicar por qu\u00e9 hace m\u00e1s de seis meses no convoca al Consejo del Salario. La decisi\u00f3n judicial expone la tensi\u00f3n con los gremios en medio de la p\u00e9rdida del poder adquisitivo. La Justicia laboral le puso un\u2026","rel":"","context":"En \u00abINTERES GENERAL\u00bb","block_context":{"text":"INTERES GENERAL","link":"https:\/\/larevistadigital.com.ar\/blog\/category\/interes-general\/"},"img":{"alt_text":"","src":"https:\/\/i0.wp.com\/larevistadigital.com.ar\/blog\/wp-content\/uploads\/Captura-de-pantalla-2025-11-01-222806.jpg?fit=681%2C436&ssl=1&resize=350%2C200","width":350,"height":200,"srcset":"https:\/\/i0.wp.com\/larevistadigital.com.ar\/blog\/wp-content\/uploads\/Captura-de-pantalla-2025-11-01-222806.jpg?fit=681%2C436&ssl=1&resize=350%2C200 1x, https:\/\/i0.wp.com\/larevistadigital.com.ar\/blog\/wp-content\/uploads\/Captura-de-pantalla-2025-11-01-222806.jpg?fit=681%2C436&ssl=1&resize=525%2C300 1.5x"},"classes":[]}],"_links":{"self":[{"href":"https:\/\/larevistadigital.com.ar\/blog\/wp-json\/wp\/v2\/posts\/18844","targetHints":{"allow":["GET"]}}],"collection":[{"href":"https:\/\/larevistadigital.com.ar\/blog\/wp-json\/wp\/v2\/posts"}],"about":[{"href":"https:\/\/larevistadigital.com.ar\/blog\/wp-json\/wp\/v2\/types\/post"}],"author":[{"embeddable":true,"href":"https:\/\/larevistadigital.com.ar\/blog\/wp-json\/wp\/v2\/users\/3"}],"replies":[{"embeddable":true,"href":"https:\/\/larevistadigital.com.ar\/blog\/wp-json\/wp\/v2\/comments?post=18844"}],"version-history":[{"count":1,"href":"https:\/\/larevistadigital.com.ar\/blog\/wp-json\/wp\/v2\/posts\/18844\/revisions"}],"predecessor-version":[{"id":18846,"href":"https:\/\/larevistadigital.com.ar\/blog\/wp-json\/wp\/v2\/posts\/18844\/revisions\/18846"}],"wp:featuredmedia":[{"embeddable":true,"href":"https:\/\/larevistadigital.com.ar\/blog\/wp-json\/wp\/v2\/media\/18845"}],"wp:attachment":[{"href":"https:\/\/larevistadigital.com.ar\/blog\/wp-json\/wp\/v2\/media?parent=18844"}],"wp:term":[{"taxonomy":"category","embeddable":true,"href":"https:\/\/larevistadigital.com.ar\/blog\/wp-json\/wp\/v2\/categories?post=18844"},{"taxonomy":"post_tag","embeddable":true,"href":"https:\/\/larevistadigital.com.ar\/blog\/wp-json\/wp\/v2\/tags?post=18844"}],"curies":[{"name":"wp","href":"https:\/\/api.w.org\/{rel}","templated":true}]}}